{"id":16243,"date":"2020-04-01T08:05:20","date_gmt":"2020-04-01T06:05:20","guid":{"rendered":"https:\/\/www.sabine-seyffert.de\/blog\/?p=16243"},"modified":"2020-04-01T08:05:20","modified_gmt":"2020-04-01T06:05:20","slug":"diy-idee-fuer-kinder-glueckskaefer-auf-der-fruehlingswiese-upcycling-spass-zum-selbermachen","status":"publish","type":"post","link":"https:\/\/www.sabine-seyffert.de\/blog\/diy-idee-fuer-kinder-glueckskaefer-auf-der-fruehlingswiese-upcycling-spass-zum-selbermachen\/","title":{"rendered":"DIY Idee f\u00fcr Kinder: Gl\u00fccksk\u00e4fer auf der Fr\u00fchlingswiese \u2013 Upcycling Spa\u00df zum Selbermachen"},"content":{"rendered":"<p style=\"text-align: justify;\"><img loading=\"lazy\" decoding=\"async\" src=\"https:\/\/vg01.met.vgwort.de\/na\/1ce8daf6c7f7482b94a2592fe7d215ed\" alt=\"\" width=\"1\" height=\"1\" \/>Nach den <a href=\"https:\/\/www.sabine-seyffert.de\/blog\/?p=16227\" target=\"_blank\" rel=\"noopener noreferrer\">selbst gemachten Osterhasen<\/a>, wie w\u00e4re es heute zur Abwechslung mal mit etwas Gl\u00fcck? In Form einen kleinen Gl\u00fccksk\u00e4fers, der zugleich ein bisschen Fr\u00fchling mit ins Haus holt. Wer trotz der schwierigen Situation durch die Schlie\u00dfungen von Kindergarten, Schule &amp; Gesch\u00e4ften kein Gl\u00fcck braucht, der k\u00f6nnte man vielleicht jemand anderem ein wenig Gl\u00fcck verschaffen und den gebastelten K\u00e4fer verschenken.<br \/>\nOma, Opa, liebe Nachbarn oder die beste Freundin freuen sich bestimmt, wenn man ihnen als kleinen Gru\u00df das selbst gemachte Geschenk vor die Haust\u00fcr stellt.<\/p>\n<p style=\"text-align: center;\"><a href=\"https:\/\/www.sabine-seyffert.de\/blog\/wp-content\/uploads\/2020\/04\/K\u00e4fer-Kronkorken-Schachtel-Sabine-Seyffert.de-2.jpg\"><img loading=\"lazy\" decoding=\"async\" class=\"alignnone size-full wp-image-16244\" src=\"https:\/\/www.sabine-seyffert.de\/blog\/wp-content\/uploads\/2020\/04\/K\u00e4fer-Kronkorken-Schachtel-Sabine-Seyffert.de-2.jpg\" alt=\"\" width=\"800\" height=\"600\" srcset=\"https:\/\/www.sabine-seyffert.de\/blog\/wp-content\/uploads\/2020\/04\/K\u00e4fer-Kronkorken-Schachtel-Sabine-Seyffert.de-2.jpg 800w, https:\/\/www.sabine-seyffert.de\/blog\/wp-content\/uploads\/2020\/04\/K\u00e4fer-Kronkorken-Schachtel-Sabine-Seyffert.de-2-300x225.jpg 300w, https:\/\/www.sabine-seyffert.de\/blog\/wp-content\/uploads\/2020\/04\/K\u00e4fer-Kronkorken-Schachtel-Sabine-Seyffert.de-2-768x576.jpg 768w\" sizes=\"auto, (max-width: 800px) 100vw, 800px\" \/><\/a><\/p>\n<p style=\"text-align: justify;\"><strong>Das wird gebraucht:<\/strong><br \/>\nEine leere K\u00e4seschachtel (es muss keine aus Holz sein, alternativ klappt es auch mit dem Deckel eines Eierkartons, dem Schraubverschluss eines gro\u00dfen Vorratsglases oder einfach einem Kreis aus Pappe), Kronkorken, eine Bastelschere, einen B\u00fcrolocher, einen Wasserfarbkasten inclusiv Deckwei\u00df, Pinsel, eine alte Tageszeitung, Bastelkleber \/ Klebestift, eine Malunterlage und einen Bastelkittel<\/p>\n<p style=\"text-align: center;\"><a href=\"https:\/\/www.sabine-seyffert.de\/blog\/wp-content\/uploads\/2020\/04\/K\u00e4fer-Kronkorken-Schachtel-Sabine-Seyffert.de-9.jpg\"><img loading=\"lazy\" decoding=\"async\" class=\"alignnone size-full wp-image-16245\" src=\"https:\/\/www.sabine-seyffert.de\/blog\/wp-content\/uploads\/2020\/04\/K\u00e4fer-Kronkorken-Schachtel-Sabine-Seyffert.de-9.jpg\" alt=\"\" width=\"800\" height=\"600\" srcset=\"https:\/\/www.sabine-seyffert.de\/blog\/wp-content\/uploads\/2020\/04\/K\u00e4fer-Kronkorken-Schachtel-Sabine-Seyffert.de-9.jpg 800w, https:\/\/www.sabine-seyffert.de\/blog\/wp-content\/uploads\/2020\/04\/K\u00e4fer-Kronkorken-Schachtel-Sabine-Seyffert.de-9-300x225.jpg 300w, https:\/\/www.sabine-seyffert.de\/blog\/wp-content\/uploads\/2020\/04\/K\u00e4fer-Kronkorken-Schachtel-Sabine-Seyffert.de-9-768x576.jpg 768w\" sizes=\"auto, (max-width: 800px) 100vw, 800px\" \/><\/a><\/p>\n<p style=\"text-align: justify;\"><strong>So wird\u2019s gemacht:<\/strong><br \/>\nBreitet etwas Zeitungspapier auf dem Tisch aus, an dem ihr bastelt und zieht die Malkittel \u00fcber. Dann schnippelt ihr euch einige mit Text bedruckte Passagen aus der Zeitung und malt diese, wie <a href=\"https:\/\/www.sabine-seyffert.de\/blog\/?p=13917\" target=\"_blank\" rel=\"noopener noreferrer\">hier<\/a> beschrieben mit wei\u00dfer, schwarzer, gr\u00fcner und roter Wasserfarbe an.<\/p>\n<p style=\"text-align: center;\"><a href=\"https:\/\/www.sabine-seyffert.de\/blog\/wp-content\/uploads\/2020\/04\/K\u00e4fer-Kronkorken-Schachtel-Sabine-Seyffert.de-8.jpg\"><img loading=\"lazy\" decoding=\"async\" class=\"alignnone size-full wp-image-16246\" src=\"https:\/\/www.sabine-seyffert.de\/blog\/wp-content\/uploads\/2020\/04\/K\u00e4fer-Kronkorken-Schachtel-Sabine-Seyffert.de-8.jpg\" alt=\"\" width=\"800\" height=\"600\" srcset=\"https:\/\/www.sabine-seyffert.de\/blog\/wp-content\/uploads\/2020\/04\/K\u00e4fer-Kronkorken-Schachtel-Sabine-Seyffert.de-8.jpg 800w, https:\/\/www.sabine-seyffert.de\/blog\/wp-content\/uploads\/2020\/04\/K\u00e4fer-Kronkorken-Schachtel-Sabine-Seyffert.de-8-300x225.jpg 300w, https:\/\/www.sabine-seyffert.de\/blog\/wp-content\/uploads\/2020\/04\/K\u00e4fer-Kronkorken-Schachtel-Sabine-Seyffert.de-8-768x576.jpg 768w\" sizes=\"auto, (max-width: 800px) 100vw, 800px\" \/><\/a><\/p>\n<p style=\"text-align: justify;\">Aus dem bemalten Bastelpapier ben\u00f6tigt ihr eine sch\u00f6ne Wolke (wei\u00df), saftig gr\u00fcnes Gras f\u00fcr die Wiese sowie rot und schwarz f\u00fcr den Marienk\u00e4fer.<\/p>\n<p><a href=\"https:\/\/www.sabine-seyffert.de\/blog\/wp-content\/uploads\/2020\/04\/K\u00e4fer-Kronkorken-Schachtel-Sabine-Seyffert.de-7.jpg\"><img loading=\"lazy\" decoding=\"async\" class=\"alignnone size-full wp-image-16247\" src=\"https:\/\/www.sabine-seyffert.de\/blog\/wp-content\/uploads\/2020\/04\/K\u00e4fer-Kronkorken-Schachtel-Sabine-Seyffert.de-7.jpg\" alt=\"\" width=\"800\" height=\"600\" srcset=\"https:\/\/www.sabine-seyffert.de\/blog\/wp-content\/uploads\/2020\/04\/K\u00e4fer-Kronkorken-Schachtel-Sabine-Seyffert.de-7.jpg 800w, https:\/\/www.sabine-seyffert.de\/blog\/wp-content\/uploads\/2020\/04\/K\u00e4fer-Kronkorken-Schachtel-Sabine-Seyffert.de-7-300x225.jpg 300w, https:\/\/www.sabine-seyffert.de\/blog\/wp-content\/uploads\/2020\/04\/K\u00e4fer-Kronkorken-Schachtel-Sabine-Seyffert.de-7-768x576.jpg 768w\" sizes=\"auto, (max-width: 800px) 100vw, 800px\" \/><\/a><\/p>\n<p style=\"text-align: justify;\">Die Wolke schneidet ihr aus, f\u00fcr die Grashalme rei\u00dft ihr d\u00fcnne Papierstreifen und f\u00fcr den K\u00e4fer braucht ihr \u2013 au\u00dfer dem Kronkorken &#8211; einen schwarzen Kreis, Kopf, F\u00fchler, Punkte und zwei rote Fl\u00fcgel. (<span style=\"color: #ff6600;\"><strong>Tipp<\/strong><\/span> =&gt; Hier findet ihr eine Bastelanleitung f\u00fcr <a href=\"https:\/\/www.sabine-seyffert.de\/blog\/?p=16116\" target=\"_blank\" rel=\"noopener noreferrer\">andere Kronkorkentiere<\/a>). Wer keinen Kronkorken hat, kann den K\u00e4fer auch so aus Papier gestalten oder alternativ einen kleinen Deckel von einem Tetrapak verwenden.<\/p>\n<p style=\"text-align: center;\"><a href=\"https:\/\/www.sabine-seyffert.de\/blog\/wp-content\/uploads\/2020\/04\/K\u00e4fer-Kronkorken-Schachtel-Sabine-Seyffert.de-6.jpg\"><img loading=\"lazy\" decoding=\"async\" class=\"alignnone size-full wp-image-16248\" src=\"https:\/\/www.sabine-seyffert.de\/blog\/wp-content\/uploads\/2020\/04\/K\u00e4fer-Kronkorken-Schachtel-Sabine-Seyffert.de-6.jpg\" alt=\"\" width=\"800\" height=\"600\" srcset=\"https:\/\/www.sabine-seyffert.de\/blog\/wp-content\/uploads\/2020\/04\/K\u00e4fer-Kronkorken-Schachtel-Sabine-Seyffert.de-6.jpg 800w, https:\/\/www.sabine-seyffert.de\/blog\/wp-content\/uploads\/2020\/04\/K\u00e4fer-Kronkorken-Schachtel-Sabine-Seyffert.de-6-300x225.jpg 300w, https:\/\/www.sabine-seyffert.de\/blog\/wp-content\/uploads\/2020\/04\/K\u00e4fer-Kronkorken-Schachtel-Sabine-Seyffert.de-6-768x576.jpg 768w\" sizes=\"auto, (max-width: 800px) 100vw, 800px\" \/><\/a><\/p>\n<p style=\"text-align: justify;\">J\u00fcngeren Kindern kann man die Formen vorab mit Bleistift auf die unbemalte R\u00fcckseite des Papiers zeichnen.<\/p>\n<p style=\"text-align: center;\"><a href=\"https:\/\/www.sabine-seyffert.de\/blog\/wp-content\/uploads\/2020\/04\/K\u00e4fer-Kronkorken-Schachtel-Sabine-Seyffert.de-5.jpg\"><img loading=\"lazy\" decoding=\"async\" class=\"alignnone size-full wp-image-16249\" src=\"https:\/\/www.sabine-seyffert.de\/blog\/wp-content\/uploads\/2020\/04\/K\u00e4fer-Kronkorken-Schachtel-Sabine-Seyffert.de-5.jpg\" alt=\"\" width=\"800\" height=\"600\" srcset=\"https:\/\/www.sabine-seyffert.de\/blog\/wp-content\/uploads\/2020\/04\/K\u00e4fer-Kronkorken-Schachtel-Sabine-Seyffert.de-5.jpg 800w, https:\/\/www.sabine-seyffert.de\/blog\/wp-content\/uploads\/2020\/04\/K\u00e4fer-Kronkorken-Schachtel-Sabine-Seyffert.de-5-300x225.jpg 300w, https:\/\/www.sabine-seyffert.de\/blog\/wp-content\/uploads\/2020\/04\/K\u00e4fer-Kronkorken-Schachtel-Sabine-Seyffert.de-5-768x576.jpg 768w\" sizes=\"auto, (max-width: 800px) 100vw, 800px\" \/><\/a><\/p>\n<p style=\"text-align: justify;\">Anschlie\u00dfend klebt man alle Papierteile der Reihe nach in die K\u00e4seschachtel.<\/p>\n<p style=\"text-align: center;\"><a href=\"https:\/\/www.sabine-seyffert.de\/blog\/wp-content\/uploads\/2020\/04\/K\u00e4fer-Kronkorken-Schachtel-Sabine-Seyffert.de-3.jpg\"><img loading=\"lazy\" decoding=\"async\" class=\"alignnone size-full wp-image-16250\" src=\"https:\/\/www.sabine-seyffert.de\/blog\/wp-content\/uploads\/2020\/04\/K\u00e4fer-Kronkorken-Schachtel-Sabine-Seyffert.de-3.jpg\" alt=\"\" width=\"800\" height=\"600\" srcset=\"https:\/\/www.sabine-seyffert.de\/blog\/wp-content\/uploads\/2020\/04\/K\u00e4fer-Kronkorken-Schachtel-Sabine-Seyffert.de-3.jpg 800w, https:\/\/www.sabine-seyffert.de\/blog\/wp-content\/uploads\/2020\/04\/K\u00e4fer-Kronkorken-Schachtel-Sabine-Seyffert.de-3-300x225.jpg 300w, https:\/\/www.sabine-seyffert.de\/blog\/wp-content\/uploads\/2020\/04\/K\u00e4fer-Kronkorken-Schachtel-Sabine-Seyffert.de-3-768x576.jpg 768w\" sizes=\"auto, (max-width: 800px) 100vw, 800px\" \/><\/a><\/p>\n<p style=\"text-align: justify;\"><strong>Ein kleiner Tipp:<\/strong><br \/>\nWer das Fr\u00fchlingsbild aufh\u00e4ngen m\u00f6chte, der kann sich ein St\u00fcck Kordel, Wolle oder Geschenkband abschneiden und die Enden verknoten. Anschlie\u00dfend von Hinten mit Kleber an der Schachtelr\u00fcckseite festkleben. So hat man eine tolle Fr\u00fchlingsdeko f\u00fcr die Wand!<\/p>\n<p style=\"text-align: center;\"><a href=\"https:\/\/www.sabine-seyffert.de\/blog\/wp-content\/uploads\/2020\/04\/K\u00e4fer-Kronkorken-Schachtel-Sabine-Seyffert.de-1.jpg\"><img loading=\"lazy\" decoding=\"async\" class=\"alignnone size-full wp-image-16251\" src=\"https:\/\/www.sabine-seyffert.de\/blog\/wp-content\/uploads\/2020\/04\/K\u00e4fer-Kronkorken-Schachtel-Sabine-Seyffert.de-1.jpg\" alt=\"\" width=\"800\" height=\"600\" srcset=\"https:\/\/www.sabine-seyffert.de\/blog\/wp-content\/uploads\/2020\/04\/K\u00e4fer-Kronkorken-Schachtel-Sabine-Seyffert.de-1.jpg 800w, https:\/\/www.sabine-seyffert.de\/blog\/wp-content\/uploads\/2020\/04\/K\u00e4fer-Kronkorken-Schachtel-Sabine-Seyffert.de-1-300x225.jpg 300w, https:\/\/www.sabine-seyffert.de\/blog\/wp-content\/uploads\/2020\/04\/K\u00e4fer-Kronkorken-Schachtel-Sabine-Seyffert.de-1-768x576.jpg 768w\" sizes=\"auto, (max-width: 800px) 100vw, 800px\" \/><\/a><\/p>\n<p style=\"text-align: justify;\">Weitere DIY Bastelideen f\u00fcr Kinder findet ihr \u00fcbrigens in <a href=\"https:\/\/www.sabine-seyffert.de\/blog\/?cat=32\" target=\"_blank\" rel=\"noopener noreferrer\">dieser Blog Kategorie<\/a>, alles zum Thema Upcycling mit detaillierter Bastelanleitung gibt es in <a href=\"https:\/\/www.sabine-seyffert.de\/blog\/?cat=47\" target=\"_blank\" rel=\"noopener noreferrer\">dieser Rubrik<\/a>, Geschenkidee zum Selbermachen <a href=\"https:\/\/www.sabine-seyffert.de\/blog\/?cat=36\" target=\"_blank\" rel=\"noopener noreferrer\">hier<\/a>, alles rund um Ostern und die Fr\u00fchlingszeit sind in <a href=\"https:\/\/www.sabine-seyffert.de\/blog\/?cat=23\" target=\"_blank\" rel=\"noopener noreferrer\">diesem Blog Ordner<\/a> und andere kreative Sachen da.<\/p>\n<p style=\"text-align: center;\"><a href=\"https:\/\/www.sabine-seyffert.de\/blog\/wp-content\/uploads\/2020\/04\/K\u00e4fer-Kronkorken-Schachtel-Sabine-Seyffert.de-11.jpg\"><img loading=\"lazy\" decoding=\"async\" class=\"alignnone size-full wp-image-16252\" src=\"https:\/\/www.sabine-seyffert.de\/blog\/wp-content\/uploads\/2020\/04\/K\u00e4fer-Kronkorken-Schachtel-Sabine-Seyffert.de-11.jpg\" alt=\"\" width=\"600\" height=\"800\" srcset=\"https:\/\/www.sabine-seyffert.de\/blog\/wp-content\/uploads\/2020\/04\/K\u00e4fer-Kronkorken-Schachtel-Sabine-Seyffert.de-11.jpg 600w, https:\/\/www.sabine-seyffert.de\/blog\/wp-content\/uploads\/2020\/04\/K\u00e4fer-Kronkorken-Schachtel-Sabine-Seyffert.de-11-225x300.jpg 225w\" sizes=\"auto, (max-width: 600px) 100vw, 600px\" \/><\/a><\/p>\n<p style=\"text-align: justify;\"><a href=\"https:\/\/www.sabine-seyffert.de\/blog\/?page_id=32#urheberrecht\">urheberrechtlich gesch\u00fctzt<\/a>, \u00a9 Sabine Seyffert<\/p>\n","protected":false},"excerpt":{"rendered":"<p>Nach den selbst gemachten Osterhasen, wie w\u00e4re es heute zur Abwechslung mal mit etwas Gl\u00fcck? In Form einen kleinen Gl\u00fccksk\u00e4fers, der zugleich ein bisschen Fr\u00fchling mit ins Haus holt. Wer trotz der schwierigen Situation durch die Schlie\u00dfungen von Kindergarten, Schule &amp; Gesch\u00e4ften kein Gl\u00fcck braucht, der k\u00f6nnte man vielleicht jemand anderem ein wenig Gl\u00fcck verschaffen&#8230; <a href=\"https:\/\/www.sabine-seyffert.de\/blog\/diy-idee-fuer-kinder-glueckskaefer-auf-der-fruehlingswiese-upcycling-spass-zum-selbermachen\/\" class=\"more-link\">Read more: DIY Idee f\u00fcr Kinder: Gl\u00fccksk\u00e4fer auf der Fr\u00fchlingswiese \u2013 Upcycling Spa\u00df zum Selbermachen<\/a><\/p>\n","protected":false},"author":2,"featured_media":0,"comment_status":"open","ping_status":"open","sticky":false,"template":"","format":"standard","meta":{"_metis_text_type":"","_metis_text_length":2638,"_post_count":0,"footnotes":""},"categories":[32,23,36,47],"tags":[],"class_list":["post-16243","post","type-post","status-publish","format-standard","hentry","category-kreatives-fur-kleine-kinderhande","category-fruhling","category-klitzekleine-geschenkideen","category-upcyceltes"],"_links":{"self":[{"href":"https:\/\/www.sabine-seyffert.de\/blog\/wp-json\/wp\/v2\/posts\/16243","targetHints":{"allow":["GET"]}}],"collection":[{"href":"https:\/\/www.sabine-seyffert.de\/blog\/wp-json\/wp\/v2\/posts"}],"about":[{"href":"https:\/\/www.sabine-seyffert.de\/blog\/wp-json\/wp\/v2\/types\/post"}],"author":[{"embeddable":true,"href":"https:\/\/www.sabine-seyffert.de\/blog\/wp-json\/wp\/v2\/users\/2"}],"replies":[{"embeddable":true,"href":"https:\/\/www.sabine-seyffert.de\/blog\/wp-json\/wp\/v2\/comments?post=16243"}],"version-history":[{"count":3,"href":"https:\/\/www.sabine-seyffert.de\/blog\/wp-json\/wp\/v2\/posts\/16243\/revisions"}],"predecessor-version":[{"id":16255,"href":"https:\/\/www.sabine-seyffert.de\/blog\/wp-json\/wp\/v2\/posts\/16243\/revisions\/16255"}],"wp:attachment":[{"href":"https:\/\/www.sabine-seyffert.de\/blog\/wp-json\/wp\/v2\/media?parent=16243"}],"wp:term":[{"taxonomy":"category","embeddable":true,"href":"https:\/\/www.sabine-seyffert.de\/blog\/wp-json\/wp\/v2\/categories?post=16243"},{"taxonomy":"post_tag","embeddable":true,"href":"https:\/\/www.sabine-seyffert.de\/blog\/wp-json\/wp\/v2\/tags?post=16243"}],"curies":[{"name":"wp","href":"https:\/\/api.w.org\/{rel}","templated":true}]}}