{"id":16178,"date":"2020-03-26T20:38:34","date_gmt":"2020-03-26T18:38:34","guid":{"rendered":"https:\/\/www.sabine-seyffert.de\/blog\/?p=16178"},"modified":"2020-03-26T20:38:34","modified_gmt":"2020-03-26T18:38:34","slug":"diy-bastelidee-fuer-kinder-ein-bunter-upcycling-regenbogen-fuer-hoffnung-zuversicht","status":"publish","type":"post","link":"https:\/\/www.sabine-seyffert.de\/blog\/diy-bastelidee-fuer-kinder-ein-bunter-upcycling-regenbogen-fuer-hoffnung-zuversicht\/","title":{"rendered":"DIY Bastelidee f\u00fcr Kinder: Ein bunter Upcycling Regenbogen f\u00fcr \u201eHoffnung &#038; Zuversicht\u201c"},"content":{"rendered":"<p style=\"text-align: justify;\"><img loading=\"lazy\" decoding=\"async\" src=\"https:\/\/vg01.met.vgwort.de\/na\/577326c5be5740f89a088260f05422d1\" alt=\"\" width=\"1\" height=\"1\" \/>Die Stimmung zu Hause kann im Moment von einem auf den anderen Moment umschlagen. Gerade jetzt wo das Kontaktverbot gilt und die eigenen vier W\u00e4nde nur im Notfall verlassen werden d\u00fcrfen, liegen gerade bei Kindern die Nerven blank. Schlie\u00dflich haben gerade sie einen gro\u00dfen Bewegungsdrang, der in einer kleinen Wohnung oder im Kinderzimmer nicht gut ausgelebt werden kann.<br \/>\nAlso basteln wir heute gemeinsam einen bunten Regenbogen, etwas einfacher als <a href=\"https:\/\/www.sabine-seyffert.de\/blog\/?p=16025\" target=\"_blank\" rel=\"noopener noreferrer\">diese Upcyclingidee aus K\u00e4seschachtel<\/a>, die ich euch erst vor kurzem gezeigt habe. Das Netz und die sozialen Netzwerke sind gerade voll mit kreativen Bastelideen dazu. Alle sollen einen Regenbogen basteln und ans Fenster h\u00e4ngen um dadurch zu zeigen, dass sie Zuhause bleiben. Au\u00dferdem sollen die Regenb\u00f6gen Hoffnung und Zuversicht schenken.<br \/>\nDaher habe ich mir ebenfalls eine Bastelanleitung dazu ausgedacht, die ganz einfach und leicht zu basteln ist.<\/p>\n<p style=\"text-align: center;\"><a href=\"https:\/\/www.sabine-seyffert.de\/blog\/wp-content\/uploads\/2020\/03\/Regenbogen-Corona-Sabine-Seyffert.de-3.jpg\"><img loading=\"lazy\" decoding=\"async\" class=\"alignnone size-full wp-image-16179\" src=\"https:\/\/www.sabine-seyffert.de\/blog\/wp-content\/uploads\/2020\/03\/Regenbogen-Corona-Sabine-Seyffert.de-3.jpg\" alt=\"\" width=\"800\" height=\"600\" srcset=\"https:\/\/www.sabine-seyffert.de\/blog\/wp-content\/uploads\/2020\/03\/Regenbogen-Corona-Sabine-Seyffert.de-3.jpg 800w, https:\/\/www.sabine-seyffert.de\/blog\/wp-content\/uploads\/2020\/03\/Regenbogen-Corona-Sabine-Seyffert.de-3-300x225.jpg 300w, https:\/\/www.sabine-seyffert.de\/blog\/wp-content\/uploads\/2020\/03\/Regenbogen-Corona-Sabine-Seyffert.de-3-768x576.jpg 768w\" sizes=\"auto, (max-width: 800px) 100vw, 800px\" \/><\/a><\/p>\n<p style=\"text-align: justify;\"><strong>Das wird gebraucht:<\/strong><br \/>\nPappe \/ ein leerer Karton, ggf. ein Bastelmesser \/ Cutter (alternativ funktioniert es auch mit einem scharfen K\u00fcchenmesser!), eine Bastelschere, einen Wasserfarbkasten inclusiv Deckwei\u00df, Pinsel, einen schwarzen Stift, eine alte Tageszeitung, Bastelkleber \/ Klebestift, ein St\u00fcck Kordel (Wollrest, Stickgarn oder Geschenkband), eine Malunterlage und einen Bastelkittel<\/p>\n<p style=\"text-align: center;\"><a href=\"https:\/\/www.sabine-seyffert.de\/blog\/wp-content\/uploads\/2020\/03\/Regenbogen-Corona-Sabine-Seyffert.de-5.jpg\"><img loading=\"lazy\" decoding=\"async\" class=\"alignnone size-full wp-image-16180\" src=\"https:\/\/www.sabine-seyffert.de\/blog\/wp-content\/uploads\/2020\/03\/Regenbogen-Corona-Sabine-Seyffert.de-5.jpg\" alt=\"\" width=\"800\" height=\"600\" srcset=\"https:\/\/www.sabine-seyffert.de\/blog\/wp-content\/uploads\/2020\/03\/Regenbogen-Corona-Sabine-Seyffert.de-5.jpg 800w, https:\/\/www.sabine-seyffert.de\/blog\/wp-content\/uploads\/2020\/03\/Regenbogen-Corona-Sabine-Seyffert.de-5-300x225.jpg 300w, https:\/\/www.sabine-seyffert.de\/blog\/wp-content\/uploads\/2020\/03\/Regenbogen-Corona-Sabine-Seyffert.de-5-768x576.jpg 768w\" sizes=\"auto, (max-width: 800px) 100vw, 800px\" \/><\/a><\/p>\n<p style=\"text-align: justify;\"><strong>So wird\u2019s gemacht:<\/strong><br \/>\nWie immer hei\u00dft es zuerst den Tisch abdecken und sich einen Malkittel zum Basteln \u00fcberzuziehen. Danach stellt ihr nach <a href=\"https:\/\/www.sabine-seyffert.de\/blog\/?p=13917\" target=\"_blank\" rel=\"noopener noreferrer\">dieser Bastelanleitung<\/a> kostenloses Bastelmaterial aus der Tageszeitung her.<\/p>\n<p><a href=\"https:\/\/www.sabine-seyffert.de\/blog\/wp-content\/uploads\/2020\/03\/Regenbogen-Corona-Sabine-Seyffert.de-6.jpg\"><img loading=\"lazy\" decoding=\"async\" class=\"size-full wp-image-16182 aligncenter\" src=\"https:\/\/www.sabine-seyffert.de\/blog\/wp-content\/uploads\/2020\/03\/Regenbogen-Corona-Sabine-Seyffert.de-6.jpg\" alt=\"\" width=\"800\" height=\"600\" srcset=\"https:\/\/www.sabine-seyffert.de\/blog\/wp-content\/uploads\/2020\/03\/Regenbogen-Corona-Sabine-Seyffert.de-6.jpg 800w, https:\/\/www.sabine-seyffert.de\/blog\/wp-content\/uploads\/2020\/03\/Regenbogen-Corona-Sabine-Seyffert.de-6-300x225.jpg 300w, https:\/\/www.sabine-seyffert.de\/blog\/wp-content\/uploads\/2020\/03\/Regenbogen-Corona-Sabine-Seyffert.de-6-768x576.jpg 768w\" sizes=\"auto, (max-width: 800px) 100vw, 800px\" \/><\/a><\/p>\n<p style=\"text-align: justify;\">Ihr ben\u00f6tigt zum Basteln alle Farben des Regenbogens: Rot, orange, gelb, gr\u00fcn, blau, lila \u2013 in unserem Fall hat sich noch rosa dazugesellt \ud83d\ude09<\/p>\n<p><a href=\"https:\/\/www.sabine-seyffert.de\/blog\/wp-content\/uploads\/2020\/03\/Regenbogen-Corona-Sabine-Seyffert.de-4.jpg\"><img loading=\"lazy\" decoding=\"async\" class=\"alignnone size-full wp-image-16181\" src=\"https:\/\/www.sabine-seyffert.de\/blog\/wp-content\/uploads\/2020\/03\/Regenbogen-Corona-Sabine-Seyffert.de-4.jpg\" alt=\"\" width=\"800\" height=\"600\" srcset=\"https:\/\/www.sabine-seyffert.de\/blog\/wp-content\/uploads\/2020\/03\/Regenbogen-Corona-Sabine-Seyffert.de-4.jpg 800w, https:\/\/www.sabine-seyffert.de\/blog\/wp-content\/uploads\/2020\/03\/Regenbogen-Corona-Sabine-Seyffert.de-4-300x225.jpg 300w, https:\/\/www.sabine-seyffert.de\/blog\/wp-content\/uploads\/2020\/03\/Regenbogen-Corona-Sabine-Seyffert.de-4-768x576.jpg 768w\" sizes=\"auto, (max-width: 800px) 100vw, 800px\" \/><\/a><\/p>\n<p style=\"text-align: justify;\">W\u00e4hrend das Bastelpapier trocknet, schneidet sich jeder auf der Pappe eine sch\u00f6ne Wolke. Falls diese recht dick ist, kann man sie auch mit einem Bastelmesser zuschneiden. Wer mag, zeichnet sich den Umriss vorab mit einem Bleistift vor.<\/p>\n<p style=\"text-align: center;\"><a href=\"https:\/\/www.sabine-seyffert.de\/blog\/wp-content\/uploads\/2020\/03\/Regenbogen-Corona-Sabine-Seyffert.de-9.jpg\"><img loading=\"lazy\" decoding=\"async\" class=\"alignnone size-full wp-image-16183\" src=\"https:\/\/www.sabine-seyffert.de\/blog\/wp-content\/uploads\/2020\/03\/Regenbogen-Corona-Sabine-Seyffert.de-9.jpg\" alt=\"\" width=\"800\" height=\"600\" srcset=\"https:\/\/www.sabine-seyffert.de\/blog\/wp-content\/uploads\/2020\/03\/Regenbogen-Corona-Sabine-Seyffert.de-9.jpg 800w, https:\/\/www.sabine-seyffert.de\/blog\/wp-content\/uploads\/2020\/03\/Regenbogen-Corona-Sabine-Seyffert.de-9-300x225.jpg 300w, https:\/\/www.sabine-seyffert.de\/blog\/wp-content\/uploads\/2020\/03\/Regenbogen-Corona-Sabine-Seyffert.de-9-768x576.jpg 768w\" sizes=\"auto, (max-width: 800px) 100vw, 800px\" \/><\/a><\/p>\n<p style=\"text-align: justify;\">Die Wolke k\u00f6nnt ihr ganz d\u00fcnn mit etwas Deckwei\u00df \u00fcbermalen, das ihr mit Wasser verd\u00fcnnt. So schimmert der Karton etwas durch und die Wolke sieht \u201elebendiger\u201c aus.<\/p>\n<p style=\"text-align: center;\"><a href=\"https:\/\/www.sabine-seyffert.de\/blog\/wp-content\/uploads\/2020\/03\/Regenbogen-Corona-Sabine-Seyffert.de-8.jpg\"><img loading=\"lazy\" decoding=\"async\" class=\"alignnone size-full wp-image-16184\" src=\"https:\/\/www.sabine-seyffert.de\/blog\/wp-content\/uploads\/2020\/03\/Regenbogen-Corona-Sabine-Seyffert.de-8.jpg\" alt=\"\" width=\"800\" height=\"600\" srcset=\"https:\/\/www.sabine-seyffert.de\/blog\/wp-content\/uploads\/2020\/03\/Regenbogen-Corona-Sabine-Seyffert.de-8.jpg 800w, https:\/\/www.sabine-seyffert.de\/blog\/wp-content\/uploads\/2020\/03\/Regenbogen-Corona-Sabine-Seyffert.de-8-300x225.jpg 300w, https:\/\/www.sabine-seyffert.de\/blog\/wp-content\/uploads\/2020\/03\/Regenbogen-Corona-Sabine-Seyffert.de-8-768x576.jpg 768w\" sizes=\"auto, (max-width: 800px) 100vw, 800px\" \/><\/a><\/p>\n<p style=\"text-align: justify;\">Wer mag, kann seiner Wolke ein lachendes Gesicht aufmalen oder kleben. Die B\u00e4ckchen sind in unserem Fall aus rosafarbenem Zeitungspapier gestaltet.<\/p>\n<p style=\"text-align: center;\"><a href=\"https:\/\/www.sabine-seyffert.de\/blog\/wp-content\/uploads\/2020\/03\/Regenbogen-Corona-Sabine-Seyffert.de-7.jpg\"><img loading=\"lazy\" decoding=\"async\" class=\"alignnone size-full wp-image-16185\" src=\"https:\/\/www.sabine-seyffert.de\/blog\/wp-content\/uploads\/2020\/03\/Regenbogen-Corona-Sabine-Seyffert.de-7.jpg\" alt=\"\" width=\"800\" height=\"600\" srcset=\"https:\/\/www.sabine-seyffert.de\/blog\/wp-content\/uploads\/2020\/03\/Regenbogen-Corona-Sabine-Seyffert.de-7.jpg 800w, https:\/\/www.sabine-seyffert.de\/blog\/wp-content\/uploads\/2020\/03\/Regenbogen-Corona-Sabine-Seyffert.de-7-300x225.jpg 300w, https:\/\/www.sabine-seyffert.de\/blog\/wp-content\/uploads\/2020\/03\/Regenbogen-Corona-Sabine-Seyffert.de-7-768x576.jpg 768w\" sizes=\"auto, (max-width: 800px) 100vw, 800px\" \/><\/a><\/p>\n<p style=\"text-align: justify;\">F\u00fcr den Regenbogen rei\u00dft man von dem bemalten Zeitungspapier jeweils einen d\u00fcnnen Streifen ab und klebt ihn von hinten an die Wolke. Am besten verteilt ihr die bunten Regenbogenstreifen gleichm\u00e4\u00dfig am unteren Rand.<\/p>\n<p style=\"text-align: center;\"><a href=\"https:\/\/www.sabine-seyffert.de\/blog\/wp-content\/uploads\/2020\/03\/Regenbogen-Corona-Sabine-Seyffert.de-10.jpg\"><img loading=\"lazy\" decoding=\"async\" class=\"alignnone size-full wp-image-16186\" src=\"https:\/\/www.sabine-seyffert.de\/blog\/wp-content\/uploads\/2020\/03\/Regenbogen-Corona-Sabine-Seyffert.de-10.jpg\" alt=\"\" width=\"600\" height=\"800\" srcset=\"https:\/\/www.sabine-seyffert.de\/blog\/wp-content\/uploads\/2020\/03\/Regenbogen-Corona-Sabine-Seyffert.de-10.jpg 600w, https:\/\/www.sabine-seyffert.de\/blog\/wp-content\/uploads\/2020\/03\/Regenbogen-Corona-Sabine-Seyffert.de-10-225x300.jpg 225w\" sizes=\"auto, (max-width: 600px) 100vw, 600px\" \/><\/a><\/p>\n<p style=\"text-align: justify;\"><strong>Ein kleiner Tipp:<\/strong><br \/>\nWer die Wolke aufh\u00e4ngen und das Fenster oder die Wand damit dekorieren m\u00f6chte, kann mit der Lochzange oder eine Nadel ein Loch oben mittig in die Regenbogenwolke stechen. Dadurch zieht man ein St\u00fcck Kordel knotet die Enden zusammen.<\/p>\n<p style=\"text-align: center;\"><a href=\"https:\/\/www.sabine-seyffert.de\/blog\/wp-content\/uploads\/2020\/03\/Regenbogen-Corona-Sabine-Seyffert.de-2.jpg\"><img loading=\"lazy\" decoding=\"async\" class=\"alignnone size-full wp-image-16187\" src=\"https:\/\/www.sabine-seyffert.de\/blog\/wp-content\/uploads\/2020\/03\/Regenbogen-Corona-Sabine-Seyffert.de-2.jpg\" alt=\"\" width=\"800\" height=\"600\" srcset=\"https:\/\/www.sabine-seyffert.de\/blog\/wp-content\/uploads\/2020\/03\/Regenbogen-Corona-Sabine-Seyffert.de-2.jpg 800w, https:\/\/www.sabine-seyffert.de\/blog\/wp-content\/uploads\/2020\/03\/Regenbogen-Corona-Sabine-Seyffert.de-2-300x225.jpg 300w, https:\/\/www.sabine-seyffert.de\/blog\/wp-content\/uploads\/2020\/03\/Regenbogen-Corona-Sabine-Seyffert.de-2-768x576.jpg 768w\" sizes=\"auto, (max-width: 800px) 100vw, 800px\" \/><\/a><\/p>\n<p style=\"text-align: justify;\">F\u00fcr die gro\u00dfen Leser habe ich in einem Blog Artikel auch wertvolle Tipps und Ideen gegen den Lagerkoller zusammengetragen. Wer mag, kann <a href=\"https:\/\/www.sabine-seyffert.de\/blog\/?p=16167\" target=\"_blank\" rel=\"noopener noreferrer\">hier<\/a> noch mal nachlesen \ud83d\ude09<\/p>\n<p style=\"text-align: center;\"><a href=\"https:\/\/www.sabine-seyffert.de\/blog\/wp-content\/uploads\/2020\/03\/Regenbogen-Corona-Sabine-Seyffert.de-1.jpg\"><img loading=\"lazy\" decoding=\"async\" class=\"alignnone size-full wp-image-16188\" src=\"https:\/\/www.sabine-seyffert.de\/blog\/wp-content\/uploads\/2020\/03\/Regenbogen-Corona-Sabine-Seyffert.de-1.jpg\" alt=\"\" width=\"800\" height=\"600\" srcset=\"https:\/\/www.sabine-seyffert.de\/blog\/wp-content\/uploads\/2020\/03\/Regenbogen-Corona-Sabine-Seyffert.de-1.jpg 800w, https:\/\/www.sabine-seyffert.de\/blog\/wp-content\/uploads\/2020\/03\/Regenbogen-Corona-Sabine-Seyffert.de-1-300x225.jpg 300w, https:\/\/www.sabine-seyffert.de\/blog\/wp-content\/uploads\/2020\/03\/Regenbogen-Corona-Sabine-Seyffert.de-1-768x576.jpg 768w\" sizes=\"auto, (max-width: 800px) 100vw, 800px\" \/><\/a><\/p>\n<p style=\"text-align: justify;\">Weitere DIY Bastelideen f\u00fcr Kinder findet ihr \u00fcbrigens in <a href=\"https:\/\/www.sabine-seyffert.de\/blog\/?cat=32\" target=\"_blank\" rel=\"noopener noreferrer\">dieser Blog Kategorie<\/a>, alles zum Thema Upcycling mit detaillierter Bastelanleitung gibt es in <a href=\"https:\/\/www.sabine-seyffert.de\/blog\/?cat=47\" target=\"_blank\" rel=\"noopener noreferrer\">dieser Rubrik<\/a>, alles rund um Ostern und die Fr\u00fchlingszeit sind in <a href=\"https:\/\/www.sabine-seyffert.de\/blog\/?cat=23\" target=\"_blank\" rel=\"noopener noreferrer\">diesem Blog Ordner<\/a> und andere kreative Sachen da.<\/p>\n<p style=\"text-align: justify;\"><a href=\"https:\/\/www.sabine-seyffert.de\/blog\/?page_id=32#urheberrecht\">urheberrechtlich gesch\u00fctzt<\/a>, \u00a9 Sabine Seyffert<\/p>\n","protected":false},"excerpt":{"rendered":"<p>Die Stimmung zu Hause kann im Moment von einem auf den anderen Moment umschlagen. Gerade jetzt wo das Kontaktverbot gilt und die eigenen vier W\u00e4nde nur im Notfall verlassen werden d\u00fcrfen, liegen gerade bei Kindern die Nerven blank. Schlie\u00dflich haben gerade sie einen gro\u00dfen Bewegungsdrang, der in einer kleinen Wohnung oder im Kinderzimmer nicht gut&#8230; <a href=\"https:\/\/www.sabine-seyffert.de\/blog\/diy-bastelidee-fuer-kinder-ein-bunter-upcycling-regenbogen-fuer-hoffnung-zuversicht\/\" class=\"more-link\">Read more: DIY Bastelidee f\u00fcr Kinder: Ein bunter Upcycling Regenbogen f\u00fcr \u201eHoffnung &#038; Zuversicht\u201c<\/a><\/p>\n","protected":false},"author":2,"featured_media":0,"comment_status":"open","ping_status":"open","sticky":false,"template":"","format":"standard","meta":{"_metis_text_type":"","_metis_text_length":3134,"_post_count":0,"footnotes":""},"categories":[32,23,47],"tags":[],"class_list":["post-16178","post","type-post","status-publish","format-standard","hentry","category-kreatives-fur-kleine-kinderhande","category-fruhling","category-upcyceltes"],"_links":{"self":[{"href":"https:\/\/www.sabine-seyffert.de\/blog\/wp-json\/wp\/v2\/posts\/16178","targetHints":{"allow":["GET"]}}],"collection":[{"href":"https:\/\/www.sabine-seyffert.de\/blog\/wp-json\/wp\/v2\/posts"}],"about":[{"href":"https:\/\/www.sabine-seyffert.de\/blog\/wp-json\/wp\/v2\/types\/post"}],"author":[{"embeddable":true,"href":"https:\/\/www.sabine-seyffert.de\/blog\/wp-json\/wp\/v2\/users\/2"}],"replies":[{"embeddable":true,"href":"https:\/\/www.sabine-seyffert.de\/blog\/wp-json\/wp\/v2\/comments?post=16178"}],"version-history":[{"count":2,"href":"https:\/\/www.sabine-seyffert.de\/blog\/wp-json\/wp\/v2\/posts\/16178\/revisions"}],"predecessor-version":[{"id":16190,"href":"https:\/\/www.sabine-seyffert.de\/blog\/wp-json\/wp\/v2\/posts\/16178\/revisions\/16190"}],"wp:attachment":[{"href":"https:\/\/www.sabine-seyffert.de\/blog\/wp-json\/wp\/v2\/media?parent=16178"}],"wp:term":[{"taxonomy":"category","embeddable":true,"href":"https:\/\/www.sabine-seyffert.de\/blog\/wp-json\/wp\/v2\/categories?post=16178"},{"taxonomy":"post_tag","embeddable":true,"href":"https:\/\/www.sabine-seyffert.de\/blog\/wp-json\/wp\/v2\/tags?post=16178"}],"curies":[{"name":"wp","href":"https:\/\/api.w.org\/{rel}","templated":true}]}}