{"id":16167,"date":"2020-03-26T12:29:18","date_gmt":"2020-03-26T10:29:18","guid":{"rendered":"https:\/\/www.sabine-seyffert.de\/blog\/?p=16167"},"modified":"2023-02-01T18:24:51","modified_gmt":"2023-02-01T16:24:51","slug":"carpe-diem-wertvolle-tipps-kreative-ideen-allerhand-gedanken-fuer-zuhause-gegen-den-lagerkoller","status":"publish","type":"post","link":"https:\/\/www.sabine-seyffert.de\/blog\/carpe-diem-wertvolle-tipps-kreative-ideen-allerhand-gedanken-fuer-zuhause-gegen-den-lagerkoller\/","title":{"rendered":"Carpe Diem \u2013 Wertvolle Tipps, kreative Ideen, allerhand Gedanken f\u00fcr Zuhause &#038; gegen den Lagerkoller"},"content":{"rendered":"<p style=\"text-align: justify;\"><img loading=\"lazy\" decoding=\"async\" src=\"https:\/\/vg01.met.vgwort.de\/na\/23d149e4c4274706be7682bed02375f6\" alt=\"\" width=\"1\" height=\"1\" \/>Zwischen all den vielen Basteltipps und <a href=\"https:\/\/www.sabine-seyffert.de\/blog\/?p=16055\" target=\"_blank\" rel=\"noopener noreferrer\">Besch\u00e4ftigungsideen f\u00fcr die Kinder<\/a>, gibt es jetzt auch mal einen Blogartikel f\u00fcr die \u201eGro\u00dfen\u201c.<\/p>\n<p style=\"text-align: justify;\">Die zweite Woche des Daheimbleibens ist mittlerweile angebrochen. W\u00e4hrend ich f\u00fcr mich bislang keinen gro\u00dfen Unterschied im Alltag sp\u00fcre, da ich als freiberufliche Autorin schlie\u00dflich haupts\u00e4chlich von Zuhause aus arbeite, bekomme ich von vielen anderen mit, dass diese neue Situation f\u00fcr viele eine echte Herausforderung darstellt und wirklich an ihre Grenzen bringt. Schon alleine das Kontaktverbot und \u201eAusgangssperre\u201c sind hart. Schlie\u00dflich leben wir in einem freien Land.<\/p>\n<p style=\"text-align: justify;\">Aber was nutzt es, sich den lieben langen Tag den Kopf zu zerbrechen, sich \u00fcber Corona und die damit verbundene Situation Gedanken oder gar Angst zu machen, Tr\u00fcbsal zu blasen und schlechte Laune zu haben? An der derzeitigen Lage \u00e4ndert dies \u00fcberhaupt nichts. Stattdessen sollten wir viel lieber versuchen positiv zu bleiben und das Gute in all dem zu sehen. Das macht Mut und schenkt Zuversicht. Also los \u2013 lasst den Kopf nicht h\u00e4ngen, suhlt euch nicht weiter in Mitleid, sondern nutzt diese Zeit so gut es geht.<br \/>\nSchlie\u00dflich werden wir niemals wieder soviel \u201efreie\u201c Zeit f\u00fcr uns zur Verf\u00fcgung haben, die wir f\u00fcr sch\u00f6ne Dinge nutzen k\u00f6nnen. Wie oft habt ihr euch in der Vergangenheit nichts sehnlicher gew\u00fcnscht, als etwas Zeit. Genau die haben wir jetzt, also macht das Beste draus. Hier mal eine Reihe von Tipps und Ideen:<\/p>\n<p style=\"text-align: center;\"><a href=\"https:\/\/www.sabine-seyffert.de\/blog\/wp-content\/uploads\/2020\/03\/Betthocker-Schuhe-wei\u00df.jpg\"><img loading=\"lazy\" decoding=\"async\" class=\"alignnone size-full wp-image-16168\" src=\"https:\/\/www.sabine-seyffert.de\/blog\/wp-content\/uploads\/2020\/03\/Betthocker-Schuhe-wei\u00df.jpg\" alt=\"\" width=\"600\" height=\"800\" srcset=\"https:\/\/www.sabine-seyffert.de\/blog\/wp-content\/uploads\/2020\/03\/Betthocker-Schuhe-wei\u00df.jpg 600w, https:\/\/www.sabine-seyffert.de\/blog\/wp-content\/uploads\/2020\/03\/Betthocker-Schuhe-wei\u00df-225x300.jpg 225w\" sizes=\"auto, (max-width: 600px) 100vw, 600px\" \/><\/a><\/p>\n<p style=\"text-align: justify;\">* Endlich k\u00f6nnt ihr morgens Ausschlafen, ohne dass der Wecker in aller Fr\u00fche klingelt<\/p>\n<p style=\"text-align: justify;\">* Faulenzen, Rumgammeln, auf der faulen Haut liegen \u2013 Entspannung pur und das mit gutem Gewissen<\/p>\n<p style=\"text-align: justify;\">* Tut euch etwas Gutes und macht t\u00e4glich Autogenes Training, Yoga, Pilates, <a href=\"https:\/\/www.sabine-seyffert.de\/blog\/?cat=4\" target=\"_blank\" rel=\"noopener noreferrer\">eine Fantasiereise<\/a> oder eine andere Entspannungsmethode. Das verhilft zur inneren Ruhe und gerade sonst kommen diese Inseln der Ruhe oftmals im Alltag viel zu kurz. Au\u00dferdem bringt dies einen willkommenen Rhythmus in den Tagesablauf.<\/p>\n<p style=\"text-align: justify;\">* Ganz viel Zeit zum Lesen \u2013 Ob die Tageszeitung, Post oder gute B\u00fccher, wann habt ihr das zum letzten Mal in Ruhe getan?<\/p>\n<p style=\"text-align: justify;\">* Zeit zum Kochen und Backen: Probiert doch einfach mal neue Rezepte aus. Auch mittags darf es etwas aufw\u00e4ndiger sein, da man endlich mal die Ruhe hat um Mahlzeiten zuzubereiten. Vielleicht habt ihr ja auch Lust mit Kindern gemeinsam in der K\u00fcche zu Werkeln. Wenn alle mithelfen, geht\u2019s schneller und mehr Spa\u00df macht es auch! Zudem habt ihr auf diese Weise den Nachwuchs gleich sinnvoll besch\u00e4ftigt.<\/p>\n<p style=\"text-align: center;\"><a href=\"https:\/\/www.sabine-seyffert.de\/blog\/wp-content\/uploads\/2020\/03\/Butter-vegan-4.jpg\"><img loading=\"lazy\" decoding=\"async\" class=\"alignnone size-full wp-image-16169\" src=\"https:\/\/www.sabine-seyffert.de\/blog\/wp-content\/uploads\/2020\/03\/Butter-vegan-4.jpg\" alt=\"\" width=\"800\" height=\"600\" srcset=\"https:\/\/www.sabine-seyffert.de\/blog\/wp-content\/uploads\/2020\/03\/Butter-vegan-4.jpg 800w, https:\/\/www.sabine-seyffert.de\/blog\/wp-content\/uploads\/2020\/03\/Butter-vegan-4-300x225.jpg 300w, https:\/\/www.sabine-seyffert.de\/blog\/wp-content\/uploads\/2020\/03\/Butter-vegan-4-768x576.jpg 768w\" sizes=\"auto, (max-width: 800px) 100vw, 800px\" \/><\/a><\/p>\n<p style=\"text-align: justify;\">* Das wollte ich schon so lange einmal ausprobieren\u2026 Nun ist der da, der perfekte Zeitpunkt um die To Do Liste abzuarbeiten<\/p>\n<p style=\"text-align: justify;\">* Nutzt die Chance und probiert Sachen aus, die ihr immer schon mal lernen wolltet: Stricken, H\u00e4keln, N\u00e4hen, Malen, Fotografieren\u2026<\/p>\n<p style=\"text-align: justify;\">* Fr\u00fchjahrsputz \u2013 bevor euch die Decke auf den Kopf f\u00e4llt, nutzt die Energie lieber f\u00fcr den Fr\u00fchjahrsputz. Fensterputzen f\u00fcr einen bessern \u201eDurchblick\u201c oder die Schr\u00e4nke mal kr\u00e4ftig ausmisten und die Wohnung auf Vordermann bringen \u2013 das befreit, lenkt ab und schafft Ordnung im Chaos.<\/p>\n<p style=\"text-align: center;\"><a href=\"https:\/\/www.sabine-seyffert.de\/blog\/wp-content\/uploads\/2020\/03\/Bett-einzel.jpg\"><img loading=\"lazy\" decoding=\"async\" class=\"alignnone size-full wp-image-16172\" src=\"https:\/\/www.sabine-seyffert.de\/blog\/wp-content\/uploads\/2020\/03\/Bett-einzel.jpg\" alt=\"\" width=\"600\" height=\"800\" srcset=\"https:\/\/www.sabine-seyffert.de\/blog\/wp-content\/uploads\/2020\/03\/Bett-einzel.jpg 600w, https:\/\/www.sabine-seyffert.de\/blog\/wp-content\/uploads\/2020\/03\/Bett-einzel-225x300.jpg 225w\" sizes=\"auto, (max-width: 600px) 100vw, 600px\" \/><\/a><\/p>\n<p style=\"text-align: justify;\">* Das Kontaktverbot macht allen zu schaffen. Aber es gibt zum Gl\u00fcck auch andere M\u00f6glichkeiten in Kontakt zu bleiben und nicht allein zu sein: Telefonieren, Skypen, Briefe schreiben, \u00fcber den Balkon oder Gartenzaun einen Plausch mit den Nachbarn halten \u2013 seid erfinderisch. Schlie\u00dflich gibt es heutzutage unendlich viele M\u00f6glichkeiten \ud83d\ude42<\/p>\n<p style=\"text-align: center;\"><a href=\"https:\/\/www.sabine-seyffert.de\/blog\/wp-content\/uploads\/2020\/03\/Gl\u00fcck-zum-Mitnehmen-3.jpg\"><img loading=\"lazy\" decoding=\"async\" class=\"alignnone size-full wp-image-16173\" src=\"https:\/\/www.sabine-seyffert.de\/blog\/wp-content\/uploads\/2020\/03\/Gl\u00fcck-zum-Mitnehmen-3.jpg\" alt=\"\" width=\"800\" height=\"600\" srcset=\"https:\/\/www.sabine-seyffert.de\/blog\/wp-content\/uploads\/2020\/03\/Gl\u00fcck-zum-Mitnehmen-3.jpg 800w, https:\/\/www.sabine-seyffert.de\/blog\/wp-content\/uploads\/2020\/03\/Gl\u00fcck-zum-Mitnehmen-3-300x225.jpg 300w, https:\/\/www.sabine-seyffert.de\/blog\/wp-content\/uploads\/2020\/03\/Gl\u00fcck-zum-Mitnehmen-3-768x576.jpg 768w\" sizes=\"auto, (max-width: 800px) 100vw, 800px\" \/><\/a><\/p>\n<p style=\"text-align: justify;\">* Verschenkt ein wenig Gl\u00fcck und macht anderen eine Freude (<a href=\"https:\/\/www.sabine-seyffert.de\/blog\/?p=15934\" target=\"_blank\" rel=\"noopener noreferrer\">bsp. Bunt im Alltag<\/a>, <a href=\"https:\/\/www.sabine-seyffert.de\/blog\/?p=14065\" target=\"_blank\" rel=\"noopener noreferrer\">Gl\u00fcck im Topf<\/a> oder einen <a href=\"https:\/\/www.sabine-seyffert.de\/blog\/?p=12540\" target=\"_blank\" rel=\"noopener noreferrer\">Gl\u00fcckskalender<\/a>) . Vielleicht habt ihr Gro\u00dfeltern im Altersheim, die zurzeit nicht besucht werden d\u00fcrfen, Alleinstehende in der Nachbarschaft, die sich gerade jetzt besonders einsam f\u00fchlen oder Freude, die in dieser schweren Zeit etwas Aufmunterung gebrauchen k\u00f6nnen. Ob etwas gebastelt, ein s\u00fc\u00dfer Gru\u00df (bsp. ein <a href=\"https:\/\/www.sabine-seyffert.de\/blog\/?cat=43\" target=\"_blank\" rel=\"noopener noreferrer\">Geschenk aus der K\u00fcche<\/a>) oder eine <a href=\"https:\/\/www.sabine-seyffert.de\/blog\/?cat=51\" target=\"_blank\" rel=\"noopener noreferrer\">selbst gemachte Gru\u00dfkarte<\/a> schenkt Aufmerksamkeit, die gerade im Moment gut tut.<\/p>\n<p style=\"text-align: center;\"><a href=\"https:\/\/www.sabine-seyffert.de\/blog\/wp-content\/uploads\/2020\/03\/Caketopper-1.jpg\"><img loading=\"lazy\" decoding=\"async\" class=\"alignnone size-full wp-image-16170\" src=\"https:\/\/www.sabine-seyffert.de\/blog\/wp-content\/uploads\/2020\/03\/Caketopper-1.jpg\" alt=\"\" width=\"600\" height=\"800\" srcset=\"https:\/\/www.sabine-seyffert.de\/blog\/wp-content\/uploads\/2020\/03\/Caketopper-1.jpg 600w, https:\/\/www.sabine-seyffert.de\/blog\/wp-content\/uploads\/2020\/03\/Caketopper-1-225x300.jpg 225w\" sizes=\"auto, (max-width: 600px) 100vw, 600px\" \/><\/a><\/p>\n<p style=\"text-align: justify;\">* Schnappt frische Luft und genie\u00dft das herrliche Fr\u00fchlingswetter, auch wenn ihr keinen Balkon, eine Terrasse oder Garten habt \u2013 rei\u00dft die Fenster auf, schiebt den Sessel ran und tankt so etwas Sonnenschein und Sauerstoff. Das tut einfach unglaublich gut, mal tief Luftzuholen und ein paar Sonnenstrahlen zu tanken.<\/p>\n<p style=\"text-align: center;\"><a href=\"https:\/\/www.sabine-seyffert.de\/blog\/wp-content\/uploads\/2020\/03\/Geschenkverpackung-G\u00e4nsebl\u00fcmchen-4.jpg\"><img loading=\"lazy\" decoding=\"async\" class=\"alignnone size-full wp-image-16174\" src=\"https:\/\/www.sabine-seyffert.de\/blog\/wp-content\/uploads\/2020\/03\/Geschenkverpackung-G\u00e4nsebl\u00fcmchen-4.jpg\" alt=\"\" width=\"800\" height=\"600\" srcset=\"https:\/\/www.sabine-seyffert.de\/blog\/wp-content\/uploads\/2020\/03\/Geschenkverpackung-G\u00e4nsebl\u00fcmchen-4.jpg 800w, https:\/\/www.sabine-seyffert.de\/blog\/wp-content\/uploads\/2020\/03\/Geschenkverpackung-G\u00e4nsebl\u00fcmchen-4-300x225.jpg 300w, https:\/\/www.sabine-seyffert.de\/blog\/wp-content\/uploads\/2020\/03\/Geschenkverpackung-G\u00e4nsebl\u00fcmchen-4-768x576.jpg 768w\" sizes=\"auto, (max-width: 800px) 100vw, 800px\" \/><\/a><\/p>\n<p style=\"text-align: justify;\">* Wer mit der vielen Zeit nicht klar kommt, macht sich einfach einen Plan. Ob f\u00fcr den Tagesablauf oder die ganze Woche ist egal. Das gibt mehr Struktur im Ablauf und damit auch Halt.<\/p>\n<p style=\"text-align: justify;\">* Bei allem was ihr macht, vergesst das Lachen nicht \u2013 gute Laune steckt an. Vielleicht erz\u00e4hlt ihr euch gegenseitig einfach mal einen lustigen Witz, wenn die Stimmung zu kippen droht.<\/p>\n<p style=\"text-align: justify;\">Eine hilfreiche DIY sind \u00fcbrigens diese <a href=\"https:\/\/www.sabine-seyffert.de\/blog\/?p=14959\" target=\"_blank\" rel=\"noopener noreferrer\">selbst gemachten Aufgabenkarten<\/a>, die f\u00fcr mehr Achtsamkeit im Alltag sorgen. Vielleicht k\u00f6nnt euch dazu ein paar f\u00fcr die jetzige Situation basteln?<\/p>\n<p style=\"text-align: center;\"><a href=\"https:\/\/www.sabine-seyffert.de\/blog\/wp-content\/uploads\/2020\/03\/Achtsamkeit-Aufgabenkarten-13-Sabine-Seyffert.de_.jpg\"><img loading=\"lazy\" decoding=\"async\" class=\"alignnone size-full wp-image-16171\" src=\"https:\/\/www.sabine-seyffert.de\/blog\/wp-content\/uploads\/2020\/03\/Achtsamkeit-Aufgabenkarten-13-Sabine-Seyffert.de_.jpg\" alt=\"\" width=\"800\" height=\"600\" srcset=\"https:\/\/www.sabine-seyffert.de\/blog\/wp-content\/uploads\/2020\/03\/Achtsamkeit-Aufgabenkarten-13-Sabine-Seyffert.de_.jpg 800w, https:\/\/www.sabine-seyffert.de\/blog\/wp-content\/uploads\/2020\/03\/Achtsamkeit-Aufgabenkarten-13-Sabine-Seyffert.de_-300x225.jpg 300w, https:\/\/www.sabine-seyffert.de\/blog\/wp-content\/uploads\/2020\/03\/Achtsamkeit-Aufgabenkarten-13-Sabine-Seyffert.de_-768x576.jpg 768w\" sizes=\"auto, (max-width: 800px) 100vw, 800px\" \/><\/a><\/p>\n<p style=\"text-align: justify;\">Eine Bastelanleitung f\u00fcr etwas Gl\u00fcck zum Mitnehmen findet ihr <a href=\"https:\/\/www.sabine-seyffert.de\/blog\/?p=11647\" target=\"_blank\" rel=\"noopener noreferrer\">hier<\/a>, selbst gemachte Gl\u00fcckskekse <a href=\"https:\/\/www.sabine-seyffert.de\/blog\/?p=9638\" target=\"_blank\" rel=\"noopener noreferrer\">dort<\/a>, Rezept f\u00fcr gebackene Gl\u00fcckskekse <a href=\"https:\/\/www.sabine-seyffert.de\/blog\/?p=13458\" target=\"_blank\" rel=\"noopener noreferrer\">hier<\/a> und Geschenkideen zum Selbermachen in <a href=\"https:\/\/www.sabine-seyffert.de\/blog\/?cat=36\" target=\"_blank\" rel=\"noopener noreferrer\">diesem Ordner<\/a>.<\/p>\n<p style=\"text-align: justify;\"><a href=\"https:\/\/www.sabine-seyffert.de\/blog\/?page_id=32#urheberrecht\">urheberrechtlich gesch\u00fctzt<\/a>, \u00a9 Sabine Seyffert<\/p>\n","protected":false},"excerpt":{"rendered":"<p>Zwischen all den vielen Basteltipps und Besch\u00e4ftigungsideen f\u00fcr die Kinder, gibt es jetzt auch mal einen Blogartikel f\u00fcr die \u201eGro\u00dfen\u201c. Die zweite Woche des Daheimbleibens ist mittlerweile angebrochen. W\u00e4hrend ich f\u00fcr mich bislang keinen gro\u00dfen Unterschied im Alltag sp\u00fcre, da ich als freiberufliche Autorin schlie\u00dflich haupts\u00e4chlich von Zuhause aus arbeite, bekomme ich von vielen anderen&#8230; <a href=\"https:\/\/www.sabine-seyffert.de\/blog\/carpe-diem-wertvolle-tipps-kreative-ideen-allerhand-gedanken-fuer-zuhause-gegen-den-lagerkoller\/\" class=\"more-link\">Read more: Carpe Diem \u2013 Wertvolle Tipps, kreative Ideen, allerhand Gedanken f\u00fcr Zuhause &#038; gegen den Lagerkoller<\/a><\/p>\n","protected":false},"author":2,"featured_media":0,"comment_status":"open","ping_status":"open","sticky":false,"template":"","format":"standard","meta":{"_metis_text_type":"","_metis_text_length":4968,"_post_count":0,"footnotes":""},"categories":[52,23,10],"tags":[],"class_list":["post-16167","post","type-post","status-publish","format-standard","hentry","category-familie","category-fruhling","category-spiel-spas"],"_links":{"self":[{"href":"https:\/\/www.sabine-seyffert.de\/blog\/wp-json\/wp\/v2\/posts\/16167","targetHints":{"allow":["GET"]}}],"collection":[{"href":"https:\/\/www.sabine-seyffert.de\/blog\/wp-json\/wp\/v2\/posts"}],"about":[{"href":"https:\/\/www.sabine-seyffert.de\/blog\/wp-json\/wp\/v2\/types\/post"}],"author":[{"embeddable":true,"href":"https:\/\/www.sabine-seyffert.de\/blog\/wp-json\/wp\/v2\/users\/2"}],"replies":[{"embeddable":true,"href":"https:\/\/www.sabine-seyffert.de\/blog\/wp-json\/wp\/v2\/comments?post=16167"}],"version-history":[{"count":4,"href":"https:\/\/www.sabine-seyffert.de\/blog\/wp-json\/wp\/v2\/posts\/16167\/revisions"}],"predecessor-version":[{"id":25100,"href":"https:\/\/www.sabine-seyffert.de\/blog\/wp-json\/wp\/v2\/posts\/16167\/revisions\/25100"}],"wp:attachment":[{"href":"https:\/\/www.sabine-seyffert.de\/blog\/wp-json\/wp\/v2\/media?parent=16167"}],"wp:term":[{"taxonomy":"category","embeddable":true,"href":"https:\/\/www.sabine-seyffert.de\/blog\/wp-json\/wp\/v2\/categories?post=16167"},{"taxonomy":"post_tag","embeddable":true,"href":"https:\/\/www.sabine-seyffert.de\/blog\/wp-json\/wp\/v2\/tags?post=16167"}],"curies":[{"name":"wp","href":"https:\/\/api.w.org\/{rel}","templated":true}]}}