{"id":1610,"date":"2013-05-09T12:11:44","date_gmt":"2013-05-09T10:11:44","guid":{"rendered":"http:\/\/www.sabine-seyffert.de\/blog\/?p=1610"},"modified":"2017-03-06T17:38:31","modified_gmt":"2017-03-06T15:38:31","slug":"heute-regen-morgen-sonne","status":"publish","type":"post","link":"https:\/\/www.sabine-seyffert.de\/blog\/heute-regen-morgen-sonne\/","title":{"rendered":"Heute Regen, morgen Sonne"},"content":{"rendered":"<p style=\"text-align: justify;\"><img loading=\"lazy\" decoding=\"async\" src=\"https:\/\/ssl-vg03.met.vgwort.de\/na\/196192bc700b4b0595769a888ef40712\" alt=\"\" width=\"1\" height=\"1\" \/>Vor einiger Zeit bekam ich ein kleines P\u00e4ckchen, in dem ich einige Belegexemplare meines Buchs \u201e<a href=\"http:\/\/www.arena-verlag.de\/artikel\/heute-regen-morgen-sonne-978-3-401-50190-1\" target=\"_blank\">Heute Regen, morgen Sonne<\/a>\u201c fand, welches inzwischen schon in der 6. Auflage erh\u00e4ltlich ist. Ich habe mich dar\u00fcber riesig gefreut, denn dieses Buch war eines meiner ersten, in dem es schwerpunktm\u00e4\u00dfig um Entspannungsgeschichten f\u00fcr Kinder geht. Der Band ist zum ersten Mal im Jahr 2000 als gebundenes Buch erschienen. Zwischenzeitlich gab es die Geschichten sogar in spanischer Ausgabe mit dem Titel: Hoy lluvia, ma\u00f1ana sol : cuentos para estimular la fantas\u00eda de los ni\u00f1os.<\/p>\n<p style=\"text-align: center;\"><a href=\"http:\/\/www.sabine-seyffert.de\/blog\/wp-content\/uploads\/2013\/05\/Heute-Regen-4.jpg\"><img loading=\"lazy\" decoding=\"async\" class=\"alignnone size-full wp-image-1611\" src=\"http:\/\/www.sabine-seyffert.de\/blog\/wp-content\/uploads\/2013\/05\/Heute-Regen-4.jpg\" alt=\"Heute Regen 4\" width=\"592\" height=\"882\" srcset=\"https:\/\/www.sabine-seyffert.de\/blog\/wp-content\/uploads\/2013\/05\/Heute-Regen-4.jpg 592w, https:\/\/www.sabine-seyffert.de\/blog\/wp-content\/uploads\/2013\/05\/Heute-Regen-4-201x300.jpg 201w\" sizes=\"auto, (max-width: 592px) 100vw, 592px\" \/><\/a><\/p>\n<p style=\"text-align: justify;\">Nun gibt es den Titel erfreulicherweise auch als Taschenbuch. Das m\u00f6chte ich gerne als Anlass nehmen das Buch heute <del>(passend zum Regen?)<\/del> etwas n\u00e4her vorzustellen:<\/p>\n<p style=\"text-align: justify;\">Regenschauer und Gewitter sind ebenso selbstverst\u00e4ndlich wie Sonnenschein und blauer Himmel. Sie geh\u00f6ren zum Alltag einfach mit dazu, so wie unsere Gef\u00fchle, die ich mit dem Wetter schon mal gerne vergleiche. Denn schlie\u00dflich kann das Wetter ebenso schnell umschlagen wie unsere Stimmung. Gerade bei Kindern: Ein kleiner W\u00fcterich, der zetert, br\u00fcllt und tobt und dann ein paar Minuten sp\u00e4ter schon wieder so l\u00e4chelt, als h\u00e4tte es den Wutausbruch zuvor niemals gegeben\u2026<\/p>\n<p style=\"text-align: justify;\">In meinem Buch <a href=\"http:\/\/www.arena-verlag.de\/artikel\/heute-regen-morgen-sonne-978-3-401-50190-1\" target=\"_blank\">\u201eHeute Regen, morgen Sonne\u201c<\/a> sind allerhand Entspannungsgeschichten f\u00fcr Kinder enthalten, die sich um das Thema Gef\u00fchle drehen. Diese zeigen den Kindern Wege und M\u00f6glichkeiten auf ihre Gef\u00fchle auszudr\u00fccken, offen zu zeigen und vor allem diese zu verarbeiten. Der doch durch reichlich Stress gepr\u00e4gte Alltag unserer Kinder hinterl\u00e4sst seine Spuren und Kinder f\u00fchlen sich dabei manchmal nicht nur verloren, sondern auch einfach hilflos. Die Fantasiereisen sorgen daher nicht nur f\u00fcr kleine, wertvolle Pausen, in denen die Kinder neue Kraft sch\u00f6pfen und sich eine Weile ausruhen k\u00f6nnen. Sondern sie zeigen den Kindern Ideen auf, ihre Gef\u00fchle besser in den Griff zu bekommen, ohne dass andere unter den Gef\u00fchlsausbr\u00fcchen zu leiden haben oder gar in Mitleidenschaft gezogen werden.<\/p>\n<p style=\"text-align: center;\"><a href=\"http:\/\/www.sabine-seyffert.de\/blog\/wp-content\/uploads\/2013\/05\/Heute-Regen-1.jpg\"><img loading=\"lazy\" decoding=\"async\" class=\"alignnone size-full wp-image-1613\" src=\"http:\/\/www.sabine-seyffert.de\/blog\/wp-content\/uploads\/2013\/05\/Heute-Regen-1.jpg\" alt=\"Heute Regen 1\" width=\"800\" height=\"513\" srcset=\"https:\/\/www.sabine-seyffert.de\/blog\/wp-content\/uploads\/2013\/05\/Heute-Regen-1.jpg 800w, https:\/\/www.sabine-seyffert.de\/blog\/wp-content\/uploads\/2013\/05\/Heute-Regen-1-300x192.jpg 300w\" sizes=\"auto, (max-width: 800px) 100vw, 800px\" \/><\/a><\/p>\n<p style=\"text-align: justify;\">Dar\u00fcber hinaus sind nach jeder Geschichte Anregungen zu finden, die den Kindern helfen, das Erlebte aufzuarbeiten und in Gespr\u00e4chen zu thematisieren. Denn offene Gespr\u00e4che mit Kindern sind hierbei wichtig, geben Halt und schenken ihnen Vertrauen, Zuversicht und Mut.<br \/>\nIn meinen Entspannungskursen habe ich sehr gute Erfahrungen mit diesen Entspannungsgeschichten aus dem Buch gemacht und wende diese auch in meinen Ausbildungsg\u00e4ngen zum Entspannungsp\u00e4dagogen f\u00fcr Kinder sowie in Fortbildungen oft und gerne an. Gerade von Teilnehmern aus meinen Seminaren bekomme ich die R\u00fcckmeldung, dass die Geschichten aus diesem Buch von Kindern sehr gut angenommen werden.<\/p>\n<p style=\"text-align: center;\"><a href=\"http:\/\/www.sabine-seyffert.de\/blog\/wp-content\/uploads\/2013\/05\/Heute-Regen-2.jpg\"><img loading=\"lazy\" decoding=\"async\" class=\"alignnone size-full wp-image-1614\" src=\"http:\/\/www.sabine-seyffert.de\/blog\/wp-content\/uploads\/2013\/05\/Heute-Regen-2.jpg\" alt=\"Heute Regen 2\" width=\"800\" height=\"600\" srcset=\"https:\/\/www.sabine-seyffert.de\/blog\/wp-content\/uploads\/2013\/05\/Heute-Regen-2.jpg 800w, https:\/\/www.sabine-seyffert.de\/blog\/wp-content\/uploads\/2013\/05\/Heute-Regen-2-300x225.jpg 300w\" sizes=\"auto, (max-width: 800px) 100vw, 800px\" \/><\/a><\/p>\n<p style=\"text-align: justify;\">Das Buch selbst enth\u00e4lt au\u00dfer den Entspannungsgeschichten eine umfassende Einleitung, die sich direkt an die Kinder richtet und ihnen die wichtigsten Informationen zum Thema Entspannung gibt, aufzeigt warum Pausen im Alltag wichtig sind und wie das mit dem Entspannen zu Hause \u00fcberhaupt funktioniert.<br \/>\nNeben dem Vorwort f\u00fcr die Eltern gibt es auch ein Kapitel mit entsprechender Anleitung, wie die Geschichten richtig vorgetragen werden sollten und was es hierbei zu beachten gibt.<br \/>\nDer gr\u00f6\u00dfte Teil des Buches bilden jedoch die Fantasiereisen, die in vier verschiedene Schwerpunkte aufgeteilt sind: Wut, Selbstbewusstsein, Angst und Mut. F\u00fcr Kinder sehr bedeutsame und vor allem bekannte Gef\u00fchle, die sie aus ihrem Leben her gut kennen.<\/p>\n<p style=\"text-align: justify;\">Vielleicht gibt es jemand von meinen Lesern, der mit dem Buch schon Erfahrungen gesammelt hat und davon berichten m\u00f6chte? Egal, ob Erfahrungsberichte aus einem Entspannungskurs, \u00fcber den Einsatz zu Hause innerhalb des Familienalltags, R\u00fcckmeldungen aus Traumstunden im Kindergarten oder der Grundschule, gemalte Kinderbilder zu den Geschichten \u2013 ich freue mich \u00fcber jede Zuschrift oder Bild!<\/p>\n<p style=\"text-align: center;\"><a href=\"http:\/\/www.sabine-seyffert.de\/blog\/wp-content\/uploads\/2013\/05\/Heute-Regen-3.jpg\"><img loading=\"lazy\" decoding=\"async\" class=\"alignnone size-full wp-image-1612\" src=\"http:\/\/www.sabine-seyffert.de\/blog\/wp-content\/uploads\/2013\/05\/Heute-Regen-3.jpg\" alt=\"Heute Regen 3\" width=\"600\" height=\"804\" srcset=\"https:\/\/www.sabine-seyffert.de\/blog\/wp-content\/uploads\/2013\/05\/Heute-Regen-3.jpg 600w, https:\/\/www.sabine-seyffert.de\/blog\/wp-content\/uploads\/2013\/05\/Heute-Regen-3-223x300.jpg 223w\" sizes=\"auto, (max-width: 600px) 100vw, 600px\" \/><\/a><\/p>\n<p style=\"text-align: justify;\">Als kleines Dankesch\u00f6n an meine kleinen und gro\u00dfen Leser darf ich hier nach R\u00fccksprache mit dem Arena Verlag eine der im Buch enthaltenen Fantasiereisen ver\u00f6ffentlichen. So werde ich mal gr\u00fcndlich st\u00f6bern und eine meiner Lieblingsgeschichte in den n\u00e4chsten Tagen vorstellen.<\/p>\n<p style=\"text-align: justify;\">Das Buch \u201eHeute Regen, morgen Sonne\u201c hat die ISBN 978-3-401-50190-1 und umfasst insgesamt 112 Seiten. N\u00e4here Infos dazu gibt es au\u00dferdem beim <a href=\"http:\/\/www.arena-verlag.de\/helden\/sabine-seyffert\" target=\"_blank\">Arena Verlag <\/a>.<\/p>\n<p style=\"text-align: justify;\">Herzliche Gr\u00fc\u00dfe,<\/p>\n<p style=\"text-align: justify;\">Sabine<\/p>\n<p><a href=\"http:\/\/www.sabine-seyffert.de\/blog\/?page_id=32#urheberrecht\">urherrechtlich gesch\u00fctzt<\/a>, \u00a9 Sabine Seyffert<\/p>\n","protected":false},"excerpt":{"rendered":"<p>Vor einiger Zeit bekam ich ein kleines P\u00e4ckchen, in dem ich einige Belegexemplare meines Buchs \u201eHeute Regen, morgen Sonne\u201c fand, welches inzwischen schon in der 6. Auflage erh\u00e4ltlich ist. Ich habe mich dar\u00fcber riesig gefreut, denn dieses Buch war eines meiner ersten, in dem es schwerpunktm\u00e4\u00dfig um Entspannungsgeschichten f\u00fcr Kinder geht. Der Band ist zum&#8230; <a href=\"https:\/\/www.sabine-seyffert.de\/blog\/heute-regen-morgen-sonne\/\" class=\"more-link\">Read more: Heute Regen, morgen Sonne<\/a><\/p>\n","protected":false},"author":2,"featured_media":0,"comment_status":"open","ping_status":"open","sticky":false,"template":"","format":"standard","meta":{"_metis_text_type":"","_metis_text_length":4277,"_post_count":0,"footnotes":""},"categories":[20],"tags":[],"class_list":["post-1610","post","type-post","status-publish","format-standard","hentry","category-bucher"],"_links":{"self":[{"href":"https:\/\/www.sabine-seyffert.de\/blog\/wp-json\/wp\/v2\/posts\/1610","targetHints":{"allow":["GET"]}}],"collection":[{"href":"https:\/\/www.sabine-seyffert.de\/blog\/wp-json\/wp\/v2\/posts"}],"about":[{"href":"https:\/\/www.sabine-seyffert.de\/blog\/wp-json\/wp\/v2\/types\/post"}],"author":[{"embeddable":true,"href":"https:\/\/www.sabine-seyffert.de\/blog\/wp-json\/wp\/v2\/users\/2"}],"replies":[{"embeddable":true,"href":"https:\/\/www.sabine-seyffert.de\/blog\/wp-json\/wp\/v2\/comments?post=1610"}],"version-history":[{"count":8,"href":"https:\/\/www.sabine-seyffert.de\/blog\/wp-json\/wp\/v2\/posts\/1610\/revisions"}],"predecessor-version":[{"id":9858,"href":"https:\/\/www.sabine-seyffert.de\/blog\/wp-json\/wp\/v2\/posts\/1610\/revisions\/9858"}],"wp:attachment":[{"href":"https:\/\/www.sabine-seyffert.de\/blog\/wp-json\/wp\/v2\/media?parent=1610"}],"wp:term":[{"taxonomy":"category","embeddable":true,"href":"https:\/\/www.sabine-seyffert.de\/blog\/wp-json\/wp\/v2\/categories?post=1610"},{"taxonomy":"post_tag","embeddable":true,"href":"https:\/\/www.sabine-seyffert.de\/blog\/wp-json\/wp\/v2\/tags?post=1610"}],"curies":[{"name":"wp","href":"https:\/\/api.w.org\/{rel}","templated":true}]}}