{"id":16055,"date":"2020-03-17T16:33:02","date_gmt":"2020-03-17T14:33:02","guid":{"rendered":"https:\/\/www.sabine-seyffert.de\/blog\/?p=16055"},"modified":"2022-09-02T11:32:54","modified_gmt":"2022-09-02T09:32:54","slug":"tolle-diy-ideen-fuer-kinder-kreative-beschaeftigungsprogramm-gegen-den-lagerkoller","status":"publish","type":"post","link":"https:\/\/www.sabine-seyffert.de\/blog\/tolle-diy-ideen-fuer-kinder-kreative-beschaeftigungsprogramm-gegen-den-lagerkoller\/","title":{"rendered":"Tolle DIY Ideen f\u00fcr Kinder \u2013 Kreative Besch\u00e4ftigungsprogramm gegen den Lagerkoller"},"content":{"rendered":"<p style=\"text-align: justify;\"><img loading=\"lazy\" decoding=\"async\" src=\"https:\/\/vg01.met.vgwort.de\/na\/857f67be10e9498eb4e6760f7849fb70\" alt=\"\" width=\"1\" height=\"1\" \/>Seit Ende der letzten Woche tummeln sich die Nachrichten, Infos und Neuigkeiten zum Thema Corona. Die Welt scheint Kopf zu stehen und man hat den Eindruck der Alltag steht von einer auf die andere Sekunde still.<\/p>\n<p style=\"text-align: justify;\">Nicht nur die Kinderg\u00e4rten und Schulen ins ganz Deutschland haben seit Anfang dieser Woche geschlossen, auch Schwimmb\u00e4der, Museen, Sporthallen und Co. sind dicht. F\u00fcr alle eine echte Herausforderung, die es nun zu meistern gilt.<\/p>\n<p style=\"text-align: justify;\">Als freiberufliche Autorin bin ich zwar das Arbeiten von zu Hause gew\u00f6hnt, aber auch f\u00fcr mich hat die Schlie\u00dfung Konsequenzen. Geplante Veranstaltungen, ein Messebesuch, Termine au\u00dfer Haus oder auch meine Kunst AGs an Schulen sind mit sofortiger Wirkung abgesagt. Das h\u00e4tte man sich vor einigen Tagen selbst im Traum nicht vorstellen k\u00f6nnen \ud83d\ude09<\/p>\n<p style=\"text-align: center;\"><a href=\"https:\/\/www.sabine-seyffert.de\/blog\/wp-content\/uploads\/2020\/03\/Bastelmaterial-\u00dcbersicht-Sabine-Seyffert.de-1.jpg\"><img loading=\"lazy\" decoding=\"async\" class=\"alignnone size-full wp-image-16056\" src=\"https:\/\/www.sabine-seyffert.de\/blog\/wp-content\/uploads\/2020\/03\/Bastelmaterial-\u00dcbersicht-Sabine-Seyffert.de-1.jpg\" alt=\"\" width=\"800\" height=\"600\" srcset=\"https:\/\/www.sabine-seyffert.de\/blog\/wp-content\/uploads\/2020\/03\/Bastelmaterial-\u00dcbersicht-Sabine-Seyffert.de-1.jpg 800w, https:\/\/www.sabine-seyffert.de\/blog\/wp-content\/uploads\/2020\/03\/Bastelmaterial-\u00dcbersicht-Sabine-Seyffert.de-1-300x225.jpg 300w, https:\/\/www.sabine-seyffert.de\/blog\/wp-content\/uploads\/2020\/03\/Bastelmaterial-\u00dcbersicht-Sabine-Seyffert.de-1-768x576.jpg 768w\" sizes=\"auto, (max-width: 800px) 100vw, 800px\" \/><\/a><\/p>\n<p style=\"text-align: justify;\">Nun hei\u00dft es das Beste aus der Situation zu machen. Neben dem t\u00e4glichen Pensum an Aufgaben, die von Seitens der Schule an die Kinder gestellt werden, bleibt w\u00e4hrend der Quarant\u00e4ne jede Menge Zeit. Da Verabredungen, gesellige Nachmittage auf dem Spielplatz oder gemeinsame Ausfl\u00fcge derzeit nicht zur Diskussion stehen, kommt gerade bei Kindern erfahrungsgem\u00e4\u00df schnell Langeweile auf. Den lieben langen Tag nun vor dem Fernseher zu sitzen um die Zeit tot zu schlagen ist eine schlechte Idee.<br \/>\nDaher habe ich mir gedacht, ich starte ein buntes Programm mit unterschiedlichen Bastelideen, die die Kinder zu Hause alleine oder mit etwas Hilfe anfertigen k\u00f6nnen. Schlie\u00dflich hatte ich f\u00fcr meine geplanten Workshops allerhand vorbereitet, was ich mit den Kindern bis Ostern basteln wollte.<\/p>\n<p><a href=\"https:\/\/www.sabine-seyffert.de\/blog\/wp-content\/uploads\/2020\/03\/Zeitungspapier-Sabine-Seyffert.de-5.jpg\"><img loading=\"lazy\" decoding=\"async\" class=\"alignnone size-full wp-image-16057\" src=\"https:\/\/www.sabine-seyffert.de\/blog\/wp-content\/uploads\/2020\/03\/Zeitungspapier-Sabine-Seyffert.de-5.jpg\" alt=\"\" width=\"800\" height=\"600\" srcset=\"https:\/\/www.sabine-seyffert.de\/blog\/wp-content\/uploads\/2020\/03\/Zeitungspapier-Sabine-Seyffert.de-5.jpg 800w, https:\/\/www.sabine-seyffert.de\/blog\/wp-content\/uploads\/2020\/03\/Zeitungspapier-Sabine-Seyffert.de-5-300x225.jpg 300w, https:\/\/www.sabine-seyffert.de\/blog\/wp-content\/uploads\/2020\/03\/Zeitungspapier-Sabine-Seyffert.de-5-768x576.jpg 768w\" sizes=\"auto, (max-width: 800px) 100vw, 800px\" \/><\/a><\/p>\n<p style=\"text-align: justify;\">Damit wirklich jeder Mitmachen kann, habe ich mir folgendes \u00fcberlegt: Als Bastelmaterial kommen solche Dinge zum Einsatz, die t\u00e4glich anfallen und die man zur Hause zur Hand hat. Somit muss kein teures Bastelmaterial per Einkauf get\u00e4tigt werden, sondern man kann gleich mit Werkeln loslegen:<\/p>\n<p style=\"text-align: center;\"><a href=\"https:\/\/www.sabine-seyffert.de\/blog\/wp-content\/uploads\/2020\/03\/Blume-Eierkarton-Sabine-Seyffert.de-1.jpg\"><img loading=\"lazy\" decoding=\"async\" class=\"alignnone size-full wp-image-16058\" src=\"https:\/\/www.sabine-seyffert.de\/blog\/wp-content\/uploads\/2020\/03\/Blume-Eierkarton-Sabine-Seyffert.de-1.jpg\" alt=\"\" width=\"800\" height=\"600\" srcset=\"https:\/\/www.sabine-seyffert.de\/blog\/wp-content\/uploads\/2020\/03\/Blume-Eierkarton-Sabine-Seyffert.de-1.jpg 800w, https:\/\/www.sabine-seyffert.de\/blog\/wp-content\/uploads\/2020\/03\/Blume-Eierkarton-Sabine-Seyffert.de-1-300x225.jpg 300w, https:\/\/www.sabine-seyffert.de\/blog\/wp-content\/uploads\/2020\/03\/Blume-Eierkarton-Sabine-Seyffert.de-1-768x576.jpg 768w\" sizes=\"auto, (max-width: 800px) 100vw, 800px\" \/><\/a><\/p>\n<p style=\"text-align: justify;\">Zeitungspapier, leere Eierkartons, Klorollen, Kronkorken, Deckel, leere Joghurtbecher, leeren Marmeladengl\u00e4sern, Milchkartons, Pappe, K\u00e4seschachteln, Korken, Konservendosen, Karton und leere Kartonagen hat man als kostenloses Material daheim. Einen Wasserfarbkasten, Pinsel, Stifte, Schere, Bastelkleber wird sicherlich auch vorhanden sein, da es ja zum Standardmaterial im Kunstunterricht geh\u00f6rt.<\/p>\n<p style=\"text-align: center;\"><a href=\"https:\/\/www.sabine-seyffert.de\/blog\/wp-content\/uploads\/2020\/03\/Biene-Kronkorken-Sabine-Seyffert.de-1.jpg\"><img loading=\"lazy\" decoding=\"async\" class=\"alignnone size-full wp-image-16059\" src=\"https:\/\/www.sabine-seyffert.de\/blog\/wp-content\/uploads\/2020\/03\/Biene-Kronkorken-Sabine-Seyffert.de-1.jpg\" alt=\"\" width=\"800\" height=\"600\" srcset=\"https:\/\/www.sabine-seyffert.de\/blog\/wp-content\/uploads\/2020\/03\/Biene-Kronkorken-Sabine-Seyffert.de-1.jpg 800w, https:\/\/www.sabine-seyffert.de\/blog\/wp-content\/uploads\/2020\/03\/Biene-Kronkorken-Sabine-Seyffert.de-1-300x225.jpg 300w, https:\/\/www.sabine-seyffert.de\/blog\/wp-content\/uploads\/2020\/03\/Biene-Kronkorken-Sabine-Seyffert.de-1-768x576.jpg 768w\" sizes=\"auto, (max-width: 800px) 100vw, 800px\" \/><\/a><\/p>\n<p style=\"text-align: justify;\">Was haltet ihr von der Idee? Habt ihr Lust mitzubasteln und seid auf der Suche nach tollen Ideen f\u00fcr eure Kinder? Dann gibt es ab Morgen sch\u00f6ne Besch\u00e4ftigungsideen zum Selbermachen und Ausprobieren.<\/p>\n<p style=\"text-align: center;\"><a href=\"https:\/\/www.sabine-seyffert.de\/blog\/wp-content\/uploads\/2020\/03\/Bastelpapier-Upcycling-Sabine-Seyffert.de-1.jpg\"><img loading=\"lazy\" decoding=\"async\" class=\"alignnone size-full wp-image-16060\" src=\"https:\/\/www.sabine-seyffert.de\/blog\/wp-content\/uploads\/2020\/03\/Bastelpapier-Upcycling-Sabine-Seyffert.de-1.jpg\" alt=\"\" width=\"600\" height=\"800\" srcset=\"https:\/\/www.sabine-seyffert.de\/blog\/wp-content\/uploads\/2020\/03\/Bastelpapier-Upcycling-Sabine-Seyffert.de-1.jpg 600w, https:\/\/www.sabine-seyffert.de\/blog\/wp-content\/uploads\/2020\/03\/Bastelpapier-Upcycling-Sabine-Seyffert.de-1-225x300.jpg 225w\" sizes=\"auto, (max-width: 600px) 100vw, 600px\" \/><\/a><\/p>\n<p style=\"text-align: justify;\">Bis dahin findet ihr zahlreiche Bastelideen f\u00fcr Kinder in <a href=\"https:\/\/www.sabine-seyffert.de\/blog\/?cat=32\" target=\"_blank\" rel=\"noopener noreferrer\">dieser Blog Kategorie<\/a>, alles zum Thema Upcycling mit detaillierter Bastelanleitung gibt es in <a href=\"https:\/\/www.sabine-seyffert.de\/blog\/?cat=47\" target=\"_blank\" rel=\"noopener noreferrer\">dieser Rubrik<\/a>, alles rund um Ostern und die Fr\u00fchlingszeit sind in <a href=\"https:\/\/www.sabine-seyffert.de\/blog\/?cat=23\" target=\"_blank\" rel=\"noopener noreferrer\">diesem Blog Ordner<\/a> und andere kreative Sachen auch <a href=\"http:\/\/www.lunaju.de\/2020\/03\/kiddikram-marz-2020.html\" target=\"_blank\" rel=\"noopener nofollow noreferrer\">da<\/a>.<\/p>\n<p style=\"text-align: justify;\"><a href=\"https:\/\/www.sabine-seyffert.de\/blog\/?page_id=32#urheberrecht\">urheberrechtlich gesch\u00fctzt<\/a>, \u00a9 Sabine Seyffert<\/p>\n","protected":false},"excerpt":{"rendered":"<p>Seit Ende der letzten Woche tummeln sich die Nachrichten, Infos und Neuigkeiten zum Thema Corona. Die Welt scheint Kopf zu stehen und man hat den Eindruck der Alltag steht von einer auf die andere Sekunde still. Nicht nur die Kinderg\u00e4rten und Schulen ins ganz Deutschland haben seit Anfang dieser Woche geschlossen, auch Schwimmb\u00e4der, Museen, Sporthallen&#8230; <a href=\"https:\/\/www.sabine-seyffert.de\/blog\/tolle-diy-ideen-fuer-kinder-kreative-beschaeftigungsprogramm-gegen-den-lagerkoller\/\" class=\"more-link\">Read more: Tolle DIY Ideen f\u00fcr Kinder \u2013 Kreative Besch\u00e4ftigungsprogramm gegen den Lagerkoller<\/a><\/p>\n","protected":false},"author":2,"featured_media":0,"comment_status":"open","ping_status":"open","sticky":false,"template":"","format":"standard","meta":{"_metis_text_type":"","_metis_text_length":2773,"_post_count":0,"footnotes":""},"categories":[32,52,23,10,47],"tags":[],"class_list":["post-16055","post","type-post","status-publish","format-standard","hentry","category-kreatives-fur-kleine-kinderhande","category-familie","category-fruhling","category-spiel-spas","category-upcyceltes"],"_links":{"self":[{"href":"https:\/\/www.sabine-seyffert.de\/blog\/wp-json\/wp\/v2\/posts\/16055","targetHints":{"allow":["GET"]}}],"collection":[{"href":"https:\/\/www.sabine-seyffert.de\/blog\/wp-json\/wp\/v2\/posts"}],"about":[{"href":"https:\/\/www.sabine-seyffert.de\/blog\/wp-json\/wp\/v2\/types\/post"}],"author":[{"embeddable":true,"href":"https:\/\/www.sabine-seyffert.de\/blog\/wp-json\/wp\/v2\/users\/2"}],"replies":[{"embeddable":true,"href":"https:\/\/www.sabine-seyffert.de\/blog\/wp-json\/wp\/v2\/comments?post=16055"}],"version-history":[{"count":5,"href":"https:\/\/www.sabine-seyffert.de\/blog\/wp-json\/wp\/v2\/posts\/16055\/revisions"}],"predecessor-version":[{"id":23932,"href":"https:\/\/www.sabine-seyffert.de\/blog\/wp-json\/wp\/v2\/posts\/16055\/revisions\/23932"}],"wp:attachment":[{"href":"https:\/\/www.sabine-seyffert.de\/blog\/wp-json\/wp\/v2\/media?parent=16055"}],"wp:term":[{"taxonomy":"category","embeddable":true,"href":"https:\/\/www.sabine-seyffert.de\/blog\/wp-json\/wp\/v2\/categories?post=16055"},{"taxonomy":"post_tag","embeddable":true,"href":"https:\/\/www.sabine-seyffert.de\/blog\/wp-json\/wp\/v2\/tags?post=16055"}],"curies":[{"name":"wp","href":"https:\/\/api.w.org\/{rel}","templated":true}]}}