{"id":16036,"date":"2020-03-14T11:05:24","date_gmt":"2020-03-14T09:05:24","guid":{"rendered":"https:\/\/www.sabine-seyffert.de\/blog\/?p=16036"},"modified":"2020-03-14T11:05:24","modified_gmt":"2020-03-14T09:05:24","slug":"diy-geschenkverpackung-fuer-den-kindergeburtstag-bunt-froehlich-und-mit-wimpeln-aus-buegelperlen","status":"publish","type":"post","link":"https:\/\/www.sabine-seyffert.de\/blog\/diy-geschenkverpackung-fuer-den-kindergeburtstag-bunt-froehlich-und-mit-wimpeln-aus-buegelperlen\/","title":{"rendered":"DIY Geschenkverpackung f\u00fcr den Kindergeburtstag: Bunt, fr\u00f6hlich und mit Wimpeln aus B\u00fcgelperlen"},"content":{"rendered":"<p style=\"text-align: justify;\"><img loading=\"lazy\" decoding=\"async\" src=\"https:\/\/vg01.met.vgwort.de\/na\/07035888c4c74481a45fcd3d8455d193\" alt=\"\" width=\"1\" height=\"1\" \/>Hier jagd derzeit ein Kindergeburtstag den n\u00e4chsten. Die Geschenke stapeln sich in meinem Arbeitszimmer auf dem Schreibtisch und m\u00fcssen allesamt noch verpackt werden. Daher sind mal wieder bunte Ideen gefragt, wie sich die Geburtstagsgeschenke stimmungsvoll verpacken lassen. Eine Idee, bei der die Kinder prima helfen oder sie auch eigenst\u00e4ndig basteln k\u00f6nnen, ist die folgende:<\/p>\n<p style=\"text-align: center;\"><a href=\"https:\/\/www.sabine-seyffert.de\/blog\/wp-content\/uploads\/2020\/03\/Geschenkverpackung-B\u00fcgelperlen-Sabine-Seyffert.de-8.jpg\"><img loading=\"lazy\" decoding=\"async\" class=\"alignnone size-full wp-image-16037\" src=\"https:\/\/www.sabine-seyffert.de\/blog\/wp-content\/uploads\/2020\/03\/Geschenkverpackung-B\u00fcgelperlen-Sabine-Seyffert.de-8.jpg\" alt=\"\" width=\"800\" height=\"600\" srcset=\"https:\/\/www.sabine-seyffert.de\/blog\/wp-content\/uploads\/2020\/03\/Geschenkverpackung-B\u00fcgelperlen-Sabine-Seyffert.de-8.jpg 800w, https:\/\/www.sabine-seyffert.de\/blog\/wp-content\/uploads\/2020\/03\/Geschenkverpackung-B\u00fcgelperlen-Sabine-Seyffert.de-8-300x225.jpg 300w, https:\/\/www.sabine-seyffert.de\/blog\/wp-content\/uploads\/2020\/03\/Geschenkverpackung-B\u00fcgelperlen-Sabine-Seyffert.de-8-768x576.jpg 768w\" sizes=\"auto, (max-width: 800px) 100vw, 800px\" \/><\/a><\/p>\n<p style=\"text-align: justify;\"><strong>Das wird gebraucht:<\/strong><br \/>\nB\u00fcgelperlen, Backpapier, ein B\u00fcgeleisen, ein Steckbrett \/ B\u00fcgelperlenform (am besten klappt diese Bastelidee mit einem Stern!), unifarbenes Geschenkpapier, eine Schere, Bastelkleber oder eine Hei\u00dfklebepistole samt Patrone, etwas Geschenkband, Kordel o.\u00e4. sowie optional Buchstabenstempel und ein Stempelkissen<\/p>\n<p style=\"text-align: center;\"><a href=\"https:\/\/www.sabine-seyffert.de\/blog\/wp-content\/uploads\/2020\/03\/Geschenkverpackung-B\u00fcgelperlen-Sabine-Seyffert.de-7.jpg\"><img loading=\"lazy\" decoding=\"async\" class=\"alignnone size-full wp-image-16038\" src=\"https:\/\/www.sabine-seyffert.de\/blog\/wp-content\/uploads\/2020\/03\/Geschenkverpackung-B\u00fcgelperlen-Sabine-Seyffert.de-7.jpg\" alt=\"\" width=\"800\" height=\"600\" srcset=\"https:\/\/www.sabine-seyffert.de\/blog\/wp-content\/uploads\/2020\/03\/Geschenkverpackung-B\u00fcgelperlen-Sabine-Seyffert.de-7.jpg 800w, https:\/\/www.sabine-seyffert.de\/blog\/wp-content\/uploads\/2020\/03\/Geschenkverpackung-B\u00fcgelperlen-Sabine-Seyffert.de-7-300x225.jpg 300w, https:\/\/www.sabine-seyffert.de\/blog\/wp-content\/uploads\/2020\/03\/Geschenkverpackung-B\u00fcgelperlen-Sabine-Seyffert.de-7-768x576.jpg 768w\" sizes=\"auto, (max-width: 800px) 100vw, 800px\" \/><\/a><\/p>\n<p style=\"text-align: justify;\"><strong>So wird\u2019s gemacht:<\/strong><br \/>\nBasteln eure Kinder auch so gerne mit B\u00fcgelperlen? Dann ist diese selbst gemachte Geschenkverpackung vielleicht das richtige f\u00fcr euch!<\/p>\n<p style=\"text-align: center;\"><a href=\"https:\/\/www.sabine-seyffert.de\/blog\/wp-content\/uploads\/2020\/03\/Geschenkverpackung-B\u00fcgelperlen-Sabine-Seyffert.de-6.jpg\"><img loading=\"lazy\" decoding=\"async\" class=\"alignnone size-full wp-image-16039\" src=\"https:\/\/www.sabine-seyffert.de\/blog\/wp-content\/uploads\/2020\/03\/Geschenkverpackung-B\u00fcgelperlen-Sabine-Seyffert.de-6.jpg\" alt=\"\" width=\"800\" height=\"600\" srcset=\"https:\/\/www.sabine-seyffert.de\/blog\/wp-content\/uploads\/2020\/03\/Geschenkverpackung-B\u00fcgelperlen-Sabine-Seyffert.de-6.jpg 800w, https:\/\/www.sabine-seyffert.de\/blog\/wp-content\/uploads\/2020\/03\/Geschenkverpackung-B\u00fcgelperlen-Sabine-Seyffert.de-6-300x225.jpg 300w, https:\/\/www.sabine-seyffert.de\/blog\/wp-content\/uploads\/2020\/03\/Geschenkverpackung-B\u00fcgelperlen-Sabine-Seyffert.de-6-768x576.jpg 768w\" sizes=\"auto, (max-width: 800px) 100vw, 800px\" \/><\/a><\/p>\n<p style=\"text-align: justify;\">Als erstes d\u00fcrfen die Kinder mit den B\u00fcgelperlen allerhand \u201eWimpel\u201c stecken, die anschlie\u00dfend unter einer Schicht Backpapier bei ganz niedriger Temperatur geb\u00fcgelt werden, so dass diese aneinanderhalten.<\/p>\n<p style=\"text-align: center;\"><a href=\"https:\/\/www.sabine-seyffert.de\/blog\/wp-content\/uploads\/2020\/03\/Geschenkverpackung-B\u00fcgelperlen-Sabine-Seyffert.de-5.jpg\"><img loading=\"lazy\" decoding=\"async\" class=\"alignnone size-full wp-image-16040\" src=\"https:\/\/www.sabine-seyffert.de\/blog\/wp-content\/uploads\/2020\/03\/Geschenkverpackung-B\u00fcgelperlen-Sabine-Seyffert.de-5.jpg\" alt=\"\" width=\"800\" height=\"600\" srcset=\"https:\/\/www.sabine-seyffert.de\/blog\/wp-content\/uploads\/2020\/03\/Geschenkverpackung-B\u00fcgelperlen-Sabine-Seyffert.de-5.jpg 800w, https:\/\/www.sabine-seyffert.de\/blog\/wp-content\/uploads\/2020\/03\/Geschenkverpackung-B\u00fcgelperlen-Sabine-Seyffert.de-5-300x225.jpg 300w, https:\/\/www.sabine-seyffert.de\/blog\/wp-content\/uploads\/2020\/03\/Geschenkverpackung-B\u00fcgelperlen-Sabine-Seyffert.de-5-768x576.jpg 768w\" sizes=\"auto, (max-width: 800px) 100vw, 800px\" \/><\/a><\/p>\n<p style=\"text-align: justify;\">Habt ihr gen\u00fcgend bunte Wimpel beisammen, darf das Geschenk f\u00fcr den Kindergeburtstag verpackt werden. Am sch\u00f6nsten sieht es nat\u00fcrlich in unifarbenem Geschenkpapier aus. Hier wurde, wie meistens, naturbraunes Packpapier verwendet. Alternativ kann man aber auch farbiges Seidenpapier verwenden, dass es in vielen leuchtenden Farben zu kaufen gibt.<\/p>\n<p style=\"text-align: center;\"><a href=\"https:\/\/www.sabine-seyffert.de\/blog\/wp-content\/uploads\/2020\/03\/Geschenkverpackung-B\u00fcgelperlen-Sabine-Seyffert.de-4.jpg\"><img loading=\"lazy\" decoding=\"async\" class=\"alignnone size-full wp-image-16041\" src=\"https:\/\/www.sabine-seyffert.de\/blog\/wp-content\/uploads\/2020\/03\/Geschenkverpackung-B\u00fcgelperlen-Sabine-Seyffert.de-4.jpg\" alt=\"\" width=\"800\" height=\"600\" srcset=\"https:\/\/www.sabine-seyffert.de\/blog\/wp-content\/uploads\/2020\/03\/Geschenkverpackung-B\u00fcgelperlen-Sabine-Seyffert.de-4.jpg 800w, https:\/\/www.sabine-seyffert.de\/blog\/wp-content\/uploads\/2020\/03\/Geschenkverpackung-B\u00fcgelperlen-Sabine-Seyffert.de-4-300x225.jpg 300w, https:\/\/www.sabine-seyffert.de\/blog\/wp-content\/uploads\/2020\/03\/Geschenkverpackung-B\u00fcgelperlen-Sabine-Seyffert.de-4-768x576.jpg 768w\" sizes=\"auto, (max-width: 800px) 100vw, 800px\" \/><\/a><\/p>\n<p style=\"text-align: justify;\">Die Wimpel aus B\u00fcgelperlen haben wir erst einmal auf das Geschenk gelegt um zu schauen, wie die Geburtstagswimpel am besten aussehen. Dann erhitzt man die Hei\u00dfklebepistole (damit geht es am schnellsten und die Wimpel halten auch wirklich sicher fest) und klebt jeden der Wimpel mit einem Tropfen Klebstoff auf das Geschenk.<\/p>\n<p style=\"text-align: center;\"><a href=\"https:\/\/www.sabine-seyffert.de\/blog\/wp-content\/uploads\/2020\/03\/Geschenkverpackung-B\u00fcgelperlen-Sabine-Seyffert.de-3.jpg\"><img loading=\"lazy\" decoding=\"async\" class=\"alignnone size-full wp-image-16042\" src=\"https:\/\/www.sabine-seyffert.de\/blog\/wp-content\/uploads\/2020\/03\/Geschenkverpackung-B\u00fcgelperlen-Sabine-Seyffert.de-3.jpg\" alt=\"\" width=\"800\" height=\"600\" srcset=\"https:\/\/www.sabine-seyffert.de\/blog\/wp-content\/uploads\/2020\/03\/Geschenkverpackung-B\u00fcgelperlen-Sabine-Seyffert.de-3.jpg 800w, https:\/\/www.sabine-seyffert.de\/blog\/wp-content\/uploads\/2020\/03\/Geschenkverpackung-B\u00fcgelperlen-Sabine-Seyffert.de-3-300x225.jpg 300w, https:\/\/www.sabine-seyffert.de\/blog\/wp-content\/uploads\/2020\/03\/Geschenkverpackung-B\u00fcgelperlen-Sabine-Seyffert.de-3-768x576.jpg 768w\" sizes=\"auto, (max-width: 800px) 100vw, 800px\" \/><\/a><\/p>\n<p style=\"text-align: justify;\"><strong>Ein kleiner Tipp:<\/strong><br \/>\nDamit jeder wei\u00df, f\u00fcr wen das Geschenk ist, kann man noch mit Hilfe von Buchstabenstempeln den Namen des Geburtstagskindes auf die Verpackung drucken oder mit einem Textstempel einen Geburtstagsgru\u00df.<\/p>\n<p style=\"text-align: center;\"><a href=\"https:\/\/www.sabine-seyffert.de\/blog\/wp-content\/uploads\/2020\/03\/Geschenkverpackung-B\u00fcgelperlen-Sabine-Seyffert.de-2.jpg\"><img loading=\"lazy\" decoding=\"async\" class=\"alignnone size-full wp-image-16043\" src=\"https:\/\/www.sabine-seyffert.de\/blog\/wp-content\/uploads\/2020\/03\/Geschenkverpackung-B\u00fcgelperlen-Sabine-Seyffert.de-2.jpg\" alt=\"\" width=\"800\" height=\"600\" srcset=\"https:\/\/www.sabine-seyffert.de\/blog\/wp-content\/uploads\/2020\/03\/Geschenkverpackung-B\u00fcgelperlen-Sabine-Seyffert.de-2.jpg 800w, https:\/\/www.sabine-seyffert.de\/blog\/wp-content\/uploads\/2020\/03\/Geschenkverpackung-B\u00fcgelperlen-Sabine-Seyffert.de-2-300x225.jpg 300w, https:\/\/www.sabine-seyffert.de\/blog\/wp-content\/uploads\/2020\/03\/Geschenkverpackung-B\u00fcgelperlen-Sabine-Seyffert.de-2-768x576.jpg 768w\" sizes=\"auto, (max-width: 800px) 100vw, 800px\" \/><\/a><\/p>\n<p style=\"text-align: justify;\">So einfach kann man eine lustige, kunterbunte Geschenkverpackung f\u00fcr kleine Geburtstagskinder gestalten!<\/p>\n<p style=\"text-align: center;\"><a href=\"https:\/\/www.sabine-seyffert.de\/blog\/wp-content\/uploads\/2020\/03\/Geschenkverpackung-B\u00fcgelperlen-Sabine-Seyffert.de-1.jpg\"><img loading=\"lazy\" decoding=\"async\" class=\"alignnone size-full wp-image-16044\" src=\"https:\/\/www.sabine-seyffert.de\/blog\/wp-content\/uploads\/2020\/03\/Geschenkverpackung-B\u00fcgelperlen-Sabine-Seyffert.de-1.jpg\" alt=\"\" width=\"800\" height=\"600\" srcset=\"https:\/\/www.sabine-seyffert.de\/blog\/wp-content\/uploads\/2020\/03\/Geschenkverpackung-B\u00fcgelperlen-Sabine-Seyffert.de-1.jpg 800w, https:\/\/www.sabine-seyffert.de\/blog\/wp-content\/uploads\/2020\/03\/Geschenkverpackung-B\u00fcgelperlen-Sabine-Seyffert.de-1-300x225.jpg 300w, https:\/\/www.sabine-seyffert.de\/blog\/wp-content\/uploads\/2020\/03\/Geschenkverpackung-B\u00fcgelperlen-Sabine-Seyffert.de-1-768x576.jpg 768w\" sizes=\"auto, (max-width: 800px) 100vw, 800px\" \/><\/a><\/p>\n<p style=\"text-align: justify;\">Weitere Bastelanleitungen f\u00fcr selbst gemachte Geschenkverpackung gibt es in <a href=\"https:\/\/www.sabine-seyffert.de\/blog\/?cat=49\" target=\"_blank\" rel=\"noopener noreferrer\">dieser Rubrik<\/a>, bunte DIY Ideen zum Thema Kindergeburtstag <a href=\"https:\/\/www.sabine-seyffert.de\/blog\/?cat=21\" target=\"_blank\" rel=\"noopener noreferrer\">hier<\/a>, Bastelideen f\u00fcr Kinder in <a href=\"https:\/\/www.sabine-seyffert.de\/blog\/?cat=32\" target=\"_blank\" rel=\"noopener noreferrer\">diesem Ordner<\/a> und andere kreative Sachen <a href=\"http:\/\/www.lunaju.de\/2020\/03\/kiddikram-marz-2020.html\" target=\"_blank\" rel=\"noopener nofollow noreferrer\">da<\/a>.<\/p>\n<p><a href=\"https:\/\/www.sabine-seyffert.de\/blog\/?page_id=32#urheberrecht\">urheberrechtlich gesch\u00fctzt<\/a>, \u00a9 Sabine Seyffert<\/p>\n","protected":false},"excerpt":{"rendered":"<p>Hier jagd derzeit ein Kindergeburtstag den n\u00e4chsten. Die Geschenke stapeln sich in meinem Arbeitszimmer auf dem Schreibtisch und m\u00fcssen allesamt noch verpackt werden. Daher sind mal wieder bunte Ideen gefragt, wie sich die Geburtstagsgeschenke stimmungsvoll verpacken lassen. Eine Idee, bei der die Kinder prima helfen oder sie auch eigenst\u00e4ndig basteln k\u00f6nnen, ist die folgende: Das&#8230; <a href=\"https:\/\/www.sabine-seyffert.de\/blog\/diy-geschenkverpackung-fuer-den-kindergeburtstag-bunt-froehlich-und-mit-wimpeln-aus-buegelperlen\/\" class=\"more-link\">Read more: DIY Geschenkverpackung f\u00fcr den Kindergeburtstag: Bunt, fr\u00f6hlich und mit Wimpeln aus B\u00fcgelperlen<\/a><\/p>\n","protected":false},"author":2,"featured_media":0,"comment_status":"open","ping_status":"open","sticky":false,"template":"","format":"standard","meta":{"_metis_text_type":"","_metis_text_length":2317,"_post_count":0,"footnotes":""},"categories":[32,49],"tags":[],"class_list":["post-16036","post","type-post","status-publish","format-standard","hentry","category-kreatives-fur-kleine-kinderhande","category-verpackungsideen"],"_links":{"self":[{"href":"https:\/\/www.sabine-seyffert.de\/blog\/wp-json\/wp\/v2\/posts\/16036","targetHints":{"allow":["GET"]}}],"collection":[{"href":"https:\/\/www.sabine-seyffert.de\/blog\/wp-json\/wp\/v2\/posts"}],"about":[{"href":"https:\/\/www.sabine-seyffert.de\/blog\/wp-json\/wp\/v2\/types\/post"}],"author":[{"embeddable":true,"href":"https:\/\/www.sabine-seyffert.de\/blog\/wp-json\/wp\/v2\/users\/2"}],"replies":[{"embeddable":true,"href":"https:\/\/www.sabine-seyffert.de\/blog\/wp-json\/wp\/v2\/comments?post=16036"}],"version-history":[{"count":1,"href":"https:\/\/www.sabine-seyffert.de\/blog\/wp-json\/wp\/v2\/posts\/16036\/revisions"}],"predecessor-version":[{"id":16045,"href":"https:\/\/www.sabine-seyffert.de\/blog\/wp-json\/wp\/v2\/posts\/16036\/revisions\/16045"}],"wp:attachment":[{"href":"https:\/\/www.sabine-seyffert.de\/blog\/wp-json\/wp\/v2\/media?parent=16036"}],"wp:term":[{"taxonomy":"category","embeddable":true,"href":"https:\/\/www.sabine-seyffert.de\/blog\/wp-json\/wp\/v2\/categories?post=16036"},{"taxonomy":"post_tag","embeddable":true,"href":"https:\/\/www.sabine-seyffert.de\/blog\/wp-json\/wp\/v2\/tags?post=16036"}],"curies":[{"name":"wp","href":"https:\/\/api.w.org\/{rel}","templated":true}]}}