{"id":15950,"date":"2020-02-28T20:40:47","date_gmt":"2020-02-28T18:40:47","guid":{"rendered":"https:\/\/www.sabine-seyffert.de\/blog\/?p=15950"},"modified":"2020-02-28T20:40:47","modified_gmt":"2020-02-28T18:40:47","slug":"diy-geburtstagspost-ahoi-auf-hoher-see-geburtstagskarte-selber-basteln","status":"publish","type":"post","link":"https:\/\/www.sabine-seyffert.de\/blog\/diy-geburtstagspost-ahoi-auf-hoher-see-geburtstagskarte-selber-basteln\/","title":{"rendered":"DIY Geburtstagspost: Ahoi auf hoher See \u2013 Geburtstagskarte selber basteln"},"content":{"rendered":"<p style=\"text-align: justify;\"><img loading=\"lazy\" decoding=\"async\" src=\"https:\/\/vg01.met.vgwort.de\/na\/a3435eccad3a4fcb96b9aa3f6a36c79e\" alt=\"\" width=\"1\" height=\"1\" \/>Geburtstagsgr\u00fc\u00dfe per Post zu verschicken, geh\u00f6rt f\u00fcr mich irgendwie zu einem Geburtstag mit dazu, zu dem man nicht pers\u00f6nlich gratulieren kann. Dieses Mal sollte es eine maritime Postkarte sein, da sich diese auf den weiten Weg nach Spanien in Richtung Meer machen soll. Was w\u00fcrde da besser passen als sommerlich blaue Wellen, ein kleines Boot und eine Mini Geburtstagsgirlande?<\/p>\n<p style=\"text-align: center;\"><a href=\"https:\/\/www.sabine-seyffert.de\/blog\/wp-content\/uploads\/2020\/02\/Ahoi-Karte-Sabine-Seyffert.de-3.jpg\"><img loading=\"lazy\" decoding=\"async\" class=\"alignnone size-full wp-image-15951\" src=\"https:\/\/www.sabine-seyffert.de\/blog\/wp-content\/uploads\/2020\/02\/Ahoi-Karte-Sabine-Seyffert.de-3.jpg\" alt=\"\" width=\"800\" height=\"600\" srcset=\"https:\/\/www.sabine-seyffert.de\/blog\/wp-content\/uploads\/2020\/02\/Ahoi-Karte-Sabine-Seyffert.de-3.jpg 800w, https:\/\/www.sabine-seyffert.de\/blog\/wp-content\/uploads\/2020\/02\/Ahoi-Karte-Sabine-Seyffert.de-3-300x225.jpg 300w, https:\/\/www.sabine-seyffert.de\/blog\/wp-content\/uploads\/2020\/02\/Ahoi-Karte-Sabine-Seyffert.de-3-768x576.jpg 768w\" sizes=\"auto, (max-width: 800px) 100vw, 800px\" \/><\/a><\/p>\n<p style=\"text-align: justify;\"><strong>Das wird gebraucht:<\/strong><br \/>\nEine Blanko Klappkarte \/ Doppelkarte mit passendem Briefumschlag, Zeitungspapier, Wasserfarbe, Deckwei\u00df, ein Glas mit Leitungswasser, Borstenpinsel, ein kleines St\u00fcck wei\u00dfes Papier, eine Bastelschere, etwas d\u00fcnne Leinen Kordel, Bastelkleber (am besten funktioniert ein Klebestift, da dieser nicht tropft), blaues Tonpapier und einen Drucker<\/p>\n<p style=\"text-align: center;\"><a href=\"https:\/\/www.sabine-seyffert.de\/blog\/wp-content\/uploads\/2020\/02\/Ahoi-Karte-Sabine-Seyffert.de-10.jpg\"><img loading=\"lazy\" decoding=\"async\" class=\"alignnone size-full wp-image-15952\" src=\"https:\/\/www.sabine-seyffert.de\/blog\/wp-content\/uploads\/2020\/02\/Ahoi-Karte-Sabine-Seyffert.de-10.jpg\" alt=\"\" width=\"800\" height=\"600\" srcset=\"https:\/\/www.sabine-seyffert.de\/blog\/wp-content\/uploads\/2020\/02\/Ahoi-Karte-Sabine-Seyffert.de-10.jpg 800w, https:\/\/www.sabine-seyffert.de\/blog\/wp-content\/uploads\/2020\/02\/Ahoi-Karte-Sabine-Seyffert.de-10-300x225.jpg 300w, https:\/\/www.sabine-seyffert.de\/blog\/wp-content\/uploads\/2020\/02\/Ahoi-Karte-Sabine-Seyffert.de-10-768x576.jpg 768w\" sizes=\"auto, (max-width: 800px) 100vw, 800px\" \/><\/a><\/p>\n<p style=\"text-align: justify;\"><strong>So wird\u2019s gemacht:<\/strong><br \/>\nZuerst bemalt man das Papier einer ausgelesenen Tageszeitung mit Wasserfarben und Deckwei\u00df (eine detaillierte Bastelanleitung daf\u00fcr findet ihr <a href=\"https:\/\/www.sabine-seyffert.de\/blog\/?p=13917\" target=\"_blank\" rel=\"noopener noreferrer\">hier<\/a>).<\/p>\n<p style=\"text-align: center;\"><a href=\"https:\/\/www.sabine-seyffert.de\/blog\/wp-content\/uploads\/2020\/02\/Ahoi-Karte-Sabine-Seyffert.de-9.jpg\"><img loading=\"lazy\" decoding=\"async\" class=\"alignnone size-full wp-image-15953\" src=\"https:\/\/www.sabine-seyffert.de\/blog\/wp-content\/uploads\/2020\/02\/Ahoi-Karte-Sabine-Seyffert.de-9.jpg\" alt=\"\" width=\"800\" height=\"600\" srcset=\"https:\/\/www.sabine-seyffert.de\/blog\/wp-content\/uploads\/2020\/02\/Ahoi-Karte-Sabine-Seyffert.de-9.jpg 800w, https:\/\/www.sabine-seyffert.de\/blog\/wp-content\/uploads\/2020\/02\/Ahoi-Karte-Sabine-Seyffert.de-9-300x225.jpg 300w, https:\/\/www.sabine-seyffert.de\/blog\/wp-content\/uploads\/2020\/02\/Ahoi-Karte-Sabine-Seyffert.de-9-768x576.jpg 768w\" sizes=\"auto, (max-width: 800px) 100vw, 800px\" \/><\/a><\/p>\n<p style=\"text-align: justify;\">Dann rei\u00dft ihr von dem in Blaut\u00f6nen gemalten Zeitungspapier drei (oder auch mehr) Streifen ab.<\/p>\n<p><a href=\"https:\/\/www.sabine-seyffert.de\/blog\/wp-content\/uploads\/2020\/02\/Ahoi-Karte-Sabine-Seyffert.de-8.jpg\"><img loading=\"lazy\" decoding=\"async\" class=\"alignnone size-full wp-image-15954\" src=\"https:\/\/www.sabine-seyffert.de\/blog\/wp-content\/uploads\/2020\/02\/Ahoi-Karte-Sabine-Seyffert.de-8.jpg\" alt=\"\" width=\"800\" height=\"600\" srcset=\"https:\/\/www.sabine-seyffert.de\/blog\/wp-content\/uploads\/2020\/02\/Ahoi-Karte-Sabine-Seyffert.de-8.jpg 800w, https:\/\/www.sabine-seyffert.de\/blog\/wp-content\/uploads\/2020\/02\/Ahoi-Karte-Sabine-Seyffert.de-8-300x225.jpg 300w, https:\/\/www.sabine-seyffert.de\/blog\/wp-content\/uploads\/2020\/02\/Ahoi-Karte-Sabine-Seyffert.de-8-768x576.jpg 768w\" sizes=\"auto, (max-width: 800px) 100vw, 800px\" \/><\/a><\/p>\n<p style=\"text-align: justify;\">Wenn man dieses per Hand rei\u00dft, sieht es wie kleine Wellen aus. Die drei Streifen klebt ihr der Gr\u00f6\u00dfe nach \u00fcbereinanderlappend auf die Karte.<\/p>\n<p style=\"text-align: center;\"><a href=\"https:\/\/www.sabine-seyffert.de\/blog\/wp-content\/uploads\/2020\/02\/Ahoi-Karte-Sabine-Seyffert.de-7.jpg\"><img loading=\"lazy\" decoding=\"async\" class=\"alignnone size-full wp-image-15955\" src=\"https:\/\/www.sabine-seyffert.de\/blog\/wp-content\/uploads\/2020\/02\/Ahoi-Karte-Sabine-Seyffert.de-7.jpg\" alt=\"\" width=\"800\" height=\"600\" srcset=\"https:\/\/www.sabine-seyffert.de\/blog\/wp-content\/uploads\/2020\/02\/Ahoi-Karte-Sabine-Seyffert.de-7.jpg 800w, https:\/\/www.sabine-seyffert.de\/blog\/wp-content\/uploads\/2020\/02\/Ahoi-Karte-Sabine-Seyffert.de-7-300x225.jpg 300w, https:\/\/www.sabine-seyffert.de\/blog\/wp-content\/uploads\/2020\/02\/Ahoi-Karte-Sabine-Seyffert.de-7-768x576.jpg 768w\" sizes=\"auto, (max-width: 800px) 100vw, 800px\" \/><\/a><\/p>\n<p style=\"text-align: justify;\">Auf das wei\u00dfe Papier stempelt, druckt oder zeichnet ihr ein kleines Papierboot. Das schneidet man aus und kann es zwischen den blauen Wellen platzieren. Aus rot bemaltem Zeitungspapier habe ich noch einen kleinen Wimpel als Fahne geschnitten.<\/p>\n<p style=\"text-align: center;\"><a href=\"https:\/\/www.sabine-seyffert.de\/blog\/wp-content\/uploads\/2020\/02\/Ahoi-Karte-Sabine-Seyffert.de-5.jpg\"><img loading=\"lazy\" decoding=\"async\" class=\"alignnone size-full wp-image-15956\" src=\"https:\/\/www.sabine-seyffert.de\/blog\/wp-content\/uploads\/2020\/02\/Ahoi-Karte-Sabine-Seyffert.de-5.jpg\" alt=\"\" width=\"800\" height=\"600\" srcset=\"https:\/\/www.sabine-seyffert.de\/blog\/wp-content\/uploads\/2020\/02\/Ahoi-Karte-Sabine-Seyffert.de-5.jpg 800w, https:\/\/www.sabine-seyffert.de\/blog\/wp-content\/uploads\/2020\/02\/Ahoi-Karte-Sabine-Seyffert.de-5-300x225.jpg 300w, https:\/\/www.sabine-seyffert.de\/blog\/wp-content\/uploads\/2020\/02\/Ahoi-Karte-Sabine-Seyffert.de-5-768x576.jpg 768w\" sizes=\"auto, (max-width: 800px) 100vw, 800px\" \/><\/a><\/p>\n<p style=\"text-align: justify;\">Mit dem Computer bzw. Drucker habe ich auf blaues Papier in gro\u00dfen Buchstaben \u201eHappy Birthday\u201c als Gru\u00df ausgedruckt, die Buchstaben in Streifen geschnitten und dann einzeln und in der richtigen Reihenfolge um die Kordel klebt.<\/p>\n<p style=\"text-align: center;\"><a href=\"https:\/\/www.sabine-seyffert.de\/blog\/wp-content\/uploads\/2020\/02\/Ahoi-Karte-Sabine-Seyffert.de-4.jpg\"><img loading=\"lazy\" decoding=\"async\" class=\"alignnone size-full wp-image-15957\" src=\"https:\/\/www.sabine-seyffert.de\/blog\/wp-content\/uploads\/2020\/02\/Ahoi-Karte-Sabine-Seyffert.de-4.jpg\" alt=\"\" width=\"800\" height=\"600\" srcset=\"https:\/\/www.sabine-seyffert.de\/blog\/wp-content\/uploads\/2020\/02\/Ahoi-Karte-Sabine-Seyffert.de-4.jpg 800w, https:\/\/www.sabine-seyffert.de\/blog\/wp-content\/uploads\/2020\/02\/Ahoi-Karte-Sabine-Seyffert.de-4-300x225.jpg 300w, https:\/\/www.sabine-seyffert.de\/blog\/wp-content\/uploads\/2020\/02\/Ahoi-Karte-Sabine-Seyffert.de-4-768x576.jpg 768w\" sizes=\"auto, (max-width: 800px) 100vw, 800px\" \/><\/a><\/p>\n<p style=\"text-align: justify;\">Anschlie\u00dfend schneidet man das Papier zackig ein oder rundet die Enden unten etwas ab.<\/p>\n<p style=\"text-align: center;\"><a href=\"https:\/\/www.sabine-seyffert.de\/blog\/wp-content\/uploads\/2020\/02\/Ahoi-Karte-Sabine-Seyffert.de-2.jpg\"><img loading=\"lazy\" decoding=\"async\" class=\"alignnone size-full wp-image-15958\" src=\"https:\/\/www.sabine-seyffert.de\/blog\/wp-content\/uploads\/2020\/02\/Ahoi-Karte-Sabine-Seyffert.de-2.jpg\" alt=\"\" width=\"800\" height=\"600\" srcset=\"https:\/\/www.sabine-seyffert.de\/blog\/wp-content\/uploads\/2020\/02\/Ahoi-Karte-Sabine-Seyffert.de-2.jpg 800w, https:\/\/www.sabine-seyffert.de\/blog\/wp-content\/uploads\/2020\/02\/Ahoi-Karte-Sabine-Seyffert.de-2-300x225.jpg 300w, https:\/\/www.sabine-seyffert.de\/blog\/wp-content\/uploads\/2020\/02\/Ahoi-Karte-Sabine-Seyffert.de-2-768x576.jpg 768w\" sizes=\"auto, (max-width: 800px) 100vw, 800px\" \/><\/a><\/p>\n<p style=\"text-align: justify;\">Um diese Mini Geburtstagsgirlande auf der Karte zu befestigen, habe ich aus mit Deckwei\u00df bemaltem Zeitungspapier zwei Wolken ausgeschnitten, unter die ich die Kordelenden geklebt habe.<\/p>\n<p style=\"text-align: center;\"><a href=\"https:\/\/www.sabine-seyffert.de\/blog\/wp-content\/uploads\/2020\/02\/Ahoi-Karte-Sabine-Seyffert.de-1.jpg\"><img loading=\"lazy\" decoding=\"async\" class=\"alignnone size-full wp-image-15959\" src=\"https:\/\/www.sabine-seyffert.de\/blog\/wp-content\/uploads\/2020\/02\/Ahoi-Karte-Sabine-Seyffert.de-1.jpg\" alt=\"\" width=\"800\" height=\"600\" srcset=\"https:\/\/www.sabine-seyffert.de\/blog\/wp-content\/uploads\/2020\/02\/Ahoi-Karte-Sabine-Seyffert.de-1.jpg 800w, https:\/\/www.sabine-seyffert.de\/blog\/wp-content\/uploads\/2020\/02\/Ahoi-Karte-Sabine-Seyffert.de-1-300x225.jpg 300w, https:\/\/www.sabine-seyffert.de\/blog\/wp-content\/uploads\/2020\/02\/Ahoi-Karte-Sabine-Seyffert.de-1-768x576.jpg 768w\" sizes=\"auto, (max-width: 800px) 100vw, 800px\" \/><\/a><\/p>\n<p style=\"text-align: justify;\">Weitere Bastelanleitungen f\u00fcr selbst gemachte Postkarten findet ihr \u00fcbrigens in <a href=\"https:\/\/www.sabine-seyffert.de\/blog\/?cat=51\" target=\"_blank\" rel=\"noopener noreferrer\">dieser Blog Kategorie<\/a>, alle Ideen rund um den Sommer gibt es in <a href=\"https:\/\/www.sabine-seyffert.de\/blog\/?cat=24\" target=\"_blank\" rel=\"noopener noreferrer\">diesem Ordner<\/a>, alles rund um das Upcycling <a href=\"https:\/\/www.sabine-seyffert.de\/blog\/?cat=47\" target=\"_blank\" rel=\"noopener noreferrer\">hier<\/a> und andere kreative Sachen gibt es da.<\/p>\n<p style=\"text-align: center;\"><a href=\"https:\/\/www.sabine-seyffert.de\/blog\/wp-content\/uploads\/2020\/02\/Ahoi-Karte-Sabine-Seyffert.de-11.jpg\"><img loading=\"lazy\" decoding=\"async\" class=\"alignnone size-full wp-image-15960\" src=\"https:\/\/www.sabine-seyffert.de\/blog\/wp-content\/uploads\/2020\/02\/Ahoi-Karte-Sabine-Seyffert.de-11.jpg\" alt=\"\" width=\"800\" height=\"600\" srcset=\"https:\/\/www.sabine-seyffert.de\/blog\/wp-content\/uploads\/2020\/02\/Ahoi-Karte-Sabine-Seyffert.de-11.jpg 800w, https:\/\/www.sabine-seyffert.de\/blog\/wp-content\/uploads\/2020\/02\/Ahoi-Karte-Sabine-Seyffert.de-11-300x225.jpg 300w, https:\/\/www.sabine-seyffert.de\/blog\/wp-content\/uploads\/2020\/02\/Ahoi-Karte-Sabine-Seyffert.de-11-768x576.jpg 768w\" sizes=\"auto, (max-width: 800px) 100vw, 800px\" \/><\/a><\/p>\n<p style=\"text-align: justify;\"><a href=\"https:\/\/www.sabine-seyffert.de\/blog\/?page_id=32#urheberrecht\">urheberrechtlich gesch\u00fctzt<\/a>, \u00a9 Sabine Seyffert<\/p>\n","protected":false},"excerpt":{"rendered":"<p>Geburtstagsgr\u00fc\u00dfe per Post zu verschicken, geh\u00f6rt f\u00fcr mich irgendwie zu einem Geburtstag mit dazu, zu dem man nicht pers\u00f6nlich gratulieren kann. Dieses Mal sollte es eine maritime Postkarte sein, da sich diese auf den weiten Weg nach Spanien in Richtung Meer machen soll. Was w\u00fcrde da besser passen als sommerlich blaue Wellen, ein kleines Boot&#8230; <a href=\"https:\/\/www.sabine-seyffert.de\/blog\/diy-geburtstagspost-ahoi-auf-hoher-see-geburtstagskarte-selber-basteln\/\" class=\"more-link\">Read more: DIY Geburtstagspost: Ahoi auf hoher See \u2013 Geburtstagskarte selber basteln<\/a><\/p>\n","protected":false},"author":2,"featured_media":0,"comment_status":"open","ping_status":"open","sticky":false,"template":"","format":"standard","meta":{"_metis_text_type":"","_metis_text_length":2164,"_post_count":0,"footnotes":""},"categories":[51,24,47],"tags":[],"class_list":["post-15950","post","type-post","status-publish","format-standard","hentry","category-postkarten-grusskarten","category-sommer","category-upcyceltes"],"_links":{"self":[{"href":"https:\/\/www.sabine-seyffert.de\/blog\/wp-json\/wp\/v2\/posts\/15950","targetHints":{"allow":["GET"]}}],"collection":[{"href":"https:\/\/www.sabine-seyffert.de\/blog\/wp-json\/wp\/v2\/posts"}],"about":[{"href":"https:\/\/www.sabine-seyffert.de\/blog\/wp-json\/wp\/v2\/types\/post"}],"author":[{"embeddable":true,"href":"https:\/\/www.sabine-seyffert.de\/blog\/wp-json\/wp\/v2\/users\/2"}],"replies":[{"embeddable":true,"href":"https:\/\/www.sabine-seyffert.de\/blog\/wp-json\/wp\/v2\/comments?post=15950"}],"version-history":[{"count":3,"href":"https:\/\/www.sabine-seyffert.de\/blog\/wp-json\/wp\/v2\/posts\/15950\/revisions"}],"predecessor-version":[{"id":15963,"href":"https:\/\/www.sabine-seyffert.de\/blog\/wp-json\/wp\/v2\/posts\/15950\/revisions\/15963"}],"wp:attachment":[{"href":"https:\/\/www.sabine-seyffert.de\/blog\/wp-json\/wp\/v2\/media?parent=15950"}],"wp:term":[{"taxonomy":"category","embeddable":true,"href":"https:\/\/www.sabine-seyffert.de\/blog\/wp-json\/wp\/v2\/categories?post=15950"},{"taxonomy":"post_tag","embeddable":true,"href":"https:\/\/www.sabine-seyffert.de\/blog\/wp-json\/wp\/v2\/tags?post=15950"}],"curies":[{"name":"wp","href":"https:\/\/api.w.org\/{rel}","templated":true}]}}