{"id":1587,"date":"2013-05-07T07:33:45","date_gmt":"2013-05-07T05:33:45","guid":{"rendered":"http:\/\/www.sabine-seyffert.de\/blog\/?p=1587"},"modified":"2022-12-02T19:54:03","modified_gmt":"2022-12-02T17:54:03","slug":"komm-mit-mir-auf-die-fruhlingswiese","status":"publish","type":"post","link":"https:\/\/www.sabine-seyffert.de\/blog\/komm-mit-mir-auf-die-fruhlingswiese\/","title":{"rendered":"Komm mit mir auf die Fr\u00fchlingswiese!"},"content":{"rendered":"<p style=\"text-align: center;\"><a href=\"http:\/\/www.sabine-seyffert.de\/blog\/wp-content\/uploads\/2013\/05\/Fr\u00fchlingswiese-2.jpg\"><img loading=\"lazy\" decoding=\"async\" class=\"alignnone size-full wp-image-1588\" src=\"http:\/\/www.sabine-seyffert.de\/blog\/wp-content\/uploads\/2013\/05\/Fr\u00fchlingswiese-2.jpg\" alt=\"Fr\u00fchlingswiese 2\" width=\"800\" height=\"652\" srcset=\"https:\/\/www.sabine-seyffert.de\/blog\/wp-content\/uploads\/2013\/05\/Fr\u00fchlingswiese-2.jpg 800w, https:\/\/www.sabine-seyffert.de\/blog\/wp-content\/uploads\/2013\/05\/Fr\u00fchlingswiese-2-300x244.jpg 300w\" sizes=\"auto, (max-width: 800px) 100vw, 800px\" \/><\/a><\/p>\n<p style=\"text-align: justify;\"><img loading=\"lazy\" decoding=\"async\" src=\"https:\/\/ssl-vg03.met.vgwort.de\/na\/1abbeedae70f4824ad00f49a76680d18\" alt=\"\" width=\"1\" height=\"1\" \/>Die bunten, <a href=\"http:\/\/www.sabine-seyffert.de\/blog\/?p=1477\" target=\"_blank\" rel=\"noopener\">selbstgebastelten Schmetterlinge aus Klorollen<\/a> sind inzwischen vom Garten ins Kinderzimmer gezogen. Meine Schmetterlingsvariante war so ja nicht wetterfest und daher h\u00e4ngen sie nun am Kinderzimmerfenster. Weil das meiner j\u00fcngsten Tochter aber immer noch nicht bunt genug war, musste eine weitere Idee her. Was liegt da n\u00e4her als etwas Gr\u00fcn, \u00fcber das sich Schmetterlinge ganz besonders freuen? Schlie\u00dflich hatte es vielen Lesern ja gerade so gut gefallen, dass ich die Schmetterlinge im Garten an Strauch und Hecke fotografiert habe. Eine selbstgemachte Fr\u00fchlingswiese? Nichts leichter als das!<\/p>\n<p style=\"text-align: center;\"><a href=\"http:\/\/www.sabine-seyffert.de\/blog\/wp-content\/uploads\/2013\/05\/Fr\u00fchlingswiese-3.jpg\"><img loading=\"lazy\" decoding=\"async\" class=\"alignnone size-full wp-image-1589\" src=\"http:\/\/www.sabine-seyffert.de\/blog\/wp-content\/uploads\/2013\/05\/Fr\u00fchlingswiese-3.jpg\" alt=\"Fr\u00fchlingswiese 3\" width=\"800\" height=\"600\" srcset=\"https:\/\/www.sabine-seyffert.de\/blog\/wp-content\/uploads\/2013\/05\/Fr\u00fchlingswiese-3.jpg 800w, https:\/\/www.sabine-seyffert.de\/blog\/wp-content\/uploads\/2013\/05\/Fr\u00fchlingswiese-3-300x225.jpg 300w\" sizes=\"auto, (max-width: 800px) 100vw, 800px\" \/><\/a><\/p>\n<p style=\"text-align: justify;\"><strong>Das wird gebraucht:<\/strong><br \/>\n1-2 E\u00dfl Pulver Tapetenkleister (es reicht der normale f\u00fcr diese Bastelidee vollkommen aus!), eine kleine Schale oder einen ausgesp\u00fclten Joghurtbecher, Wasser, einen kleinen Schneebesen, gr\u00fcnes Papier, farbiges Transparentpapier, eine Schere, ggf. einen Bleistift<\/p>\n<p style=\"text-align: center;\"><a href=\"http:\/\/www.sabine-seyffert.de\/blog\/wp-content\/uploads\/2013\/05\/Fr\u00fchlingswiese-4.jpg\"><img loading=\"lazy\" decoding=\"async\" class=\"alignnone size-full wp-image-1590\" src=\"http:\/\/www.sabine-seyffert.de\/blog\/wp-content\/uploads\/2013\/05\/Fr\u00fchlingswiese-4.jpg\" alt=\"Fr\u00fchlingswiese 4\" width=\"933\" height=\"670\" srcset=\"https:\/\/www.sabine-seyffert.de\/blog\/wp-content\/uploads\/2013\/05\/Fr\u00fchlingswiese-4.jpg 933w, https:\/\/www.sabine-seyffert.de\/blog\/wp-content\/uploads\/2013\/05\/Fr\u00fchlingswiese-4-300x215.jpg 300w\" sizes=\"auto, (max-width: 933px) 100vw, 933px\" \/><\/a><\/p>\n<p style=\"text-align: justify;\"><strong>So wird\u2019s gemacht:<\/strong><br \/>\nTransparentpapier am Fenster mag ich meist nicht so gerne. Als ich selbst noch im Kindergarten t\u00e4tig war, habe ich oftmals buntes Seiden- oder Transparentpapier verwendet. Die Farben sind so wunderbar leuchtend und viel kr\u00e4ftiger als bei dem Transparentpapier. Doch der Nachteil ist, die Farben bleichen von der Sonne recht schnell aus und die H\u00e4nde werden beim Werkeln meist ebenso bunt wie das Papier\u2026 Au\u00dferdem wollte meine Tochter gerne Schneiden. Aus der Not heraus habe ich dann zu farbigem, gr\u00fcnen Kopierpapier gegriffen und muss sagen, das Ergebnis kann sich wirklich sehen lassen. Es ist nicht nur kosteng\u00fcnstiger und leuchtet so sch\u00f6n wie frisches Fr\u00fchlingsgras sondern es f\u00e4rbt auch nicht!<\/p>\n<p style=\"text-align: center;\"><a href=\"http:\/\/www.sabine-seyffert.de\/blog\/wp-content\/uploads\/2013\/05\/Fr\u00fchlingswiese-1.jpg\"><img loading=\"lazy\" decoding=\"async\" class=\"alignnone size-full wp-image-1591\" src=\"http:\/\/www.sabine-seyffert.de\/blog\/wp-content\/uploads\/2013\/05\/Fr\u00fchlingswiese-1.jpg\" alt=\"Fr\u00fchlingswiese 1\" width=\"800\" height=\"631\" srcset=\"https:\/\/www.sabine-seyffert.de\/blog\/wp-content\/uploads\/2013\/05\/Fr\u00fchlingswiese-1.jpg 800w, https:\/\/www.sabine-seyffert.de\/blog\/wp-content\/uploads\/2013\/05\/Fr\u00fchlingswiese-1-300x236.jpg 300w\" sizes=\"auto, (max-width: 800px) 100vw, 800px\" \/><\/a><\/p>\n<p style=\"text-align: justify;\">Also haben wir jeder aus einem Blatt Papier verschieden gro\u00dfe Grashalme geschnitten. Ganz wie die Schere wollte und ohne Vormalen. Danach habe ich in einer kleinen Dessertsch\u00fcssel (wem das nicht behagt, der nimmt alternativ einen ausgesp\u00fclten Joghurtbecher) etwas einen geh\u00e4uften Essl\u00f6ffel Tapetenkleister mit etwas Wasser anger\u00fchrt. Das reicht als Menge auch f\u00fcr ein gr\u00f6\u00dferes Fenster vollkommen aus. Achtung \u2013 der Kleister dickt stark nach. Daher immer etwas warten. In der Zwischenzeit haben wir uns f\u00fcr die Blumen verschiedene Formen ausgedacht und diese teilweise dann mit Bleistift auf Transparentpapier vorgemalt und andere Bl\u00fcten gleich aus dem Papier geschnitten ohne vorzuzeichnen. Die Bl\u00fcten sind ganz verschieden und herrlich bunt. Unsere Schmetterlinge haben sich sehr gefreut und flattern nun vergn\u00fcgt dar\u00fcber\u2026<\/p>\n<p style=\"text-align: center;\"><a href=\"http:\/\/www.sabine-seyffert.de\/blog\/wp-content\/uploads\/2013\/05\/Fr\u00fchlingswiese-5.jpg\"><img loading=\"lazy\" decoding=\"async\" class=\"alignnone size-full wp-image-1592\" src=\"http:\/\/www.sabine-seyffert.de\/blog\/wp-content\/uploads\/2013\/05\/Fr\u00fchlingswiese-5.jpg\" alt=\"Fr\u00fchlingswiese 5\" width=\"600\" height=\"800\" srcset=\"https:\/\/www.sabine-seyffert.de\/blog\/wp-content\/uploads\/2013\/05\/Fr\u00fchlingswiese-5.jpg 600w, https:\/\/www.sabine-seyffert.de\/blog\/wp-content\/uploads\/2013\/05\/Fr\u00fchlingswiese-5-225x300.jpg 225w\" sizes=\"auto, (max-width: 600px) 100vw, 600px\" \/><\/a><\/p>\n<p style=\"text-align: justify;\">Mehr kreative Ideen findet Ihr wie jeden <a href=\"http:\/\/www.creadienstag.de\/2013\/05\/072.html\" target=\"_blank\" rel=\"noopener\">Dienstag bei Anke<\/a> \u2013 viel Spa\u00df beim Werkeln!<\/p>\n<p><a href=\"http:\/\/www.sabine-seyffert.de\/blog\/?page_id=32#urheberrecht\">urherrechtlich gesch\u00fctzt<\/a>, \u00a9 Sabine Seyffert<\/p>\n","protected":false},"excerpt":{"rendered":"<p>Die bunten, selbstgebastelten Schmetterlinge aus Klorollen sind inzwischen vom Garten ins Kinderzimmer gezogen. Meine Schmetterlingsvariante war so ja nicht wetterfest und daher h\u00e4ngen sie nun am Kinderzimmerfenster. Weil das meiner j\u00fcngsten Tochter aber immer noch nicht bunt genug war, musste eine weitere Idee her. Was liegt da n\u00e4her als etwas Gr\u00fcn, \u00fcber das sich Schmetterlinge&#8230; <a href=\"https:\/\/www.sabine-seyffert.de\/blog\/komm-mit-mir-auf-die-fruhlingswiese\/\" class=\"more-link\">Read more: Komm mit mir auf die Fr\u00fchlingswiese!<\/a><\/p>\n","protected":false},"author":2,"featured_media":0,"comment_status":"open","ping_status":"open","sticky":false,"template":"","format":"standard","meta":{"_metis_text_type":"","_metis_text_length":2560,"_post_count":0,"footnotes":""},"categories":[32],"tags":[],"class_list":["post-1587","post","type-post","status-publish","format-standard","hentry","category-kreatives-fur-kleine-kinderhande"],"_links":{"self":[{"href":"https:\/\/www.sabine-seyffert.de\/blog\/wp-json\/wp\/v2\/posts\/1587","targetHints":{"allow":["GET"]}}],"collection":[{"href":"https:\/\/www.sabine-seyffert.de\/blog\/wp-json\/wp\/v2\/posts"}],"about":[{"href":"https:\/\/www.sabine-seyffert.de\/blog\/wp-json\/wp\/v2\/types\/post"}],"author":[{"embeddable":true,"href":"https:\/\/www.sabine-seyffert.de\/blog\/wp-json\/wp\/v2\/users\/2"}],"replies":[{"embeddable":true,"href":"https:\/\/www.sabine-seyffert.de\/blog\/wp-json\/wp\/v2\/comments?post=1587"}],"version-history":[{"count":16,"href":"https:\/\/www.sabine-seyffert.de\/blog\/wp-json\/wp\/v2\/posts\/1587\/revisions"}],"predecessor-version":[{"id":24551,"href":"https:\/\/www.sabine-seyffert.de\/blog\/wp-json\/wp\/v2\/posts\/1587\/revisions\/24551"}],"wp:attachment":[{"href":"https:\/\/www.sabine-seyffert.de\/blog\/wp-json\/wp\/v2\/media?parent=1587"}],"wp:term":[{"taxonomy":"category","embeddable":true,"href":"https:\/\/www.sabine-seyffert.de\/blog\/wp-json\/wp\/v2\/categories?post=1587"},{"taxonomy":"post_tag","embeddable":true,"href":"https:\/\/www.sabine-seyffert.de\/blog\/wp-json\/wp\/v2\/tags?post=1587"}],"curies":[{"name":"wp","href":"https:\/\/api.w.org\/{rel}","templated":true}]}}