{"id":15797,"date":"2020-01-29T11:10:33","date_gmt":"2020-01-29T09:10:33","guid":{"rendered":"https:\/\/www.sabine-seyffert.de\/blog\/?p=15797"},"modified":"2020-01-29T11:10:33","modified_gmt":"2020-01-29T09:10:33","slug":"diy-geschenkverpackung-ein-winterlicher-kranz-schmueckt-das-geburtstagsgeschenk","status":"publish","type":"post","link":"https:\/\/www.sabine-seyffert.de\/blog\/diy-geschenkverpackung-ein-winterlicher-kranz-schmueckt-das-geburtstagsgeschenk\/","title":{"rendered":"DIY Geschenkverpackung: Ein winterlicher Kranz schm\u00fcckt das Geburtstagsgeschenk"},"content":{"rendered":"<p style=\"text-align: justify;\"><img loading=\"lazy\" decoding=\"async\" src=\"https:\/\/vg01.met.vgwort.de\/na\/20307fa1f14c4a29a8523568e62268d7\" alt=\"\" width=\"1\" height=\"1\" \/>Ich durfte mal wieder ein Geburtstagsgeschenk verpacken. Da ich es bei Erwachsenen gerne schlicht mag und es farblich zum Winter passt, habe ich mich f\u00fcr einen schlichten Kranz entschieden, den ich aus unterschiedlichem Material gestalten wollte. Dieses Mal habe ich den Kranz der Einfachheit halber zum gr\u00f6\u00dften Teil gemalt, denn das geht recht schnell. Die fertige Verpackung samt der Bastelanleitung zum Nachbasteln gibt es hier:<\/p>\n<p style=\"text-align: center;\"><a href=\"https:\/\/www.sabine-seyffert.de\/blog\/wp-content\/uploads\/2020\/01\/Kranz-Geschenk-Sabine-Seyffert.de-9.jpg\"><img loading=\"lazy\" decoding=\"async\" class=\"alignnone size-full wp-image-15798\" src=\"https:\/\/www.sabine-seyffert.de\/blog\/wp-content\/uploads\/2020\/01\/Kranz-Geschenk-Sabine-Seyffert.de-9.jpg\" alt=\"\" width=\"800\" height=\"600\" srcset=\"https:\/\/www.sabine-seyffert.de\/blog\/wp-content\/uploads\/2020\/01\/Kranz-Geschenk-Sabine-Seyffert.de-9.jpg 800w, https:\/\/www.sabine-seyffert.de\/blog\/wp-content\/uploads\/2020\/01\/Kranz-Geschenk-Sabine-Seyffert.de-9-300x225.jpg 300w, https:\/\/www.sabine-seyffert.de\/blog\/wp-content\/uploads\/2020\/01\/Kranz-Geschenk-Sabine-Seyffert.de-9-768x576.jpg 768w\" sizes=\"auto, (max-width: 800px) 100vw, 800px\" \/><\/a><\/p>\n<p style=\"text-align: justify;\"><strong>Das wird gebraucht:<\/strong><br \/>\nNaturbraunes Packpapier, einen Bleistift, einen Gelschreiber oder wei\u00dfen Lackstift mit d\u00fcnner Miene, Bastelkleber, kleine Holzperlen, einen normalen B\u00fcrolocher oder eine Lochzange, kleine Holzperlen, eine alte Buchseite oder Zeitungspapier, eine kleine wei\u00dfe Geburtstagskerze sowie optional einen Stempel mit Geburtstagsgru\u00df o.\u00e4. passend zum Anlass<\/p>\n<p style=\"text-align: center;\"><a href=\"https:\/\/www.sabine-seyffert.de\/blog\/wp-content\/uploads\/2020\/01\/Kranz-Geschenk-Sabine-Seyffert.de-10.jpg\"><img loading=\"lazy\" decoding=\"async\" class=\"alignnone size-full wp-image-15799\" src=\"https:\/\/www.sabine-seyffert.de\/blog\/wp-content\/uploads\/2020\/01\/Kranz-Geschenk-Sabine-Seyffert.de-10.jpg\" alt=\"\" width=\"800\" height=\"600\" srcset=\"https:\/\/www.sabine-seyffert.de\/blog\/wp-content\/uploads\/2020\/01\/Kranz-Geschenk-Sabine-Seyffert.de-10.jpg 800w, https:\/\/www.sabine-seyffert.de\/blog\/wp-content\/uploads\/2020\/01\/Kranz-Geschenk-Sabine-Seyffert.de-10-300x225.jpg 300w, https:\/\/www.sabine-seyffert.de\/blog\/wp-content\/uploads\/2020\/01\/Kranz-Geschenk-Sabine-Seyffert.de-10-768x576.jpg 768w\" sizes=\"auto, (max-width: 800px) 100vw, 800px\" \/><\/a><\/p>\n<p style=\"text-align: justify;\"><strong>So wird\u2019s gemacht:<\/strong><br \/>\nAls erstes habe ich das Geschenk in naturbraunem Packpapier verpackt. Dann habe ich mir mit Hilfe einer kleinen Dessertschale und einem Bleistift mittig einen Kreis auf die Vorderseite des Geschenks gezeichnet. So hat man eine gute Orientierung beim Malen des Kranzes und es sieht zum Schluss einfach ordentlicher aus \ud83d\ude09<\/p>\n<p style=\"text-align: center;\"><a href=\"https:\/\/www.sabine-seyffert.de\/blog\/wp-content\/uploads\/2020\/01\/Kranz-Geschenk-Sabine-Seyffert.de-8.jpg\"><img loading=\"lazy\" decoding=\"async\" class=\"alignnone size-full wp-image-15800\" src=\"https:\/\/www.sabine-seyffert.de\/blog\/wp-content\/uploads\/2020\/01\/Kranz-Geschenk-Sabine-Seyffert.de-8.jpg\" alt=\"\" width=\"800\" height=\"600\" srcset=\"https:\/\/www.sabine-seyffert.de\/blog\/wp-content\/uploads\/2020\/01\/Kranz-Geschenk-Sabine-Seyffert.de-8.jpg 800w, https:\/\/www.sabine-seyffert.de\/blog\/wp-content\/uploads\/2020\/01\/Kranz-Geschenk-Sabine-Seyffert.de-8-300x225.jpg 300w, https:\/\/www.sabine-seyffert.de\/blog\/wp-content\/uploads\/2020\/01\/Kranz-Geschenk-Sabine-Seyffert.de-8-768x576.jpg 768w\" sizes=\"auto, (max-width: 800px) 100vw, 800px\" \/><\/a><\/p>\n<p style=\"text-align: justify;\"><strong>Kleiner Tipp:<\/strong> Am besten spitzt man sich den Bleistift vorab gut an. Wenn dieser richtig spitz ist, kann man eine wirklich d\u00fcnne Linie zeichnen, die als \u201eBastelschablone\u201c ausreicht!<\/p>\n<p style=\"text-align: center;\"><a href=\"https:\/\/www.sabine-seyffert.de\/blog\/wp-content\/uploads\/2020\/01\/Kranz-Geschenk-Sabine-Seyffert.de-7.jpg\"><img loading=\"lazy\" decoding=\"async\" class=\"alignnone size-full wp-image-15801\" src=\"https:\/\/www.sabine-seyffert.de\/blog\/wp-content\/uploads\/2020\/01\/Kranz-Geschenk-Sabine-Seyffert.de-7.jpg\" alt=\"\" width=\"800\" height=\"600\" srcset=\"https:\/\/www.sabine-seyffert.de\/blog\/wp-content\/uploads\/2020\/01\/Kranz-Geschenk-Sabine-Seyffert.de-7.jpg 800w, https:\/\/www.sabine-seyffert.de\/blog\/wp-content\/uploads\/2020\/01\/Kranz-Geschenk-Sabine-Seyffert.de-7-300x225.jpg 300w, https:\/\/www.sabine-seyffert.de\/blog\/wp-content\/uploads\/2020\/01\/Kranz-Geschenk-Sabine-Seyffert.de-7-768x576.jpg 768w\" sizes=\"auto, (max-width: 800px) 100vw, 800px\" \/><\/a><\/p>\n<p style=\"text-align: justify;\">Im Anschluss habe ich rechts und links neben die Bleistiftlinie filigrane Bl\u00fctenbl\u00e4tter gezeichnet sowie abstehende St\u00e4ngel. Ist der Kranz rundum mit gemalten Bl\u00e4ttern versehen, kann man die gemalten Stiele nun verzieren.<\/p>\n<p style=\"text-align: center;\"><a href=\"https:\/\/www.sabine-seyffert.de\/blog\/wp-content\/uploads\/2020\/01\/Kranz-Geschenk-Sabine-Seyffert.de-6.jpg\"><img loading=\"lazy\" decoding=\"async\" class=\"alignnone size-full wp-image-15802\" src=\"https:\/\/www.sabine-seyffert.de\/blog\/wp-content\/uploads\/2020\/01\/Kranz-Geschenk-Sabine-Seyffert.de-6.jpg\" alt=\"\" width=\"800\" height=\"600\" srcset=\"https:\/\/www.sabine-seyffert.de\/blog\/wp-content\/uploads\/2020\/01\/Kranz-Geschenk-Sabine-Seyffert.de-6.jpg 800w, https:\/\/www.sabine-seyffert.de\/blog\/wp-content\/uploads\/2020\/01\/Kranz-Geschenk-Sabine-Seyffert.de-6-300x225.jpg 300w, https:\/\/www.sabine-seyffert.de\/blog\/wp-content\/uploads\/2020\/01\/Kranz-Geschenk-Sabine-Seyffert.de-6-768x576.jpg 768w\" sizes=\"auto, (max-width: 800px) 100vw, 800px\" \/><\/a><\/p>\n<p style=\"text-align: justify;\">An einige habe ich einen wei\u00dfen kleinen Kreis gemalt, an einige habe ich einen mit der Lochzange ausgestanzten gr\u00f6\u00dferen Kreis geklebt und hier und da als Bl\u00fcten Mini Perlen aus Holz in Wei\u00df aufgeklebt. So wirkt der Kranz sch\u00f6n plastisch.<\/p>\n<p style=\"text-align: center;\"><a href=\"https:\/\/www.sabine-seyffert.de\/blog\/wp-content\/uploads\/2020\/01\/Kranz-Geschenk-Sabine-Seyffert.de-5.jpg\"><img loading=\"lazy\" decoding=\"async\" class=\"alignnone size-full wp-image-15803\" src=\"https:\/\/www.sabine-seyffert.de\/blog\/wp-content\/uploads\/2020\/01\/Kranz-Geschenk-Sabine-Seyffert.de-5.jpg\" alt=\"\" width=\"800\" height=\"600\" srcset=\"https:\/\/www.sabine-seyffert.de\/blog\/wp-content\/uploads\/2020\/01\/Kranz-Geschenk-Sabine-Seyffert.de-5.jpg 800w, https:\/\/www.sabine-seyffert.de\/blog\/wp-content\/uploads\/2020\/01\/Kranz-Geschenk-Sabine-Seyffert.de-5-300x225.jpg 300w, https:\/\/www.sabine-seyffert.de\/blog\/wp-content\/uploads\/2020\/01\/Kranz-Geschenk-Sabine-Seyffert.de-5-768x576.jpg 768w\" sizes=\"auto, (max-width: 800px) 100vw, 800px\" \/><\/a><\/p>\n<p style=\"text-align: justify;\">Am unteren Rand habe ich einen Streifen Transparentpapier (es reicht ein Mini Restst\u00fcck!) mit einer kleinen Botschaft bestempelt und als Wimpel aufgeklebt.<\/p>\n<p style=\"text-align: center;\"><a href=\"https:\/\/www.sabine-seyffert.de\/blog\/wp-content\/uploads\/2020\/01\/Kranz-Geschenk-Sabine-Seyffert.de-4.jpg\"><img loading=\"lazy\" decoding=\"async\" class=\"alignnone size-full wp-image-15804\" src=\"https:\/\/www.sabine-seyffert.de\/blog\/wp-content\/uploads\/2020\/01\/Kranz-Geschenk-Sabine-Seyffert.de-4.jpg\" alt=\"\" width=\"800\" height=\"600\" srcset=\"https:\/\/www.sabine-seyffert.de\/blog\/wp-content\/uploads\/2020\/01\/Kranz-Geschenk-Sabine-Seyffert.de-4.jpg 800w, https:\/\/www.sabine-seyffert.de\/blog\/wp-content\/uploads\/2020\/01\/Kranz-Geschenk-Sabine-Seyffert.de-4-300x225.jpg 300w, https:\/\/www.sabine-seyffert.de\/blog\/wp-content\/uploads\/2020\/01\/Kranz-Geschenk-Sabine-Seyffert.de-4-768x576.jpg 768w\" sizes=\"auto, (max-width: 800px) 100vw, 800px\" \/><\/a><\/p>\n<p style=\"text-align: justify;\">Ganz zum Schluss ist noch eine Mini Kerze mittig in den Kranz gewandert \u2013 damit es gut zum Geburtstag passt \ud83d\ude42<\/p>\n<p style=\"text-align: center;\"><a href=\"https:\/\/www.sabine-seyffert.de\/blog\/wp-content\/uploads\/2020\/01\/Kranz-Geschenk-Sabine-Seyffert.de-3.jpg\"><img loading=\"lazy\" decoding=\"async\" class=\"alignnone size-full wp-image-15805\" src=\"https:\/\/www.sabine-seyffert.de\/blog\/wp-content\/uploads\/2020\/01\/Kranz-Geschenk-Sabine-Seyffert.de-3.jpg\" alt=\"\" width=\"800\" height=\"600\" srcset=\"https:\/\/www.sabine-seyffert.de\/blog\/wp-content\/uploads\/2020\/01\/Kranz-Geschenk-Sabine-Seyffert.de-3.jpg 800w, https:\/\/www.sabine-seyffert.de\/blog\/wp-content\/uploads\/2020\/01\/Kranz-Geschenk-Sabine-Seyffert.de-3-300x225.jpg 300w, https:\/\/www.sabine-seyffert.de\/blog\/wp-content\/uploads\/2020\/01\/Kranz-Geschenk-Sabine-Seyffert.de-3-768x576.jpg 768w\" sizes=\"auto, (max-width: 800px) 100vw, 800px\" \/><\/a><\/p>\n<p style=\"text-align: justify;\">Weitere Bastelanleitungen f\u00fcr selbst gemachte Geschenkverpackungen findet ihr \u00fcbrigens in <a href=\"https:\/\/www.sabine-seyffert.de\/blog\/?cat=49\" target=\"_blank\" rel=\"noopener noreferrer\">dieser Blog Kategorie<\/a>, alle DIY rund um die Winterzeit gibt es in <a href=\"https:\/\/www.sabine-seyffert.de\/blog\/?cat=22\" target=\"_blank\" rel=\"noopener noreferrer\">diesem Ordner<\/a> und andere kreative Sachen gibt es an dieser Stelle.<\/p>\n<p style=\"text-align: center;\"><a href=\"https:\/\/www.sabine-seyffert.de\/blog\/wp-content\/uploads\/2020\/01\/Kranz-Geschenk-Sabine-Seyffert.de-2.jpg\"><img loading=\"lazy\" decoding=\"async\" class=\"alignnone size-full wp-image-15806\" src=\"https:\/\/www.sabine-seyffert.de\/blog\/wp-content\/uploads\/2020\/01\/Kranz-Geschenk-Sabine-Seyffert.de-2.jpg\" alt=\"\" width=\"800\" height=\"600\" srcset=\"https:\/\/www.sabine-seyffert.de\/blog\/wp-content\/uploads\/2020\/01\/Kranz-Geschenk-Sabine-Seyffert.de-2.jpg 800w, https:\/\/www.sabine-seyffert.de\/blog\/wp-content\/uploads\/2020\/01\/Kranz-Geschenk-Sabine-Seyffert.de-2-300x225.jpg 300w, https:\/\/www.sabine-seyffert.de\/blog\/wp-content\/uploads\/2020\/01\/Kranz-Geschenk-Sabine-Seyffert.de-2-768x576.jpg 768w\" sizes=\"auto, (max-width: 800px) 100vw, 800px\" \/><\/a><\/p>\n<p style=\"text-align: justify;\"><a href=\"https:\/\/www.sabine-seyffert.de\/blog\/?page_id=32#urheberrecht\">urheberrechtlich gesch\u00fctzt<\/a>, \u00a9 Sabine Seyffert<\/p>\n","protected":false},"excerpt":{"rendered":"<p>Ich durfte mal wieder ein Geburtstagsgeschenk verpacken. Da ich es bei Erwachsenen gerne schlicht mag und es farblich zum Winter passt, habe ich mich f\u00fcr einen schlichten Kranz entschieden, den ich aus unterschiedlichem Material gestalten wollte. Dieses Mal habe ich den Kranz der Einfachheit halber zum gr\u00f6\u00dften Teil gemalt, denn das geht recht schnell. Die&#8230; <a href=\"https:\/\/www.sabine-seyffert.de\/blog\/diy-geschenkverpackung-ein-winterlicher-kranz-schmueckt-das-geburtstagsgeschenk\/\" class=\"more-link\">Read more: DIY Geschenkverpackung: Ein winterlicher Kranz schm\u00fcckt das Geburtstagsgeschenk<\/a><\/p>\n","protected":false},"author":2,"featured_media":0,"comment_status":"open","ping_status":"open","sticky":false,"template":"","format":"standard","meta":{"_metis_text_type":"","_metis_text_length":2315,"_post_count":0,"footnotes":""},"categories":[49,22],"tags":[],"class_list":["post-15797","post","type-post","status-publish","format-standard","hentry","category-verpackungsideen","category-winter"],"_links":{"self":[{"href":"https:\/\/www.sabine-seyffert.de\/blog\/wp-json\/wp\/v2\/posts\/15797","targetHints":{"allow":["GET"]}}],"collection":[{"href":"https:\/\/www.sabine-seyffert.de\/blog\/wp-json\/wp\/v2\/posts"}],"about":[{"href":"https:\/\/www.sabine-seyffert.de\/blog\/wp-json\/wp\/v2\/types\/post"}],"author":[{"embeddable":true,"href":"https:\/\/www.sabine-seyffert.de\/blog\/wp-json\/wp\/v2\/users\/2"}],"replies":[{"embeddable":true,"href":"https:\/\/www.sabine-seyffert.de\/blog\/wp-json\/wp\/v2\/comments?post=15797"}],"version-history":[{"count":2,"href":"https:\/\/www.sabine-seyffert.de\/blog\/wp-json\/wp\/v2\/posts\/15797\/revisions"}],"predecessor-version":[{"id":15808,"href":"https:\/\/www.sabine-seyffert.de\/blog\/wp-json\/wp\/v2\/posts\/15797\/revisions\/15808"}],"wp:attachment":[{"href":"https:\/\/www.sabine-seyffert.de\/blog\/wp-json\/wp\/v2\/media?parent=15797"}],"wp:term":[{"taxonomy":"category","embeddable":true,"href":"https:\/\/www.sabine-seyffert.de\/blog\/wp-json\/wp\/v2\/categories?post=15797"},{"taxonomy":"post_tag","embeddable":true,"href":"https:\/\/www.sabine-seyffert.de\/blog\/wp-json\/wp\/v2\/tags?post=15797"}],"curies":[{"name":"wp","href":"https:\/\/api.w.org\/{rel}","templated":true}]}}