{"id":15727,"date":"2020-01-18T11:56:21","date_gmt":"2020-01-18T09:56:21","guid":{"rendered":"https:\/\/www.sabine-seyffert.de\/blog\/?p=15727"},"modified":"2022-12-06T11:16:30","modified_gmt":"2022-12-06T09:16:30","slug":"diy-bastelidee-fuer-kinder-selbst-gemachter-wintergruss-schneekugel-mit-schneemann","status":"publish","type":"post","link":"https:\/\/www.sabine-seyffert.de\/blog\/diy-bastelidee-fuer-kinder-selbst-gemachter-wintergruss-schneekugel-mit-schneemann\/","title":{"rendered":"DIY Bastelidee f\u00fcr Kinder: Selbst gemachter Wintergru\u00df \u2013 Schneekugel mit Schneemann"},"content":{"rendered":"<p style=\"text-align: justify;\"><img loading=\"lazy\" decoding=\"async\" src=\"https:\/\/vg01.met.vgwort.de\/na\/ba7ebb87f5fb42eab27deb050a332fcf\" alt=\"\" width=\"1\" height=\"1\" \/>Der Winter ist lang und meist auch recht kalt. Daher verbringt man in dieser Jahreszeit im Gegensatz zum warmen Sommer doch deutlich mehr Zeit im Haus. Damit keinem die Decke auf den Kopf f\u00e4llt oder im Kinderzimmer Streit ausbricht, gibt es heute mal eine kreative Bastelidee f\u00fcr ungem\u00fctliche Wintertage: Wer hat Lust ein wenig Winterpost zu basteln und anschlie\u00dfend zu verschicken?<br \/>\nF\u00fcr alle, die den Winter so m\u00f6gen wie ich, gibt es nun die detaillierte Bastelanleitung zum Nachmachen.<\/p>\n<p style=\"text-align: center;\"><a href=\"https:\/\/www.sabine-seyffert.de\/blog\/wp-content\/uploads\/2020\/01\/Karte-Schneekugel-Sabine-Seyffert.de-14.jpg\"><img loading=\"lazy\" decoding=\"async\" class=\"alignnone size-full wp-image-15729\" src=\"https:\/\/www.sabine-seyffert.de\/blog\/wp-content\/uploads\/2020\/01\/Karte-Schneekugel-Sabine-Seyffert.de-14.jpg\" alt=\"\" width=\"800\" height=\"600\" srcset=\"https:\/\/www.sabine-seyffert.de\/blog\/wp-content\/uploads\/2020\/01\/Karte-Schneekugel-Sabine-Seyffert.de-14.jpg 800w, https:\/\/www.sabine-seyffert.de\/blog\/wp-content\/uploads\/2020\/01\/Karte-Schneekugel-Sabine-Seyffert.de-14-300x225.jpg 300w, https:\/\/www.sabine-seyffert.de\/blog\/wp-content\/uploads\/2020\/01\/Karte-Schneekugel-Sabine-Seyffert.de-14-768x576.jpg 768w\" sizes=\"auto, (max-width: 800px) 100vw, 800px\" \/><\/a><\/p>\n<p style=\"text-align: justify;\"><strong>Das wird gebraucht:<\/strong><br \/>\nTonkarton, einen Bleistift, alte Tageszeitungen, Wasserfarbkasten mit Deckwei\u00df, Pinsel, eine Bastelschere, d\u00fcnne Pappe (leere Kartonage wie bsp. von einer Nudelverpackung o.\u00e4.), Bastelkleber \/ Klebstift, Stifte, Papierreste, wei\u00dfes Papier, B\u00fcrolocher oder ggf. eine Motivstanzer, durchsichtige Folie, wei\u00dfes N\u00e4hgarn und eine N\u00e4hmaschine sowie optional eine Malunterlage und Malkittel<\/p>\n<p style=\"text-align: center;\"><a href=\"https:\/\/www.sabine-seyffert.de\/blog\/wp-content\/uploads\/2020\/01\/Karte-Schneekugel-Sabine-Seyffert.de-10.jpg\"><img loading=\"lazy\" decoding=\"async\" class=\"alignnone size-full wp-image-15730\" src=\"https:\/\/www.sabine-seyffert.de\/blog\/wp-content\/uploads\/2020\/01\/Karte-Schneekugel-Sabine-Seyffert.de-10.jpg\" alt=\"\" width=\"800\" height=\"600\" srcset=\"https:\/\/www.sabine-seyffert.de\/blog\/wp-content\/uploads\/2020\/01\/Karte-Schneekugel-Sabine-Seyffert.de-10.jpg 800w, https:\/\/www.sabine-seyffert.de\/blog\/wp-content\/uploads\/2020\/01\/Karte-Schneekugel-Sabine-Seyffert.de-10-300x225.jpg 300w, https:\/\/www.sabine-seyffert.de\/blog\/wp-content\/uploads\/2020\/01\/Karte-Schneekugel-Sabine-Seyffert.de-10-768x576.jpg 768w\" sizes=\"auto, (max-width: 800px) 100vw, 800px\" \/><\/a><\/p>\n<p style=\"text-align: justify;\"><strong>So wird\u2019s gemacht:<\/strong><br \/>\nAus dem Tonkarton schneidet man sich in Postkartengr\u00f6\u00dfe die gew\u00fcnschte Anzahl an Gru\u00dfkarten aus.<\/p>\n<p style=\"text-align: center;\"><a href=\"https:\/\/www.sabine-seyffert.de\/blog\/wp-content\/uploads\/2020\/01\/Karte-Schneekugel-Sabine-Seyffert.de-6.jpg\"><img loading=\"lazy\" decoding=\"async\" class=\"alignnone size-full wp-image-15731\" src=\"https:\/\/www.sabine-seyffert.de\/blog\/wp-content\/uploads\/2020\/01\/Karte-Schneekugel-Sabine-Seyffert.de-6.jpg\" alt=\"\" width=\"800\" height=\"600\" srcset=\"https:\/\/www.sabine-seyffert.de\/blog\/wp-content\/uploads\/2020\/01\/Karte-Schneekugel-Sabine-Seyffert.de-6.jpg 800w, https:\/\/www.sabine-seyffert.de\/blog\/wp-content\/uploads\/2020\/01\/Karte-Schneekugel-Sabine-Seyffert.de-6-300x225.jpg 300w, https:\/\/www.sabine-seyffert.de\/blog\/wp-content\/uploads\/2020\/01\/Karte-Schneekugel-Sabine-Seyffert.de-6-768x576.jpg 768w\" sizes=\"auto, (max-width: 800px) 100vw, 800px\" \/><\/a><\/p>\n<p style=\"text-align: justify;\">Dann wird der Tisch abgedeckt und das Zeitungspapier mit Wasserfarbe bemalt: Blau, Rot, Schwarz und Wei\u00df. (Eine Anleitung f\u00fcr dieses kostenlose Bastelmaterial mit Tipps gibt es <a href=\"https:\/\/www.sabine-seyffert.de\/blog\/?p=13917\" target=\"_blank\" rel=\"noopener noreferrer\">hier<\/a>).<\/p>\n<p style=\"text-align: center;\"><a href=\"https:\/\/www.sabine-seyffert.de\/blog\/wp-content\/uploads\/2020\/01\/Karte-Schneekugel-Sabine-Seyffert.de-13.jpg\"><img loading=\"lazy\" decoding=\"async\" class=\"alignnone size-full wp-image-15732\" src=\"https:\/\/www.sabine-seyffert.de\/blog\/wp-content\/uploads\/2020\/01\/Karte-Schneekugel-Sabine-Seyffert.de-13.jpg\" alt=\"\" width=\"800\" height=\"600\" srcset=\"https:\/\/www.sabine-seyffert.de\/blog\/wp-content\/uploads\/2020\/01\/Karte-Schneekugel-Sabine-Seyffert.de-13.jpg 800w, https:\/\/www.sabine-seyffert.de\/blog\/wp-content\/uploads\/2020\/01\/Karte-Schneekugel-Sabine-Seyffert.de-13-300x225.jpg 300w, https:\/\/www.sabine-seyffert.de\/blog\/wp-content\/uploads\/2020\/01\/Karte-Schneekugel-Sabine-Seyffert.de-13-768x576.jpg 768w\" sizes=\"auto, (max-width: 800px) 100vw, 800px\" \/><\/a><\/p>\n<p style=\"text-align: justify;\">W\u00e4hrend die bemalte Zeitung auf der Heizung trocknet, stanzt man mit dem Locher allerhand \u201eSchneeflocken\u201c aus wei\u00dfem Papier. Alternativ kann man dazu auch einen Motivlocher mit Schneeflocken oder gekaufte Streudeko nutzen.<\/p>\n<p style=\"text-align: center;\"><a href=\"https:\/\/www.sabine-seyffert.de\/blog\/wp-content\/uploads\/2020\/01\/Karte-Schneekugel-Sabine-Seyffert.de-7.jpg\"><img loading=\"lazy\" decoding=\"async\" class=\"alignnone size-full wp-image-15733\" src=\"https:\/\/www.sabine-seyffert.de\/blog\/wp-content\/uploads\/2020\/01\/Karte-Schneekugel-Sabine-Seyffert.de-7.jpg\" alt=\"\" width=\"800\" height=\"600\" srcset=\"https:\/\/www.sabine-seyffert.de\/blog\/wp-content\/uploads\/2020\/01\/Karte-Schneekugel-Sabine-Seyffert.de-7.jpg 800w, https:\/\/www.sabine-seyffert.de\/blog\/wp-content\/uploads\/2020\/01\/Karte-Schneekugel-Sabine-Seyffert.de-7-300x225.jpg 300w, https:\/\/www.sabine-seyffert.de\/blog\/wp-content\/uploads\/2020\/01\/Karte-Schneekugel-Sabine-Seyffert.de-7-768x576.jpg 768w\" sizes=\"auto, (max-width: 800px) 100vw, 800px\" \/><\/a><\/p>\n<p style=\"text-align: justify;\">Aus d\u00fcnner Pappe (hierf\u00fcr eignen sich wunderbar leere Kartonagen, die regelm\u00e4\u00dfig in der K\u00fcche anfallen) schneidet man zwei Schneemann-Arme und einen Boden f\u00fcr die Schneekugel.<\/p>\n<p style=\"text-align: center;\"><a href=\"https:\/\/www.sabine-seyffert.de\/blog\/wp-content\/uploads\/2020\/01\/Karte-Schneekugel-Sabine-Seyffert.de-5.jpg\"><img loading=\"lazy\" decoding=\"async\" class=\"alignnone size-full wp-image-15734\" src=\"https:\/\/www.sabine-seyffert.de\/blog\/wp-content\/uploads\/2020\/01\/Karte-Schneekugel-Sabine-Seyffert.de-5.jpg\" alt=\"\" width=\"800\" height=\"600\" srcset=\"https:\/\/www.sabine-seyffert.de\/blog\/wp-content\/uploads\/2020\/01\/Karte-Schneekugel-Sabine-Seyffert.de-5.jpg 800w, https:\/\/www.sabine-seyffert.de\/blog\/wp-content\/uploads\/2020\/01\/Karte-Schneekugel-Sabine-Seyffert.de-5-300x225.jpg 300w, https:\/\/www.sabine-seyffert.de\/blog\/wp-content\/uploads\/2020\/01\/Karte-Schneekugel-Sabine-Seyffert.de-5-768x576.jpg 768w\" sizes=\"auto, (max-width: 800px) 100vw, 800px\" \/><\/a><\/p>\n<p style=\"text-align: justify;\">Diese kann man noch mit Stiften oder Papierresten verzieren. Aus der Folie schneidet man einen Kreis.<\/p>\n<p style=\"text-align: center;\"><a href=\"https:\/\/www.sabine-seyffert.de\/blog\/wp-content\/uploads\/2020\/01\/Karte-Schneekugel-Sabine-Seyffert.de-4.jpg\"><img loading=\"lazy\" decoding=\"async\" class=\"alignnone size-full wp-image-15735\" src=\"https:\/\/www.sabine-seyffert.de\/blog\/wp-content\/uploads\/2020\/01\/Karte-Schneekugel-Sabine-Seyffert.de-4.jpg\" alt=\"\" width=\"800\" height=\"600\" srcset=\"https:\/\/www.sabine-seyffert.de\/blog\/wp-content\/uploads\/2020\/01\/Karte-Schneekugel-Sabine-Seyffert.de-4.jpg 800w, https:\/\/www.sabine-seyffert.de\/blog\/wp-content\/uploads\/2020\/01\/Karte-Schneekugel-Sabine-Seyffert.de-4-300x225.jpg 300w, https:\/\/www.sabine-seyffert.de\/blog\/wp-content\/uploads\/2020\/01\/Karte-Schneekugel-Sabine-Seyffert.de-4-768x576.jpg 768w\" sizes=\"auto, (max-width: 800px) 100vw, 800px\" \/><\/a><\/p>\n<p style=\"text-align: justify;\">Bevor das Sch\u00fcttelglas zusammengen\u00e4ht wird, schneidet man aus dem Zeitungspapier einen Schneemann (\u00e4hnlich wie aus <a href=\"https:\/\/www.sabine-seyffert.de\/blog\/?p=15541\" target=\"_blank\" rel=\"noopener noreferrer\">dieser<\/a> oder auch <a href=\"https:\/\/www.sabine-seyffert.de\/blog\/?p=13771\" target=\"_blank\" rel=\"noopener noreferrer\">jener<\/a> Bastelanleitung) und klebt diesen auf die Karte.<br \/>\nJetzt muss ein Erwachsener helfen und n\u00e4ht um den Schneemann die Folie auf. <strong><span style=\"color: #ff0000;\">Achtung<\/span><\/strong> \u2013 bevor man die Naht schlie\u00dft, wird die Kugel noch mit den ausgestanzten Schneeflocken bef\u00fcllt.<\/p>\n<p style=\"text-align: center;\"><a href=\"https:\/\/www.sabine-seyffert.de\/blog\/wp-content\/uploads\/2020\/01\/Karte-Schneekugel-Sabine-Seyffert.de-9.jpg\"><img loading=\"lazy\" decoding=\"async\" class=\"alignnone size-full wp-image-15736\" src=\"https:\/\/www.sabine-seyffert.de\/blog\/wp-content\/uploads\/2020\/01\/Karte-Schneekugel-Sabine-Seyffert.de-9.jpg\" alt=\"\" width=\"800\" height=\"600\" srcset=\"https:\/\/www.sabine-seyffert.de\/blog\/wp-content\/uploads\/2020\/01\/Karte-Schneekugel-Sabine-Seyffert.de-9.jpg 800w, https:\/\/www.sabine-seyffert.de\/blog\/wp-content\/uploads\/2020\/01\/Karte-Schneekugel-Sabine-Seyffert.de-9-300x225.jpg 300w, https:\/\/www.sabine-seyffert.de\/blog\/wp-content\/uploads\/2020\/01\/Karte-Schneekugel-Sabine-Seyffert.de-9-768x576.jpg 768w\" sizes=\"auto, (max-width: 800px) 100vw, 800px\" \/><\/a><\/p>\n<p style=\"text-align: justify;\">Nun kann man die selbst gemachte Postkarte auf der R\u00fcckseite beschriften und in einen Umschlag stecken. Noch mit Adresse und Absender versehen und frankieren. Dann kann sich der s\u00fc\u00dfe Wintergru\u00df auf den Weg machen \ud83d\ude42<\/p>\n<p style=\"text-align: center;\"><a href=\"https:\/\/www.sabine-seyffert.de\/blog\/wp-content\/uploads\/2020\/01\/Karte-Schneekugel-Sabine-Seyffert.de-3.jpg\"><img loading=\"lazy\" decoding=\"async\" class=\"alignnone size-full wp-image-15737\" src=\"https:\/\/www.sabine-seyffert.de\/blog\/wp-content\/uploads\/2020\/01\/Karte-Schneekugel-Sabine-Seyffert.de-3.jpg\" alt=\"\" width=\"800\" height=\"600\" srcset=\"https:\/\/www.sabine-seyffert.de\/blog\/wp-content\/uploads\/2020\/01\/Karte-Schneekugel-Sabine-Seyffert.de-3.jpg 800w, https:\/\/www.sabine-seyffert.de\/blog\/wp-content\/uploads\/2020\/01\/Karte-Schneekugel-Sabine-Seyffert.de-3-300x225.jpg 300w, https:\/\/www.sabine-seyffert.de\/blog\/wp-content\/uploads\/2020\/01\/Karte-Schneekugel-Sabine-Seyffert.de-3-768x576.jpg 768w\" sizes=\"auto, (max-width: 800px) 100vw, 800px\" \/><\/a><\/p>\n<p style=\"text-align: justify;\"><strong>Ein kleiner Tipp:<\/strong><br \/>\nDie R\u00e4nder des Schneemanns haben wir mit silbernem Buntstift an nachgemalt, damit dieser plastischer aussieht. Und in die Schneekugel hinein kam noch eine kleine Priese Glitzer\u2026<\/p>\n<p style=\"text-align: center;\"><a href=\"https:\/\/www.sabine-seyffert.de\/blog\/wp-content\/uploads\/2020\/01\/Karte-Schneekugel-Sabine-Seyffert.de-2.jpg\"><img loading=\"lazy\" decoding=\"async\" class=\"alignnone size-full wp-image-15738\" src=\"https:\/\/www.sabine-seyffert.de\/blog\/wp-content\/uploads\/2020\/01\/Karte-Schneekugel-Sabine-Seyffert.de-2.jpg\" alt=\"\" width=\"800\" height=\"600\" srcset=\"https:\/\/www.sabine-seyffert.de\/blog\/wp-content\/uploads\/2020\/01\/Karte-Schneekugel-Sabine-Seyffert.de-2.jpg 800w, https:\/\/www.sabine-seyffert.de\/blog\/wp-content\/uploads\/2020\/01\/Karte-Schneekugel-Sabine-Seyffert.de-2-300x225.jpg 300w, https:\/\/www.sabine-seyffert.de\/blog\/wp-content\/uploads\/2020\/01\/Karte-Schneekugel-Sabine-Seyffert.de-2-768x576.jpg 768w\" sizes=\"auto, (max-width: 800px) 100vw, 800px\" \/><\/a><\/p>\n<p style=\"text-align: justify;\">Weitere Bastelideen mit detaillierter Bastelanleitung f\u00fcr Kinder findet ihr \u00fcbrigens in <a href=\"https:\/\/www.sabine-seyffert.de\/blog\/?cat=32\" target=\"_blank\" rel=\"noopener noreferrer\">dieser Blog Kategorie<\/a>, Ideen f\u00fcr selbst gemachte Postkarten gibt es in <a href=\"https:\/\/www.sabine-seyffert.de\/blog\/?cat=51\" target=\"_blank\" rel=\"noopener noreferrer\">dieser Rubrik<\/a>, alles rund um die Winterzeit sind in <a href=\"https:\/\/www.sabine-seyffert.de\/blog\/?cat=22\" target=\"_blank\" rel=\"noopener noreferrer\">diesem Blog Ordner<\/a> zu finden und andere kreative Sachen an auch <a href=\"http:\/\/www.lunaju.de\/2020\/01\/kiddikram-januar-2020.html\" target=\"_blank\" rel=\"noopener noreferrer\">dieser<\/a> Stelle.<\/p>\n<p style=\"text-align: center;\"><a href=\"https:\/\/www.sabine-seyffert.de\/blog\/wp-content\/uploads\/2020\/01\/Karte-Schneekugel-Sabine-Seyffert.de-1.jpg\"><img loading=\"lazy\" decoding=\"async\" class=\"alignnone size-full wp-image-15739\" src=\"https:\/\/www.sabine-seyffert.de\/blog\/wp-content\/uploads\/2020\/01\/Karte-Schneekugel-Sabine-Seyffert.de-1.jpg\" alt=\"\" width=\"800\" height=\"600\" srcset=\"https:\/\/www.sabine-seyffert.de\/blog\/wp-content\/uploads\/2020\/01\/Karte-Schneekugel-Sabine-Seyffert.de-1.jpg 800w, https:\/\/www.sabine-seyffert.de\/blog\/wp-content\/uploads\/2020\/01\/Karte-Schneekugel-Sabine-Seyffert.de-1-300x225.jpg 300w, https:\/\/www.sabine-seyffert.de\/blog\/wp-content\/uploads\/2020\/01\/Karte-Schneekugel-Sabine-Seyffert.de-1-768x576.jpg 768w\" sizes=\"auto, (max-width: 800px) 100vw, 800px\" \/><\/a><\/p>\n<p style=\"text-align: justify;\"><a href=\"https:\/\/www.sabine-seyffert.de\/blog\/?page_id=32#urheberrecht\">urheberrechtlich gesch\u00fctzt<\/a>, \u00a9 Sabine Seyffert<\/p>\n","protected":false},"excerpt":{"rendered":"<p>Der Winter ist lang und meist auch recht kalt. Daher verbringt man in dieser Jahreszeit im Gegensatz zum warmen Sommer doch deutlich mehr Zeit im Haus. Damit keinem die Decke auf den Kopf f\u00e4llt oder im Kinderzimmer Streit ausbricht, gibt es heute mal eine kreative Bastelidee f\u00fcr ungem\u00fctliche Wintertage: Wer hat Lust ein wenig Winterpost&#8230; <a href=\"https:\/\/www.sabine-seyffert.de\/blog\/diy-bastelidee-fuer-kinder-selbst-gemachter-wintergruss-schneekugel-mit-schneemann\/\" class=\"more-link\">Read more: DIY Bastelidee f\u00fcr Kinder: Selbst gemachter Wintergru\u00df \u2013 Schneekugel mit Schneemann<\/a><\/p>\n","protected":false},"author":2,"featured_media":0,"comment_status":"open","ping_status":"open","sticky":false,"template":"","format":"standard","meta":{"_metis_text_type":"","_metis_text_length":2805,"_post_count":0,"footnotes":""},"categories":[41,32,33,51,22],"tags":[],"class_list":["post-15727","post","type-post","status-publish","format-standard","hentry","category-weihnachten","category-kreatives-fur-kleine-kinderhande","category-kreative-naherein","category-postkarten-grusskarten","category-winter"],"_links":{"self":[{"href":"https:\/\/www.sabine-seyffert.de\/blog\/wp-json\/wp\/v2\/posts\/15727","targetHints":{"allow":["GET"]}}],"collection":[{"href":"https:\/\/www.sabine-seyffert.de\/blog\/wp-json\/wp\/v2\/posts"}],"about":[{"href":"https:\/\/www.sabine-seyffert.de\/blog\/wp-json\/wp\/v2\/types\/post"}],"author":[{"embeddable":true,"href":"https:\/\/www.sabine-seyffert.de\/blog\/wp-json\/wp\/v2\/users\/2"}],"replies":[{"embeddable":true,"href":"https:\/\/www.sabine-seyffert.de\/blog\/wp-json\/wp\/v2\/comments?post=15727"}],"version-history":[{"count":5,"href":"https:\/\/www.sabine-seyffert.de\/blog\/wp-json\/wp\/v2\/posts\/15727\/revisions"}],"predecessor-version":[{"id":24761,"href":"https:\/\/www.sabine-seyffert.de\/blog\/wp-json\/wp\/v2\/posts\/15727\/revisions\/24761"}],"wp:attachment":[{"href":"https:\/\/www.sabine-seyffert.de\/blog\/wp-json\/wp\/v2\/media?parent=15727"}],"wp:term":[{"taxonomy":"category","embeddable":true,"href":"https:\/\/www.sabine-seyffert.de\/blog\/wp-json\/wp\/v2\/categories?post=15727"},{"taxonomy":"post_tag","embeddable":true,"href":"https:\/\/www.sabine-seyffert.de\/blog\/wp-json\/wp\/v2\/tags?post=15727"}],"curies":[{"name":"wp","href":"https:\/\/api.w.org\/{rel}","templated":true}]}}