{"id":15706,"date":"2020-01-14T08:26:06","date_gmt":"2020-01-14T06:26:06","guid":{"rendered":"https:\/\/www.sabine-seyffert.de\/blog\/?p=15706"},"modified":"2020-01-14T08:26:06","modified_gmt":"2020-01-14T06:26:06","slug":"diy-selbst-gemachte-geschenkverpackung-fuer-den-kindergeburtstag-bastelanleitung-eisbaer","status":"publish","type":"post","link":"https:\/\/www.sabine-seyffert.de\/blog\/diy-selbst-gemachte-geschenkverpackung-fuer-den-kindergeburtstag-bastelanleitung-eisbaer\/","title":{"rendered":"DIY: Selbst gemachte Geschenkverpackung f\u00fcr den Kindergeburtstag \u2013 Bastelanleitung Eisb\u00e4r"},"content":{"rendered":"<p style=\"text-align: justify;\"><img loading=\"lazy\" decoding=\"async\" src=\"https:\/\/vg01.met.vgwort.de\/na\/fb245213a06248d8973bca62cfdb2a06\" alt=\"\" width=\"1\" height=\"1\" \/>F\u00fcr den Geburtstag habe ich mal wieder Geschenke fr\u00f6hlich verpackt. Dieses Mal gab es einen gem\u00fctlichen Geburtstagsb\u00e4ren aus wei\u00dfem Packpapier, der dem Geburtstagskind gratuliert und von dem Geschenkpapier entgegenl\u00e4chelt. Zum Verpacken des Geschenks ist nicht wirklich viel Material von N\u00f6ten. F\u00fcr die Motive kann man auch auf kleinere Papierreste zur\u00fcckgreifen, die man sicher zur Hand hat.<\/p>\n<p style=\"text-align: center;\"><a href=\"https:\/\/www.sabine-seyffert.de\/blog\/wp-content\/uploads\/2020\/01\/Geburtstagsb\u00e4r-Verpackung-1.jpg\"><img loading=\"lazy\" decoding=\"async\" class=\"alignnone size-full wp-image-15707\" src=\"https:\/\/www.sabine-seyffert.de\/blog\/wp-content\/uploads\/2020\/01\/Geburtstagsb\u00e4r-Verpackung-1.jpg\" alt=\"\" width=\"800\" height=\"600\" srcset=\"https:\/\/www.sabine-seyffert.de\/blog\/wp-content\/uploads\/2020\/01\/Geburtstagsb\u00e4r-Verpackung-1.jpg 800w, https:\/\/www.sabine-seyffert.de\/blog\/wp-content\/uploads\/2020\/01\/Geburtstagsb\u00e4r-Verpackung-1-300x225.jpg 300w, https:\/\/www.sabine-seyffert.de\/blog\/wp-content\/uploads\/2020\/01\/Geburtstagsb\u00e4r-Verpackung-1-768x576.jpg 768w\" sizes=\"auto, (max-width: 800px) 100vw, 800px\" \/><\/a><\/p>\n<p style=\"text-align: justify;\"><strong>Das wird gebraucht:<\/strong><br \/>\nUnifarbenes Geschenkpapier \/ Packpapier, etwas wei\u00dfes Papier, farbige Bastelpapierreste, eine Bastelschere, Klebstoff \/ Klebestift, farbige Lackstifte \/ Gelstifte und einen schwarzen Fineliner sowie einen Bleistift<\/p>\n<p style=\"text-align: center;\"><a href=\"https:\/\/www.sabine-seyffert.de\/blog\/wp-content\/uploads\/2020\/01\/Geburtstagsb\u00e4r-Verpackung-10.jpg\"><img loading=\"lazy\" decoding=\"async\" class=\"alignnone size-full wp-image-15708\" src=\"https:\/\/www.sabine-seyffert.de\/blog\/wp-content\/uploads\/2020\/01\/Geburtstagsb\u00e4r-Verpackung-10.jpg\" alt=\"\" width=\"800\" height=\"600\" srcset=\"https:\/\/www.sabine-seyffert.de\/blog\/wp-content\/uploads\/2020\/01\/Geburtstagsb\u00e4r-Verpackung-10.jpg 800w, https:\/\/www.sabine-seyffert.de\/blog\/wp-content\/uploads\/2020\/01\/Geburtstagsb\u00e4r-Verpackung-10-300x225.jpg 300w, https:\/\/www.sabine-seyffert.de\/blog\/wp-content\/uploads\/2020\/01\/Geburtstagsb\u00e4r-Verpackung-10-768x576.jpg 768w\" sizes=\"auto, (max-width: 800px) 100vw, 800px\" \/><\/a><\/p>\n<p style=\"text-align: justify;\"><strong>So wird\u2019s gemacht:<\/strong><br \/>\nDie Geburtstags\u00fcberraschung habe ich zwischen einer Lage naturbraunem Packpaper verschwinden lassen. F\u00fcr die Vorderseite sollte ein sch\u00f6nes Geburtstagsmotiv her. Spontan habe ich mich f\u00fcr einen B\u00e4ren entschieden. Dazu habe ich mit dem Bleistift auf ein Restst\u00fcck wei\u00dfes Packpapier einen vereinfachten B\u00e4renk\u00f6rper aufgezeichnet. Wenn man das Papier von der R\u00fcckseite mit der Form skizziert, braucht man die R\u00e4nder nicht wegzuradieren \u2013 dies als kleiner Tipp um Arbeit zu sparen \ud83d\ude42<\/p>\n<p style=\"text-align: center;\"><a href=\"https:\/\/www.sabine-seyffert.de\/blog\/wp-content\/uploads\/2020\/01\/Geburtstagsb\u00e4r-Verpackung-6.jpg\"><img loading=\"lazy\" decoding=\"async\" class=\"alignnone size-full wp-image-15709\" src=\"https:\/\/www.sabine-seyffert.de\/blog\/wp-content\/uploads\/2020\/01\/Geburtstagsb\u00e4r-Verpackung-6.jpg\" alt=\"\" width=\"800\" height=\"600\" srcset=\"https:\/\/www.sabine-seyffert.de\/blog\/wp-content\/uploads\/2020\/01\/Geburtstagsb\u00e4r-Verpackung-6.jpg 800w, https:\/\/www.sabine-seyffert.de\/blog\/wp-content\/uploads\/2020\/01\/Geburtstagsb\u00e4r-Verpackung-6-300x225.jpg 300w, https:\/\/www.sabine-seyffert.de\/blog\/wp-content\/uploads\/2020\/01\/Geburtstagsb\u00e4r-Verpackung-6-768x576.jpg 768w\" sizes=\"auto, (max-width: 800px) 100vw, 800px\" \/><\/a><\/p>\n<p style=\"text-align: justify;\">Au\u00dferdem gab es zwei wei\u00dfe Ohren dazu. Die Form l\u00e4sst sich auf den Detailfotos gut erkennen und ist so einfach, dass man diese ohne Bastelvorlage anfertigen kann, was selbst f\u00fcr unge\u00fcbte Bastler kein Problem darstellen sollte.<\/p>\n<p style=\"text-align: center;\"><a href=\"https:\/\/www.sabine-seyffert.de\/blog\/wp-content\/uploads\/2020\/01\/Geburtstagsb\u00e4r-Verpackung-9.jpg\"><img loading=\"lazy\" decoding=\"async\" class=\"alignnone size-full wp-image-15710\" src=\"https:\/\/www.sabine-seyffert.de\/blog\/wp-content\/uploads\/2020\/01\/Geburtstagsb\u00e4r-Verpackung-9.jpg\" alt=\"\" width=\"800\" height=\"600\" srcset=\"https:\/\/www.sabine-seyffert.de\/blog\/wp-content\/uploads\/2020\/01\/Geburtstagsb\u00e4r-Verpackung-9.jpg 800w, https:\/\/www.sabine-seyffert.de\/blog\/wp-content\/uploads\/2020\/01\/Geburtstagsb\u00e4r-Verpackung-9-300x225.jpg 300w, https:\/\/www.sabine-seyffert.de\/blog\/wp-content\/uploads\/2020\/01\/Geburtstagsb\u00e4r-Verpackung-9-768x576.jpg 768w\" sizes=\"auto, (max-width: 800px) 100vw, 800px\" \/><\/a><\/p>\n<p style=\"text-align: justify;\">Aus grauem Papier (F\u00fcllmaterial einer alten Paketsendung, die ich zu solchen Zwecken gerne sammele und upcycle) habe ich eine B\u00e4rennase gebastelt und auch die beiden Ohren noch verfeinert.<br \/>\nDann klebt man den B\u00e4ren auf die Verpackung und zeichnet mit einem schwarzen Filzstift Ohren, Nase und Mund.<\/p>\n<p style=\"text-align: justify;\"><a href=\"https:\/\/www.sabine-seyffert.de\/blog\/wp-content\/uploads\/2020\/01\/Geburtstagsb\u00e4r-Verpackung-5.jpg\"><img loading=\"lazy\" decoding=\"async\" class=\"alignnone size-full wp-image-15711\" src=\"https:\/\/www.sabine-seyffert.de\/blog\/wp-content\/uploads\/2020\/01\/Geburtstagsb\u00e4r-Verpackung-5.jpg\" alt=\"\" width=\"800\" height=\"600\" srcset=\"https:\/\/www.sabine-seyffert.de\/blog\/wp-content\/uploads\/2020\/01\/Geburtstagsb\u00e4r-Verpackung-5.jpg 800w, https:\/\/www.sabine-seyffert.de\/blog\/wp-content\/uploads\/2020\/01\/Geburtstagsb\u00e4r-Verpackung-5-300x225.jpg 300w, https:\/\/www.sabine-seyffert.de\/blog\/wp-content\/uploads\/2020\/01\/Geburtstagsb\u00e4r-Verpackung-5-768x576.jpg 768w\" sizes=\"auto, (max-width: 800px) 100vw, 800px\" \/><\/a><br \/>\nZwischen die B\u00e4renohren habe ich noch eine Krone geklebt und mit kleinen, aufgemalten P\u00fcnktchen und Sternen versch\u00f6nert.<\/p>\n<p style=\"text-align: center;\"><a href=\"https:\/\/www.sabine-seyffert.de\/blog\/wp-content\/uploads\/2020\/01\/Geburtstagsb\u00e4r-Verpackung-7.jpg\"><img loading=\"lazy\" decoding=\"async\" class=\"alignnone size-full wp-image-15712\" src=\"https:\/\/www.sabine-seyffert.de\/blog\/wp-content\/uploads\/2020\/01\/Geburtstagsb\u00e4r-Verpackung-7.jpg\" alt=\"\" width=\"800\" height=\"600\" srcset=\"https:\/\/www.sabine-seyffert.de\/blog\/wp-content\/uploads\/2020\/01\/Geburtstagsb\u00e4r-Verpackung-7.jpg 800w, https:\/\/www.sabine-seyffert.de\/blog\/wp-content\/uploads\/2020\/01\/Geburtstagsb\u00e4r-Verpackung-7-300x225.jpg 300w, https:\/\/www.sabine-seyffert.de\/blog\/wp-content\/uploads\/2020\/01\/Geburtstagsb\u00e4r-Verpackung-7-768x576.jpg 768w\" sizes=\"auto, (max-width: 800px) 100vw, 800px\" \/><\/a><\/p>\n<p style=\"text-align: justify;\">Au\u00dferdem habe ich auf einen Papierwimpel den Namen des Geburtstagskindes geschrieben und aufgeklebt.<\/p>\n<p style=\"text-align: center;\"><a href=\"https:\/\/www.sabine-seyffert.de\/blog\/wp-content\/uploads\/2020\/01\/Geburtstagsb\u00e4r-Verpackung-3.jpg\"><img loading=\"lazy\" decoding=\"async\" class=\"alignnone size-full wp-image-15714\" src=\"https:\/\/www.sabine-seyffert.de\/blog\/wp-content\/uploads\/2020\/01\/Geburtstagsb\u00e4r-Verpackung-3.jpg\" alt=\"\" width=\"800\" height=\"600\" srcset=\"https:\/\/www.sabine-seyffert.de\/blog\/wp-content\/uploads\/2020\/01\/Geburtstagsb\u00e4r-Verpackung-3.jpg 800w, https:\/\/www.sabine-seyffert.de\/blog\/wp-content\/uploads\/2020\/01\/Geburtstagsb\u00e4r-Verpackung-3-300x225.jpg 300w, https:\/\/www.sabine-seyffert.de\/blog\/wp-content\/uploads\/2020\/01\/Geburtstagsb\u00e4r-Verpackung-3-768x576.jpg 768w\" sizes=\"auto, (max-width: 800px) 100vw, 800px\" \/><\/a><\/p>\n<p style=\"text-align: justify;\">Recht daneben h\u00e4ngt nun auch noch eine fr\u00f6hliche Geburtstagsgirlande, bestehend aus dreieckigen Wimpeln.<\/p>\n<p style=\"text-align: center;\"><a href=\"https:\/\/www.sabine-seyffert.de\/blog\/wp-content\/uploads\/2020\/01\/Geburtstagsb\u00e4r-Verpackung-Duo.jpg\"><img loading=\"lazy\" decoding=\"async\" class=\"alignnone size-full wp-image-15715\" src=\"https:\/\/www.sabine-seyffert.de\/blog\/wp-content\/uploads\/2020\/01\/Geburtstagsb\u00e4r-Verpackung-Duo.jpg\" alt=\"\" width=\"800\" height=\"600\" srcset=\"https:\/\/www.sabine-seyffert.de\/blog\/wp-content\/uploads\/2020\/01\/Geburtstagsb\u00e4r-Verpackung-Duo.jpg 800w, https:\/\/www.sabine-seyffert.de\/blog\/wp-content\/uploads\/2020\/01\/Geburtstagsb\u00e4r-Verpackung-Duo-300x225.jpg 300w, https:\/\/www.sabine-seyffert.de\/blog\/wp-content\/uploads\/2020\/01\/Geburtstagsb\u00e4r-Verpackung-Duo-768x576.jpg 768w\" sizes=\"auto, (max-width: 800px) 100vw, 800px\" \/><\/a><\/p>\n<p style=\"text-align: justify;\">Weitere Inspirationen und Bastelanleitungen f\u00fcr selbst gemachte Geschenkverpackungen findet ihr \u00fcbrigens in <a href=\"https:\/\/www.sabine-seyffert.de\/blog\/?cat=49\" target=\"_blank\" rel=\"noopener noreferrer\">dieser Blog Kategorie<\/a>, Ideen zum Thema Kindergeburtstag und Kinderparty gibt es in <a href=\"https:\/\/www.sabine-seyffert.de\/blog\/?cat=21\" target=\"_blank\" rel=\"noopener noreferrer\">diesem Ordner<\/a>, alles rund um den Winter in <a href=\"https:\/\/www.sabine-seyffert.de\/blog\/?cat=22\" target=\"_blank\" rel=\"noopener noreferrer\">dieser Rubrik<\/a> und andere kreative Sachen <a href=\"http:\/\/www.lunaju.de\/2020\/01\/kiddikram-januar-2020.html\" target=\"_blank\" rel=\"noopener nofollow noreferrer\">da<\/a> und auch an <a href=\"https:\/\/www.creadienstag.de\/2020\/01\/linkparty-407.html\" target=\"_blank\" rel=\"noopener nofollow noreferrer\">dieser<\/a> Stelle.<\/p>\n<p style=\"text-align: justify;\"><a href=\"https:\/\/www.sabine-seyffert.de\/blog\/?page_id=32#urheberrecht\">urheberrechtlich gesch\u00fctzt<\/a>, \u00a9 Sabine Seyffert<\/p>\n","protected":false},"excerpt":{"rendered":"<p>F\u00fcr den Geburtstag habe ich mal wieder Geschenke fr\u00f6hlich verpackt. Dieses Mal gab es einen gem\u00fctlichen Geburtstagsb\u00e4ren aus wei\u00dfem Packpapier, der dem Geburtstagskind gratuliert und von dem Geschenkpapier entgegenl\u00e4chelt. Zum Verpacken des Geschenks ist nicht wirklich viel Material von N\u00f6ten. F\u00fcr die Motive kann man auch auf kleinere Papierreste zur\u00fcckgreifen, die man sicher zur Hand&#8230; <a href=\"https:\/\/www.sabine-seyffert.de\/blog\/diy-selbst-gemachte-geschenkverpackung-fuer-den-kindergeburtstag-bastelanleitung-eisbaer\/\" class=\"more-link\">Read more: DIY: Selbst gemachte Geschenkverpackung f\u00fcr den Kindergeburtstag \u2013 Bastelanleitung Eisb\u00e4r<\/a><\/p>\n","protected":false},"author":2,"featured_media":0,"comment_status":"open","ping_status":"open","sticky":false,"template":"","format":"standard","meta":{"_metis_text_type":"","_metis_text_length":2328,"_post_count":0,"footnotes":""},"categories":[49,21,22],"tags":[],"class_list":["post-15706","post","type-post","status-publish","format-standard","hentry","category-verpackungsideen","category-kinderfeste-partys","category-winter"],"_links":{"self":[{"href":"https:\/\/www.sabine-seyffert.de\/blog\/wp-json\/wp\/v2\/posts\/15706","targetHints":{"allow":["GET"]}}],"collection":[{"href":"https:\/\/www.sabine-seyffert.de\/blog\/wp-json\/wp\/v2\/posts"}],"about":[{"href":"https:\/\/www.sabine-seyffert.de\/blog\/wp-json\/wp\/v2\/types\/post"}],"author":[{"embeddable":true,"href":"https:\/\/www.sabine-seyffert.de\/blog\/wp-json\/wp\/v2\/users\/2"}],"replies":[{"embeddable":true,"href":"https:\/\/www.sabine-seyffert.de\/blog\/wp-json\/wp\/v2\/comments?post=15706"}],"version-history":[{"count":1,"href":"https:\/\/www.sabine-seyffert.de\/blog\/wp-json\/wp\/v2\/posts\/15706\/revisions"}],"predecessor-version":[{"id":15716,"href":"https:\/\/www.sabine-seyffert.de\/blog\/wp-json\/wp\/v2\/posts\/15706\/revisions\/15716"}],"wp:attachment":[{"href":"https:\/\/www.sabine-seyffert.de\/blog\/wp-json\/wp\/v2\/media?parent=15706"}],"wp:term":[{"taxonomy":"category","embeddable":true,"href":"https:\/\/www.sabine-seyffert.de\/blog\/wp-json\/wp\/v2\/categories?post=15706"},{"taxonomy":"post_tag","embeddable":true,"href":"https:\/\/www.sabine-seyffert.de\/blog\/wp-json\/wp\/v2\/tags?post=15706"}],"curies":[{"name":"wp","href":"https:\/\/api.w.org\/{rel}","templated":true}]}}