{"id":15670,"date":"2020-01-07T07:30:45","date_gmt":"2020-01-07T05:30:45","guid":{"rendered":"https:\/\/www.sabine-seyffert.de\/blog\/?p=15670"},"modified":"2020-01-07T07:30:45","modified_gmt":"2020-01-07T05:30:45","slug":"diy-deko-idee-fensterdeko-selbst-gemacht-zarter-bluetenkranz-fuer-das-fenster-basteln","status":"publish","type":"post","link":"https:\/\/www.sabine-seyffert.de\/blog\/diy-deko-idee-fensterdeko-selbst-gemacht-zarter-bluetenkranz-fuer-das-fenster-basteln\/","title":{"rendered":"DIY Deko Idee: Fensterdeko selbst gemacht \u2013 Zarter Bl\u00fctenkranz f\u00fcr das Fenster basteln"},"content":{"rendered":"<p style=\"text-align: justify;\"><img loading=\"lazy\" decoding=\"async\" src=\"https:\/\/vg01.met.vgwort.de\/na\/3ac1f688ed704eaca9ab0c23a5c34b58\" alt=\"\" width=\"1\" height=\"1\" \/>Jedes Jahr im Januar, wenn die Weihnachtsdeko wieder in den Kisten und Schr\u00e4nken verstaut ist, sehen die Fenster etwas trostlos aus. Daher haben ich die Ferientage dazu genutzt einen stimmungsvollen Ersatz zu basteln, der Wand, Fenster oder T\u00fcr nun schm\u00fccken darf. Weil gerade Winter ist, darf es gerne auch entsprechend schlicht und farblich passend sein. Wie gut, dass ich mich im Dezember im Bastelladen noch mit einigen Materialien eingedeckt habe \ud83d\ude09<br \/>\nEntstanden sind zwei winterliche Dekokr\u00e4nze aus Draht, Filz und wei\u00dfen Perlen aus Holz. Und f\u00fcr alle, die auch noch etwas neue Deko f\u00fcr ihre vier W\u00e4nde (oder zum Verschenken) brauchen k\u00f6nnen, gibt es hier die Bastelanleitung.<\/p>\n<p style=\"text-align: center;\"><a href=\"https:\/\/www.sabine-seyffert.de\/blog\/wp-content\/uploads\/2020\/01\/Kranz-Fenster-wei\u00df-Perlen-Sabine-Seyffert.de-4.jpg\"><img loading=\"lazy\" decoding=\"async\" class=\"alignnone size-full wp-image-15671\" src=\"https:\/\/www.sabine-seyffert.de\/blog\/wp-content\/uploads\/2020\/01\/Kranz-Fenster-wei\u00df-Perlen-Sabine-Seyffert.de-4.jpg\" alt=\"\" width=\"800\" height=\"600\" srcset=\"https:\/\/www.sabine-seyffert.de\/blog\/wp-content\/uploads\/2020\/01\/Kranz-Fenster-wei\u00df-Perlen-Sabine-Seyffert.de-4.jpg 800w, https:\/\/www.sabine-seyffert.de\/blog\/wp-content\/uploads\/2020\/01\/Kranz-Fenster-wei\u00df-Perlen-Sabine-Seyffert.de-4-300x225.jpg 300w, https:\/\/www.sabine-seyffert.de\/blog\/wp-content\/uploads\/2020\/01\/Kranz-Fenster-wei\u00df-Perlen-Sabine-Seyffert.de-4-768x576.jpg 768w\" sizes=\"auto, (max-width: 800px) 100vw, 800px\" \/><\/a><\/p>\n<p style=\"text-align: justify;\"><strong>Das wird gebraucht:<\/strong><br \/>\nDickeren Papierdraht (Naturfarben), d\u00fcnnen Basteldraht in wei\u00df sowie d\u00fcnnen Papierdraht ebenfalls in der Farbe wei\u00df, Holzperlen in drei unterschiedlichen Gr\u00f6\u00dfen, Filz (es reicht der g\u00fcnstige Bastelfilz aus!), eine scharfe Schere, eine dickere Nadel, etwas Nylongarn<\/p>\n<p style=\"text-align: center;\"><a href=\"https:\/\/www.sabine-seyffert.de\/blog\/wp-content\/uploads\/2020\/01\/Kranz-Fenster-wei\u00df-Perlen-Sabine-Seyffert.de-2.jpg\"><img loading=\"lazy\" decoding=\"async\" class=\"alignnone size-full wp-image-15672\" src=\"https:\/\/www.sabine-seyffert.de\/blog\/wp-content\/uploads\/2020\/01\/Kranz-Fenster-wei\u00df-Perlen-Sabine-Seyffert.de-2.jpg\" alt=\"\" width=\"800\" height=\"600\" srcset=\"https:\/\/www.sabine-seyffert.de\/blog\/wp-content\/uploads\/2020\/01\/Kranz-Fenster-wei\u00df-Perlen-Sabine-Seyffert.de-2.jpg 800w, https:\/\/www.sabine-seyffert.de\/blog\/wp-content\/uploads\/2020\/01\/Kranz-Fenster-wei\u00df-Perlen-Sabine-Seyffert.de-2-300x225.jpg 300w, https:\/\/www.sabine-seyffert.de\/blog\/wp-content\/uploads\/2020\/01\/Kranz-Fenster-wei\u00df-Perlen-Sabine-Seyffert.de-2-768x576.jpg 768w\" sizes=\"auto, (max-width: 800px) 100vw, 800px\" \/><\/a><\/p>\n<p style=\"text-align: justify;\"><strong>So wird\u2019s gemacht:<\/strong><br \/>\nZuerst habe ich mit dem dickeren, naturfarbenen Papierdraht einen Kreis als Kranz gebunden. Ob ihr diesen einfach bindet oder mehrere Drahtschichten verwendet h\u00e4ngt haupts\u00e4chlich von der Gr\u00f6\u00dfe ab.<\/p>\n<p style=\"text-align: center;\"><a href=\"https:\/\/www.sabine-seyffert.de\/blog\/wp-content\/uploads\/2020\/01\/Kranz-Fenster-wei\u00df-Perlen-Sabine-Seyffert.de-3.jpg\"><img loading=\"lazy\" decoding=\"async\" class=\"alignnone size-full wp-image-15673\" src=\"https:\/\/www.sabine-seyffert.de\/blog\/wp-content\/uploads\/2020\/01\/Kranz-Fenster-wei\u00df-Perlen-Sabine-Seyffert.de-3.jpg\" alt=\"\" width=\"800\" height=\"600\" srcset=\"https:\/\/www.sabine-seyffert.de\/blog\/wp-content\/uploads\/2020\/01\/Kranz-Fenster-wei\u00df-Perlen-Sabine-Seyffert.de-3.jpg 800w, https:\/\/www.sabine-seyffert.de\/blog\/wp-content\/uploads\/2020\/01\/Kranz-Fenster-wei\u00df-Perlen-Sabine-Seyffert.de-3-300x225.jpg 300w, https:\/\/www.sabine-seyffert.de\/blog\/wp-content\/uploads\/2020\/01\/Kranz-Fenster-wei\u00df-Perlen-Sabine-Seyffert.de-3-768x576.jpg 768w\" sizes=\"auto, (max-width: 800px) 100vw, 800px\" \/><\/a><\/p>\n<p style=\"text-align: justify;\">Meine Kr\u00e4nze haben in etwa die Gr\u00f6\u00dfe eines kleinen Kuchentellers. Hierf\u00fcr reichen 1-2 Lagen Draht aus. Beim Wickeln merkt mag gleich, wie viel Stabilit\u00e4t der Kranz hat. Die Verzierungen kommen erst im Anschluss dran, daher k\u00f6nnt ihr einfach nach dem Binden des Grundger\u00fcstes entscheiden ob euch dies als Basis reicht.<\/p>\n<p style=\"text-align: center;\"><a href=\"https:\/\/www.sabine-seyffert.de\/blog\/wp-content\/uploads\/2020\/01\/Kranz-Fenster-wei\u00df-Perlen-Sabine-Seyffert.de-5.jpg\"><img loading=\"lazy\" decoding=\"async\" class=\"alignnone size-full wp-image-15674\" src=\"https:\/\/www.sabine-seyffert.de\/blog\/wp-content\/uploads\/2020\/01\/Kranz-Fenster-wei\u00df-Perlen-Sabine-Seyffert.de-5.jpg\" alt=\"\" width=\"800\" height=\"600\" srcset=\"https:\/\/www.sabine-seyffert.de\/blog\/wp-content\/uploads\/2020\/01\/Kranz-Fenster-wei\u00df-Perlen-Sabine-Seyffert.de-5.jpg 800w, https:\/\/www.sabine-seyffert.de\/blog\/wp-content\/uploads\/2020\/01\/Kranz-Fenster-wei\u00df-Perlen-Sabine-Seyffert.de-5-300x225.jpg 300w, https:\/\/www.sabine-seyffert.de\/blog\/wp-content\/uploads\/2020\/01\/Kranz-Fenster-wei\u00df-Perlen-Sabine-Seyffert.de-5-768x576.jpg 768w\" sizes=\"auto, (max-width: 800px) 100vw, 800px\" \/><\/a><\/p>\n<p style=\"text-align: justify;\">F\u00fcr die Bl\u00e4tter habe ich helleren, leicht melierten Filz in einem Naturton gew\u00e4hlt, die man mit der Schere per Hand ausschneidet. Eine Bastelschablone braucht man daf\u00fcr nicht. Wer sich unsicher ist, kann die Form vorab mit einem Bleistift auf dem Filz vorzeichnen.<\/p>\n<p style=\"text-align: center;\"><a href=\"https:\/\/www.sabine-seyffert.de\/blog\/wp-content\/uploads\/2020\/01\/Kranz-Fenster-wei\u00df-Perlen-Sabine-Seyffert.de-6.jpg\"><img loading=\"lazy\" decoding=\"async\" class=\"alignnone size-full wp-image-15675\" src=\"https:\/\/www.sabine-seyffert.de\/blog\/wp-content\/uploads\/2020\/01\/Kranz-Fenster-wei\u00df-Perlen-Sabine-Seyffert.de-6.jpg\" alt=\"\" width=\"800\" height=\"600\" srcset=\"https:\/\/www.sabine-seyffert.de\/blog\/wp-content\/uploads\/2020\/01\/Kranz-Fenster-wei\u00df-Perlen-Sabine-Seyffert.de-6.jpg 800w, https:\/\/www.sabine-seyffert.de\/blog\/wp-content\/uploads\/2020\/01\/Kranz-Fenster-wei\u00df-Perlen-Sabine-Seyffert.de-6-300x225.jpg 300w, https:\/\/www.sabine-seyffert.de\/blog\/wp-content\/uploads\/2020\/01\/Kranz-Fenster-wei\u00df-Perlen-Sabine-Seyffert.de-6-768x576.jpg 768w\" sizes=\"auto, (max-width: 800px) 100vw, 800px\" \/><\/a><\/p>\n<p style=\"text-align: justify;\">Hat man gen\u00fcgend Bl\u00e4tter zur Hand, f\u00e4delt man diese mit Hilfe einer Nadel auf d\u00fcnnen Basteldraht. Dieses St\u00fcck Draht sollte mindestens so lang sein, dass sich dieser um den naturfarbenen Drahtkranz wickeln l\u00e4sst. Hierbei sollte man darauf achten, dass die Bl\u00e4tter abwechseln mal nach Innen und dann nach Au\u00dfen zeigen.<\/p>\n<p style=\"text-align: center;\"><a href=\"https:\/\/www.sabine-seyffert.de\/blog\/wp-content\/uploads\/2020\/01\/Kranz-Fenster-wei\u00df-Perlen-Sabine-Seyffert.de-9.jpg\"><img loading=\"lazy\" decoding=\"async\" class=\"alignnone size-full wp-image-15676\" src=\"https:\/\/www.sabine-seyffert.de\/blog\/wp-content\/uploads\/2020\/01\/Kranz-Fenster-wei\u00df-Perlen-Sabine-Seyffert.de-9.jpg\" alt=\"\" width=\"800\" height=\"600\" srcset=\"https:\/\/www.sabine-seyffert.de\/blog\/wp-content\/uploads\/2020\/01\/Kranz-Fenster-wei\u00df-Perlen-Sabine-Seyffert.de-9.jpg 800w, https:\/\/www.sabine-seyffert.de\/blog\/wp-content\/uploads\/2020\/01\/Kranz-Fenster-wei\u00df-Perlen-Sabine-Seyffert.de-9-300x225.jpg 300w, https:\/\/www.sabine-seyffert.de\/blog\/wp-content\/uploads\/2020\/01\/Kranz-Fenster-wei\u00df-Perlen-Sabine-Seyffert.de-9-768x576.jpg 768w\" sizes=\"auto, (max-width: 800px) 100vw, 800px\" \/><\/a><\/p>\n<p style=\"text-align: justify;\">Im Anschluss habe ich von dem d\u00fcnnen Papierdraht etwa 10-12 cm lange St\u00fccke geschnitten und an die Enden jeweils wei\u00dfe Holzperlen in verschiedener Gr\u00f6\u00dfe gef\u00e4delt und die Drahtenden eingedreht.<\/p>\n<p style=\"text-align: center;\"><a href=\"https:\/\/www.sabine-seyffert.de\/blog\/wp-content\/uploads\/2020\/01\/Kranz-Fenster-wei\u00df-Perlen-Sabine-Seyffert.de-8.jpg\"><img loading=\"lazy\" decoding=\"async\" class=\"alignnone size-full wp-image-15677\" src=\"https:\/\/www.sabine-seyffert.de\/blog\/wp-content\/uploads\/2020\/01\/Kranz-Fenster-wei\u00df-Perlen-Sabine-Seyffert.de-8.jpg\" alt=\"\" width=\"800\" height=\"600\" srcset=\"https:\/\/www.sabine-seyffert.de\/blog\/wp-content\/uploads\/2020\/01\/Kranz-Fenster-wei\u00df-Perlen-Sabine-Seyffert.de-8.jpg 800w, https:\/\/www.sabine-seyffert.de\/blog\/wp-content\/uploads\/2020\/01\/Kranz-Fenster-wei\u00df-Perlen-Sabine-Seyffert.de-8-300x225.jpg 300w, https:\/\/www.sabine-seyffert.de\/blog\/wp-content\/uploads\/2020\/01\/Kranz-Fenster-wei\u00df-Perlen-Sabine-Seyffert.de-8-768x576.jpg 768w\" sizes=\"auto, (max-width: 800px) 100vw, 800px\" \/><\/a><\/p>\n<p style=\"text-align: justify;\">Danach kann man die mit Perlen best\u00fcckten Drahtteile zwischen die Filzbl\u00e4tter an den Basiskranz stecken und festdrehen. Hinweis: Durch die weiteren Drahtteile von Filzbl\u00e4ttern und Perlen wird der Kranz in sich nat\u00fcrlich noch mal stabiler.<\/p>\n<p style=\"text-align: center;\"><a href=\"https:\/\/www.sabine-seyffert.de\/blog\/wp-content\/uploads\/2020\/01\/Kranz-Fenster-wei\u00df-Perlen-Sabine-Seyffert.de-7.jpg\"><img loading=\"lazy\" decoding=\"async\" class=\"alignnone size-full wp-image-15678\" src=\"https:\/\/www.sabine-seyffert.de\/blog\/wp-content\/uploads\/2020\/01\/Kranz-Fenster-wei\u00df-Perlen-Sabine-Seyffert.de-7.jpg\" alt=\"\" width=\"800\" height=\"600\" srcset=\"https:\/\/www.sabine-seyffert.de\/blog\/wp-content\/uploads\/2020\/01\/Kranz-Fenster-wei\u00df-Perlen-Sabine-Seyffert.de-7.jpg 800w, https:\/\/www.sabine-seyffert.de\/blog\/wp-content\/uploads\/2020\/01\/Kranz-Fenster-wei\u00df-Perlen-Sabine-Seyffert.de-7-300x225.jpg 300w, https:\/\/www.sabine-seyffert.de\/blog\/wp-content\/uploads\/2020\/01\/Kranz-Fenster-wei\u00df-Perlen-Sabine-Seyffert.de-7-768x576.jpg 768w\" sizes=\"auto, (max-width: 800px) 100vw, 800px\" \/><\/a><\/p>\n<p style=\"text-align: justify;\">Ist der Kranz gleichm\u00e4\u00dfig mit ausreichen Bl\u00e4ttern und Perlen best\u00fcckt, bindet man ein langes St\u00fcck Nylonschnur darum und kann ihn daran an der T\u00fcr, der Wand oder auch einem Fenster als Deko aufh\u00e4ngen.<\/p>\n<p style=\"text-align: center;\"><a href=\"https:\/\/www.sabine-seyffert.de\/blog\/wp-content\/uploads\/2020\/01\/Kranz-Fenster-wei\u00df-Perlen-Sabine-Seyffert.de-10.jpg\"><img loading=\"lazy\" decoding=\"async\" class=\"alignnone size-full wp-image-15679\" src=\"https:\/\/www.sabine-seyffert.de\/blog\/wp-content\/uploads\/2020\/01\/Kranz-Fenster-wei\u00df-Perlen-Sabine-Seyffert.de-10.jpg\" alt=\"\" width=\"800\" height=\"600\" srcset=\"https:\/\/www.sabine-seyffert.de\/blog\/wp-content\/uploads\/2020\/01\/Kranz-Fenster-wei\u00df-Perlen-Sabine-Seyffert.de-10.jpg 800w, https:\/\/www.sabine-seyffert.de\/blog\/wp-content\/uploads\/2020\/01\/Kranz-Fenster-wei\u00df-Perlen-Sabine-Seyffert.de-10-300x225.jpg 300w, https:\/\/www.sabine-seyffert.de\/blog\/wp-content\/uploads\/2020\/01\/Kranz-Fenster-wei\u00df-Perlen-Sabine-Seyffert.de-10-768x576.jpg 768w\" sizes=\"auto, (max-width: 800px) 100vw, 800px\" \/><\/a><\/p>\n<p style=\"text-align: justify;\">Weitere kreative DIY Dekoideen findet ihr \u00fcbrigens in <a href=\"https:\/\/www.sabine-seyffert.de\/blog\/?cat=12\" target=\"_blank\" rel=\"noopener noreferrer\">dieser Blog Kategorie<\/a>, alles zum Thema Winter gibt es in <a href=\"https:\/\/www.sabine-seyffert.de\/blog\/?cat=22\" target=\"_blank\" rel=\"noopener noreferrer\">diesem Ordner<\/a> und andere kreative Sachen an <a href=\"https:\/\/www.creadienstag.de\/2020\/01\/linkparty-406.html\" target=\"_blank\" rel=\"noopener nofollow noreferrer\">dieser<\/a> Stelle.<\/p>\n<p style=\"text-align: justify;\"><a href=\"https:\/\/www.sabine-seyffert.de\/blog\/?page_id=32#urheberrecht\">urheberrechtlich gesch\u00fctzt<\/a>, \u00a9 Sabine Seyffert<\/p>\n","protected":false},"excerpt":{"rendered":"<p>Jedes Jahr im Januar, wenn die Weihnachtsdeko wieder in den Kisten und Schr\u00e4nken verstaut ist, sehen die Fenster etwas trostlos aus. Daher haben ich die Ferientage dazu genutzt einen stimmungsvollen Ersatz zu basteln, der Wand, Fenster oder T\u00fcr nun schm\u00fccken darf. Weil gerade Winter ist, darf es gerne auch entsprechend schlicht und farblich passend sein&#8230;. <a href=\"https:\/\/www.sabine-seyffert.de\/blog\/diy-deko-idee-fensterdeko-selbst-gemacht-zarter-bluetenkranz-fuer-das-fenster-basteln\/\" class=\"more-link\">Read more: DIY Deko Idee: Fensterdeko selbst gemacht \u2013 Zarter Bl\u00fctenkranz f\u00fcr das Fenster basteln<\/a><\/p>\n","protected":false},"author":2,"featured_media":0,"comment_status":"open","ping_status":"open","sticky":false,"template":"","format":"standard","meta":{"_metis_text_type":"","_metis_text_length":2931,"_post_count":0,"footnotes":""},"categories":[12,22],"tags":[],"class_list":["post-15670","post","type-post","status-publish","format-standard","hentry","category-deko-ideen","category-winter"],"_links":{"self":[{"href":"https:\/\/www.sabine-seyffert.de\/blog\/wp-json\/wp\/v2\/posts\/15670","targetHints":{"allow":["GET"]}}],"collection":[{"href":"https:\/\/www.sabine-seyffert.de\/blog\/wp-json\/wp\/v2\/posts"}],"about":[{"href":"https:\/\/www.sabine-seyffert.de\/blog\/wp-json\/wp\/v2\/types\/post"}],"author":[{"embeddable":true,"href":"https:\/\/www.sabine-seyffert.de\/blog\/wp-json\/wp\/v2\/users\/2"}],"replies":[{"embeddable":true,"href":"https:\/\/www.sabine-seyffert.de\/blog\/wp-json\/wp\/v2\/comments?post=15670"}],"version-history":[{"count":3,"href":"https:\/\/www.sabine-seyffert.de\/blog\/wp-json\/wp\/v2\/posts\/15670\/revisions"}],"predecessor-version":[{"id":15682,"href":"https:\/\/www.sabine-seyffert.de\/blog\/wp-json\/wp\/v2\/posts\/15670\/revisions\/15682"}],"wp:attachment":[{"href":"https:\/\/www.sabine-seyffert.de\/blog\/wp-json\/wp\/v2\/media?parent=15670"}],"wp:term":[{"taxonomy":"category","embeddable":true,"href":"https:\/\/www.sabine-seyffert.de\/blog\/wp-json\/wp\/v2\/categories?post=15670"},{"taxonomy":"post_tag","embeddable":true,"href":"https:\/\/www.sabine-seyffert.de\/blog\/wp-json\/wp\/v2\/tags?post=15670"}],"curies":[{"name":"wp","href":"https:\/\/api.w.org\/{rel}","templated":true}]}}