{"id":15658,"date":"2020-01-05T16:03:49","date_gmt":"2020-01-05T14:03:49","guid":{"rendered":"https:\/\/www.sabine-seyffert.de\/blog\/?p=15658"},"modified":"2020-01-05T16:03:49","modified_gmt":"2020-01-05T14:03:49","slug":"diy-geschenkverpackung-sauviel-glueck-zum-geburtstag-ein-schwein-gratuliert-zum-kindergeburtstag","status":"publish","type":"post","link":"https:\/\/www.sabine-seyffert.de\/blog\/diy-geschenkverpackung-sauviel-glueck-zum-geburtstag-ein-schwein-gratuliert-zum-kindergeburtstag\/","title":{"rendered":"DIY Geschenkverpackung: Sauviel Gl\u00fcck zum Geburtstag \u2013 ein Schwein gratuliert zum Kindergeburtstag"},"content":{"rendered":"<p style=\"text-align: justify;\"><img loading=\"lazy\" decoding=\"async\" src=\"https:\/\/vg01.met.vgwort.de\/na\/aafc908c00674a6d829be5da83a7c1c2\" alt=\"\" width=\"1\" height=\"1\" \/>Zu Kindergeburtstagen verpacke ich immer besonders gerne Geschenke. Die d\u00fcrfen lustig, bunt und fr\u00f6hlich sein. Dieses Mal war ich kurz vorher im Bastelladen unterwegs und hatte einige Bastelideen ausget\u00fcftelt. Davon war noch ein kleines St\u00fcck rosa Filz \u00fcbrig und schon war die Idee f\u00fcr das Motiv geboren: Ein rosarotes Schweinchen. Das passt vom Motiv her ja auch prima als Neujahrsgru\u00df, wie beispielsweise <a href=\"https:\/\/www.sabine-seyffert.de\/blog\/?p=15645\" target=\"_blank\" rel=\"noopener noreferrer\">diesem<\/a> hier. Daher gibt es nun die detaillierte Bastelanleitung f\u00fcr euch zum Nachmachen!<\/p>\n<p style=\"text-align: center;\"><a href=\"https:\/\/www.sabine-seyffert.de\/blog\/wp-content\/uploads\/2020\/01\/Geschenkverpackung-Schwein-8.jpg\"><img loading=\"lazy\" decoding=\"async\" class=\"alignnone size-full wp-image-15659\" src=\"https:\/\/www.sabine-seyffert.de\/blog\/wp-content\/uploads\/2020\/01\/Geschenkverpackung-Schwein-8.jpg\" alt=\"\" width=\"800\" height=\"600\" srcset=\"https:\/\/www.sabine-seyffert.de\/blog\/wp-content\/uploads\/2020\/01\/Geschenkverpackung-Schwein-8.jpg 800w, https:\/\/www.sabine-seyffert.de\/blog\/wp-content\/uploads\/2020\/01\/Geschenkverpackung-Schwein-8-300x225.jpg 300w, https:\/\/www.sabine-seyffert.de\/blog\/wp-content\/uploads\/2020\/01\/Geschenkverpackung-Schwein-8-768x576.jpg 768w\" sizes=\"auto, (max-width: 800px) 100vw, 800px\" \/><\/a><\/p>\n<p style=\"text-align: justify;\"><strong>Das wird gebraucht:<\/strong><br \/>\nEin Blatt alte Tageszeitungen mit m\u00f6glichst viel gedrucktem Text, ein breiter Borstenpinsel, Bastelfarbe in rosa (Wasserfarbe, Acryllack auf Wasserbasis o.\u00e4.), eine Bastelunterlage, eine Schere, rosa Bastelfilz, ein Holzknopf, Buchstabenstempel, ein Stempelkissen, 2 Holzperlen, unifarbenes Geschenkpapier, Kleber, eine Hei\u00dfklebepistole samt Klebepatrone sowie optional einen Bleistift<\/p>\n<p style=\"text-align: center;\"><a href=\"https:\/\/www.sabine-seyffert.de\/blog\/wp-content\/uploads\/2020\/01\/Geschenkverpackung-Schwein-10.jpg\"><img loading=\"lazy\" decoding=\"async\" class=\"alignnone size-full wp-image-15660\" src=\"https:\/\/www.sabine-seyffert.de\/blog\/wp-content\/uploads\/2020\/01\/Geschenkverpackung-Schwein-10.jpg\" alt=\"\" width=\"800\" height=\"600\" srcset=\"https:\/\/www.sabine-seyffert.de\/blog\/wp-content\/uploads\/2020\/01\/Geschenkverpackung-Schwein-10.jpg 800w, https:\/\/www.sabine-seyffert.de\/blog\/wp-content\/uploads\/2020\/01\/Geschenkverpackung-Schwein-10-300x225.jpg 300w, https:\/\/www.sabine-seyffert.de\/blog\/wp-content\/uploads\/2020\/01\/Geschenkverpackung-Schwein-10-768x576.jpg 768w\" sizes=\"auto, (max-width: 800px) 100vw, 800px\" \/><\/a><\/p>\n<p style=\"text-align: justify;\"><strong>So wird\u2019s gemacht:<\/strong><br \/>\nLasst das Geschenk am besten in unifarbenem Geschenkpapier verschwinden. In meinem Fall war es wieder einmal naturbraunes Packpapier, aber alternativ geht auch unifarbenes Geschenkpapier oder ein Bogen buntes Seidenpapier ohne Muster.<\/p>\n<p style=\"text-align: center;\"><a href=\"https:\/\/www.sabine-seyffert.de\/blog\/wp-content\/uploads\/2020\/01\/Geschenkverpackung-Schwein-6.jpg\"><img loading=\"lazy\" decoding=\"async\" class=\"alignnone size-full wp-image-15661\" src=\"https:\/\/www.sabine-seyffert.de\/blog\/wp-content\/uploads\/2020\/01\/Geschenkverpackung-Schwein-6.jpg\" alt=\"\" width=\"800\" height=\"600\" srcset=\"https:\/\/www.sabine-seyffert.de\/blog\/wp-content\/uploads\/2020\/01\/Geschenkverpackung-Schwein-6.jpg 800w, https:\/\/www.sabine-seyffert.de\/blog\/wp-content\/uploads\/2020\/01\/Geschenkverpackung-Schwein-6-300x225.jpg 300w, https:\/\/www.sabine-seyffert.de\/blog\/wp-content\/uploads\/2020\/01\/Geschenkverpackung-Schwein-6-768x576.jpg 768w\" sizes=\"auto, (max-width: 800px) 100vw, 800px\" \/><\/a><\/p>\n<p style=\"text-align: justify;\">Dann deckt man den Tisch mit einer Bastelunterlage oder einer alten Zeitung ab. Aus einer alten Tageszeitung schneidet man sich ein gr\u00f6\u00dferes St\u00fcck mit Text. Fotos oder bunt gedruckte Sachen lassen sich hierf\u00fcr <strong>nicht<\/strong> verwenden! Dieses Zeitungsst\u00fcck bemalt ihr grob mit rosafarbener Farbe. Dabei darf der gedruckte Text samt Buchstaben ruhig durchscheinen. W\u00e4hrend die Farbe trocknet, schneidet man aus dem Filz zwei Schweineohren.<\/p>\n<p style=\"text-align: center;\"><a href=\"https:\/\/www.sabine-seyffert.de\/blog\/wp-content\/uploads\/2020\/01\/Geschenkverpackung-Schwein-5.jpg\"><img loading=\"lazy\" decoding=\"async\" class=\"alignnone size-full wp-image-15662\" src=\"https:\/\/www.sabine-seyffert.de\/blog\/wp-content\/uploads\/2020\/01\/Geschenkverpackung-Schwein-5.jpg\" alt=\"\" width=\"800\" height=\"600\" srcset=\"https:\/\/www.sabine-seyffert.de\/blog\/wp-content\/uploads\/2020\/01\/Geschenkverpackung-Schwein-5.jpg 800w, https:\/\/www.sabine-seyffert.de\/blog\/wp-content\/uploads\/2020\/01\/Geschenkverpackung-Schwein-5-300x225.jpg 300w, https:\/\/www.sabine-seyffert.de\/blog\/wp-content\/uploads\/2020\/01\/Geschenkverpackung-Schwein-5-768x576.jpg 768w\" sizes=\"auto, (max-width: 800px) 100vw, 800px\" \/><\/a><\/p>\n<p style=\"text-align: justify;\">Au\u00dferdem habe ich das Geschenk mit Buchstabenstempeln bedruckt. Am oberen Rand steht nun \u201eSauviel\u201c und ganz unten \u201ezum Geburtstag\u201c. Den Schriftzug \u201eGl\u00fcck\u201c kann man ebenfalls auf einen Papierwimpel stempeln oder mit dem PC auf festes Papier drucken.<\/p>\n<p style=\"text-align: center;\"><a href=\"https:\/\/www.sabine-seyffert.de\/blog\/wp-content\/uploads\/2020\/01\/Geschenkverpackung-Schwein-9.jpg\"><img loading=\"lazy\" decoding=\"async\" class=\"alignnone size-full wp-image-15663\" src=\"https:\/\/www.sabine-seyffert.de\/blog\/wp-content\/uploads\/2020\/01\/Geschenkverpackung-Schwein-9.jpg\" alt=\"\" width=\"800\" height=\"600\" srcset=\"https:\/\/www.sabine-seyffert.de\/blog\/wp-content\/uploads\/2020\/01\/Geschenkverpackung-Schwein-9.jpg 800w, https:\/\/www.sabine-seyffert.de\/blog\/wp-content\/uploads\/2020\/01\/Geschenkverpackung-Schwein-9-300x225.jpg 300w, https:\/\/www.sabine-seyffert.de\/blog\/wp-content\/uploads\/2020\/01\/Geschenkverpackung-Schwein-9-768x576.jpg 768w\" sizes=\"auto, (max-width: 800px) 100vw, 800px\" \/><\/a><\/p>\n<p style=\"text-align: justify;\">Sobald die Farbe getrocknet ist, zeichnet man sich auf die R\u00fcckseite der bemalten Zeitung einen Kreis, der den Ma\u00dfen des Geschenks entsprechen sollte. Diesen rei\u00dft man per Hand vorsichtig aus. So sieht es etwas lebendiger aus als wenn man diesen schneidet. Dann bestreicht man die R\u00fcckseite mit Kleber, steckt den Papierwimpel mit dem Schriftzug \u201eGl\u00fcck\u201c dazwischen und klebt das Schwein mittig auf das Geschenk. Nun klebt man noch die Ohren fest.<\/p>\n<p style=\"text-align: center;\"><a href=\"https:\/\/www.sabine-seyffert.de\/blog\/wp-content\/uploads\/2020\/01\/Geschenkverpackung-Schwein-4.jpg\"><img loading=\"lazy\" decoding=\"async\" class=\"alignnone size-full wp-image-15664\" src=\"https:\/\/www.sabine-seyffert.de\/blog\/wp-content\/uploads\/2020\/01\/Geschenkverpackung-Schwein-4.jpg\" alt=\"\" width=\"800\" height=\"600\" srcset=\"https:\/\/www.sabine-seyffert.de\/blog\/wp-content\/uploads\/2020\/01\/Geschenkverpackung-Schwein-4.jpg 800w, https:\/\/www.sabine-seyffert.de\/blog\/wp-content\/uploads\/2020\/01\/Geschenkverpackung-Schwein-4-300x225.jpg 300w, https:\/\/www.sabine-seyffert.de\/blog\/wp-content\/uploads\/2020\/01\/Geschenkverpackung-Schwein-4-768x576.jpg 768w\" sizes=\"auto, (max-width: 800px) 100vw, 800px\" \/><\/a><\/p>\n<p style=\"text-align: justify;\">Jetzt kommt der Hei\u00dfkleber zum Einsatz. Denn die Ohrspitzen sollten nach vorne klappen und daher habe ich diese mit einem Tropfen Hei\u00dfkleber umgeklappt aufgeklebt.<\/p>\n<p><a href=\"https:\/\/www.sabine-seyffert.de\/blog\/wp-content\/uploads\/2020\/01\/Geschenkverpackung-Schwein-3.jpg\"><img loading=\"lazy\" decoding=\"async\" class=\"alignnone size-full wp-image-15665\" src=\"https:\/\/www.sabine-seyffert.de\/blog\/wp-content\/uploads\/2020\/01\/Geschenkverpackung-Schwein-3.jpg\" alt=\"\" width=\"800\" height=\"600\" srcset=\"https:\/\/www.sabine-seyffert.de\/blog\/wp-content\/uploads\/2020\/01\/Geschenkverpackung-Schwein-3.jpg 800w, https:\/\/www.sabine-seyffert.de\/blog\/wp-content\/uploads\/2020\/01\/Geschenkverpackung-Schwein-3-300x225.jpg 300w, https:\/\/www.sabine-seyffert.de\/blog\/wp-content\/uploads\/2020\/01\/Geschenkverpackung-Schwein-3-768x576.jpg 768w\" sizes=\"auto, (max-width: 800px) 100vw, 800px\" \/><\/a><\/p>\n<p style=\"text-align: justify;\">Die beiden Holzperlen als Augen sowie die rosa Knopfnase fixiert man ebenfalls mit Hei\u00dfkleber, damit diese festkleben.<\/p>\n<p><a href=\"https:\/\/www.sabine-seyffert.de\/blog\/wp-content\/uploads\/2020\/01\/Geschenkverpackung-Schwein-1.jpg\"><img loading=\"lazy\" decoding=\"async\" class=\"alignnone size-full wp-image-15667\" src=\"https:\/\/www.sabine-seyffert.de\/blog\/wp-content\/uploads\/2020\/01\/Geschenkverpackung-Schwein-1.jpg\" alt=\"\" width=\"800\" height=\"600\" srcset=\"https:\/\/www.sabine-seyffert.de\/blog\/wp-content\/uploads\/2020\/01\/Geschenkverpackung-Schwein-1.jpg 800w, https:\/\/www.sabine-seyffert.de\/blog\/wp-content\/uploads\/2020\/01\/Geschenkverpackung-Schwein-1-300x225.jpg 300w, https:\/\/www.sabine-seyffert.de\/blog\/wp-content\/uploads\/2020\/01\/Geschenkverpackung-Schwein-1-768x576.jpg 768w\" sizes=\"auto, (max-width: 800px) 100vw, 800px\" \/><\/a><\/p>\n<p style=\"text-align: justify;\">Alle Ideen rund um das Thema Kindergeburtstag gibt es in <a href=\"https:\/\/www.sabine-seyffert.de\/blog\/?cat=21\" target=\"_blank\" rel=\"noopener noreferrer\">diesem Ordner<\/a>, kreativen Geschenkverpackungen findet ihr in <a href=\"https:\/\/www.sabine-seyffert.de\/blog\/?cat=49\" target=\"_blank\" rel=\"noopener noreferrer\">dieser Kategorie<\/a>, klitzekleine Geschenkideen in <a href=\"https:\/\/www.sabine-seyffert.de\/blog\/?cat=36\" target=\"_blank\" rel=\"noopener noreferrer\">dieser Rubrik<\/a> sowie andere kreative Sachen <a href=\"http:\/\/www.lunaju.de\/2020\/01\/kiddikram-januar-2020.html\" target=\"_blank\" rel=\"noopener nofollow noreferrer\">da<\/a>.<\/p>\n<p style=\"text-align: center;\"><a href=\"https:\/\/www.sabine-seyffert.de\/blog\/wp-content\/uploads\/2020\/01\/Geschenkverpackung-Schwein-11.jpg\"><img loading=\"lazy\" decoding=\"async\" class=\"alignnone size-full wp-image-15666\" src=\"https:\/\/www.sabine-seyffert.de\/blog\/wp-content\/uploads\/2020\/01\/Geschenkverpackung-Schwein-11.jpg\" alt=\"\" width=\"800\" height=\"600\" srcset=\"https:\/\/www.sabine-seyffert.de\/blog\/wp-content\/uploads\/2020\/01\/Geschenkverpackung-Schwein-11.jpg 800w, https:\/\/www.sabine-seyffert.de\/blog\/wp-content\/uploads\/2020\/01\/Geschenkverpackung-Schwein-11-300x225.jpg 300w, https:\/\/www.sabine-seyffert.de\/blog\/wp-content\/uploads\/2020\/01\/Geschenkverpackung-Schwein-11-768x576.jpg 768w\" sizes=\"auto, (max-width: 800px) 100vw, 800px\" \/><\/a><\/p>\n<p style=\"text-align: justify;\"><a href=\"https:\/\/www.sabine-seyffert.de\/blog\/?page_id=32#urheberrecht\">urheberrechtlich gesch\u00fctzt<\/a>, \u00a9 Sabine Seyffert<\/p>\n","protected":false},"excerpt":{"rendered":"<p>Zu Kindergeburtstagen verpacke ich immer besonders gerne Geschenke. Die d\u00fcrfen lustig, bunt und fr\u00f6hlich sein. Dieses Mal war ich kurz vorher im Bastelladen unterwegs und hatte einige Bastelideen ausget\u00fcftelt. Davon war noch ein kleines St\u00fcck rosa Filz \u00fcbrig und schon war die Idee f\u00fcr das Motiv geboren: Ein rosarotes Schweinchen. Das passt vom Motiv her&#8230; <a href=\"https:\/\/www.sabine-seyffert.de\/blog\/diy-geschenkverpackung-sauviel-glueck-zum-geburtstag-ein-schwein-gratuliert-zum-kindergeburtstag\/\" class=\"more-link\">Read more: DIY Geschenkverpackung: Sauviel Gl\u00fcck zum Geburtstag \u2013 ein Schwein gratuliert zum Kindergeburtstag<\/a><\/p>\n","protected":false},"author":2,"featured_media":0,"comment_status":"open","ping_status":"open","sticky":false,"template":"","format":"standard","meta":{"_metis_text_type":"","_metis_text_length":2822,"_post_count":0,"footnotes":""},"categories":[32,49,21,47],"tags":[],"class_list":["post-15658","post","type-post","status-publish","format-standard","hentry","category-kreatives-fur-kleine-kinderhande","category-verpackungsideen","category-kinderfeste-partys","category-upcyceltes"],"_links":{"self":[{"href":"https:\/\/www.sabine-seyffert.de\/blog\/wp-json\/wp\/v2\/posts\/15658","targetHints":{"allow":["GET"]}}],"collection":[{"href":"https:\/\/www.sabine-seyffert.de\/blog\/wp-json\/wp\/v2\/posts"}],"about":[{"href":"https:\/\/www.sabine-seyffert.de\/blog\/wp-json\/wp\/v2\/types\/post"}],"author":[{"embeddable":true,"href":"https:\/\/www.sabine-seyffert.de\/blog\/wp-json\/wp\/v2\/users\/2"}],"replies":[{"embeddable":true,"href":"https:\/\/www.sabine-seyffert.de\/blog\/wp-json\/wp\/v2\/comments?post=15658"}],"version-history":[{"count":2,"href":"https:\/\/www.sabine-seyffert.de\/blog\/wp-json\/wp\/v2\/posts\/15658\/revisions"}],"predecessor-version":[{"id":15669,"href":"https:\/\/www.sabine-seyffert.de\/blog\/wp-json\/wp\/v2\/posts\/15658\/revisions\/15669"}],"wp:attachment":[{"href":"https:\/\/www.sabine-seyffert.de\/blog\/wp-json\/wp\/v2\/media?parent=15658"}],"wp:term":[{"taxonomy":"category","embeddable":true,"href":"https:\/\/www.sabine-seyffert.de\/blog\/wp-json\/wp\/v2\/categories?post=15658"},{"taxonomy":"post_tag","embeddable":true,"href":"https:\/\/www.sabine-seyffert.de\/blog\/wp-json\/wp\/v2\/tags?post=15658"}],"curies":[{"name":"wp","href":"https:\/\/api.w.org\/{rel}","templated":true}]}}