{"id":15645,"date":"2020-01-03T11:45:33","date_gmt":"2020-01-03T09:45:33","guid":{"rendered":"https:\/\/www.sabine-seyffert.de\/blog\/?p=15645"},"modified":"2024-12-02T12:09:12","modified_gmt":"2024-12-02T10:09:12","slug":"diy-geschenkidee-zum-selbermachen-gluecksregen-und-ein-froehlicher-neujahrsgruss","status":"publish","type":"post","link":"https:\/\/www.sabine-seyffert.de\/blog\/diy-geschenkidee-zum-selbermachen-gluecksregen-und-ein-froehlicher-neujahrsgruss\/","title":{"rendered":"DIY Geschenkidee zum Selbermachen: Gl\u00fccksregen und ein fr\u00f6hlicher Neujahrsgru\u00df"},"content":{"rendered":"<p style=\"text-align: justify;\"><img loading=\"lazy\" decoding=\"async\" src=\"https:\/\/vg01.met.vgwort.de\/na\/acd13ea31f1544e481348cc5010004d2\" alt=\"\" width=\"1\" height=\"1\" \/>Das neue Jahr hat begonnen. Daher ist es an der Zeit euch allen ein frohes, neues Jahr zu w\u00fcnschen, das hoffentlich reichlich Sonnenschein, gute Laune und eine gro\u00dfe Portion Gl\u00fccksmomente f\u00fcr alle bereith\u00e4lt. Ich hoffe, ihr seid allesamt putzmunter ins neue Jahr gerutscht und mittlerweile gut in diesem angekommen!<\/p>\n<p style=\"text-align: justify;\">Da man sich oftmals ein gl\u00fcckliches Jahr w\u00fcnscht, habe ich eine klitzekleine Bastelidee f\u00fcr euch. Auch wenn Silvester bereits hinter uns liegt, so kann man zum Jahresbeginn ein wenig \u201eGl\u00fccksregen\u201c verschicken, in der Nachbarschaft und im Freundeskreis verteilen oder diese Idee auch f\u00fcr einen Geburtstag (und andere Anl\u00e4sse) nutzen. Eben dann, wenn man gerne ein wenig Gl\u00fcck verschenken m\u00f6chte. Zumal es bei vielen mittlerweile \u00fcblich ist, statt Weihnachtspost Neujahrsgr\u00fc\u00dfe zu verschicken.<\/p>\n<p style=\"text-align: center;\"><a href=\"https:\/\/www.sabine-seyffert.de\/blog\/wp-content\/uploads\/2020\/01\/Postkarte-Gl\u00fcck-Sabine-Seyffert.de-5.jpg\"><img loading=\"lazy\" decoding=\"async\" class=\"alignnone size-full wp-image-15646\" src=\"https:\/\/www.sabine-seyffert.de\/blog\/wp-content\/uploads\/2020\/01\/Postkarte-Gl\u00fcck-Sabine-Seyffert.de-5.jpg\" alt=\"\" width=\"800\" height=\"600\" srcset=\"https:\/\/www.sabine-seyffert.de\/blog\/wp-content\/uploads\/2020\/01\/Postkarte-Gl\u00fcck-Sabine-Seyffert.de-5.jpg 800w, https:\/\/www.sabine-seyffert.de\/blog\/wp-content\/uploads\/2020\/01\/Postkarte-Gl\u00fcck-Sabine-Seyffert.de-5-300x225.jpg 300w, https:\/\/www.sabine-seyffert.de\/blog\/wp-content\/uploads\/2020\/01\/Postkarte-Gl\u00fcck-Sabine-Seyffert.de-5-768x576.jpg 768w\" sizes=\"auto, (max-width: 800px) 100vw, 800px\" \/><\/a><\/p>\n<p style=\"text-align: justify;\"><strong>Das wird gebraucht:<\/strong><br \/>\nEine Blanko Postkarte (oder alternativ wei\u00dfes Tonpapier), einen PC samt Drucker oder Stempel samt Stempelkissen, wei\u00dfes N\u00e4hgarn, eine N\u00e4hmaschine, eine Bastelschere, einen Bleistift, Butterbrotpapier o.\u00e4., gr\u00fcnes Papier, Motivlocher Kleeblatt und eine Lochzange (oder ein B\u00fcrolocher)<\/p>\n<p style=\"text-align: center;\"><a href=\"https:\/\/www.sabine-seyffert.de\/blog\/wp-content\/uploads\/2020\/01\/Postkarte-Gl\u00fcck-Sabine-Seyffert.de-9.jpg\"><img loading=\"lazy\" decoding=\"async\" class=\"alignnone size-full wp-image-15647\" src=\"https:\/\/www.sabine-seyffert.de\/blog\/wp-content\/uploads\/2020\/01\/Postkarte-Gl\u00fcck-Sabine-Seyffert.de-9.jpg\" alt=\"\" width=\"800\" height=\"600\" srcset=\"https:\/\/www.sabine-seyffert.de\/blog\/wp-content\/uploads\/2020\/01\/Postkarte-Gl\u00fcck-Sabine-Seyffert.de-9.jpg 800w, https:\/\/www.sabine-seyffert.de\/blog\/wp-content\/uploads\/2020\/01\/Postkarte-Gl\u00fcck-Sabine-Seyffert.de-9-300x225.jpg 300w, https:\/\/www.sabine-seyffert.de\/blog\/wp-content\/uploads\/2020\/01\/Postkarte-Gl\u00fcck-Sabine-Seyffert.de-9-768x576.jpg 768w\" sizes=\"auto, (max-width: 800px) 100vw, 800px\" \/><\/a><\/p>\n<p style=\"text-align: justify;\"><strong>So wird\u2019s gemacht:<\/strong><br \/>\nWenn ihr mehrere Postkarten ben\u00f6tigt ist es am einfachsten, wenn man Blanko Postkarten (oder uni wei\u00dfe Karteikarten) verwendet. Diese k\u00f6nnt ihr mit dem gew\u00fcnschten Schriftzug bedrucken, beschriften oder bestempeln.<\/p>\n<p style=\"text-align: center;\"><a href=\"https:\/\/www.sabine-seyffert.de\/blog\/wp-content\/uploads\/2020\/01\/Postkarte-Gl\u00fcck-Sabine-Seyffert.de-7.jpg\"><img loading=\"lazy\" decoding=\"async\" class=\"alignnone size-full wp-image-15648\" src=\"https:\/\/www.sabine-seyffert.de\/blog\/wp-content\/uploads\/2020\/01\/Postkarte-Gl\u00fcck-Sabine-Seyffert.de-7.jpg\" alt=\"\" width=\"800\" height=\"600\" srcset=\"https:\/\/www.sabine-seyffert.de\/blog\/wp-content\/uploads\/2020\/01\/Postkarte-Gl\u00fcck-Sabine-Seyffert.de-7.jpg 800w, https:\/\/www.sabine-seyffert.de\/blog\/wp-content\/uploads\/2020\/01\/Postkarte-Gl\u00fcck-Sabine-Seyffert.de-7-300x225.jpg 300w, https:\/\/www.sabine-seyffert.de\/blog\/wp-content\/uploads\/2020\/01\/Postkarte-Gl\u00fcck-Sabine-Seyffert.de-7-768x576.jpg 768w\" sizes=\"auto, (max-width: 800px) 100vw, 800px\" \/><\/a><\/p>\n<p style=\"text-align: justify;\">F\u00fcr den Gl\u00fccksregen selbst, habe ich aus gr\u00fcnen Papierresten mit dem Motivstanzer allerhand Kleebl\u00e4tter gelocht und mit der Lochzange noch Mini Konfetti produziert. Damit l\u00e4sst sich die gro\u00dfe Gl\u00fcckswolke ganz wunderbar bef\u00fcllen.<\/p>\n<p style=\"text-align: center;\"><a href=\"https:\/\/www.sabine-seyffert.de\/blog\/wp-content\/uploads\/2020\/01\/Postkarte-Gl\u00fcck-Sabine-Seyffert.de-6.jpg\"><img loading=\"lazy\" decoding=\"async\" class=\"alignnone size-full wp-image-15649\" src=\"https:\/\/www.sabine-seyffert.de\/blog\/wp-content\/uploads\/2020\/01\/Postkarte-Gl\u00fcck-Sabine-Seyffert.de-6.jpg\" alt=\"\" width=\"800\" height=\"600\" srcset=\"https:\/\/www.sabine-seyffert.de\/blog\/wp-content\/uploads\/2020\/01\/Postkarte-Gl\u00fcck-Sabine-Seyffert.de-6.jpg 800w, https:\/\/www.sabine-seyffert.de\/blog\/wp-content\/uploads\/2020\/01\/Postkarte-Gl\u00fcck-Sabine-Seyffert.de-6-300x225.jpg 300w, https:\/\/www.sabine-seyffert.de\/blog\/wp-content\/uploads\/2020\/01\/Postkarte-Gl\u00fcck-Sabine-Seyffert.de-6-768x576.jpg 768w\" sizes=\"auto, (max-width: 800px) 100vw, 800px\" \/><\/a><\/p>\n<p style=\"text-align: justify;\">Aus Butterpapier habe ich gro\u00dfe Wolken geschnitten (die von der Gr\u00f6\u00dfe her auf die Postkarten passen).<\/p>\n<p style=\"text-align: center;\"><a href=\"https:\/\/www.sabine-seyffert.de\/blog\/wp-content\/uploads\/2020\/01\/Postkarte-Gl\u00fcck-Sabine-Seyffert.de-0.jpg\"><img loading=\"lazy\" decoding=\"async\" class=\"alignnone size-full wp-image-15650\" src=\"https:\/\/www.sabine-seyffert.de\/blog\/wp-content\/uploads\/2020\/01\/Postkarte-Gl\u00fcck-Sabine-Seyffert.de-0.jpg\" alt=\"\" width=\"800\" height=\"600\" srcset=\"https:\/\/www.sabine-seyffert.de\/blog\/wp-content\/uploads\/2020\/01\/Postkarte-Gl\u00fcck-Sabine-Seyffert.de-0.jpg 800w, https:\/\/www.sabine-seyffert.de\/blog\/wp-content\/uploads\/2020\/01\/Postkarte-Gl\u00fcck-Sabine-Seyffert.de-0-300x225.jpg 300w, https:\/\/www.sabine-seyffert.de\/blog\/wp-content\/uploads\/2020\/01\/Postkarte-Gl\u00fcck-Sabine-Seyffert.de-0-768x576.jpg 768w\" sizes=\"auto, (max-width: 800px) 100vw, 800px\" \/><\/a><\/p>\n<p style=\"text-align: justify;\">Anschlie\u00dfend legt man diese mittig auf die Karte und n\u00e4ht diese etwa bis zur H\u00e4lfte auf die Gru\u00dfkarte, bef\u00fcllt diese mit dem Gl\u00fccksklee und Konfetti und n\u00e4ht dann die zweite H\u00e4lfte der Wolke mit einer einfachen Naht zu.<\/p>\n<p style=\"text-align: center;\"><a href=\"https:\/\/www.sabine-seyffert.de\/blog\/wp-content\/uploads\/2020\/01\/Postkarte-Gl\u00fcck-Sabine-Seyffert.de-3.jpg\"><img loading=\"lazy\" decoding=\"async\" class=\"alignnone size-full wp-image-15651\" src=\"https:\/\/www.sabine-seyffert.de\/blog\/wp-content\/uploads\/2020\/01\/Postkarte-Gl\u00fcck-Sabine-Seyffert.de-3.jpg\" alt=\"\" width=\"800\" height=\"600\" srcset=\"https:\/\/www.sabine-seyffert.de\/blog\/wp-content\/uploads\/2020\/01\/Postkarte-Gl\u00fcck-Sabine-Seyffert.de-3.jpg 800w, https:\/\/www.sabine-seyffert.de\/blog\/wp-content\/uploads\/2020\/01\/Postkarte-Gl\u00fcck-Sabine-Seyffert.de-3-300x225.jpg 300w, https:\/\/www.sabine-seyffert.de\/blog\/wp-content\/uploads\/2020\/01\/Postkarte-Gl\u00fcck-Sabine-Seyffert.de-3-768x576.jpg 768w\" sizes=\"auto, (max-width: 800px) 100vw, 800px\" \/><\/a><\/p>\n<p style=\"text-align: justify;\"><strong>Ein kleiner Tipp:<\/strong><br \/>\nEin paar der Kleebl\u00e4tter kann man zu guter Letzt noch um die Wolke herum auf die Sch\u00fcttelkarte kleben!<\/p>\n<p style=\"text-align: center;\"><a href=\"https:\/\/www.sabine-seyffert.de\/blog\/wp-content\/uploads\/2020\/01\/Postkarte-Gl\u00fcck-Sabine-Seyffert.de-1.jpg\"><img loading=\"lazy\" decoding=\"async\" class=\"alignnone size-full wp-image-15652\" src=\"https:\/\/www.sabine-seyffert.de\/blog\/wp-content\/uploads\/2020\/01\/Postkarte-Gl\u00fcck-Sabine-Seyffert.de-1.jpg\" alt=\"\" width=\"800\" height=\"600\" srcset=\"https:\/\/www.sabine-seyffert.de\/blog\/wp-content\/uploads\/2020\/01\/Postkarte-Gl\u00fcck-Sabine-Seyffert.de-1.jpg 800w, https:\/\/www.sabine-seyffert.de\/blog\/wp-content\/uploads\/2020\/01\/Postkarte-Gl\u00fcck-Sabine-Seyffert.de-1-300x225.jpg 300w, https:\/\/www.sabine-seyffert.de\/blog\/wp-content\/uploads\/2020\/01\/Postkarte-Gl\u00fcck-Sabine-Seyffert.de-1-768x576.jpg 768w\" sizes=\"auto, (max-width: 800px) 100vw, 800px\" \/><\/a><\/p>\n<p style=\"text-align: justify;\">Weitere selbst gemachte Geschenkideen findet ihr \u00fcbrigens in <a href=\"https:\/\/www.sabine-seyffert.de\/blog\/?cat=36\" target=\"_blank\" rel=\"noopener noreferrer\">dieser Blog Kategorie<\/a>, alle Bastelanleitung f\u00fcr Gru\u00dfkarten zu ganz unterschiedlichen Anl\u00e4ssen mit detaillierter Anleitung gibt es in <a href=\"https:\/\/www.sabine-seyffert.de\/blog\/?cat=51\" target=\"_blank\" rel=\"noopener noreferrer\">dieser Rubrik<\/a>, alles rund um die Winterzeit sind in <a href=\"https:\/\/www.sabine-seyffert.de\/blog\/?cat=22\" target=\"_blank\" rel=\"noopener noreferrer\">diesem Blog Ordner<\/a> zu finden und kunterbunte N\u00e4hideen an <a href=\"https:\/\/www.sabine-seyffert.de\/blog\/?cat=33\" target=\"_blank\" rel=\"noopener noreferrer\">dieser Stelle<\/a>.<\/p>\n<p style=\"text-align: center;\"><a href=\"https:\/\/www.sabine-seyffert.de\/blog\/wp-content\/uploads\/2020\/01\/Postkarte-Gl\u00fcck-Sabine-Seyffert.de-8.jpg\"><img loading=\"lazy\" decoding=\"async\" class=\"alignnone size-full wp-image-15653\" src=\"https:\/\/www.sabine-seyffert.de\/blog\/wp-content\/uploads\/2020\/01\/Postkarte-Gl\u00fcck-Sabine-Seyffert.de-8.jpg\" alt=\"\" width=\"800\" height=\"600\" srcset=\"https:\/\/www.sabine-seyffert.de\/blog\/wp-content\/uploads\/2020\/01\/Postkarte-Gl\u00fcck-Sabine-Seyffert.de-8.jpg 800w, https:\/\/www.sabine-seyffert.de\/blog\/wp-content\/uploads\/2020\/01\/Postkarte-Gl\u00fcck-Sabine-Seyffert.de-8-300x225.jpg 300w, https:\/\/www.sabine-seyffert.de\/blog\/wp-content\/uploads\/2020\/01\/Postkarte-Gl\u00fcck-Sabine-Seyffert.de-8-768x576.jpg 768w\" sizes=\"auto, (max-width: 800px) 100vw, 800px\" \/><\/a><\/p>\n<p style=\"text-align: justify;\"><a href=\"https:\/\/www.sabine-seyffert.de\/blog\/?page_id=32#urheberrecht\">urheberrechtlich gesch\u00fctzt<\/a>, \u00a9 Sabine Seyffert<\/p>\n","protected":false},"excerpt":{"rendered":"<p>Das neue Jahr hat begonnen. Daher ist es an der Zeit euch allen ein frohes, neues Jahr zu w\u00fcnschen, das hoffentlich reichlich Sonnenschein, gute Laune und eine gro\u00dfe Portion Gl\u00fccksmomente f\u00fcr alle bereith\u00e4lt. Ich hoffe, ihr seid allesamt putzmunter ins neue Jahr gerutscht und mittlerweile gut in diesem angekommen! Da man sich oftmals ein gl\u00fcckliches&#8230; <a href=\"https:\/\/www.sabine-seyffert.de\/blog\/diy-geschenkidee-zum-selbermachen-gluecksregen-und-ein-froehlicher-neujahrsgruss\/\" class=\"more-link\">Read more: DIY Geschenkidee zum Selbermachen: Gl\u00fccksregen und ein fr\u00f6hlicher Neujahrsgru\u00df<\/a><\/p>\n","protected":false},"author":2,"featured_media":0,"comment_status":"open","ping_status":"open","sticky":false,"template":"","format":"standard","meta":{"_metis_text_type":"standard","_metis_text_length":2380,"_post_count":0,"footnotes":""},"categories":[36,33,51,60,22],"tags":[],"class_list":["post-15645","post","type-post","status-publish","format-standard","hentry","category-klitzekleine-geschenkideen","category-kreative-naherein","category-postkarten-grusskarten","category-silvester","category-winter"],"_links":{"self":[{"href":"https:\/\/www.sabine-seyffert.de\/blog\/wp-json\/wp\/v2\/posts\/15645","targetHints":{"allow":["GET"]}}],"collection":[{"href":"https:\/\/www.sabine-seyffert.de\/blog\/wp-json\/wp\/v2\/posts"}],"about":[{"href":"https:\/\/www.sabine-seyffert.de\/blog\/wp-json\/wp\/v2\/types\/post"}],"author":[{"embeddable":true,"href":"https:\/\/www.sabine-seyffert.de\/blog\/wp-json\/wp\/v2\/users\/2"}],"replies":[{"embeddable":true,"href":"https:\/\/www.sabine-seyffert.de\/blog\/wp-json\/wp\/v2\/comments?post=15645"}],"version-history":[{"count":5,"href":"https:\/\/www.sabine-seyffert.de\/blog\/wp-json\/wp\/v2\/posts\/15645\/revisions"}],"predecessor-version":[{"id":29129,"href":"https:\/\/www.sabine-seyffert.de\/blog\/wp-json\/wp\/v2\/posts\/15645\/revisions\/29129"}],"wp:attachment":[{"href":"https:\/\/www.sabine-seyffert.de\/blog\/wp-json\/wp\/v2\/media?parent=15645"}],"wp:term":[{"taxonomy":"category","embeddable":true,"href":"https:\/\/www.sabine-seyffert.de\/blog\/wp-json\/wp\/v2\/categories?post=15645"},{"taxonomy":"post_tag","embeddable":true,"href":"https:\/\/www.sabine-seyffert.de\/blog\/wp-json\/wp\/v2\/tags?post=15645"}],"curies":[{"name":"wp","href":"https:\/\/api.w.org\/{rel}","templated":true}]}}