{"id":15636,"date":"2019-12-23T10:51:49","date_gmt":"2019-12-23T08:51:49","guid":{"rendered":"https:\/\/www.sabine-seyffert.de\/blog\/?p=15636"},"modified":"2022-12-06T11:17:50","modified_gmt":"2022-12-06T09:17:50","slug":"frohe-weihnachten-lieben-dank","status":"publish","type":"post","link":"https:\/\/www.sabine-seyffert.de\/blog\/frohe-weihnachten-lieben-dank\/","title":{"rendered":"Frohe Weihnachten &#038; lieben Dank"},"content":{"rendered":"<p style=\"text-align: justify;\"><img loading=\"lazy\" decoding=\"async\" src=\"https:\/\/vg01.met.vgwort.de\/na\/a2d93d7af70f43e4897f5559d9fa9f29\" alt=\"\" width=\"1\" height=\"1\" \/>Morgen ist es endlich soweit: Weihnachten ist da!<\/p>\n<p style=\"text-align: center;\"><a href=\"https:\/\/www.sabine-seyffert.de\/blog\/wp-content\/uploads\/2019\/12\/Adventskalender-Packpapier-Sabine-Seyffert.de-4.jpg\"><img loading=\"lazy\" decoding=\"async\" class=\"alignnone size-full wp-image-15640\" src=\"https:\/\/www.sabine-seyffert.de\/blog\/wp-content\/uploads\/2019\/12\/Adventskalender-Packpapier-Sabine-Seyffert.de-4.jpg\" alt=\"\" width=\"600\" height=\"800\" srcset=\"https:\/\/www.sabine-seyffert.de\/blog\/wp-content\/uploads\/2019\/12\/Adventskalender-Packpapier-Sabine-Seyffert.de-4.jpg 600w, https:\/\/www.sabine-seyffert.de\/blog\/wp-content\/uploads\/2019\/12\/Adventskalender-Packpapier-Sabine-Seyffert.de-4-225x300.jpg 225w\" sizes=\"auto, (max-width: 600px) 100vw, 600px\" \/><\/a><\/p>\n<p style=\"text-align: justify;\">Hier hat sich die letzten Tage das Haus gef\u00fcllt und die letzten Vorbereitungen sind erledigt, noch ein Schwung frischer <a href=\"https:\/\/www.sabine-seyffert.de\/blog\/?cat=43\" target=\"_blank\" rel=\"noopener noreferrer\">Weihnachtspl\u00e4tzchen zum Verschenken<\/a> wurde gestern gebacken und auch die <a href=\"https:\/\/www.sabine-seyffert.de\/blog\/?p=15553\" target=\"_blank\" rel=\"noopener noreferrer\">Weihnachtspost<\/a> f\u00fcr die liebe Nachbarschaft in den Briefk\u00e4sten verteilt. Sogar einen gem\u00fctlichen Familienausflug zu einem meiner liebsten Weihnachtsm\u00e4rkte durften wir am Wochenende genie\u00dfen. Bei f\u00fcr diese Jahreszeit sehr ungew\u00f6hnlichen, milden Temperaturen.<\/p>\n<p style=\"text-align: justify;\">Nun kehrt hier langsam aber sicher Ruhe ein und ich freue mich nach einem recht arbeitsreichen Jahr auf ganze zwei Wochen Weihnachtsferien: Kein Weckerklingeln in der Fr\u00fch, keine Termine oder Verpflichtungen, daf\u00fcr aber ganz viel Familienzeit und Zeit zum Lesen, Spielen, Faulenzen, Tr\u00e4umen und Entspannen. Heute Morgen habe ich bereits den Weihnachtseinkauf erledigt und gleich kommt lieber Besuch vorbei.<\/p>\n<p style=\"text-align: justify;\">Aus diesem Grund verabschiede ich mich in eine kleine Weihnachtspause und melde mich nach den Ferien mit allerhand neuen Ideen bei euch zur\u00fcck!<\/p>\n<p style=\"text-align: justify;\">Daher m\u00f6chte ich euch und euren Familien an dieser Stelle ein ganz gem\u00fctliches Weihnachtsfest w\u00fcnschen. Mit lieben Leuten an eurer Seite, reichlich Lichterglanz, knusprigen Weihnachtsleckereien, funkelnden Kerzen und einer wohltuenden Dosis an Weihnachtszauber, der nat\u00fcrlich nicht fehlen darf\u2026<\/p>\n<p style=\"text-align: justify;\">Ebenso bedanke ich mich bei euch f\u00fcr die vielen Besuche hier, die netten R\u00fcckmeldungen und Kommentare zu meinen Ideen. Dar\u00fcber freue ich mich sehr \u2013 sch\u00f6n, dass ihr alle da seid und gerne auf meiner Insel der Stille vorbei schaut! Denn genau dies macht meine kreativen DIY, Rezepte, Basteleien und Co. so wunderbar lebendig. Und es freut mich immer wieder, wenn euch meine Ideen inspirieren und ebenfalls zum kreativen Tun ermuntern.<\/p>\n<p><a href=\"https:\/\/www.sabine-seyffert.de\/blog\/wp-content\/uploads\/2019\/12\/Weihnachtsbaum-aus-Stollensternen.jpg\"><img loading=\"lazy\" decoding=\"async\" class=\"alignnone size-full wp-image-15637 aligncenter\" src=\"https:\/\/www.sabine-seyffert.de\/blog\/wp-content\/uploads\/2019\/12\/Weihnachtsbaum-aus-Stollensternen.jpg\" alt=\"\" width=\"600\" height=\"800\" srcset=\"https:\/\/www.sabine-seyffert.de\/blog\/wp-content\/uploads\/2019\/12\/Weihnachtsbaum-aus-Stollensternen.jpg 600w, https:\/\/www.sabine-seyffert.de\/blog\/wp-content\/uploads\/2019\/12\/Weihnachtsbaum-aus-Stollensternen-225x300.jpg 225w\" sizes=\"auto, (max-width: 600px) 100vw, 600px\" \/><\/a><\/p>\n<p style=\"text-align: center;\">Frohe Weihnachten und einen guten Rutsch ins neue Jahr,<\/p>\n<p style=\"text-align: center;\">eure Sabine<\/p>\n<p style=\"text-align: justify;\"><a href=\"https:\/\/www.sabine-seyffert.de\/blog\/?page_id=32#urheberrecht\">urheberrechtlich gesch\u00fctzt<\/a>, \u00a9 Sabine Seyffert<\/p>\n","protected":false},"excerpt":{"rendered":"<p>Morgen ist es endlich soweit: Weihnachten ist da! Hier hat sich die letzten Tage das Haus gef\u00fcllt und die letzten Vorbereitungen sind erledigt, noch ein Schwung frischer Weihnachtspl\u00e4tzchen zum Verschenken wurde gestern gebacken und auch die Weihnachtspost f\u00fcr die liebe Nachbarschaft in den Briefk\u00e4sten verteilt. Sogar einen gem\u00fctlichen Familienausflug zu einem meiner liebsten Weihnachtsm\u00e4rkte durften&#8230; <a href=\"https:\/\/www.sabine-seyffert.de\/blog\/frohe-weihnachten-lieben-dank\/\" class=\"more-link\">Read more: Frohe Weihnachten &#038; lieben Dank<\/a><\/p>\n","protected":false},"author":2,"featured_media":0,"comment_status":"open","ping_status":"open","sticky":false,"template":"","format":"standard","meta":{"_metis_text_type":"","_metis_text_length":1892,"_post_count":0,"footnotes":""},"categories":[41,22],"tags":[],"class_list":["post-15636","post","type-post","status-publish","format-standard","hentry","category-weihnachten","category-winter"],"_links":{"self":[{"href":"https:\/\/www.sabine-seyffert.de\/blog\/wp-json\/wp\/v2\/posts\/15636","targetHints":{"allow":["GET"]}}],"collection":[{"href":"https:\/\/www.sabine-seyffert.de\/blog\/wp-json\/wp\/v2\/posts"}],"about":[{"href":"https:\/\/www.sabine-seyffert.de\/blog\/wp-json\/wp\/v2\/types\/post"}],"author":[{"embeddable":true,"href":"https:\/\/www.sabine-seyffert.de\/blog\/wp-json\/wp\/v2\/users\/2"}],"replies":[{"embeddable":true,"href":"https:\/\/www.sabine-seyffert.de\/blog\/wp-json\/wp\/v2\/comments?post=15636"}],"version-history":[{"count":7,"href":"https:\/\/www.sabine-seyffert.de\/blog\/wp-json\/wp\/v2\/posts\/15636\/revisions"}],"predecessor-version":[{"id":24768,"href":"https:\/\/www.sabine-seyffert.de\/blog\/wp-json\/wp\/v2\/posts\/15636\/revisions\/24768"}],"wp:attachment":[{"href":"https:\/\/www.sabine-seyffert.de\/blog\/wp-json\/wp\/v2\/media?parent=15636"}],"wp:term":[{"taxonomy":"category","embeddable":true,"href":"https:\/\/www.sabine-seyffert.de\/blog\/wp-json\/wp\/v2\/categories?post=15636"},{"taxonomy":"post_tag","embeddable":true,"href":"https:\/\/www.sabine-seyffert.de\/blog\/wp-json\/wp\/v2\/tags?post=15636"}],"curies":[{"name":"wp","href":"https:\/\/api.w.org\/{rel}","templated":true}]}}