{"id":15594,"date":"2019-12-16T10:53:12","date_gmt":"2019-12-16T08:53:12","guid":{"rendered":"https:\/\/www.sabine-seyffert.de\/blog\/?p=15594"},"modified":"2022-12-06T11:20:29","modified_gmt":"2022-12-06T09:20:29","slug":"rezept-fuer-weihnachtlichen-hefezopf-mit-gebrannten-mandeln-geschenke-aus-der-kueche","status":"publish","type":"post","link":"https:\/\/www.sabine-seyffert.de\/blog\/rezept-fuer-weihnachtlichen-hefezopf-mit-gebrannten-mandeln-geschenke-aus-der-kueche\/","title":{"rendered":"Rezept f\u00fcr weihnachtlichen Hefezopf mit gebrannten Mandeln \u2013 Geschenke aus der K\u00fcche"},"content":{"rendered":"<p style=\"text-align: justify;\"><img loading=\"lazy\" decoding=\"async\" src=\"https:\/\/vg06.met.vgwort.de\/na\/1fd6d149a9a7402599f790dff83f1d17\" alt=\"\" width=\"1\" height=\"1\" \/>Bei uns ist es an den Wochenenden \u00fcblich, dass es zum Fr\u00fchst\u00fcck selbst gebackenen Stuten gibt. Bei der Zubereitung variiere ich gerne und probiere dann und wann schon mal neue Rezeptideen bzw. Zutaten aus. Im letzten Jahr habe ich euch den selbst gemachten <a href=\"https:\/\/www.sabine-seyffert.de\/blog\/?p=11532\" target=\"_blank\" rel=\"noopener noreferrer\">Hefezopf mit Spekulatius<\/a> auf dem Blog gezeigt, den man prima in der Weihnachtszeit als Geschenk aus der K\u00fcche nutzen kann. Da der so gut ankam, habe ich mich nun an einem s\u00fc\u00dfen Weihnachtsbrot mit <a href=\"https:\/\/www.sabine-seyffert.de\/blog\/?p=15529\" target=\"_blank\" rel=\"noopener noreferrer\">gebrannten Mandeln<\/a> versucht. Ausgesprochen k\u00f6stlich, ihr solltet es unbedingt mal probieren!<\/p>\n<p style=\"text-align: center;\"><a href=\"https:\/\/www.sabine-seyffert.de\/blog\/wp-content\/uploads\/2019\/12\/Hefezopf-mit-gebrannten-Mandeln-6.jpg\"><img loading=\"lazy\" decoding=\"async\" class=\"alignnone size-full wp-image-15595\" src=\"https:\/\/www.sabine-seyffert.de\/blog\/wp-content\/uploads\/2019\/12\/Hefezopf-mit-gebrannten-Mandeln-6.jpg\" alt=\"\" width=\"800\" height=\"600\" srcset=\"https:\/\/www.sabine-seyffert.de\/blog\/wp-content\/uploads\/2019\/12\/Hefezopf-mit-gebrannten-Mandeln-6.jpg 800w, https:\/\/www.sabine-seyffert.de\/blog\/wp-content\/uploads\/2019\/12\/Hefezopf-mit-gebrannten-Mandeln-6-300x225.jpg 300w, https:\/\/www.sabine-seyffert.de\/blog\/wp-content\/uploads\/2019\/12\/Hefezopf-mit-gebrannten-Mandeln-6-768x576.jpg 768w\" sizes=\"auto, (max-width: 800px) 100vw, 800px\" \/><\/a><\/p>\n<p style=\"text-align: justify;\"><strong>Das wird gebraucht:<\/strong><br \/>\n500 g Mehl, 80 g Zucker, 80 bis 100 g Margarine, 1 P\u00e4ckchen Backpulver, 1 P\u00e4ckchen Trockenhefe, 1 kleiner Becher Vanillepudding (in unserem Fall Sojapudding mit Vanillegeschmack), 1 Vanilleschote, 200 ml Milch (Pflanzliche oder f\u00fcr Nicht-Veganer normale Kuhmilch), 1 TL Ei Ersatzpulver oder ein normales Ei, 1 gestrichener Teel\u00f6ffel weihnachtliche Gew\u00fcrzmischung (bsp. Stollengew\u00fcrz, Lebkuchen o.\u00e4.) 1 kleine T\u00fcte gebrannte Mandeln (frisch zubereitet nach <a href=\"https:\/\/www.sabine-seyffert.de\/blog\/?p=15529\" target=\"_blank\" rel=\"noopener noreferrer\">diesem Rezept<\/a> oder frisch vom Weihnachtsmarkt), etwas Sojacuisine \/ Sojasahne oder normale s\u00fc\u00dfe Sahne zum Bestreichen sowie etwas Mehl zum Ausrollen.<\/p>\n<p style=\"text-align: center;\"><a href=\"https:\/\/www.sabine-seyffert.de\/blog\/wp-content\/uploads\/2019\/12\/Hefezopf-mit-gebrannten-Mandeln-3.jpg\"><img loading=\"lazy\" decoding=\"async\" class=\"alignnone size-full wp-image-15596\" src=\"https:\/\/www.sabine-seyffert.de\/blog\/wp-content\/uploads\/2019\/12\/Hefezopf-mit-gebrannten-Mandeln-3.jpg\" alt=\"\" width=\"800\" height=\"600\" srcset=\"https:\/\/www.sabine-seyffert.de\/blog\/wp-content\/uploads\/2019\/12\/Hefezopf-mit-gebrannten-Mandeln-3.jpg 800w, https:\/\/www.sabine-seyffert.de\/blog\/wp-content\/uploads\/2019\/12\/Hefezopf-mit-gebrannten-Mandeln-3-300x225.jpg 300w, https:\/\/www.sabine-seyffert.de\/blog\/wp-content\/uploads\/2019\/12\/Hefezopf-mit-gebrannten-Mandeln-3-768x576.jpg 768w\" sizes=\"auto, (max-width: 800px) 100vw, 800px\" \/><\/a><\/p>\n<p style=\"text-align: justify;\"><strong>So wird\u2019s gemacht:<\/strong><br \/>\nZuerst gibt man das Ei Ersatzpulver in eine gro\u00dfe R\u00fchrsch\u00fcssel und verr\u00fchrt dieses mit lauwarmem Leitungswasser zu einem kl\u00fcmpchenfreien Brei. Anschlie\u00dfend erhitzt ihr die Milch samt der Margarine in einem kleinen Topf.<br \/>\nDas Mehl, Zucker, Backpulver, die Hefe, den Pudding, die Gew\u00fcrze sowie das ausgekratzte Mark einer Vanilleschote gebt ihr mit in die R\u00fchrsch\u00fcssel zu dem anger\u00fchrten Ei.<\/p>\n<p style=\"text-align: center;\"><a href=\"https:\/\/www.sabine-seyffert.de\/blog\/wp-content\/uploads\/2019\/12\/Hefezopf-mit-gebrannten-Mandeln-2.jpg\"><img loading=\"lazy\" decoding=\"async\" class=\"alignnone size-full wp-image-15597\" src=\"https:\/\/www.sabine-seyffert.de\/blog\/wp-content\/uploads\/2019\/12\/Hefezopf-mit-gebrannten-Mandeln-2.jpg\" alt=\"\" width=\"800\" height=\"600\" srcset=\"https:\/\/www.sabine-seyffert.de\/blog\/wp-content\/uploads\/2019\/12\/Hefezopf-mit-gebrannten-Mandeln-2.jpg 800w, https:\/\/www.sabine-seyffert.de\/blog\/wp-content\/uploads\/2019\/12\/Hefezopf-mit-gebrannten-Mandeln-2-300x225.jpg 300w, https:\/\/www.sabine-seyffert.de\/blog\/wp-content\/uploads\/2019\/12\/Hefezopf-mit-gebrannten-Mandeln-2-768x576.jpg 768w\" sizes=\"auto, (max-width: 800px) 100vw, 800px\" \/><\/a><\/p>\n<p style=\"text-align: justify;\">Sobald die Margarine in der warmen Milch geschmolzen ist, gebt ihr diese Fl\u00fcssigkeit dazu und knetet alles zu einem Teig. Hat dieser die richtige Konsistenz, kommen die gebrannten Mandeln zum Einsatz. Die gibt man auf ein gro\u00dfes Brettchen und hackt diese mit einem gro\u00dfen Messer in kleine St\u00fcckchen. Diese Mandelsplitter knetet ihr nun gleichm\u00e4\u00dfig unter den Hefeteig und lasst diesen rund 45 Minuten an einem warmen Ort ruhen.<\/p>\n<p style=\"text-align: center;\"><a href=\"https:\/\/www.sabine-seyffert.de\/blog\/wp-content\/uploads\/2019\/12\/Hefezopf-mit-gebrannten-Mandeln-7.jpg\"><img loading=\"lazy\" decoding=\"async\" class=\"alignnone size-full wp-image-15598\" src=\"https:\/\/www.sabine-seyffert.de\/blog\/wp-content\/uploads\/2019\/12\/Hefezopf-mit-gebrannten-Mandeln-7.jpg\" alt=\"\" width=\"800\" height=\"600\" srcset=\"https:\/\/www.sabine-seyffert.de\/blog\/wp-content\/uploads\/2019\/12\/Hefezopf-mit-gebrannten-Mandeln-7.jpg 800w, https:\/\/www.sabine-seyffert.de\/blog\/wp-content\/uploads\/2019\/12\/Hefezopf-mit-gebrannten-Mandeln-7-300x225.jpg 300w, https:\/\/www.sabine-seyffert.de\/blog\/wp-content\/uploads\/2019\/12\/Hefezopf-mit-gebrannten-Mandeln-7-768x576.jpg 768w\" sizes=\"auto, (max-width: 800px) 100vw, 800px\" \/><\/a><\/p>\n<p style=\"text-align: justify;\">Anschlie\u00dfend teilt man den Teig in 3 gleichgro\u00dfe St\u00fccke, rollte diese auf etwas Mehl zu einem langen Strang und flechtet daraus einen Zopf. Den bestreicht man d\u00fcnn mit Sahne und legt ihn auf ein gefettetes Backblech und backt diesen ca. 45 Minuten bei 160\u00b0C. Nach dem Ausk\u00fchlen mit etwas Puderzucker bestreuen, verschenken oder selbst genie\u00dfen.<br \/>\nDazu schmeckt hervorragend selbst gemachte Weihnachtsmarmelade, wie dieser <a href=\"https:\/\/www.sabine-seyffert.de\/blog\/?p=15444\" target=\"_blank\" rel=\"noopener noreferrer\">Apfel-Marzipan-Aufstrich<\/a>, die k\u00f6stliche <a href=\"https:\/\/www.sabine-seyffert.de\/blog\/?p=13622\" target=\"_blank\" rel=\"noopener noreferrer\">Bratapfelmarmelade<\/a>, <a href=\"https:\/\/www.sabine-seyffert.de\/blog\/?p=6688\" target=\"_blank\" rel=\"noopener noreferrer\">Marzipanbutter<\/a>, <a href=\"https:\/\/www.sabine-seyffert.de\/blog\/?p=9096\" target=\"_blank\" rel=\"noopener noreferrer\">Kirschmohn<\/a>&#8211; oder <a href=\"https:\/\/www.sabine-seyffert.de\/blog\/?p=11587\" target=\"_blank\" rel=\"noopener noreferrer\">Erdbeerzimtgelee<\/a>.<\/p>\n<p style=\"text-align: center;\"><a href=\"https:\/\/www.sabine-seyffert.de\/blog\/wp-content\/uploads\/2019\/12\/Hefezopf-mit-gebrannten-Mandeln-5.jpg\"><img loading=\"lazy\" decoding=\"async\" class=\"alignnone size-full wp-image-15599\" src=\"https:\/\/www.sabine-seyffert.de\/blog\/wp-content\/uploads\/2019\/12\/Hefezopf-mit-gebrannten-Mandeln-5.jpg\" alt=\"\" width=\"800\" height=\"600\" srcset=\"https:\/\/www.sabine-seyffert.de\/blog\/wp-content\/uploads\/2019\/12\/Hefezopf-mit-gebrannten-Mandeln-5.jpg 800w, https:\/\/www.sabine-seyffert.de\/blog\/wp-content\/uploads\/2019\/12\/Hefezopf-mit-gebrannten-Mandeln-5-300x225.jpg 300w, https:\/\/www.sabine-seyffert.de\/blog\/wp-content\/uploads\/2019\/12\/Hefezopf-mit-gebrannten-Mandeln-5-768x576.jpg 768w\" sizes=\"auto, (max-width: 800px) 100vw, 800px\" \/><\/a><\/p>\n<p style=\"text-align: justify;\">Weitere Geschenke aus der K\u00fcche findet ihr in <a href=\"https:\/\/www.sabine-seyffert.de\/blog\/?cat=43\" target=\"_blank\" rel=\"noopener noreferrer\">dieser Rubrik<\/a>, vegane Rezepte <a href=\"https:\/\/www.sabine-seyffert.de\/blog\/?cat=44\" target=\"_blank\" rel=\"noopener noreferrer\">dort<\/a>, s\u00fc\u00dfe Leckereien <a href=\"https:\/\/www.sabine-seyffert.de\/blog\/?cat=31\" target=\"_blank\" rel=\"noopener noreferrer\">hier<\/a> und alles rund um Weihnachten und die Adventszeit an <a href=\"https:\/\/www.sabine-seyffert.de\/blog\/?cat=41\" target=\"_blank\" rel=\"noopener noreferrer\">dieser Stelle<\/a>.<\/p>\n<p style=\"text-align: center;\"><a href=\"https:\/\/www.sabine-seyffert.de\/blog\/wp-content\/uploads\/2019\/12\/Hefezopf-mit-gebrannten-Mandeln-1.jpg\"><img loading=\"lazy\" decoding=\"async\" class=\"alignnone size-full wp-image-15600\" src=\"https:\/\/www.sabine-seyffert.de\/blog\/wp-content\/uploads\/2019\/12\/Hefezopf-mit-gebrannten-Mandeln-1.jpg\" alt=\"\" width=\"800\" height=\"600\" srcset=\"https:\/\/www.sabine-seyffert.de\/blog\/wp-content\/uploads\/2019\/12\/Hefezopf-mit-gebrannten-Mandeln-1.jpg 800w, https:\/\/www.sabine-seyffert.de\/blog\/wp-content\/uploads\/2019\/12\/Hefezopf-mit-gebrannten-Mandeln-1-300x225.jpg 300w, https:\/\/www.sabine-seyffert.de\/blog\/wp-content\/uploads\/2019\/12\/Hefezopf-mit-gebrannten-Mandeln-1-768x576.jpg 768w\" sizes=\"auto, (max-width: 800px) 100vw, 800px\" \/><\/a><\/p>\n<p style=\"text-align: justify;\"><a href=\"https:\/\/www.sabine-seyffert.de\/blog\/?page_id=32#urheberrecht\">urheberrechtlich gesch\u00fctzt<\/a>, \u00a9 Sabine Seyffert<\/p>\n","protected":false},"excerpt":{"rendered":"<p>Bei uns ist es an den Wochenenden \u00fcblich, dass es zum Fr\u00fchst\u00fcck selbst gebackenen Stuten gibt. Bei der Zubereitung variiere ich gerne und probiere dann und wann schon mal neue Rezeptideen bzw. Zutaten aus. Im letzten Jahr habe ich euch den selbst gemachten Hefezopf mit Spekulatius auf dem Blog gezeigt, den man prima in der&#8230; <a href=\"https:\/\/www.sabine-seyffert.de\/blog\/rezept-fuer-weihnachtlichen-hefezopf-mit-gebrannten-mandeln-geschenke-aus-der-kueche\/\" class=\"more-link\">Read more: Rezept f\u00fcr weihnachtlichen Hefezopf mit gebrannten Mandeln \u2013 Geschenke aus der K\u00fcche<\/a><\/p>\n","protected":false},"author":2,"featured_media":0,"comment_status":"open","ping_status":"open","sticky":false,"template":"","format":"standard","meta":{"_metis_text_type":"","_metis_text_length":2760,"_post_count":0,"footnotes":""},"categories":[41,43,31,22],"tags":[],"class_list":["post-15594","post","type-post","status-publish","format-standard","hentry","category-weihnachten","category-geschenke-aus-der-kueche","category-rezepte-suse-kuchen-co","category-winter"],"_links":{"self":[{"href":"https:\/\/www.sabine-seyffert.de\/blog\/wp-json\/wp\/v2\/posts\/15594","targetHints":{"allow":["GET"]}}],"collection":[{"href":"https:\/\/www.sabine-seyffert.de\/blog\/wp-json\/wp\/v2\/posts"}],"about":[{"href":"https:\/\/www.sabine-seyffert.de\/blog\/wp-json\/wp\/v2\/types\/post"}],"author":[{"embeddable":true,"href":"https:\/\/www.sabine-seyffert.de\/blog\/wp-json\/wp\/v2\/users\/2"}],"replies":[{"embeddable":true,"href":"https:\/\/www.sabine-seyffert.de\/blog\/wp-json\/wp\/v2\/comments?post=15594"}],"version-history":[{"count":4,"href":"https:\/\/www.sabine-seyffert.de\/blog\/wp-json\/wp\/v2\/posts\/15594\/revisions"}],"predecessor-version":[{"id":24777,"href":"https:\/\/www.sabine-seyffert.de\/blog\/wp-json\/wp\/v2\/posts\/15594\/revisions\/24777"}],"wp:attachment":[{"href":"https:\/\/www.sabine-seyffert.de\/blog\/wp-json\/wp\/v2\/media?parent=15594"}],"wp:term":[{"taxonomy":"category","embeddable":true,"href":"https:\/\/www.sabine-seyffert.de\/blog\/wp-json\/wp\/v2\/categories?post=15594"},{"taxonomy":"post_tag","embeddable":true,"href":"https:\/\/www.sabine-seyffert.de\/blog\/wp-json\/wp\/v2\/tags?post=15594"}],"curies":[{"name":"wp","href":"https:\/\/api.w.org\/{rel}","templated":true}]}}