{"id":15581,"date":"2019-12-14T19:56:26","date_gmt":"2019-12-14T17:56:26","guid":{"rendered":"https:\/\/www.sabine-seyffert.de\/blog\/?p=15581"},"modified":"2022-12-06T11:24:41","modified_gmt":"2022-12-06T09:24:41","slug":"diy-weihnachtsgeschenke-schoen-verpackt-3d-weihnachtsstern-xl-im-tannenwald","status":"publish","type":"post","link":"https:\/\/www.sabine-seyffert.de\/blog\/diy-weihnachtsgeschenke-schoen-verpackt-3d-weihnachtsstern-xl-im-tannenwald\/","title":{"rendered":"DIY Weihnachtsgeschenke sch\u00f6n verpackt: 3D Weihnachtsstern XL im Tannenwald"},"content":{"rendered":"<p style=\"text-align: justify;\"><img loading=\"lazy\" decoding=\"async\" src=\"https:\/\/vg06.met.vgwort.de\/na\/c8dfb115d22746f88336e615ab3bf52b\" alt=\"\" width=\"1\" height=\"1\" \/>Die Weihnachtszeit gef\u00e4llt mir immer ganz besonders gut. Was vielleicht auch an der Tatsache liegt, dass es hier besonders viele Geschenke zu verpacken gibt. Da diesmal ein etwas gr\u00f6\u00dferes Geschenk verpackt werden musste, habe ich hierf\u00fcr einen gro\u00dfen Papierstern als Motiv gew\u00e4hlt um die Verpackung etwas plastischer zu gestalten. Au\u00dferdem habe ich zudem Tannenb\u00e4ume aus einem leeren Pappkarton geschnitten, den ich vor dem Altpapier gerettet und auf diese Weise upcycelt habe \ud83d\ude09<\/p>\n<p style=\"text-align: center;\"><a href=\"https:\/\/www.sabine-seyffert.de\/blog\/wp-content\/uploads\/2019\/12\/Geschenk-Weihnachten-Sabine-Seyffert.de-6.jpg\"><img loading=\"lazy\" decoding=\"async\" class=\"alignnone size-full wp-image-15582\" src=\"https:\/\/www.sabine-seyffert.de\/blog\/wp-content\/uploads\/2019\/12\/Geschenk-Weihnachten-Sabine-Seyffert.de-6.jpg\" alt=\"\" width=\"800\" height=\"600\" srcset=\"https:\/\/www.sabine-seyffert.de\/blog\/wp-content\/uploads\/2019\/12\/Geschenk-Weihnachten-Sabine-Seyffert.de-6.jpg 800w, https:\/\/www.sabine-seyffert.de\/blog\/wp-content\/uploads\/2019\/12\/Geschenk-Weihnachten-Sabine-Seyffert.de-6-300x225.jpg 300w, https:\/\/www.sabine-seyffert.de\/blog\/wp-content\/uploads\/2019\/12\/Geschenk-Weihnachten-Sabine-Seyffert.de-6-768x576.jpg 768w\" sizes=\"auto, (max-width: 800px) 100vw, 800px\" \/><\/a><\/p>\n<p style=\"text-align: justify;\"><strong>Das wird gebraucht:<\/strong><br \/>\nNaturbraunes Packpapier (oder anderes unifarbenes Geschenkpapier), ein St\u00fcck wei\u00dfes Tonpapier, einen alten Karton, wei\u00dfe Kreide (Pastellkreide), ein Bastelmesser \/ Cutter, eine Bastelschere, Kleber, ein Restst\u00fcck Kraftpapier, Papierreste einen wei\u00dfen Lackstift, eine alte Tageszeitung, wei\u00dfe Bastelfarbe (Deckwei\u00df, wei\u00dfer Acryllack auf Wasserbasis), einen breiten Borstenpinsel, Kordel, einen Bleistift<\/p>\n<p style=\"text-align: center;\"><a href=\"https:\/\/www.sabine-seyffert.de\/blog\/wp-content\/uploads\/2019\/12\/Geschenk-Weihnachten-Sabine-Seyffert.de-9.jpg\"><img loading=\"lazy\" decoding=\"async\" class=\"alignnone size-full wp-image-15583\" src=\"https:\/\/www.sabine-seyffert.de\/blog\/wp-content\/uploads\/2019\/12\/Geschenk-Weihnachten-Sabine-Seyffert.de-9.jpg\" alt=\"\" width=\"800\" height=\"600\" srcset=\"https:\/\/www.sabine-seyffert.de\/blog\/wp-content\/uploads\/2019\/12\/Geschenk-Weihnachten-Sabine-Seyffert.de-9.jpg 800w, https:\/\/www.sabine-seyffert.de\/blog\/wp-content\/uploads\/2019\/12\/Geschenk-Weihnachten-Sabine-Seyffert.de-9-300x225.jpg 300w, https:\/\/www.sabine-seyffert.de\/blog\/wp-content\/uploads\/2019\/12\/Geschenk-Weihnachten-Sabine-Seyffert.de-9-768x576.jpg 768w\" sizes=\"auto, (max-width: 800px) 100vw, 800px\" \/><\/a><\/p>\n<p style=\"text-align: justify;\"><strong>So wird\u2019s gemacht:<\/strong><br \/>\nAls erstes bereitet ihr das Papier vor. Den Bogen Kraftpapier habe ich ganz grob mit verd\u00fcnnter wei\u00dfer Farbe bemalt, so dass eine sch\u00f6ne Schattierung der Farbe entsteht. Au\u00dferdem habe ich den mit Text bedruckten Teil der Tageszeitung mit wei\u00dfer Farbe bestrichen. Auch hier k\u00f6nnt ihr die Farbe nach Bedarf verd\u00fcnnen. So scheinen die Buchstaben noch zwischen dem Wei\u00df hindurch.<\/p>\n<p style=\"text-align: center;\"><a href=\"https:\/\/www.sabine-seyffert.de\/blog\/wp-content\/uploads\/2019\/12\/Geschenk-Weihnachten-Sabine-Seyffert.de-8.jpg\"><img loading=\"lazy\" decoding=\"async\" class=\"alignnone size-full wp-image-15584\" src=\"https:\/\/www.sabine-seyffert.de\/blog\/wp-content\/uploads\/2019\/12\/Geschenk-Weihnachten-Sabine-Seyffert.de-8.jpg\" alt=\"\" width=\"800\" height=\"600\" srcset=\"https:\/\/www.sabine-seyffert.de\/blog\/wp-content\/uploads\/2019\/12\/Geschenk-Weihnachten-Sabine-Seyffert.de-8.jpg 800w, https:\/\/www.sabine-seyffert.de\/blog\/wp-content\/uploads\/2019\/12\/Geschenk-Weihnachten-Sabine-Seyffert.de-8-300x225.jpg 300w, https:\/\/www.sabine-seyffert.de\/blog\/wp-content\/uploads\/2019\/12\/Geschenk-Weihnachten-Sabine-Seyffert.de-8-768x576.jpg 768w\" sizes=\"auto, (max-width: 800px) 100vw, 800px\" \/><\/a><\/p>\n<p style=\"text-align: justify;\">W\u00e4hrend die Farbe (auf der Heizung) trocknet, bereitet man den gro\u00dfen Stern vor. Dazu gibt es unz\u00e4hlige Anleitungen und Bastelvorlagen im Netz. Ich habe meinen aus wei\u00dfem Tonpapier gefaltet, damit er sch\u00f6n stabil ist.<\/p>\n<p style=\"text-align: center;\"><a href=\"https:\/\/www.sabine-seyffert.de\/blog\/wp-content\/uploads\/2019\/12\/Geschenk-Weihnachten-Sabine-Seyffert.de-5.jpg\"><img loading=\"lazy\" decoding=\"async\" class=\"alignnone size-full wp-image-15585\" src=\"https:\/\/www.sabine-seyffert.de\/blog\/wp-content\/uploads\/2019\/12\/Geschenk-Weihnachten-Sabine-Seyffert.de-5.jpg\" alt=\"\" width=\"800\" height=\"600\" srcset=\"https:\/\/www.sabine-seyffert.de\/blog\/wp-content\/uploads\/2019\/12\/Geschenk-Weihnachten-Sabine-Seyffert.de-5.jpg 800w, https:\/\/www.sabine-seyffert.de\/blog\/wp-content\/uploads\/2019\/12\/Geschenk-Weihnachten-Sabine-Seyffert.de-5-300x225.jpg 300w, https:\/\/www.sabine-seyffert.de\/blog\/wp-content\/uploads\/2019\/12\/Geschenk-Weihnachten-Sabine-Seyffert.de-5-768x576.jpg 768w\" sizes=\"auto, (max-width: 800px) 100vw, 800px\" \/><\/a><\/p>\n<p style=\"text-align: justify;\">Aus dem alten Karton habe ich mehrere Weihnachtsb\u00e4ume geschnitten. Das klappt am besten mit einem scharfen Bastelmesser. Wer mag, kann sich die Tannenb\u00e4ume auch mit Bleistift vormalen.<\/p>\n<p style=\"text-align: center;\"><a href=\"https:\/\/www.sabine-seyffert.de\/blog\/wp-content\/uploads\/2019\/12\/Geschenk-Weihnachten-Sabine-Seyffert.de-7.jpg\"><img loading=\"lazy\" decoding=\"async\" class=\"alignnone size-full wp-image-15586\" src=\"https:\/\/www.sabine-seyffert.de\/blog\/wp-content\/uploads\/2019\/12\/Geschenk-Weihnachten-Sabine-Seyffert.de-7.jpg\" alt=\"\" width=\"800\" height=\"600\" srcset=\"https:\/\/www.sabine-seyffert.de\/blog\/wp-content\/uploads\/2019\/12\/Geschenk-Weihnachten-Sabine-Seyffert.de-7.jpg 800w, https:\/\/www.sabine-seyffert.de\/blog\/wp-content\/uploads\/2019\/12\/Geschenk-Weihnachten-Sabine-Seyffert.de-7-300x225.jpg 300w, https:\/\/www.sabine-seyffert.de\/blog\/wp-content\/uploads\/2019\/12\/Geschenk-Weihnachten-Sabine-Seyffert.de-7-768x576.jpg 768w\" sizes=\"auto, (max-width: 800px) 100vw, 800px\" \/><\/a><\/p>\n<p style=\"text-align: justify;\">Damit die B\u00e4ume winterlicher aussehen, habe ich diese mit wei\u00dfer Pastellkreide bemalt und die Farbe verwischt.<\/p>\n<p style=\"text-align: center;\"><a href=\"https:\/\/www.sabine-seyffert.de\/blog\/wp-content\/uploads\/2019\/12\/Geschenk-Weihnachten-Sabine-Seyffert.de-4.jpg\"><img loading=\"lazy\" decoding=\"async\" class=\"alignnone size-full wp-image-15587\" src=\"https:\/\/www.sabine-seyffert.de\/blog\/wp-content\/uploads\/2019\/12\/Geschenk-Weihnachten-Sabine-Seyffert.de-4.jpg\" alt=\"\" width=\"800\" height=\"600\" srcset=\"https:\/\/www.sabine-seyffert.de\/blog\/wp-content\/uploads\/2019\/12\/Geschenk-Weihnachten-Sabine-Seyffert.de-4.jpg 800w, https:\/\/www.sabine-seyffert.de\/blog\/wp-content\/uploads\/2019\/12\/Geschenk-Weihnachten-Sabine-Seyffert.de-4-300x225.jpg 300w, https:\/\/www.sabine-seyffert.de\/blog\/wp-content\/uploads\/2019\/12\/Geschenk-Weihnachten-Sabine-Seyffert.de-4-768x576.jpg 768w\" sizes=\"auto, (max-width: 800px) 100vw, 800px\" \/><\/a><\/p>\n<p style=\"text-align: justify;\">Aus dem bestrichenen Kraftpapier schneidet ihr die gew\u00fcnschten Buchstaben. Das kann der Name sein oder auch ein Weihnachtsgru\u00df. In meinem Fall habe ich mich f\u00fcr die Kurzversion \u201eX-Mas\u201c entschieden.<\/p>\n<p><a href=\"https:\/\/www.sabine-seyffert.de\/blog\/wp-content\/uploads\/2019\/12\/Geschenk-Weihnachten-Sabine-Seyffert.de-1.jpg\"><img loading=\"lazy\" decoding=\"async\" class=\"alignnone size-full wp-image-15588\" src=\"https:\/\/www.sabine-seyffert.de\/blog\/wp-content\/uploads\/2019\/12\/Geschenk-Weihnachten-Sabine-Seyffert.de-1.jpg\" alt=\"\" width=\"800\" height=\"600\" srcset=\"https:\/\/www.sabine-seyffert.de\/blog\/wp-content\/uploads\/2019\/12\/Geschenk-Weihnachten-Sabine-Seyffert.de-1.jpg 800w, https:\/\/www.sabine-seyffert.de\/blog\/wp-content\/uploads\/2019\/12\/Geschenk-Weihnachten-Sabine-Seyffert.de-1-300x225.jpg 300w, https:\/\/www.sabine-seyffert.de\/blog\/wp-content\/uploads\/2019\/12\/Geschenk-Weihnachten-Sabine-Seyffert.de-1-768x576.jpg 768w\" sizes=\"auto, (max-width: 800px) 100vw, 800px\" \/><\/a><\/p>\n<p style=\"text-align: justify;\">Auf einem St\u00fcck graue Pappe habe ich per Hand noch den Namen geschrieben und als Wimpel zugeschnitten.<\/p>\n<p style=\"text-align: center;\"><a href=\"https:\/\/www.sabine-seyffert.de\/blog\/wp-content\/uploads\/2019\/12\/Geschenk-Weihnachten-Sabine-Seyffert.de-2.jpg\"><img loading=\"lazy\" decoding=\"async\" class=\"alignnone size-full wp-image-15589\" src=\"https:\/\/www.sabine-seyffert.de\/blog\/wp-content\/uploads\/2019\/12\/Geschenk-Weihnachten-Sabine-Seyffert.de-2.jpg\" alt=\"\" width=\"800\" height=\"600\" srcset=\"https:\/\/www.sabine-seyffert.de\/blog\/wp-content\/uploads\/2019\/12\/Geschenk-Weihnachten-Sabine-Seyffert.de-2.jpg 800w, https:\/\/www.sabine-seyffert.de\/blog\/wp-content\/uploads\/2019\/12\/Geschenk-Weihnachten-Sabine-Seyffert.de-2-300x225.jpg 300w, https:\/\/www.sabine-seyffert.de\/blog\/wp-content\/uploads\/2019\/12\/Geschenk-Weihnachten-Sabine-Seyffert.de-2-768x576.jpg 768w\" sizes=\"auto, (max-width: 800px) 100vw, 800px\" \/><\/a><\/p>\n<p style=\"text-align: justify;\">Hat man alle Motive beisammen, klebt man diese auf das in Packpapier verpackte Geschenk: Ganz unten eine Schneelandschaft aus dem wei\u00dfen Zeitungspapier, dar\u00fcber die Tannen, ganz oben den plastischen Stern, unter den man den Namenswimpel und ein langes St\u00fcck Kordel anbringt. \u00dcber der Kordel habe ich dann noch die Buchstaben in der richtigen Reihenfolge verteilt.<\/p>\n<p style=\"text-align: center;\"><a href=\"https:\/\/www.sabine-seyffert.de\/blog\/wp-content\/uploads\/2019\/12\/Geschenk-Weihnachten-Sabine-Seyffert.de-3.jpg\"><img loading=\"lazy\" decoding=\"async\" class=\"alignnone size-full wp-image-15590\" src=\"https:\/\/www.sabine-seyffert.de\/blog\/wp-content\/uploads\/2019\/12\/Geschenk-Weihnachten-Sabine-Seyffert.de-3.jpg\" alt=\"\" width=\"800\" height=\"600\" srcset=\"https:\/\/www.sabine-seyffert.de\/blog\/wp-content\/uploads\/2019\/12\/Geschenk-Weihnachten-Sabine-Seyffert.de-3.jpg 800w, https:\/\/www.sabine-seyffert.de\/blog\/wp-content\/uploads\/2019\/12\/Geschenk-Weihnachten-Sabine-Seyffert.de-3-300x225.jpg 300w, https:\/\/www.sabine-seyffert.de\/blog\/wp-content\/uploads\/2019\/12\/Geschenk-Weihnachten-Sabine-Seyffert.de-3-768x576.jpg 768w\" sizes=\"auto, (max-width: 800px) 100vw, 800px\" \/><\/a><\/p>\n<p style=\"text-align: justify;\">Weitere Bastelanleitungen f\u00fcr selbst gemachte Geschenkverpackungen findet ihr \u00fcbrigens in <a href=\"https:\/\/www.sabine-seyffert.de\/blog\/?cat=49\" target=\"_blank\" rel=\"noopener noreferrer\">dieser Blog Kategorie<\/a>, alle DIY rund um den Advent und Weihnachten gibt es in <a href=\"https:\/\/www.sabine-seyffert.de\/blog\/?cat=41\" target=\"_blank\" rel=\"noopener noreferrer\">diesem Ordner<\/a>, mehr Upcycling <a href=\"https:\/\/www.sabine-seyffert.de\/blog\/?cat=47\" target=\"_blank\" rel=\"noopener noreferrer\">hier<\/a> und andere kreative Sachen gibt es an dieser Stelle.<\/p>\n<p style=\"text-align: justify;\"><a href=\"https:\/\/www.sabine-seyffert.de\/blog\/?page_id=32#urheberrecht\">urheberrechtlich gesch\u00fctzt<\/a>, \u00a9 Sabine Seyffert<\/p>\n","protected":false},"excerpt":{"rendered":"<p>Die Weihnachtszeit gef\u00e4llt mir immer ganz besonders gut. Was vielleicht auch an der Tatsache liegt, dass es hier besonders viele Geschenke zu verpacken gibt. Da diesmal ein etwas gr\u00f6\u00dferes Geschenk verpackt werden musste, habe ich hierf\u00fcr einen gro\u00dfen Papierstern als Motiv gew\u00e4hlt um die Verpackung etwas plastischer zu gestalten. Au\u00dferdem habe ich zudem Tannenb\u00e4ume aus&#8230; <a href=\"https:\/\/www.sabine-seyffert.de\/blog\/diy-weihnachtsgeschenke-schoen-verpackt-3d-weihnachtsstern-xl-im-tannenwald\/\" class=\"more-link\">Read more: DIY Weihnachtsgeschenke sch\u00f6n verpackt: 3D Weihnachtsstern XL im Tannenwald<\/a><\/p>\n","protected":false},"author":2,"featured_media":0,"comment_status":"open","ping_status":"open","sticky":false,"template":"","format":"standard","meta":{"_metis_text_type":"","_metis_text_length":2777,"_post_count":0,"footnotes":""},"categories":[41,49,47],"tags":[],"class_list":["post-15581","post","type-post","status-publish","format-standard","hentry","category-weihnachten","category-verpackungsideen","category-upcyceltes"],"_links":{"self":[{"href":"https:\/\/www.sabine-seyffert.de\/blog\/wp-json\/wp\/v2\/posts\/15581","targetHints":{"allow":["GET"]}}],"collection":[{"href":"https:\/\/www.sabine-seyffert.de\/blog\/wp-json\/wp\/v2\/posts"}],"about":[{"href":"https:\/\/www.sabine-seyffert.de\/blog\/wp-json\/wp\/v2\/types\/post"}],"author":[{"embeddable":true,"href":"https:\/\/www.sabine-seyffert.de\/blog\/wp-json\/wp\/v2\/users\/2"}],"replies":[{"embeddable":true,"href":"https:\/\/www.sabine-seyffert.de\/blog\/wp-json\/wp\/v2\/comments?post=15581"}],"version-history":[{"count":3,"href":"https:\/\/www.sabine-seyffert.de\/blog\/wp-json\/wp\/v2\/posts\/15581\/revisions"}],"predecessor-version":[{"id":24797,"href":"https:\/\/www.sabine-seyffert.de\/blog\/wp-json\/wp\/v2\/posts\/15581\/revisions\/24797"}],"wp:attachment":[{"href":"https:\/\/www.sabine-seyffert.de\/blog\/wp-json\/wp\/v2\/media?parent=15581"}],"wp:term":[{"taxonomy":"category","embeddable":true,"href":"https:\/\/www.sabine-seyffert.de\/blog\/wp-json\/wp\/v2\/categories?post=15581"},{"taxonomy":"post_tag","embeddable":true,"href":"https:\/\/www.sabine-seyffert.de\/blog\/wp-json\/wp\/v2\/tags?post=15581"}],"curies":[{"name":"wp","href":"https:\/\/api.w.org\/{rel}","templated":true}]}}