{"id":15541,"date":"2019-12-09T10:58:01","date_gmt":"2019-12-09T08:58:01","guid":{"rendered":"https:\/\/www.sabine-seyffert.de\/blog\/?p=15541"},"modified":"2022-12-06T10:58:47","modified_gmt":"2022-12-06T08:58:47","slug":"weihnachtsgeschenke-wichtelpaeckchen-schoen-verpackt-schneemann-upcycling-in-papiertueten","status":"publish","type":"post","link":"https:\/\/www.sabine-seyffert.de\/blog\/weihnachtsgeschenke-wichtelpaeckchen-schoen-verpackt-schneemann-upcycling-in-papiertueten\/","title":{"rendered":"Weihnachtsgeschenke &#038; Wichtelp\u00e4ckchen sch\u00f6n verpackt:  Schneemann Upcycling in Papiert\u00fcten"},"content":{"rendered":"<p style=\"text-align: justify;\"><img loading=\"lazy\" decoding=\"async\" src=\"https:\/\/vg06.met.vgwort.de\/na\/461bd3d7fe86492cb1c618dbb6d22c99\" alt=\"\" width=\"1\" height=\"1\" \/>Und auch im letzten Jahr kamen wir leider um <a href=\"https:\/\/www.sabine-seyffert.de\/blog\/?p=13660\" target=\"_blank\" rel=\"noopener noreferrer\">das Wichteln<\/a> nicht herum. Daher habe ich einen Kraftpapier Beutel zu einer Geschenkverpackung umfunktioniert. Die Beutel finde ich als Verpackung immer sehr praktisch. Zudem passte unser Wichtelgeschenk selbst gemachte \u201e<a href=\"https:\/\/www.sabine-seyffert.de\/blog\/?p=15529\" target=\"_blank\" rel=\"noopener noreferrer\">gebrannte Mandeln<\/a>\u201c wunderbar von der Gr\u00f6\u00dfe hinein.<br \/>\nDa man die weihnachtlich gestaltete Papiert\u00fcte auch ganz prima f\u00fcr andere Mitbringsel und Weihnachtsgeschenke nutzen kann, gibt es heute die detaillierte Bastelanleitung zum Nachmachen f\u00fcr euch. Vielleicht haben ja auch eure Kinder Lust die T\u00fcte mit dem winterlichen Schneemann zu basteln, dessen Motiv ich von <a href=\"https:\/\/www.sabine-seyffert.de\/blog\/?p=13771\" target=\"_blank\" rel=\"noopener noreferrer\">unserer Weihnachtspost<\/a> abgeschaut habe \ud83d\ude09<\/p>\n<p style=\"text-align: center;\"><a href=\"https:\/\/www.sabine-seyffert.de\/blog\/wp-content\/uploads\/2019\/12\/Geschenkverpackung-Beutel-Schneemann.jpg\"><img loading=\"lazy\" decoding=\"async\" class=\"alignnone size-full wp-image-15542\" src=\"https:\/\/www.sabine-seyffert.de\/blog\/wp-content\/uploads\/2019\/12\/Geschenkverpackung-Beutel-Schneemann.jpg\" alt=\"\" width=\"800\" height=\"600\" srcset=\"https:\/\/www.sabine-seyffert.de\/blog\/wp-content\/uploads\/2019\/12\/Geschenkverpackung-Beutel-Schneemann.jpg 800w, https:\/\/www.sabine-seyffert.de\/blog\/wp-content\/uploads\/2019\/12\/Geschenkverpackung-Beutel-Schneemann-300x225.jpg 300w, https:\/\/www.sabine-seyffert.de\/blog\/wp-content\/uploads\/2019\/12\/Geschenkverpackung-Beutel-Schneemann-768x576.jpg 768w\" sizes=\"auto, (max-width: 800px) 100vw, 800px\" \/><\/a><\/p>\n<p style=\"text-align: justify;\"><strong>Das wird gebraucht:<\/strong><br \/>\nEine stabile Papiert\u00fcte \/ Bodenbeutel aus Kraftpapier, Zeitungspapier, ein d\u00fcnnes St\u00fcck Pappe, Wasserfarben, Deckwei\u00df, einen Borstenpinsel, ein Glas Wasser, eine Bastelschere, Kleber, einen wei\u00dfen Lackstift, einen B\u00fcrolocher, etwas Kordel oder Geschenkband, Buchstabenstempel, ein Stempelkissen sowie optional Motivlocher Schneeflocke<\/p>\n<p style=\"text-align: center;\"><a href=\"https:\/\/www.sabine-seyffert.de\/blog\/wp-content\/uploads\/2019\/12\/Geschenkverpackung-Beutel-Schneemann-8.jpg\"><img loading=\"lazy\" decoding=\"async\" class=\"alignnone size-full wp-image-15543\" src=\"https:\/\/www.sabine-seyffert.de\/blog\/wp-content\/uploads\/2019\/12\/Geschenkverpackung-Beutel-Schneemann-8.jpg\" alt=\"\" width=\"800\" height=\"600\" srcset=\"https:\/\/www.sabine-seyffert.de\/blog\/wp-content\/uploads\/2019\/12\/Geschenkverpackung-Beutel-Schneemann-8.jpg 800w, https:\/\/www.sabine-seyffert.de\/blog\/wp-content\/uploads\/2019\/12\/Geschenkverpackung-Beutel-Schneemann-8-300x225.jpg 300w, https:\/\/www.sabine-seyffert.de\/blog\/wp-content\/uploads\/2019\/12\/Geschenkverpackung-Beutel-Schneemann-8-768x576.jpg 768w\" sizes=\"auto, (max-width: 800px) 100vw, 800px\" \/><\/a><\/p>\n<p style=\"text-align: justify;\"><strong>So wird\u2019s gemacht:<\/strong><br \/>\nDie Leser meines Blogs wissen inzwischen, dass ich liebend gerne mit <a href=\"https:\/\/www.sabine-seyffert.de\/blog\/?p=13917\" target=\"_blank\" rel=\"noopener noreferrer\">bemaltem Zeitungspapier<\/a> bastele. Daher gibt es in meinem Arbeitszimmer auch immer eine Kiste mit verschiedenen Farben, auf die ich jederzeit zugreifen kann.<\/p>\n<p style=\"text-align: center;\"><a href=\"https:\/\/www.sabine-seyffert.de\/blog\/wp-content\/uploads\/2019\/12\/Geschenkverpackung-Beutel-Schneemann-7.jpg\"><img loading=\"lazy\" decoding=\"async\" class=\"alignnone size-full wp-image-15544\" src=\"https:\/\/www.sabine-seyffert.de\/blog\/wp-content\/uploads\/2019\/12\/Geschenkverpackung-Beutel-Schneemann-7.jpg\" alt=\"\" width=\"800\" height=\"600\" srcset=\"https:\/\/www.sabine-seyffert.de\/blog\/wp-content\/uploads\/2019\/12\/Geschenkverpackung-Beutel-Schneemann-7.jpg 800w, https:\/\/www.sabine-seyffert.de\/blog\/wp-content\/uploads\/2019\/12\/Geschenkverpackung-Beutel-Schneemann-7-300x225.jpg 300w, https:\/\/www.sabine-seyffert.de\/blog\/wp-content\/uploads\/2019\/12\/Geschenkverpackung-Beutel-Schneemann-7-768x576.jpg 768w\" sizes=\"auto, (max-width: 800px) 100vw, 800px\" \/><\/a><\/p>\n<p style=\"text-align: justify;\">Wer dies nicht kann, schnappt sich einfach eine alte Tageszeitung, schneidet die mit reinem Text bedruckten Stellen heraus und malt diese grob mit Wasserfarbe \u00fcber. F\u00fcr den Schneemann braucht man in jedem Fall die Farben Wei\u00df, Schwarz, Rot und blau.<\/p>\n<p style=\"text-align: center;\"><a href=\"https:\/\/www.sabine-seyffert.de\/blog\/wp-content\/uploads\/2019\/12\/Geschenkverpackung-Beutel-Schneemann-6.jpg\"><img loading=\"lazy\" decoding=\"async\" class=\"alignnone size-full wp-image-15545\" src=\"https:\/\/www.sabine-seyffert.de\/blog\/wp-content\/uploads\/2019\/12\/Geschenkverpackung-Beutel-Schneemann-6.jpg\" alt=\"\" width=\"800\" height=\"600\" srcset=\"https:\/\/www.sabine-seyffert.de\/blog\/wp-content\/uploads\/2019\/12\/Geschenkverpackung-Beutel-Schneemann-6.jpg 800w, https:\/\/www.sabine-seyffert.de\/blog\/wp-content\/uploads\/2019\/12\/Geschenkverpackung-Beutel-Schneemann-6-300x225.jpg 300w, https:\/\/www.sabine-seyffert.de\/blog\/wp-content\/uploads\/2019\/12\/Geschenkverpackung-Beutel-Schneemann-6-768x576.jpg 768w\" sizes=\"auto, (max-width: 800px) 100vw, 800px\" \/><\/a><\/p>\n<p style=\"text-align: justify;\">Aus dem mit blau bemaltem Papier habe ich ein gr\u00f6\u00dferes St\u00fcck per Hand gerissen, so dass es auf die T\u00fcte passt. Aus dem wei\u00dfen Papier schneidet man drei unterschiedlich gro\u00dfe Kreise. Wer mag und den Schneemann etwas plastischer gestalten m\u00f6chte, umrandet die Kreise mit etwas hellgrauer Pastellkreide.<\/p>\n<p style=\"text-align: center;\"><a href=\"https:\/\/www.sabine-seyffert.de\/blog\/wp-content\/uploads\/2019\/12\/Geschenkverpackung-Beutel-Schneemann-5.jpg\"><img loading=\"lazy\" decoding=\"async\" class=\"alignnone size-full wp-image-15546\" src=\"https:\/\/www.sabine-seyffert.de\/blog\/wp-content\/uploads\/2019\/12\/Geschenkverpackung-Beutel-Schneemann-5.jpg\" alt=\"\" width=\"800\" height=\"600\" srcset=\"https:\/\/www.sabine-seyffert.de\/blog\/wp-content\/uploads\/2019\/12\/Geschenkverpackung-Beutel-Schneemann-5.jpg 800w, https:\/\/www.sabine-seyffert.de\/blog\/wp-content\/uploads\/2019\/12\/Geschenkverpackung-Beutel-Schneemann-5-300x225.jpg 300w, https:\/\/www.sabine-seyffert.de\/blog\/wp-content\/uploads\/2019\/12\/Geschenkverpackung-Beutel-Schneemann-5-768x576.jpg 768w\" sizes=\"auto, (max-width: 800px) 100vw, 800px\" \/><\/a><\/p>\n<p style=\"text-align: justify;\">Aus der Pappe habe ich zwei Schneemann Kn\u00f6pfe und kleine \u201e\u00c4ste\u201c als Arme geschnitten sowie aus dem rot bemalten Papier eine M\u00f6hren-Nase und aus dem Schwarz Augen und Mund.<br \/>\nDann klebt man den Schneemann mit den K\u00f6rperteilen \u00fcbereinander. Da ich von der Weihnachtspost noch Wimpel \u00fcbrig hatte, habe ich \u201eLet it Snow\u201c ausgeschnitten und einen wei\u00dfen Papierstreifen darunter gelegt, so dass man die Schrift besser lesen kann.<\/p>\n<p style=\"text-align: center;\"><a href=\"https:\/\/www.sabine-seyffert.de\/blog\/wp-content\/uploads\/2019\/12\/Geschenkverpackung-Beutel-Schneemann-4.jpg\"><img loading=\"lazy\" decoding=\"async\" class=\"alignnone size-full wp-image-15547\" src=\"https:\/\/www.sabine-seyffert.de\/blog\/wp-content\/uploads\/2019\/12\/Geschenkverpackung-Beutel-Schneemann-4.jpg\" alt=\"\" width=\"800\" height=\"600\" srcset=\"https:\/\/www.sabine-seyffert.de\/blog\/wp-content\/uploads\/2019\/12\/Geschenkverpackung-Beutel-Schneemann-4.jpg 800w, https:\/\/www.sabine-seyffert.de\/blog\/wp-content\/uploads\/2019\/12\/Geschenkverpackung-Beutel-Schneemann-4-300x225.jpg 300w, https:\/\/www.sabine-seyffert.de\/blog\/wp-content\/uploads\/2019\/12\/Geschenkverpackung-Beutel-Schneemann-4-768x576.jpg 768w\" sizes=\"auto, (max-width: 800px) 100vw, 800px\" \/><\/a><\/p>\n<p style=\"text-align: justify;\">Um die T\u00fcte noch weihnachtlicher zu gestalten, kamen weitere Details hinzu: Eine wei\u00dfe Wolke, verschieden gro\u00dfe Schneeflocken und allerhand Mini Schneefl\u00f6ckchen, die ich mit einem Lackstift aufgetupft habe.<\/p>\n<p style=\"text-align: center;\"><a href=\"https:\/\/www.sabine-seyffert.de\/blog\/wp-content\/uploads\/2019\/12\/Geschenkverpackung-Beutel-Schneemann-3.jpg\"><img loading=\"lazy\" decoding=\"async\" class=\"alignnone size-full wp-image-15548\" src=\"https:\/\/www.sabine-seyffert.de\/blog\/wp-content\/uploads\/2019\/12\/Geschenkverpackung-Beutel-Schneemann-3.jpg\" alt=\"\" width=\"800\" height=\"600\" srcset=\"https:\/\/www.sabine-seyffert.de\/blog\/wp-content\/uploads\/2019\/12\/Geschenkverpackung-Beutel-Schneemann-3.jpg 800w, https:\/\/www.sabine-seyffert.de\/blog\/wp-content\/uploads\/2019\/12\/Geschenkverpackung-Beutel-Schneemann-3-300x225.jpg 300w, https:\/\/www.sabine-seyffert.de\/blog\/wp-content\/uploads\/2019\/12\/Geschenkverpackung-Beutel-Schneemann-3-768x576.jpg 768w\" sizes=\"auto, (max-width: 800px) 100vw, 800px\" \/><\/a><\/p>\n<p style=\"text-align: justify;\">Ganz unten blieb Platz f\u00fcr meinen Lieblingsstempel und am oberen Rand habe ich den Namen des Kindes aufgestempelt.<\/p>\n<p style=\"text-align: center;\"><a href=\"https:\/\/www.sabine-seyffert.de\/blog\/wp-content\/uploads\/2019\/12\/Geschenkverpackung-Beutel-Schneemann-2.jpg\"><img loading=\"lazy\" decoding=\"async\" class=\"alignnone size-full wp-image-15549\" src=\"https:\/\/www.sabine-seyffert.de\/blog\/wp-content\/uploads\/2019\/12\/Geschenkverpackung-Beutel-Schneemann-2.jpg\" alt=\"\" width=\"800\" height=\"600\" srcset=\"https:\/\/www.sabine-seyffert.de\/blog\/wp-content\/uploads\/2019\/12\/Geschenkverpackung-Beutel-Schneemann-2.jpg 800w, https:\/\/www.sabine-seyffert.de\/blog\/wp-content\/uploads\/2019\/12\/Geschenkverpackung-Beutel-Schneemann-2-300x225.jpg 300w, https:\/\/www.sabine-seyffert.de\/blog\/wp-content\/uploads\/2019\/12\/Geschenkverpackung-Beutel-Schneemann-2-768x576.jpg 768w\" sizes=\"auto, (max-width: 800px) 100vw, 800px\" \/><\/a><\/p>\n<p style=\"text-align: justify;\">Jetzt knickt man den oberen Rand 2 fach, locht diesen, bef\u00fcllt die T\u00fcte mit dem Geschenk und kann diese im Anschluss mit etwas Geschenkband verschlie\u00dfen, das man durch die beiden L\u00f6cher zieht und zu einer Schleife bindet.<\/p>\n<p style=\"text-align: center;\"><a href=\"https:\/\/www.sabine-seyffert.de\/blog\/wp-content\/uploads\/2019\/12\/Geschenkverpackung-Beutel-Schneemann-1.jpg\"><img loading=\"lazy\" decoding=\"async\" class=\"alignnone size-full wp-image-15550\" src=\"https:\/\/www.sabine-seyffert.de\/blog\/wp-content\/uploads\/2019\/12\/Geschenkverpackung-Beutel-Schneemann-1.jpg\" alt=\"\" width=\"600\" height=\"800\" srcset=\"https:\/\/www.sabine-seyffert.de\/blog\/wp-content\/uploads\/2019\/12\/Geschenkverpackung-Beutel-Schneemann-1.jpg 600w, https:\/\/www.sabine-seyffert.de\/blog\/wp-content\/uploads\/2019\/12\/Geschenkverpackung-Beutel-Schneemann-1-225x300.jpg 225w\" sizes=\"auto, (max-width: 600px) 100vw, 600px\" \/><\/a><\/p>\n<p style=\"text-align: justify;\">Weitere selbst gemachte Geschenkverpackungen findet ihr \u00fcbrigens in <a href=\"https:\/\/www.sabine-seyffert.de\/blog\/?cat=49\" target=\"_blank\" rel=\"noopener noreferrer\">dieser Blog Kategorie<\/a>, weitere Geschenke aus der K\u00fcche gibt es in <a href=\"https:\/\/www.sabine-seyffert.de\/blog\/?cat=43\" target=\"_blank\" rel=\"noopener noreferrer\">diesem Ordner<\/a>, alles rund um Weihnachten <a href=\"https:\/\/www.sabine-seyffert.de\/blog\/?cat=41\" target=\"_blank\" rel=\"noopener noreferrer\">hier<\/a> und andere kreative Bastelideen f\u00fcr Kinder in <a href=\"https:\/\/www.sabine-seyffert.de\/blog\/?cat=32\" target=\"_blank\" rel=\"noopener noreferrer\">dieser Kategorie<\/a> und auch an <a href=\"http:\/\/www.lunaju.de\/2019\/12\/kiddikram-dezember-2019.html\" target=\"_blank\" rel=\"noopener nofollow noreferrer\">dieser<\/a> Stelle.<\/p>\n<p style=\"text-align: justify;\"><a href=\"https:\/\/www.sabine-seyffert.de\/blog\/?page_id=32#urheberrecht\">urheberrechtlich gesch\u00fctzt<\/a>, \u00a9 Sabine Seyffert<\/p>\n","protected":false},"excerpt":{"rendered":"<p>Und auch im letzten Jahr kamen wir leider um das Wichteln nicht herum. Daher habe ich einen Kraftpapier Beutel zu einer Geschenkverpackung umfunktioniert. Die Beutel finde ich als Verpackung immer sehr praktisch. Zudem passte unser Wichtelgeschenk selbst gemachte \u201egebrannte Mandeln\u201c wunderbar von der Gr\u00f6\u00dfe hinein. Da man die weihnachtlich gestaltete Papiert\u00fcte auch ganz prima f\u00fcr&#8230; <a href=\"https:\/\/www.sabine-seyffert.de\/blog\/weihnachtsgeschenke-wichtelpaeckchen-schoen-verpackt-schneemann-upcycling-in-papiertueten\/\" class=\"more-link\">Read more: Weihnachtsgeschenke &#038; Wichtelp\u00e4ckchen sch\u00f6n verpackt:  Schneemann Upcycling in Papiert\u00fcten<\/a><\/p>\n","protected":false},"author":2,"featured_media":0,"comment_status":"open","ping_status":"open","sticky":false,"template":"","format":"standard","meta":{"_metis_text_type":"","_metis_text_length":3100,"_post_count":0,"footnotes":""},"categories":[41,32,49,47,22],"tags":[],"class_list":["post-15541","post","type-post","status-publish","format-standard","hentry","category-weihnachten","category-kreatives-fur-kleine-kinderhande","category-verpackungsideen","category-upcyceltes","category-winter"],"_links":{"self":[{"href":"https:\/\/www.sabine-seyffert.de\/blog\/wp-json\/wp\/v2\/posts\/15541","targetHints":{"allow":["GET"]}}],"collection":[{"href":"https:\/\/www.sabine-seyffert.de\/blog\/wp-json\/wp\/v2\/posts"}],"about":[{"href":"https:\/\/www.sabine-seyffert.de\/blog\/wp-json\/wp\/v2\/types\/post"}],"author":[{"embeddable":true,"href":"https:\/\/www.sabine-seyffert.de\/blog\/wp-json\/wp\/v2\/users\/2"}],"replies":[{"embeddable":true,"href":"https:\/\/www.sabine-seyffert.de\/blog\/wp-json\/wp\/v2\/comments?post=15541"}],"version-history":[{"count":4,"href":"https:\/\/www.sabine-seyffert.de\/blog\/wp-json\/wp\/v2\/posts\/15541\/revisions"}],"predecessor-version":[{"id":24705,"href":"https:\/\/www.sabine-seyffert.de\/blog\/wp-json\/wp\/v2\/posts\/15541\/revisions\/24705"}],"wp:attachment":[{"href":"https:\/\/www.sabine-seyffert.de\/blog\/wp-json\/wp\/v2\/media?parent=15541"}],"wp:term":[{"taxonomy":"category","embeddable":true,"href":"https:\/\/www.sabine-seyffert.de\/blog\/wp-json\/wp\/v2\/categories?post=15541"},{"taxonomy":"post_tag","embeddable":true,"href":"https:\/\/www.sabine-seyffert.de\/blog\/wp-json\/wp\/v2\/tags?post=15541"}],"curies":[{"name":"wp","href":"https:\/\/api.w.org\/{rel}","templated":true}]}}