{"id":15529,"date":"2019-12-07T17:42:28","date_gmt":"2019-12-07T15:42:28","guid":{"rendered":"https:\/\/www.sabine-seyffert.de\/blog\/?p=15529"},"modified":"2022-12-06T11:24:08","modified_gmt":"2022-12-06T09:24:08","slug":"diy-geschenke-aus-der-kueche-gebrannte-mandeln-selber-machen-mit-rezept-tipps","status":"publish","type":"post","link":"https:\/\/www.sabine-seyffert.de\/blog\/diy-geschenke-aus-der-kueche-gebrannte-mandeln-selber-machen-mit-rezept-tipps\/","title":{"rendered":"DIY Geschenke aus der K\u00fcche: Gebrannte Mandeln selber machen \u2013 mit Rezept &#038; Tipps"},"content":{"rendered":"<p style=\"text-align: justify;\"><img loading=\"lazy\" decoding=\"async\" src=\"https:\/\/vg06.met.vgwort.de\/na\/83b84526ddd6401caf276ccfd739d4f7\" alt=\"\" width=\"1\" height=\"1\" \/>M\u00f6gt ihr Mandeln auch so gerne? Ich habe diese schon als Kind geliebt und verbinde diese Leckerei auf jeden Fall mit der Weihnachtszeit und gem\u00fctlichen Besuchen auf dem Weihnachtsmarkt.<br \/>\nDiese selbst zu machen, ist \u00fcberhaupt kein Problem, wenn man wei\u00df <em>wie<\/em> es geht und man etwas Geduld hat. Da ich vor kurzem erst wieder einen Schwung der knusprigen Mandeln selbst gemacht habe und das ganze Haus so wunderbar nach Weihnachtsmarkt gerochen hat, gibt es heute das passende Rezept dazu. Schlie\u00dflich eignen sich die Mandeln hervorragend als kleine Mitbringsel im Advent oder weihnachtliches Geschenk aus der K\u00fcche.<\/p>\n<p style=\"text-align: center;\"><a href=\"https:\/\/www.sabine-seyffert.de\/blog\/wp-content\/uploads\/2019\/12\/Gebrannte-Mandeln-Sabine-Seyffert.de-4.jpg\"><img loading=\"lazy\" decoding=\"async\" class=\"alignnone size-full wp-image-15530\" src=\"https:\/\/www.sabine-seyffert.de\/blog\/wp-content\/uploads\/2019\/12\/Gebrannte-Mandeln-Sabine-Seyffert.de-4.jpg\" alt=\"\" width=\"800\" height=\"600\" srcset=\"https:\/\/www.sabine-seyffert.de\/blog\/wp-content\/uploads\/2019\/12\/Gebrannte-Mandeln-Sabine-Seyffert.de-4.jpg 800w, https:\/\/www.sabine-seyffert.de\/blog\/wp-content\/uploads\/2019\/12\/Gebrannte-Mandeln-Sabine-Seyffert.de-4-300x225.jpg 300w, https:\/\/www.sabine-seyffert.de\/blog\/wp-content\/uploads\/2019\/12\/Gebrannte-Mandeln-Sabine-Seyffert.de-4-768x576.jpg 768w\" sizes=\"auto, (max-width: 800px) 100vw, 800px\" \/><\/a><\/p>\n<p style=\"text-align: justify;\"><strong>Das wird gebraucht:<\/strong><br \/>\n200 g ganze Mandel (ungesch\u00e4lt), 100 wei\u00dfen Zucker, 100 g braunen Zucker, 1 P\u00e4ckchen Vanillezucker oder das Mark einer Vanilleschote, 1 Teel\u00f6ffel Zimt, 120 ml kaltes Leitungswasser<\/p>\n<p style=\"text-align: center;\"><a href=\"https:\/\/www.sabine-seyffert.de\/blog\/wp-content\/uploads\/2019\/12\/Gebrannte-Mandeln-Sabine-Seyffert.de_.jpg\"><img loading=\"lazy\" decoding=\"async\" class=\"alignnone size-full wp-image-15531\" src=\"https:\/\/www.sabine-seyffert.de\/blog\/wp-content\/uploads\/2019\/12\/Gebrannte-Mandeln-Sabine-Seyffert.de_.jpg\" alt=\"\" width=\"800\" height=\"600\" srcset=\"https:\/\/www.sabine-seyffert.de\/blog\/wp-content\/uploads\/2019\/12\/Gebrannte-Mandeln-Sabine-Seyffert.de_.jpg 800w, https:\/\/www.sabine-seyffert.de\/blog\/wp-content\/uploads\/2019\/12\/Gebrannte-Mandeln-Sabine-Seyffert.de_-300x225.jpg 300w, https:\/\/www.sabine-seyffert.de\/blog\/wp-content\/uploads\/2019\/12\/Gebrannte-Mandeln-Sabine-Seyffert.de_-768x576.jpg 768w\" sizes=\"auto, (max-width: 800px) 100vw, 800px\" \/><\/a><\/p>\n<p style=\"text-align: justify;\"><strong>So wird\u2019s gemacht:<\/strong><br \/>\nZuerst gebt ihr das Leitungswasser sowie die beiden Zuckersorten in eine gro\u00dfe Pfanne und erhitzt das Ganze. Dabei immer sch\u00f6n r\u00fchren, damit sich alles gut vermengt und nichts am Boden anpappt.<br \/>\nSobald die Zucker-Wasser-Mischung kocht, schaltet ihr die Temperatur etwas runter und sch\u00fcttet die Mandel hinzu sowie die Vanille und den Zimt.<\/p>\n<p style=\"text-align: center;\"><a href=\"https:\/\/www.sabine-seyffert.de\/blog\/wp-content\/uploads\/2019\/12\/Gebrannte-Mandeln-Sabine-Seyffert.de-6.jpg\"><img loading=\"lazy\" decoding=\"async\" class=\"alignnone size-full wp-image-15532\" src=\"https:\/\/www.sabine-seyffert.de\/blog\/wp-content\/uploads\/2019\/12\/Gebrannte-Mandeln-Sabine-Seyffert.de-6.jpg\" alt=\"\" width=\"800\" height=\"600\" srcset=\"https:\/\/www.sabine-seyffert.de\/blog\/wp-content\/uploads\/2019\/12\/Gebrannte-Mandeln-Sabine-Seyffert.de-6.jpg 800w, https:\/\/www.sabine-seyffert.de\/blog\/wp-content\/uploads\/2019\/12\/Gebrannte-Mandeln-Sabine-Seyffert.de-6-300x225.jpg 300w, https:\/\/www.sabine-seyffert.de\/blog\/wp-content\/uploads\/2019\/12\/Gebrannte-Mandeln-Sabine-Seyffert.de-6-768x576.jpg 768w\" sizes=\"auto, (max-width: 800px) 100vw, 800px\" \/><\/a><\/p>\n<p style=\"text-align: justify;\">Lasst euch nicht irritieren \u2013 es sieht aus als w\u00fcrden die Mengenverh\u00e4ltnisse nicht ganz stimmen und die Mandelkerne im Wasser schwimmen. Aber genau so muss es sein! Auch hierbei hei\u00dft es st\u00e4ndig R\u00fchren, das ist ganz wichtig.<\/p>\n<p style=\"text-align: center;\"><a href=\"https:\/\/www.sabine-seyffert.de\/blog\/wp-content\/uploads\/2019\/12\/Gebrannte-Mandeln-Sabine-Seyffert.de-3.jpg\"><img loading=\"lazy\" decoding=\"async\" class=\"alignnone size-full wp-image-15533\" src=\"https:\/\/www.sabine-seyffert.de\/blog\/wp-content\/uploads\/2019\/12\/Gebrannte-Mandeln-Sabine-Seyffert.de-3.jpg\" alt=\"\" width=\"800\" height=\"600\" srcset=\"https:\/\/www.sabine-seyffert.de\/blog\/wp-content\/uploads\/2019\/12\/Gebrannte-Mandeln-Sabine-Seyffert.de-3.jpg 800w, https:\/\/www.sabine-seyffert.de\/blog\/wp-content\/uploads\/2019\/12\/Gebrannte-Mandeln-Sabine-Seyffert.de-3-300x225.jpg 300w, https:\/\/www.sabine-seyffert.de\/blog\/wp-content\/uploads\/2019\/12\/Gebrannte-Mandeln-Sabine-Seyffert.de-3-768x576.jpg 768w\" sizes=\"auto, (max-width: 800px) 100vw, 800px\" \/><\/a><\/p>\n<p style=\"text-align: justify;\">Irgendwann f\u00e4ngt die Zuckermischung zu schmelzen und wird dickfl\u00fcssig, bevor das ganze recht pl\u00f6tzlich trocken wird und alles in der Pfanne br\u00f6selt.<br \/>\nAuch das geh\u00f6rt zur Zubereitung hinzu und ist richtig, also nicht weiter wundern, sondern flei\u00dfig und mit Geduld weiterr\u00fchren. Ganz <strong><span style=\"color: #ff0000;\">WICHTIG<\/span><\/strong>: Jetzt die Temperatur auf mittlere Stufe herunterstellen!<\/p>\n<p style=\"text-align: center;\"><a href=\"https:\/\/www.sabine-seyffert.de\/blog\/wp-content\/uploads\/2019\/12\/Gebrannte-Mandeln-Sabine-Seyffert.de-1.jpg\"><img loading=\"lazy\" decoding=\"async\" class=\"alignnone size-full wp-image-15534\" src=\"https:\/\/www.sabine-seyffert.de\/blog\/wp-content\/uploads\/2019\/12\/Gebrannte-Mandeln-Sabine-Seyffert.de-1.jpg\" alt=\"\" width=\"800\" height=\"600\" srcset=\"https:\/\/www.sabine-seyffert.de\/blog\/wp-content\/uploads\/2019\/12\/Gebrannte-Mandeln-Sabine-Seyffert.de-1.jpg 800w, https:\/\/www.sabine-seyffert.de\/blog\/wp-content\/uploads\/2019\/12\/Gebrannte-Mandeln-Sabine-Seyffert.de-1-300x225.jpg 300w, https:\/\/www.sabine-seyffert.de\/blog\/wp-content\/uploads\/2019\/12\/Gebrannte-Mandeln-Sabine-Seyffert.de-1-768x576.jpg 768w\" sizes=\"auto, (max-width: 800px) 100vw, 800px\" \/><\/a><\/p>\n<p style=\"text-align: justify;\">Irgendwann, es k\u00f6nnen je nach Temperatur schon einige Minuten vergehen (!), f\u00e4ngt es wunderbar an zu duften und der Zucker wird langsam wieder fl\u00fcssig und karamellisiert. Sobald etwa der Gro\u00dfteil aller Mandeln karamellisiert ist, nehmt ihr die Pfanne vom Herd und sch\u00fcttet die Mandeln auf etwas Backpapier. Am besten geht ihr mit einer Gabel o.\u00e4. durch die Kerne, damit die Mandeln nicht zusammenkleben. <strong>Achtung<\/strong>, die sind sehr hei\u00df!<br \/>\nDann lasst ihr alles ausk\u00fchlen und k\u00f6nnt die Mandeln in Gl\u00e4ser f\u00fcllen oder selber knuspern \ud83d\ude42<\/p>\n<p style=\"text-align: center;\"><a href=\"https:\/\/www.sabine-seyffert.de\/blog\/wp-content\/uploads\/2019\/12\/Gebrannte-Mandeln-Sabine-Seyffert.de-4-1.jpg\"><img loading=\"lazy\" decoding=\"async\" class=\"alignnone size-full wp-image-15535\" src=\"https:\/\/www.sabine-seyffert.de\/blog\/wp-content\/uploads\/2019\/12\/Gebrannte-Mandeln-Sabine-Seyffert.de-4-1.jpg\" alt=\"\" width=\"800\" height=\"600\" srcset=\"https:\/\/www.sabine-seyffert.de\/blog\/wp-content\/uploads\/2019\/12\/Gebrannte-Mandeln-Sabine-Seyffert.de-4-1.jpg 800w, https:\/\/www.sabine-seyffert.de\/blog\/wp-content\/uploads\/2019\/12\/Gebrannte-Mandeln-Sabine-Seyffert.de-4-1-300x225.jpg 300w, https:\/\/www.sabine-seyffert.de\/blog\/wp-content\/uploads\/2019\/12\/Gebrannte-Mandeln-Sabine-Seyffert.de-4-1-768x576.jpg 768w\" sizes=\"auto, (max-width: 800px) 100vw, 800px\" \/><\/a><\/p>\n<p style=\"text-align: justify;\">Weitere Geschenke aus der K\u00fcche findet ihr \u00fcbrigens in <a href=\"https:\/\/www.sabine-seyffert.de\/blog\/?cat=43\" target=\"_blank\" rel=\"noopener noreferrer\">dieser Blog Kategorie<\/a>, alle DIY rund um den Advent und Weihnachten gibt es in <a href=\"https:\/\/www.sabine-seyffert.de\/blog\/?cat=41\" target=\"_blank\" rel=\"noopener noreferrer\">diesem Ordner<\/a>, s\u00fc\u00dfe Rezepte in <a href=\"https:\/\/www.sabine-seyffert.de\/blog\/?cat=31\" target=\"_blank\" rel=\"noopener noreferrer\">dieser Kategorie<\/a> und hier verrate ich euch eine passende Geschenkverpackung f\u00fcr die selbst gemachten Mandeln.<\/p>\n<p style=\"text-align: center;\"><a href=\"https:\/\/www.sabine-seyffert.de\/blog\/wp-content\/uploads\/2019\/12\/Gebrannte-Mandeln-Sabine-Seyffert.de-2.jpg\"><img loading=\"lazy\" decoding=\"async\" class=\"alignnone size-full wp-image-15536\" src=\"https:\/\/www.sabine-seyffert.de\/blog\/wp-content\/uploads\/2019\/12\/Gebrannte-Mandeln-Sabine-Seyffert.de-2.jpg\" alt=\"\" width=\"800\" height=\"600\" srcset=\"https:\/\/www.sabine-seyffert.de\/blog\/wp-content\/uploads\/2019\/12\/Gebrannte-Mandeln-Sabine-Seyffert.de-2.jpg 800w, https:\/\/www.sabine-seyffert.de\/blog\/wp-content\/uploads\/2019\/12\/Gebrannte-Mandeln-Sabine-Seyffert.de-2-300x225.jpg 300w, https:\/\/www.sabine-seyffert.de\/blog\/wp-content\/uploads\/2019\/12\/Gebrannte-Mandeln-Sabine-Seyffert.de-2-768x576.jpg 768w\" sizes=\"auto, (max-width: 800px) 100vw, 800px\" \/><\/a><\/p>\n<p style=\"text-align: justify;\"><a href=\"https:\/\/www.sabine-seyffert.de\/blog\/?page_id=32#urheberrecht\">urheberrechtlich gesch\u00fctzt<\/a>, \u00a9 Sabine Seyffert<\/p>\n","protected":false},"excerpt":{"rendered":"<p>M\u00f6gt ihr Mandeln auch so gerne? Ich habe diese schon als Kind geliebt und verbinde diese Leckerei auf jeden Fall mit der Weihnachtszeit und gem\u00fctlichen Besuchen auf dem Weihnachtsmarkt. Diese selbst zu machen, ist \u00fcberhaupt kein Problem, wenn man wei\u00df wie es geht und man etwas Geduld hat. Da ich vor kurzem erst wieder einen&#8230; <a href=\"https:\/\/www.sabine-seyffert.de\/blog\/diy-geschenke-aus-der-kueche-gebrannte-mandeln-selber-machen-mit-rezept-tipps\/\" class=\"more-link\">Read more: DIY Geschenke aus der K\u00fcche: Gebrannte Mandeln selber machen \u2013 mit Rezept &#038; Tipps<\/a><\/p>\n","protected":false},"author":2,"featured_media":0,"comment_status":"open","ping_status":"open","sticky":false,"template":"","format":"standard","meta":{"_metis_text_type":"","_metis_text_length":2586,"_post_count":0,"footnotes":""},"categories":[41,43,31,44,22],"tags":[],"class_list":["post-15529","post","type-post","status-publish","format-standard","hentry","category-weihnachten","category-geschenke-aus-der-kueche","category-rezepte-suse-kuchen-co","category-rezepte-vegan","category-winter"],"_links":{"self":[{"href":"https:\/\/www.sabine-seyffert.de\/blog\/wp-json\/wp\/v2\/posts\/15529","targetHints":{"allow":["GET"]}}],"collection":[{"href":"https:\/\/www.sabine-seyffert.de\/blog\/wp-json\/wp\/v2\/posts"}],"about":[{"href":"https:\/\/www.sabine-seyffert.de\/blog\/wp-json\/wp\/v2\/types\/post"}],"author":[{"embeddable":true,"href":"https:\/\/www.sabine-seyffert.de\/blog\/wp-json\/wp\/v2\/users\/2"}],"replies":[{"embeddable":true,"href":"https:\/\/www.sabine-seyffert.de\/blog\/wp-json\/wp\/v2\/comments?post=15529"}],"version-history":[{"count":6,"href":"https:\/\/www.sabine-seyffert.de\/blog\/wp-json\/wp\/v2\/posts\/15529\/revisions"}],"predecessor-version":[{"id":24796,"href":"https:\/\/www.sabine-seyffert.de\/blog\/wp-json\/wp\/v2\/posts\/15529\/revisions\/24796"}],"wp:attachment":[{"href":"https:\/\/www.sabine-seyffert.de\/blog\/wp-json\/wp\/v2\/media?parent=15529"}],"wp:term":[{"taxonomy":"category","embeddable":true,"href":"https:\/\/www.sabine-seyffert.de\/blog\/wp-json\/wp\/v2\/categories?post=15529"},{"taxonomy":"post_tag","embeddable":true,"href":"https:\/\/www.sabine-seyffert.de\/blog\/wp-json\/wp\/v2\/tags?post=15529"}],"curies":[{"name":"wp","href":"https:\/\/api.w.org\/{rel}","templated":true}]}}