{"id":15471,"date":"2019-12-01T09:22:58","date_gmt":"2019-12-01T07:22:58","guid":{"rendered":"https:\/\/www.sabine-seyffert.de\/blog\/?p=15471"},"modified":"2022-11-13T12:36:53","modified_gmt":"2022-11-13T10:36:53","slug":"diy-mit-kindern-weihnachtsgeschenke-basteln-weihnachtskranz-aus-handabdruecken","status":"publish","type":"post","link":"https:\/\/www.sabine-seyffert.de\/blog\/diy-mit-kindern-weihnachtsgeschenke-basteln-weihnachtskranz-aus-handabdruecken\/","title":{"rendered":"DIY Mit Kindern Weihnachtsgeschenke basteln: Weihnachtskranz aus Handabdr\u00fccken"},"content":{"rendered":"<p style=\"text-align: justify;\"><img loading=\"lazy\" decoding=\"async\" src=\"https:\/\/vg06.met.vgwort.de\/na\/c121b02968c443d4aaea1d1427c7fc16\" alt=\"\" width=\"1\" height=\"1\" \/>Wir waren im Bastelfieber und haben flei\u00dfig f\u00fcr Weihnachten gebastelt. Besser gesagt gedruckt \u2013 und zwar mit den H\u00e4nden. Da hie\u00df es pl\u00f6tzlich \u201eGr\u00fcn, gr\u00fcn, gr\u00fcn sind alle unsere H\u00e4nde!\u201c Mehrere B\u00f6gen Tonkarton haben wir mit zahlreichen, gr\u00fcnen Handabdr\u00fccken versehen und hatten dabei riesig Spa\u00df. Was wir daraus gebastelt haben, verrate ich euch in der folgenden Bastelanleitung. Wenn euch auch noch das ein oder andere Weihnachtsgeschenk fehlt \u2013 vielleicht habt ihr ja Lust auch solch einen Kranz zu basteln. Ein Bastelspa\u00df f\u00fcr die gesamte Familie!<\/p>\n<p style=\"text-align: center;\"><a href=\"https:\/\/www.sabine-seyffert.de\/blog\/wp-content\/uploads\/2019\/12\/Kranz-Weihnachten-Sabine-Seyffert.de-3.jpg\"><img loading=\"lazy\" decoding=\"async\" class=\"alignnone size-full wp-image-15472\" src=\"https:\/\/www.sabine-seyffert.de\/blog\/wp-content\/uploads\/2019\/12\/Kranz-Weihnachten-Sabine-Seyffert.de-3.jpg\" alt=\"\" width=\"800\" height=\"600\" srcset=\"https:\/\/www.sabine-seyffert.de\/blog\/wp-content\/uploads\/2019\/12\/Kranz-Weihnachten-Sabine-Seyffert.de-3.jpg 800w, https:\/\/www.sabine-seyffert.de\/blog\/wp-content\/uploads\/2019\/12\/Kranz-Weihnachten-Sabine-Seyffert.de-3-300x225.jpg 300w, https:\/\/www.sabine-seyffert.de\/blog\/wp-content\/uploads\/2019\/12\/Kranz-Weihnachten-Sabine-Seyffert.de-3-768x576.jpg 768w\" sizes=\"auto, (max-width: 800px) 100vw, 800px\" \/><\/a><\/p>\n<p style=\"text-align: justify;\"><strong>Das wird gebraucht:<\/strong><br \/>\nMehrere B\u00f6gen wei\u00dfen Tonkarton, einen alten Karton oder ein gro\u00dfes St\u00fcck Pappe, eine Kreisvorlage, einen Bleistift, eine scharfe Schere, Bastelkleber, gr\u00fcne Wasserfarbe am besten in unterschiedenen Farbnuancen sowie in gelb und rot, eine Lochzange, eine Metall\u00f6se, eine Nietenzange sowie optional Motivlocher Stern in unterschiedlichen Gr\u00f6\u00dfen<\/p>\n<p style=\"text-align: center;\"><a href=\"https:\/\/www.sabine-seyffert.de\/blog\/wp-content\/uploads\/2019\/12\/Kranz-Weihnachten-Sabine-Seyffert.de-12.jpg\"><img loading=\"lazy\" decoding=\"async\" class=\"alignnone size-full wp-image-15473\" src=\"https:\/\/www.sabine-seyffert.de\/blog\/wp-content\/uploads\/2019\/12\/Kranz-Weihnachten-Sabine-Seyffert.de-12.jpg\" alt=\"\" width=\"800\" height=\"600\" srcset=\"https:\/\/www.sabine-seyffert.de\/blog\/wp-content\/uploads\/2019\/12\/Kranz-Weihnachten-Sabine-Seyffert.de-12.jpg 800w, https:\/\/www.sabine-seyffert.de\/blog\/wp-content\/uploads\/2019\/12\/Kranz-Weihnachten-Sabine-Seyffert.de-12-300x225.jpg 300w, https:\/\/www.sabine-seyffert.de\/blog\/wp-content\/uploads\/2019\/12\/Kranz-Weihnachten-Sabine-Seyffert.de-12-768x576.jpg 768w\" sizes=\"auto, (max-width: 800px) 100vw, 800px\" \/><\/a><\/p>\n<p style=\"text-align: justify;\"><strong>So wird\u2019s gemacht:<\/strong><br \/>\nAm besten stempelt man als erstes ganz viel gr\u00fcne H\u00e4nde auf das Papier. Jeder der mag, darf mitstempeln! Wir haben daf\u00fcr 5 verschiedene Gr\u00fcnt\u00f6ne verwendet, was dem Kranz etwas mehr Struktur gibt.<\/p>\n<p style=\"text-align: center;\"><a href=\"https:\/\/www.sabine-seyffert.de\/blog\/wp-content\/uploads\/2019\/12\/Kranz-Weihnachten-Sabine-Seyffert.de-11.jpg\"><img loading=\"lazy\" decoding=\"async\" class=\"alignnone size-full wp-image-15474\" src=\"https:\/\/www.sabine-seyffert.de\/blog\/wp-content\/uploads\/2019\/12\/Kranz-Weihnachten-Sabine-Seyffert.de-11.jpg\" alt=\"\" width=\"800\" height=\"600\" srcset=\"https:\/\/www.sabine-seyffert.de\/blog\/wp-content\/uploads\/2019\/12\/Kranz-Weihnachten-Sabine-Seyffert.de-11.jpg 800w, https:\/\/www.sabine-seyffert.de\/blog\/wp-content\/uploads\/2019\/12\/Kranz-Weihnachten-Sabine-Seyffert.de-11-300x225.jpg 300w, https:\/\/www.sabine-seyffert.de\/blog\/wp-content\/uploads\/2019\/12\/Kranz-Weihnachten-Sabine-Seyffert.de-11-768x576.jpg 768w\" sizes=\"auto, (max-width: 800px) 100vw, 800px\" \/><\/a><\/p>\n<p style=\"text-align: justify;\">Au\u00dferdem haben wir noch rote Fu\u00dfabdr\u00fccke von den kleinsten F\u00fc\u00dfen im Bunde und zwei gr\u00f6\u00dfere gemacht. Ein etwa Din A 5 gro\u00dfes St\u00fcck Tonkarton haben wir mit gelber Wasserfarbe bestrichen, allerdings ganz unregelm\u00e4\u00dfig. Jetzt muss die Farbe gr\u00fcndlich trocknen.<\/p>\n<p style=\"text-align: center;\"><a href=\"https:\/\/www.sabine-seyffert.de\/blog\/wp-content\/uploads\/2019\/12\/Kranz-Weihnachten-Sabine-Seyffert.de-9.jpg\"><img loading=\"lazy\" decoding=\"async\" class=\"alignnone size-full wp-image-15475\" src=\"https:\/\/www.sabine-seyffert.de\/blog\/wp-content\/uploads\/2019\/12\/Kranz-Weihnachten-Sabine-Seyffert.de-9.jpg\" alt=\"\" width=\"800\" height=\"600\" srcset=\"https:\/\/www.sabine-seyffert.de\/blog\/wp-content\/uploads\/2019\/12\/Kranz-Weihnachten-Sabine-Seyffert.de-9.jpg 800w, https:\/\/www.sabine-seyffert.de\/blog\/wp-content\/uploads\/2019\/12\/Kranz-Weihnachten-Sabine-Seyffert.de-9-300x225.jpg 300w, https:\/\/www.sabine-seyffert.de\/blog\/wp-content\/uploads\/2019\/12\/Kranz-Weihnachten-Sabine-Seyffert.de-9-768x576.jpg 768w\" sizes=\"auto, (max-width: 800px) 100vw, 800px\" \/><\/a><\/p>\n<p style=\"text-align: justify;\">In der Zwischenzeit schneidet man aus der Pappe einen gro\u00dfen, breiten Kreis. Damit dieser sch\u00f6n rund wird, habe ich eine riesige Obstschale und einen gro\u00dfen Teller als Bastelschablone zur Hilfe genommen. Einfach die R\u00e4nder mit Bleistift umfahren und anschlie\u00dfend ausschneiden.<\/p>\n<p style=\"text-align: center;\"><a href=\"https:\/\/www.sabine-seyffert.de\/blog\/wp-content\/uploads\/2019\/12\/Kranz-Weihnachten-Sabine-Seyffert.de-7.jpg\"><img loading=\"lazy\" decoding=\"async\" class=\"alignnone size-full wp-image-15476\" src=\"https:\/\/www.sabine-seyffert.de\/blog\/wp-content\/uploads\/2019\/12\/Kranz-Weihnachten-Sabine-Seyffert.de-7.jpg\" alt=\"\" width=\"800\" height=\"600\" srcset=\"https:\/\/www.sabine-seyffert.de\/blog\/wp-content\/uploads\/2019\/12\/Kranz-Weihnachten-Sabine-Seyffert.de-7.jpg 800w, https:\/\/www.sabine-seyffert.de\/blog\/wp-content\/uploads\/2019\/12\/Kranz-Weihnachten-Sabine-Seyffert.de-7-300x225.jpg 300w, https:\/\/www.sabine-seyffert.de\/blog\/wp-content\/uploads\/2019\/12\/Kranz-Weihnachten-Sabine-Seyffert.de-7-768x576.jpg 768w\" sizes=\"auto, (max-width: 800px) 100vw, 800px\" \/><\/a><\/p>\n<p style=\"text-align: justify;\">Anschlie\u00dfend werden alle Handabdr\u00fccke und die F\u00fc\u00dfe ausgeschnitten. Daf\u00fcr sollte man etwas Zeit einplanen. Beim Schneiden haben wir auch gleich die H\u00e4nde den Gr\u00fcnt\u00f6nen nach sortiert.<\/p>\n<p style=\"text-align: center;\"><a href=\"https:\/\/www.sabine-seyffert.de\/blog\/wp-content\/uploads\/2019\/12\/Kranz-Weihnachten-Sabine-Seyffert.de-5.jpg\"><img loading=\"lazy\" decoding=\"async\" class=\"alignnone size-full wp-image-15477\" src=\"https:\/\/www.sabine-seyffert.de\/blog\/wp-content\/uploads\/2019\/12\/Kranz-Weihnachten-Sabine-Seyffert.de-5.jpg\" alt=\"\" width=\"800\" height=\"600\" srcset=\"https:\/\/www.sabine-seyffert.de\/blog\/wp-content\/uploads\/2019\/12\/Kranz-Weihnachten-Sabine-Seyffert.de-5.jpg 800w, https:\/\/www.sabine-seyffert.de\/blog\/wp-content\/uploads\/2019\/12\/Kranz-Weihnachten-Sabine-Seyffert.de-5-300x225.jpg 300w, https:\/\/www.sabine-seyffert.de\/blog\/wp-content\/uploads\/2019\/12\/Kranz-Weihnachten-Sabine-Seyffert.de-5-768x576.jpg 768w\" sizes=\"auto, (max-width: 800px) 100vw, 800px\" \/><\/a><\/p>\n<p style=\"text-align: justify;\">Danach streicht man den Pappring mit reichlich Kleber ein und platziert die H\u00e4nde leicht versetzt darauf, bis der Kranz sch\u00f6n dicht beklebt ist.<\/p>\n<p style=\"text-align: center;\"><a href=\"https:\/\/www.sabine-seyffert.de\/blog\/wp-content\/uploads\/2019\/12\/Kranz-Weihnachten-Sabine-Seyffert.de-4.jpg\"><img loading=\"lazy\" decoding=\"async\" class=\"alignnone size-full wp-image-15478\" src=\"https:\/\/www.sabine-seyffert.de\/blog\/wp-content\/uploads\/2019\/12\/Kranz-Weihnachten-Sabine-Seyffert.de-4.jpg\" alt=\"\" width=\"800\" height=\"600\" srcset=\"https:\/\/www.sabine-seyffert.de\/blog\/wp-content\/uploads\/2019\/12\/Kranz-Weihnachten-Sabine-Seyffert.de-4.jpg 800w, https:\/\/www.sabine-seyffert.de\/blog\/wp-content\/uploads\/2019\/12\/Kranz-Weihnachten-Sabine-Seyffert.de-4-300x225.jpg 300w, https:\/\/www.sabine-seyffert.de\/blog\/wp-content\/uploads\/2019\/12\/Kranz-Weihnachten-Sabine-Seyffert.de-4-768x576.jpg 768w\" sizes=\"auto, (max-width: 800px) 100vw, 800px\" \/><\/a><\/p>\n<p style=\"text-align: justify;\">Da die zweitj\u00fcngste unserer Bastelrunde gerne Sterne auf dem Kranz haben wollte, haben wir aus dem gelb bemalten Papier noch allerhand Sterne in unterschiedlichen Gr\u00f6\u00dfen gestanzt. Die klebt man gleichm\u00e4\u00dfig verteilt auf den Handabdruckkranz.<\/p>\n<p style=\"text-align: center;\"><a href=\"https:\/\/www.sabine-seyffert.de\/blog\/wp-content\/uploads\/2019\/12\/Kranz-Weihnachten-Sabine-Seyffert.de-2.jpg\"><img loading=\"lazy\" decoding=\"async\" class=\"alignnone size-full wp-image-15479\" src=\"https:\/\/www.sabine-seyffert.de\/blog\/wp-content\/uploads\/2019\/12\/Kranz-Weihnachten-Sabine-Seyffert.de-2.jpg\" alt=\"\" width=\"800\" height=\"600\" srcset=\"https:\/\/www.sabine-seyffert.de\/blog\/wp-content\/uploads\/2019\/12\/Kranz-Weihnachten-Sabine-Seyffert.de-2.jpg 800w, https:\/\/www.sabine-seyffert.de\/blog\/wp-content\/uploads\/2019\/12\/Kranz-Weihnachten-Sabine-Seyffert.de-2-300x225.jpg 300w, https:\/\/www.sabine-seyffert.de\/blog\/wp-content\/uploads\/2019\/12\/Kranz-Weihnachten-Sabine-Seyffert.de-2-768x576.jpg 768w\" sizes=\"auto, (max-width: 800px) 100vw, 800px\" \/><\/a><\/p>\n<p style=\"text-align: justify;\">Zum Schluss klebt man aus den insgesamt 4 kleinsten Fu\u00dfabdr\u00fccken und zwei gr\u00f6\u00dferen eine Schleife oben mittig auf.<\/p>\n<p style=\"text-align: center;\"><a href=\"https:\/\/www.sabine-seyffert.de\/blog\/wp-content\/uploads\/2019\/12\/Kranz-Weihnachten-Sabine-Seyffert.de-16.jpg\"><img loading=\"lazy\" decoding=\"async\" class=\"alignnone size-full wp-image-15480\" src=\"https:\/\/www.sabine-seyffert.de\/blog\/wp-content\/uploads\/2019\/12\/Kranz-Weihnachten-Sabine-Seyffert.de-16.jpg\" alt=\"\" width=\"800\" height=\"600\" srcset=\"https:\/\/www.sabine-seyffert.de\/blog\/wp-content\/uploads\/2019\/12\/Kranz-Weihnachten-Sabine-Seyffert.de-16.jpg 800w, https:\/\/www.sabine-seyffert.de\/blog\/wp-content\/uploads\/2019\/12\/Kranz-Weihnachten-Sabine-Seyffert.de-16-300x225.jpg 300w, https:\/\/www.sabine-seyffert.de\/blog\/wp-content\/uploads\/2019\/12\/Kranz-Weihnachten-Sabine-Seyffert.de-16-768x576.jpg 768w\" sizes=\"auto, (max-width: 800px) 100vw, 800px\" \/><\/a><\/p>\n<p style=\"text-align: justify;\">Jetzt noch mit der Lochzange ein Loch hineindr\u00fccken, eine Niete durchstecken und mit der Nietenzange befestigen. So rei\u00dft der Kranz nicht ein, wenn man ihn aufh\u00e4ngt. Je nach Wunsch noch etwas Geschenkband oder Kordel durchziehen und fertig ist ein ganz pers\u00f6nliches Weihnachtsgeschenk.<\/p>\n<p style=\"text-align: center;\"><a href=\"https:\/\/www.sabine-seyffert.de\/blog\/wp-content\/uploads\/2019\/12\/Kranz-Weihnachten-Sabine-Seyffert.de-15.jpg\"><img loading=\"lazy\" decoding=\"async\" class=\"alignnone size-full wp-image-15481\" src=\"https:\/\/www.sabine-seyffert.de\/blog\/wp-content\/uploads\/2019\/12\/Kranz-Weihnachten-Sabine-Seyffert.de-15.jpg\" alt=\"\" width=\"800\" height=\"600\" srcset=\"https:\/\/www.sabine-seyffert.de\/blog\/wp-content\/uploads\/2019\/12\/Kranz-Weihnachten-Sabine-Seyffert.de-15.jpg 800w, https:\/\/www.sabine-seyffert.de\/blog\/wp-content\/uploads\/2019\/12\/Kranz-Weihnachten-Sabine-Seyffert.de-15-300x225.jpg 300w, https:\/\/www.sabine-seyffert.de\/blog\/wp-content\/uploads\/2019\/12\/Kranz-Weihnachten-Sabine-Seyffert.de-15-768x576.jpg 768w\" sizes=\"auto, (max-width: 800px) 100vw, 800px\" \/><\/a><\/p>\n<p style=\"text-align: justify;\">Weitere Bastelideen f\u00fcr und mit Kindern findet ihr \u00fcbrigens in <a href=\"https:\/\/www.sabine-seyffert.de\/blog\/?cat=32\" target=\"_blank\" rel=\"noopener noreferrer\">dieser Blog Kategorie,<\/a> alle kreative DIY zum Thema Advent und Weihnachten gibt es in d<a href=\"https:\/\/www.sabine-seyffert.de\/blog\/?cat=41\" target=\"_blank\" rel=\"noopener noreferrer\">iesem Ordner<\/a>, kreative Deko Sachen <a href=\"https:\/\/www.sabine-seyffert.de\/blog\/?cat=12\" target=\"_blank\" rel=\"noopener noreferrer\">dort<\/a> und andere kreative Sachen <a href=\"http:\/\/www.lunaju.de\/2019\/12\/kiddikram-dezember-2019.html\" target=\"_blank\" rel=\"noopener nofollow noreferrer\">da<\/a> und auch an <a href=\"https:\/\/www.creadienstag.de\/2019\/12\/linkparty-404.html\" target=\"_blank\" rel=\"noopener nofollow noreferrer\">dieser<\/a> Stelle.<\/p>\n<p style=\"text-align: center;\"><a href=\"https:\/\/www.sabine-seyffert.de\/blog\/wp-content\/uploads\/2019\/12\/Kranz-Weihnachten-Sabine-Seyffert.de-13.jpg\"><img loading=\"lazy\" decoding=\"async\" class=\"alignnone size-full wp-image-15482\" src=\"https:\/\/www.sabine-seyffert.de\/blog\/wp-content\/uploads\/2019\/12\/Kranz-Weihnachten-Sabine-Seyffert.de-13.jpg\" alt=\"\" width=\"600\" height=\"800\" srcset=\"https:\/\/www.sabine-seyffert.de\/blog\/wp-content\/uploads\/2019\/12\/Kranz-Weihnachten-Sabine-Seyffert.de-13.jpg 600w, https:\/\/www.sabine-seyffert.de\/blog\/wp-content\/uploads\/2019\/12\/Kranz-Weihnachten-Sabine-Seyffert.de-13-225x300.jpg 225w\" sizes=\"auto, (max-width: 600px) 100vw, 600px\" \/><\/a><\/p>\n<p style=\"text-align: justify;\"><a href=\"https:\/\/www.sabine-seyffert.de\/blog\/?page_id=32#urheberrecht\">urheberrechtlich gesch\u00fctzt<\/a>, \u00a9 Sabine Seyffert<\/p>\n","protected":false},"excerpt":{"rendered":"<p>Wir waren im Bastelfieber und haben flei\u00dfig f\u00fcr Weihnachten gebastelt. Besser gesagt gedruckt \u2013 und zwar mit den H\u00e4nden. Da hie\u00df es pl\u00f6tzlich \u201eGr\u00fcn, gr\u00fcn, gr\u00fcn sind alle unsere H\u00e4nde!\u201c Mehrere B\u00f6gen Tonkarton haben wir mit zahlreichen, gr\u00fcnen Handabdr\u00fccken versehen und hatten dabei riesig Spa\u00df. Was wir daraus gebastelt haben, verrate ich euch in der&#8230; <a href=\"https:\/\/www.sabine-seyffert.de\/blog\/diy-mit-kindern-weihnachtsgeschenke-basteln-weihnachtskranz-aus-handabdruecken\/\" class=\"more-link\">Read more: DIY Mit Kindern Weihnachtsgeschenke basteln: Weihnachtskranz aus Handabdr\u00fccken<\/a><\/p>\n","protected":false},"author":2,"featured_media":0,"comment_status":"open","ping_status":"open","sticky":false,"template":"","format":"standard","meta":{"_metis_text_type":"","_metis_text_length":2919,"_post_count":0,"footnotes":""},"categories":[41,32,12,36],"tags":[],"class_list":["post-15471","post","type-post","status-publish","format-standard","hentry","category-weihnachten","category-kreatives-fur-kleine-kinderhande","category-deko-ideen","category-klitzekleine-geschenkideen"],"_links":{"self":[{"href":"https:\/\/www.sabine-seyffert.de\/blog\/wp-json\/wp\/v2\/posts\/15471","targetHints":{"allow":["GET"]}}],"collection":[{"href":"https:\/\/www.sabine-seyffert.de\/blog\/wp-json\/wp\/v2\/posts"}],"about":[{"href":"https:\/\/www.sabine-seyffert.de\/blog\/wp-json\/wp\/v2\/types\/post"}],"author":[{"embeddable":true,"href":"https:\/\/www.sabine-seyffert.de\/blog\/wp-json\/wp\/v2\/users\/2"}],"replies":[{"embeddable":true,"href":"https:\/\/www.sabine-seyffert.de\/blog\/wp-json\/wp\/v2\/comments?post=15471"}],"version-history":[{"count":7,"href":"https:\/\/www.sabine-seyffert.de\/blog\/wp-json\/wp\/v2\/posts\/15471\/revisions"}],"predecessor-version":[{"id":24405,"href":"https:\/\/www.sabine-seyffert.de\/blog\/wp-json\/wp\/v2\/posts\/15471\/revisions\/24405"}],"wp:attachment":[{"href":"https:\/\/www.sabine-seyffert.de\/blog\/wp-json\/wp\/v2\/media?parent=15471"}],"wp:term":[{"taxonomy":"category","embeddable":true,"href":"https:\/\/www.sabine-seyffert.de\/blog\/wp-json\/wp\/v2\/categories?post=15471"},{"taxonomy":"post_tag","embeddable":true,"href":"https:\/\/www.sabine-seyffert.de\/blog\/wp-json\/wp\/v2\/tags?post=15471"}],"curies":[{"name":"wp","href":"https:\/\/api.w.org\/{rel}","templated":true}]}}