{"id":15456,"date":"2019-11-28T19:10:13","date_gmt":"2019-11-28T17:10:13","guid":{"rendered":"https:\/\/www.sabine-seyffert.de\/blog\/?p=15456"},"modified":"2019-11-28T19:10:13","modified_gmt":"2019-11-28T17:10:13","slug":"diy-geschenkverpackung-selbst-gemachte-weihnachtsmarmelade-schoen-verpackt-mit-apfel-anhaengern","status":"publish","type":"post","link":"https:\/\/www.sabine-seyffert.de\/blog\/diy-geschenkverpackung-selbst-gemachte-weihnachtsmarmelade-schoen-verpackt-mit-apfel-anhaengern\/","title":{"rendered":"DIY Geschenkverpackung: Selbst gemachte Weihnachtsmarmelade sch\u00f6n verpackt mit Apfel Anh\u00e4ngern"},"content":{"rendered":"<p style=\"text-align: justify;\"><img loading=\"lazy\" decoding=\"async\" src=\"https:\/\/vg06.met.vgwort.de\/na\/25263e1b408e4c61b9de2e3d7ce98b13\" alt=\"\" width=\"1\" height=\"1\" \/>Auch in diesem Jahr sollte die selbst gekochte <a href=\"https:\/\/www.sabine-seyffert.de\/blog\/?p=15444\" target=\"_blank\" rel=\"noopener noreferrer\">Weihnachtsmarmelade<\/a> sch\u00f6n verpackt werden. Die mit Lackstift <a href=\"https:\/\/www.sabine-seyffert.de\/blog\/?p=13632\" target=\"_blank\" rel=\"noopener noreferrer\">verzierten Marmeladengl\u00e4ser<\/a> aus dem letzten Jahr gefielen mir immer noch ganz gut. Daher habe ich die Idee dieses Mal leicht abgewandelt. Das ben\u00f6tigte Material wie wei\u00dfer Lackstift, Kordel und Packpapier habe ich in der Regel zur Hand. Spontan kam mir dann noch die Idee, jedes Glas mit einem Apfelring zu schm\u00fccken, was ganz prima zu der Marmeladensorte passt und zudem noch richtig nett aussieht.<\/p>\n<p style=\"text-align: center;\"><a href=\"https:\/\/www.sabine-seyffert.de\/blog\/wp-content\/uploads\/2019\/11\/Gl\u00e4ser-Marmelade-Apfel-Sabine-Seyffert.de-1.jpg\"><img loading=\"lazy\" decoding=\"async\" class=\"alignnone size-full wp-image-15458\" src=\"https:\/\/www.sabine-seyffert.de\/blog\/wp-content\/uploads\/2019\/11\/Gl\u00e4ser-Marmelade-Apfel-Sabine-Seyffert.de-1.jpg\" alt=\"\" width=\"800\" height=\"600\" srcset=\"https:\/\/www.sabine-seyffert.de\/blog\/wp-content\/uploads\/2019\/11\/Gl\u00e4ser-Marmelade-Apfel-Sabine-Seyffert.de-1.jpg 800w, https:\/\/www.sabine-seyffert.de\/blog\/wp-content\/uploads\/2019\/11\/Gl\u00e4ser-Marmelade-Apfel-Sabine-Seyffert.de-1-300x225.jpg 300w, https:\/\/www.sabine-seyffert.de\/blog\/wp-content\/uploads\/2019\/11\/Gl\u00e4ser-Marmelade-Apfel-Sabine-Seyffert.de-1-768x576.jpg 768w\" sizes=\"auto, (max-width: 800px) 100vw, 800px\" \/><\/a><\/p>\n<p style=\"text-align: justify;\"><strong>Das wird gebraucht:<\/strong><br \/>\nNaturbraunes Packpapier oder unifarbenes Geschenkpapier, Stempel Stern in XL, ein wei\u00dfes Stempelkissen, ein Bogen Kraftpapier in der Gr\u00f6\u00dfe Din A4, Computer, Drucker, eine Lochzange (meine hat ein Sternmotiv), einen wei\u00dfen Lackstift mit d\u00fcnner Miene, etwas Kordel oder Geschenkband sowie getrocknete Apfelscheiben und d\u00fcnnen Basteldraht<\/p>\n<p style=\"text-align: center;\"><a href=\"https:\/\/www.sabine-seyffert.de\/blog\/wp-content\/uploads\/2019\/11\/Gl\u00e4ser-Marmelade-Apfel-Sabine-Seyffert.de-3.jpg\"><img loading=\"lazy\" decoding=\"async\" class=\"alignnone size-full wp-image-15459\" src=\"https:\/\/www.sabine-seyffert.de\/blog\/wp-content\/uploads\/2019\/11\/Gl\u00e4ser-Marmelade-Apfel-Sabine-Seyffert.de-3.jpg\" alt=\"\" width=\"800\" height=\"600\" srcset=\"https:\/\/www.sabine-seyffert.de\/blog\/wp-content\/uploads\/2019\/11\/Gl\u00e4ser-Marmelade-Apfel-Sabine-Seyffert.de-3.jpg 800w, https:\/\/www.sabine-seyffert.de\/blog\/wp-content\/uploads\/2019\/11\/Gl\u00e4ser-Marmelade-Apfel-Sabine-Seyffert.de-3-300x225.jpg 300w, https:\/\/www.sabine-seyffert.de\/blog\/wp-content\/uploads\/2019\/11\/Gl\u00e4ser-Marmelade-Apfel-Sabine-Seyffert.de-3-768x576.jpg 768w\" sizes=\"auto, (max-width: 800px) 100vw, 800px\" \/><\/a><\/p>\n<p style=\"text-align: justify;\"><strong>So wird\u2019s gemacht:<\/strong><br \/>\nDie in Gl\u00e4ser gef\u00fcllte Marmelade sollte hierf\u00fcr unbedingt ausgek\u00fchlt sein, sonst wird das Bemalen der Gl\u00e4ser schwierig \ud83d\ude09<\/p>\n<p style=\"text-align: center;\"><a href=\"https:\/\/www.sabine-seyffert.de\/blog\/wp-content\/uploads\/2019\/11\/Gl\u00e4ser-Marmelade-Apfel-Sabine-Seyffert.de-2.jpg\"><img loading=\"lazy\" decoding=\"async\" class=\"alignnone size-full wp-image-15457\" src=\"https:\/\/www.sabine-seyffert.de\/blog\/wp-content\/uploads\/2019\/11\/Gl\u00e4ser-Marmelade-Apfel-Sabine-Seyffert.de-2.jpg\" alt=\"\" width=\"800\" height=\"600\" srcset=\"https:\/\/www.sabine-seyffert.de\/blog\/wp-content\/uploads\/2019\/11\/Gl\u00e4ser-Marmelade-Apfel-Sabine-Seyffert.de-2.jpg 800w, https:\/\/www.sabine-seyffert.de\/blog\/wp-content\/uploads\/2019\/11\/Gl\u00e4ser-Marmelade-Apfel-Sabine-Seyffert.de-2-300x225.jpg 300w, https:\/\/www.sabine-seyffert.de\/blog\/wp-content\/uploads\/2019\/11\/Gl\u00e4ser-Marmelade-Apfel-Sabine-Seyffert.de-2-768x576.jpg 768w\" sizes=\"auto, (max-width: 800px) 100vw, 800px\" \/><\/a><\/p>\n<p style=\"text-align: justify;\">Mit dem Lackstift habe ich vorne auf die Gl\u00e4ser ein Oval gezeichnet und dieses im Anschluss mit kleinen Bl\u00e4ttern verziert, so dass es aussieht, wie ein Weihnachtskranz. Mittig habe ich mit dem Stift \u201eFrohes Fest\u201c als Weihnachtsgru\u00df hinein geschrieben sowie am unteren Rand das Datum, an dem die Marmelade gekocht wurde.<\/p>\n<p style=\"text-align: center;\"><a href=\"https:\/\/www.sabine-seyffert.de\/blog\/wp-content\/uploads\/2019\/11\/Gl\u00e4ser-Marmelade-Apfel-Sabine-Seyffert.de-7.jpg\"><img loading=\"lazy\" decoding=\"async\" class=\"alignnone size-full wp-image-15460\" src=\"https:\/\/www.sabine-seyffert.de\/blog\/wp-content\/uploads\/2019\/11\/Gl\u00e4ser-Marmelade-Apfel-Sabine-Seyffert.de-7.jpg\" alt=\"\" width=\"600\" height=\"800\" srcset=\"https:\/\/www.sabine-seyffert.de\/blog\/wp-content\/uploads\/2019\/11\/Gl\u00e4ser-Marmelade-Apfel-Sabine-Seyffert.de-7.jpg 600w, https:\/\/www.sabine-seyffert.de\/blog\/wp-content\/uploads\/2019\/11\/Gl\u00e4ser-Marmelade-Apfel-Sabine-Seyffert.de-7-225x300.jpg 225w\" sizes=\"auto, (max-width: 600px) 100vw, 600px\" \/><\/a><\/p>\n<p style=\"text-align: justify;\">Die Deckel habe ich mit Packpapier versch\u00f6nert und etwas Kordel als Schleife darum gebunden. Von oben habe ich jedes Glas mit einem wei\u00dfen Stern bestempelt.<\/p>\n<p style=\"text-align: center;\"><a href=\"https:\/\/www.sabine-seyffert.de\/blog\/wp-content\/uploads\/2019\/11\/Gl\u00e4ser-Marmelade-Apfel-Sabine-Seyffert.de-6.jpg\"><img loading=\"lazy\" decoding=\"async\" class=\"alignnone size-full wp-image-15461\" src=\"https:\/\/www.sabine-seyffert.de\/blog\/wp-content\/uploads\/2019\/11\/Gl\u00e4ser-Marmelade-Apfel-Sabine-Seyffert.de-6.jpg\" alt=\"\" width=\"600\" height=\"800\" srcset=\"https:\/\/www.sabine-seyffert.de\/blog\/wp-content\/uploads\/2019\/11\/Gl\u00e4ser-Marmelade-Apfel-Sabine-Seyffert.de-6.jpg 600w, https:\/\/www.sabine-seyffert.de\/blog\/wp-content\/uploads\/2019\/11\/Gl\u00e4ser-Marmelade-Apfel-Sabine-Seyffert.de-6-225x300.jpg 225w\" sizes=\"auto, (max-width: 600px) 100vw, 600px\" \/><\/a><\/p>\n<p style=\"text-align: justify;\">Au\u00dferdem habe ich mir mit Hilfe des Computers noch Etiketten ausgedruckt, auf denen erkenntlich ist, um was f\u00fcr eine Marmeladensorte es sich handelt. Die druckt man einfach untereinander auf einem A4 Blatt und schneidet sich diese als Wimpel aus.<\/p>\n<p style=\"text-align: center;\"><a href=\"https:\/\/www.sabine-seyffert.de\/blog\/wp-content\/uploads\/2019\/11\/Gl\u00e4ser-Marmelade-Apfel-Sabine-Seyffert.de-4.jpg\"><img loading=\"lazy\" decoding=\"async\" class=\"alignnone size-full wp-image-15462\" src=\"https:\/\/www.sabine-seyffert.de\/blog\/wp-content\/uploads\/2019\/11\/Gl\u00e4ser-Marmelade-Apfel-Sabine-Seyffert.de-4.jpg\" alt=\"\" width=\"800\" height=\"600\" srcset=\"https:\/\/www.sabine-seyffert.de\/blog\/wp-content\/uploads\/2019\/11\/Gl\u00e4ser-Marmelade-Apfel-Sabine-Seyffert.de-4.jpg 800w, https:\/\/www.sabine-seyffert.de\/blog\/wp-content\/uploads\/2019\/11\/Gl\u00e4ser-Marmelade-Apfel-Sabine-Seyffert.de-4-300x225.jpg 300w, https:\/\/www.sabine-seyffert.de\/blog\/wp-content\/uploads\/2019\/11\/Gl\u00e4ser-Marmelade-Apfel-Sabine-Seyffert.de-4-768x576.jpg 768w\" sizes=\"auto, (max-width: 800px) 100vw, 800px\" \/><\/a><\/p>\n<p style=\"text-align: justify;\">Den oberen Rand habe ich mit der Lochzange bearbeitet und mit kleinen Sternen versehen. Nun schneidet man ein St\u00fcck d\u00fcnnen Basteldraht ab (am besten vorab an dem gew\u00fcnschten Deckel die Gr\u00f6\u00dfe abmessen). Darauf f\u00e4delt man den Wimpel, einen Apfelring und dreht die Drahtenden auf der R\u00fcckseite zusammen. So sehen die Gl\u00e4ser richtig weihnachtlich aus und eignen sich super als Weihnachtsgeschenk oder Mitbringsel im Advent.<\/p>\n<p style=\"text-align: center;\"><a href=\"https:\/\/www.sabine-seyffert.de\/blog\/wp-content\/uploads\/2019\/11\/Gl\u00e4ser-Marmelade-Apfel-Sabine-Seyffert.de-10.jpg\"><img loading=\"lazy\" decoding=\"async\" class=\"alignnone size-full wp-image-15464\" src=\"https:\/\/www.sabine-seyffert.de\/blog\/wp-content\/uploads\/2019\/11\/Gl\u00e4ser-Marmelade-Apfel-Sabine-Seyffert.de-10.jpg\" alt=\"\" width=\"600\" height=\"800\" srcset=\"https:\/\/www.sabine-seyffert.de\/blog\/wp-content\/uploads\/2019\/11\/Gl\u00e4ser-Marmelade-Apfel-Sabine-Seyffert.de-10.jpg 600w, https:\/\/www.sabine-seyffert.de\/blog\/wp-content\/uploads\/2019\/11\/Gl\u00e4ser-Marmelade-Apfel-Sabine-Seyffert.de-10-225x300.jpg 225w\" sizes=\"auto, (max-width: 600px) 100vw, 600px\" \/><\/a><\/p>\n<p style=\"text-align: justify;\">Weitere DIY Geschenkverpackungen zu unterschiedlichen Anl\u00e4ssen findet ihr \u00fcbrigens in <a href=\"https:\/\/www.sabine-seyffert.de\/blog\/?cat=49\" target=\"_blank\" rel=\"noopener noreferrer\">dieser Blog Kategorie<\/a>, Geschenke aus der K\u00fcche gibt es in <a href=\"https:\/\/www.sabine-seyffert.de\/blog\/?cat=43\" target=\"_blank\" rel=\"noopener noreferrer\">diesem Ordner<\/a> und alles zum Thema Advent und Weihnachten an <a href=\"https:\/\/www.sabine-seyffert.de\/blog\/?cat=41\" target=\"_blank\" rel=\"noopener noreferrer\">dieser Stelle<\/a>.<\/p>\n<p style=\"text-align: center;\"><a href=\"https:\/\/www.sabine-seyffert.de\/blog\/wp-content\/uploads\/2019\/11\/Gl\u00e4ser-Marmelade-Apfel-Sabine-Seyffert.de-12.jpg\"><img loading=\"lazy\" decoding=\"async\" class=\"alignnone size-full wp-image-15463\" src=\"https:\/\/www.sabine-seyffert.de\/blog\/wp-content\/uploads\/2019\/11\/Gl\u00e4ser-Marmelade-Apfel-Sabine-Seyffert.de-12.jpg\" alt=\"\" width=\"600\" height=\"800\" srcset=\"https:\/\/www.sabine-seyffert.de\/blog\/wp-content\/uploads\/2019\/11\/Gl\u00e4ser-Marmelade-Apfel-Sabine-Seyffert.de-12.jpg 600w, https:\/\/www.sabine-seyffert.de\/blog\/wp-content\/uploads\/2019\/11\/Gl\u00e4ser-Marmelade-Apfel-Sabine-Seyffert.de-12-225x300.jpg 225w\" sizes=\"auto, (max-width: 600px) 100vw, 600px\" \/><\/a><\/p>\n<p style=\"text-align: justify;\"><a href=\"https:\/\/www.sabine-seyffert.de\/blog\/?page_id=32#urheberrecht\">urheberrechtlich gesch\u00fctzt<\/a>, \u00a9 Sabine Seyffert<\/p>\n","protected":false},"excerpt":{"rendered":"<p>Auch in diesem Jahr sollte die selbst gekochte Weihnachtsmarmelade sch\u00f6n verpackt werden. Die mit Lackstift verzierten Marmeladengl\u00e4ser aus dem letzten Jahr gefielen mir immer noch ganz gut. Daher habe ich die Idee dieses Mal leicht abgewandelt. Das ben\u00f6tigte Material wie wei\u00dfer Lackstift, Kordel und Packpapier habe ich in der Regel zur Hand. Spontan kam mir&#8230; <a href=\"https:\/\/www.sabine-seyffert.de\/blog\/diy-geschenkverpackung-selbst-gemachte-weihnachtsmarmelade-schoen-verpackt-mit-apfel-anhaengern\/\" class=\"more-link\">Read more: DIY Geschenkverpackung: Selbst gemachte Weihnachtsmarmelade sch\u00f6n verpackt mit Apfel Anh\u00e4ngern<\/a><\/p>\n","protected":false},"author":2,"featured_media":0,"comment_status":"open","ping_status":"open","sticky":false,"template":"","format":"standard","meta":{"_metis_text_type":"","_metis_text_length":2412,"_post_count":0,"footnotes":""},"categories":[41,43,36,49],"tags":[],"class_list":["post-15456","post","type-post","status-publish","format-standard","hentry","category-weihnachten","category-geschenke-aus-der-kueche","category-klitzekleine-geschenkideen","category-verpackungsideen"],"_links":{"self":[{"href":"https:\/\/www.sabine-seyffert.de\/blog\/wp-json\/wp\/v2\/posts\/15456","targetHints":{"allow":["GET"]}}],"collection":[{"href":"https:\/\/www.sabine-seyffert.de\/blog\/wp-json\/wp\/v2\/posts"}],"about":[{"href":"https:\/\/www.sabine-seyffert.de\/blog\/wp-json\/wp\/v2\/types\/post"}],"author":[{"embeddable":true,"href":"https:\/\/www.sabine-seyffert.de\/blog\/wp-json\/wp\/v2\/users\/2"}],"replies":[{"embeddable":true,"href":"https:\/\/www.sabine-seyffert.de\/blog\/wp-json\/wp\/v2\/comments?post=15456"}],"version-history":[{"count":2,"href":"https:\/\/www.sabine-seyffert.de\/blog\/wp-json\/wp\/v2\/posts\/15456\/revisions"}],"predecessor-version":[{"id":15466,"href":"https:\/\/www.sabine-seyffert.de\/blog\/wp-json\/wp\/v2\/posts\/15456\/revisions\/15466"}],"wp:attachment":[{"href":"https:\/\/www.sabine-seyffert.de\/blog\/wp-json\/wp\/v2\/media?parent=15456"}],"wp:term":[{"taxonomy":"category","embeddable":true,"href":"https:\/\/www.sabine-seyffert.de\/blog\/wp-json\/wp\/v2\/categories?post=15456"},{"taxonomy":"post_tag","embeddable":true,"href":"https:\/\/www.sabine-seyffert.de\/blog\/wp-json\/wp\/v2\/tags?post=15456"}],"curies":[{"name":"wp","href":"https:\/\/api.w.org\/{rel}","templated":true}]}}