{"id":1532,"date":"2013-05-04T09:33:00","date_gmt":"2013-05-04T07:33:00","guid":{"rendered":"http:\/\/www.sabine-seyffert.de\/blog\/?p=1532"},"modified":"2017-03-06T17:53:35","modified_gmt":"2017-03-06T15:53:35","slug":"alles-neu-macht-der-mai","status":"publish","type":"post","link":"https:\/\/www.sabine-seyffert.de\/blog\/alles-neu-macht-der-mai\/","title":{"rendered":"Alles neu macht der Mai"},"content":{"rendered":"<p style=\"text-align: justify;\"><img loading=\"lazy\" decoding=\"async\" src=\"https:\/\/ssl-vg03.met.vgwort.de\/na\/fc3d5edf60a04ea7ae9d16b27e7292f8\" alt=\"\" width=\"1\" height=\"1\" \/><br \/>\n\u2026 sagt man doch so sch\u00f6n und ich kann nur sagen: Es stimmt, denn der neue Monat hat der Natur offenbar ein neues Kleid beschert!<\/p>\n<p style=\"text-align: center;\"><a href=\"http:\/\/www.sabine-seyffert.de\/blog\/wp-content\/uploads\/2013\/05\/Alles-neu-1.jpg\"><img loading=\"lazy\" decoding=\"async\" class=\"alignnone size-full wp-image-1533\" src=\"http:\/\/www.sabine-seyffert.de\/blog\/wp-content\/uploads\/2013\/05\/Alles-neu-1.jpg\" alt=\"Alles neu 1\" width=\"600\" height=\"800\" srcset=\"https:\/\/www.sabine-seyffert.de\/blog\/wp-content\/uploads\/2013\/05\/Alles-neu-1.jpg 600w, https:\/\/www.sabine-seyffert.de\/blog\/wp-content\/uploads\/2013\/05\/Alles-neu-1-225x300.jpg 225w\" sizes=\"auto, (max-width: 600px) 100vw, 600px\" \/><\/a><\/p>\n<p style=\"text-align: justify;\">Den erste Mai haben wir f\u00fcr einen spontanen Ausflug genutzt und uns gleich morgens nach dem Fr\u00fchst\u00fcck auf den Weg gemacht. Zu Fu\u00df ging es durch den Solinger Br\u00fcckenpark, geradewegs unter der M\u00fcngstener Br\u00fccke durch. Der Himmel war am Start unserer Wanderung so wunderbar blau, dass ich die Fotos gerne zu <a href=\"http:\/\/dieraumfee.blogspot.de\/2013\/05\/in-heaven-no64-gespensterlicht.html\" target=\"_blank\">Katja in die Himmelsgalerie<\/a> schicke.<\/p>\n<p style=\"text-align: center;\"><a href=\"http:\/\/www.sabine-seyffert.de\/blog\/wp-content\/uploads\/2013\/05\/Alles-neu-2.jpg\"><img loading=\"lazy\" decoding=\"async\" class=\"alignnone size-full wp-image-1534\" src=\"http:\/\/www.sabine-seyffert.de\/blog\/wp-content\/uploads\/2013\/05\/Alles-neu-2.jpg\" alt=\"Alles neu 2\" width=\"600\" height=\"800\" srcset=\"https:\/\/www.sabine-seyffert.de\/blog\/wp-content\/uploads\/2013\/05\/Alles-neu-2.jpg 600w, https:\/\/www.sabine-seyffert.de\/blog\/wp-content\/uploads\/2013\/05\/Alles-neu-2-225x300.jpg 225w\" sizes=\"auto, (max-width: 600px) 100vw, 600px\" \/><\/a><\/p>\n<p style=\"text-align: justify;\">So spazierten wir mit unserem j\u00fcngsten Kind die Wupperberge auf und ab und genossen das neue \u201eKleid\u201c, dass der Mai der Natur offenbar von einem Tag auf den anderen geschenkt und alles verwandelt hat: Soviel Gr\u00fcn um uns herum. Ob das wunderbar weiche Moosbett, hier und da etwas bl\u00fchender Klee (es handelt sich hierbei um sog. Sauerklee &#8211; lieben Dank an <a href=\"http:\/\/einejudika.blogspot.de\" target=\"_blank\">Judika<\/a> f\u00fcr diese Info) und an den B\u00e4umen nicht nur zarte Knospen, sondern gr\u00f6\u00dften Teils gro\u00dfe Bl\u00e4tter in richtig sattem, frischen Fr\u00fchlingsgr\u00fcn.<\/p>\n<p style=\"text-align: center;\"><a href=\"http:\/\/www.sabine-seyffert.de\/blog\/wp-content\/uploads\/2013\/05\/Alles-neu-wald-2.jpg\"><img loading=\"lazy\" decoding=\"async\" class=\"alignnone size-full wp-image-1538\" src=\"http:\/\/www.sabine-seyffert.de\/blog\/wp-content\/uploads\/2013\/05\/Alles-neu-wald-2.jpg\" alt=\"Alles neu wald 2\" width=\"600\" height=\"800\" srcset=\"https:\/\/www.sabine-seyffert.de\/blog\/wp-content\/uploads\/2013\/05\/Alles-neu-wald-2.jpg 600w, https:\/\/www.sabine-seyffert.de\/blog\/wp-content\/uploads\/2013\/05\/Alles-neu-wald-2-225x300.jpg 225w\" sizes=\"auto, (max-width: 600px) 100vw, 600px\" \/><\/a><\/p>\n<p style=\"text-align: justify;\">Der erste Teil unserer Wanderung verlief etwas schleppend, da ich ein Foto nach dem n\u00e4chsten machte und wir so nur im Schneckentempo vorw\u00e4rts kamen. Als wir etwa ein Viertel der zu bew\u00e4ltigenden Strecke zur\u00fcckgelegt hatten, waren bereits 1,5 Stunden vergangen. Daher h\u00f6rten wir bei unserer Tochter vorsichtig nach ob sie \u00fcberhaupt noch Lust hat mit uns die geplante Strecke zur\u00fcckzulegen. \u201eNa klar!\u201c lautete die prompte Antwort und weiter marschierten wir vergn\u00fcgt des Weges.<\/p>\n<p style=\"text-align: center;\"><a href=\"http:\/\/www.sabine-seyffert.de\/blog\/wp-content\/uploads\/2013\/05\/Alles-neu-3.jpg\"><img loading=\"lazy\" decoding=\"async\" class=\"alignnone size-full wp-image-1535\" src=\"http:\/\/www.sabine-seyffert.de\/blog\/wp-content\/uploads\/2013\/05\/Alles-neu-3.jpg\" alt=\"Alles neu 3\" width=\"600\" height=\"800\" srcset=\"https:\/\/www.sabine-seyffert.de\/blog\/wp-content\/uploads\/2013\/05\/Alles-neu-3.jpg 600w, https:\/\/www.sabine-seyffert.de\/blog\/wp-content\/uploads\/2013\/05\/Alles-neu-3-225x300.jpg 225w\" sizes=\"auto, (max-width: 600px) 100vw, 600px\" \/><\/a><\/p>\n<p style=\"text-align: justify;\">Am Fu\u00dfe von Schloss Burg angekommen war der Himmel leider recht d\u00fcster und verhangen. Einziger Lichtblick am Himmelszelt ein einsamer Drachenflieger, den meine Kamera jedoch aufgrund der riesigen Entfernung nicht so richtig einfangen wollte.<\/p>\n<p style=\"text-align: justify;\">Der Wunsch unseres Kindes: \u201eHinauf geht\u2019s aber mit der Seilbahn!\u201c, durfte mein Mann erf\u00fcllen, da mich niemand auf so ein klappriges Ding bekommt, das zu allem \u00dcberfluss w\u00e4hrend der gesamten Fahrt auch noch bedenklich hin- und herschaukelt&#8230; So habe ich den steilen Anstieg alleine vorgenommen und kam doch recht au\u00dfer Puste oben an.<\/p>\n<p><a href=\"http:\/\/www.sabine-seyffert.de\/blog\/wp-content\/uploads\/2013\/05\/Alles-neu-wald-1.jpg\"><img loading=\"lazy\" decoding=\"async\" class=\"size-full wp-image-1537 aligncenter\" src=\"http:\/\/www.sabine-seyffert.de\/blog\/wp-content\/uploads\/2013\/05\/Alles-neu-wald-1.jpg\" alt=\"Alles neu wald 1\" width=\"600\" height=\"800\" srcset=\"https:\/\/www.sabine-seyffert.de\/blog\/wp-content\/uploads\/2013\/05\/Alles-neu-wald-1.jpg 600w, https:\/\/www.sabine-seyffert.de\/blog\/wp-content\/uploads\/2013\/05\/Alles-neu-wald-1-225x300.jpg 225w\" sizes=\"auto, (max-width: 600px) 100vw, 600px\" \/><\/a><\/p>\n<p style=\"text-align: justify;\">Den R\u00fcckweg durften wir dann ohne Berge, direkt an der Wupper entlang und wieder bei blauem Himmel genie\u00dfen. Jedoch wurden die Beine nicht nur meinem Kind sondern auch mir recht schwer. Aber mit ein paar Spielerein, die vom langen Weg ablenken, hat es ganz gut geklappt. U.a. haben wir geschaut welche M\u00e4rchen wir wohl zusammenbekommen und uns diese stimmungsvoll erz\u00e4hlt. Jeder von uns durfte dabei in jedem der M\u00e4rchen in eine andere Rolle schl\u00fcpfen. Da der Wald um uns teilweise ganz m\u00e4rchenhaft wirkte, fiel uns es gar nicht schwer ins Land der M\u00e4rchen einzutauchen\u2026<\/p>\n<p style=\"text-align: center;\"><a href=\"http:\/\/www.sabine-seyffert.de\/blog\/wp-content\/uploads\/2013\/05\/Alles-neu-Bach.jpg\"><img loading=\"lazy\" decoding=\"async\" class=\"alignnone size-full wp-image-1539\" src=\"http:\/\/www.sabine-seyffert.de\/blog\/wp-content\/uploads\/2013\/05\/Alles-neu-Bach.jpg\" alt=\"Alles neu Bach\" width=\"600\" height=\"800\" srcset=\"https:\/\/www.sabine-seyffert.de\/blog\/wp-content\/uploads\/2013\/05\/Alles-neu-Bach.jpg 600w, https:\/\/www.sabine-seyffert.de\/blog\/wp-content\/uploads\/2013\/05\/Alles-neu-Bach-225x300.jpg 225w\" sizes=\"auto, (max-width: 600px) 100vw, 600px\" \/><\/a><\/p>\n<p style=\"text-align: justify;\">Am Schlu\u00df unserer Tagestour haben wir die Wupper mit einer kleinen Schwebef\u00e4hre \u00fcberquert und dann auch das letzte St\u00fcck des Weges gemeistert. Ein herrlicher Ausflug, der allen richtig gut getan hat&#8230;<\/p>\n<p><a href=\"http:\/\/www.sabine-seyffert.de\/blog\/?page_id=32#urheberrecht\">urherrechtlich gesch\u00fctzt<\/a>, \u00a9 Sabine Seyffert<\/p>\n","protected":false},"excerpt":{"rendered":"<p>\u2026 sagt man doch so sch\u00f6n und ich kann nur sagen: Es stimmt, denn der neue Monat hat der Natur offenbar ein neues Kleid beschert! Den erste Mai haben wir f\u00fcr einen spontanen Ausflug genutzt und uns gleich morgens nach dem Fr\u00fchst\u00fcck auf den Weg gemacht. Zu Fu\u00df ging es durch den Solinger Br\u00fcckenpark, geradewegs&#8230; <a href=\"https:\/\/www.sabine-seyffert.de\/blog\/alles-neu-macht-der-mai\/\" class=\"more-link\">Read more: Alles neu macht der Mai<\/a><\/p>\n","protected":false},"author":2,"featured_media":0,"comment_status":"open","ping_status":"open","sticky":false,"template":"","format":"standard","meta":{"_metis_text_type":"","_metis_text_length":2851,"_post_count":0,"footnotes":""},"categories":[23],"tags":[],"class_list":["post-1532","post","type-post","status-publish","format-standard","hentry","category-fruhling"],"_links":{"self":[{"href":"https:\/\/www.sabine-seyffert.de\/blog\/wp-json\/wp\/v2\/posts\/1532","targetHints":{"allow":["GET"]}}],"collection":[{"href":"https:\/\/www.sabine-seyffert.de\/blog\/wp-json\/wp\/v2\/posts"}],"about":[{"href":"https:\/\/www.sabine-seyffert.de\/blog\/wp-json\/wp\/v2\/types\/post"}],"author":[{"embeddable":true,"href":"https:\/\/www.sabine-seyffert.de\/blog\/wp-json\/wp\/v2\/users\/2"}],"replies":[{"embeddable":true,"href":"https:\/\/www.sabine-seyffert.de\/blog\/wp-json\/wp\/v2\/comments?post=1532"}],"version-history":[{"count":22,"href":"https:\/\/www.sabine-seyffert.de\/blog\/wp-json\/wp\/v2\/posts\/1532\/revisions"}],"predecessor-version":[{"id":9865,"href":"https:\/\/www.sabine-seyffert.de\/blog\/wp-json\/wp\/v2\/posts\/1532\/revisions\/9865"}],"wp:attachment":[{"href":"https:\/\/www.sabine-seyffert.de\/blog\/wp-json\/wp\/v2\/media?parent=1532"}],"wp:term":[{"taxonomy":"category","embeddable":true,"href":"https:\/\/www.sabine-seyffert.de\/blog\/wp-json\/wp\/v2\/categories?post=1532"},{"taxonomy":"post_tag","embeddable":true,"href":"https:\/\/www.sabine-seyffert.de\/blog\/wp-json\/wp\/v2\/tags?post=1532"}],"curies":[{"name":"wp","href":"https:\/\/api.w.org\/{rel}","templated":true}]}}