{"id":15273,"date":"2019-10-26T19:49:03","date_gmt":"2019-10-26T17:49:03","guid":{"rendered":"https:\/\/www.sabine-seyffert.de\/blog\/?p=15273"},"modified":"2023-10-08T18:31:52","modified_gmt":"2023-10-08T16:31:52","slug":"diy-herbstliche-verpackungsidee-selbst-gemachte-geschenkverpackung-mit-fledermaus","status":"publish","type":"post","link":"https:\/\/www.sabine-seyffert.de\/blog\/diy-herbstliche-verpackungsidee-selbst-gemachte-geschenkverpackung-mit-fledermaus\/","title":{"rendered":"DIY herbstliche Verpackungsidee : Selbst gemachte Geschenkverpackung mit Fledermaus"},"content":{"rendered":"<p style=\"text-align: justify;\"><img loading=\"lazy\" decoding=\"async\" src=\"https:\/\/vg06.met.vgwort.de\/na\/327cce5179f746ad8940e3d7d028169e\" alt=\"\" width=\"1\" height=\"1\" \/>Das Geschenk f\u00fcr den Kindergeburtstag, ein Gutschein, war schnell besorgt und f\u00fcr die Geschenkverpackung purzelten auch sofort allerhand Ideen. Wie gut, dass es im Herbst so viele sch\u00f6ne Dinge gibt, die man Drau\u00dfen beim Spaziergang finden kann. Und davon haben wir in der Herbstzeit meist allerhand parat: Bunte Bl\u00e4tter, kleine Zapfen, Zweige und vieles andere mehr\u2026<br \/>\nMit Hilfe von diesem Naturmaterial lassen sich im Handumdrehen stimmungsvolle Motive gestalten. In meinem Fall ging es etwas geheimnisvoll zu. Denn auf dem Geschenk flattern ein paar Flederm\u00e4use durch die Nacht \ud83d\ude42<\/p>\n<p style=\"text-align: center;\"><a href=\"https:\/\/www.sabine-seyffert.de\/blog\/wp-content\/uploads\/2019\/10\/Geschenkverpackung-Fledermaus-Natur.jpg\"><img loading=\"lazy\" decoding=\"async\" class=\"alignnone size-full wp-image-15275\" src=\"https:\/\/www.sabine-seyffert.de\/blog\/wp-content\/uploads\/2019\/10\/Geschenkverpackung-Fledermaus-Natur.jpg\" alt=\"\" width=\"800\" height=\"600\" srcset=\"https:\/\/www.sabine-seyffert.de\/blog\/wp-content\/uploads\/2019\/10\/Geschenkverpackung-Fledermaus-Natur.jpg 800w, https:\/\/www.sabine-seyffert.de\/blog\/wp-content\/uploads\/2019\/10\/Geschenkverpackung-Fledermaus-Natur-300x225.jpg 300w, https:\/\/www.sabine-seyffert.de\/blog\/wp-content\/uploads\/2019\/10\/Geschenkverpackung-Fledermaus-Natur-768x576.jpg 768w\" sizes=\"auto, (max-width: 800px) 100vw, 800px\" \/><\/a><\/p>\n<p style=\"text-align: justify;\"><strong>Das wird gebraucht:<\/strong><br \/>\nNaturbraunes Packpapier, etwas Pappe von einem alten Karton, gepresstes Herbstlaub \/ Herbstbl\u00e4tter, kleine Tannenzapfen, Tonpapierreste, etwas Kraftpapier, ggf. Motivlocher (in meinem Fall ein kleiner Stern), eine Bastelschere, Bastelkleber, Buchstabenstempel, ein Stempelkissen<\/p>\n<p style=\"text-align: center;\"><a href=\"https:\/\/www.sabine-seyffert.de\/blog\/wp-content\/uploads\/2019\/10\/Geschenkverpackung-Fledermaus-Natur-10.jpg\"><img loading=\"lazy\" decoding=\"async\" class=\"alignnone size-full wp-image-15276\" src=\"https:\/\/www.sabine-seyffert.de\/blog\/wp-content\/uploads\/2019\/10\/Geschenkverpackung-Fledermaus-Natur-10.jpg\" alt=\"\" width=\"800\" height=\"600\" srcset=\"https:\/\/www.sabine-seyffert.de\/blog\/wp-content\/uploads\/2019\/10\/Geschenkverpackung-Fledermaus-Natur-10.jpg 800w, https:\/\/www.sabine-seyffert.de\/blog\/wp-content\/uploads\/2019\/10\/Geschenkverpackung-Fledermaus-Natur-10-300x225.jpg 300w, https:\/\/www.sabine-seyffert.de\/blog\/wp-content\/uploads\/2019\/10\/Geschenkverpackung-Fledermaus-Natur-10-768x576.jpg 768w\" sizes=\"auto, (max-width: 800px) 100vw, 800px\" \/><\/a><\/p>\n<p style=\"text-align: justify;\"><strong>So wird\u2019s gemacht:<\/strong><br \/>\nAls erstes habe ich den Briefumschlag mit dem Gutschein als Inhalt in braunes Packpapier verpackt. Aus einer leeren Kartonage (Nudelverpackung o.\u00e4.) habe ich einen Ast geschnitten.<\/p>\n<p style=\"text-align: center;\"><a href=\"https:\/\/www.sabine-seyffert.de\/blog\/wp-content\/uploads\/2019\/10\/Geschenkverpackung-Fledermaus-Natur-11.jpg\"><img loading=\"lazy\" decoding=\"async\" class=\"alignnone size-full wp-image-15277\" src=\"https:\/\/www.sabine-seyffert.de\/blog\/wp-content\/uploads\/2019\/10\/Geschenkverpackung-Fledermaus-Natur-11.jpg\" alt=\"\" width=\"800\" height=\"600\" srcset=\"https:\/\/www.sabine-seyffert.de\/blog\/wp-content\/uploads\/2019\/10\/Geschenkverpackung-Fledermaus-Natur-11.jpg 800w, https:\/\/www.sabine-seyffert.de\/blog\/wp-content\/uploads\/2019\/10\/Geschenkverpackung-Fledermaus-Natur-11-300x225.jpg 300w, https:\/\/www.sabine-seyffert.de\/blog\/wp-content\/uploads\/2019\/10\/Geschenkverpackung-Fledermaus-Natur-11-768x576.jpg 768w\" sizes=\"auto, (max-width: 800px) 100vw, 800px\" \/><\/a><\/p>\n<p style=\"text-align: justify;\">Wer m\u00f6chte, kann sich den Umriss dazu auch vorab mit Hilfe eines Bleistifts auf der Pappe vorzeichnen.<\/p>\n<p style=\"text-align: center;\"><a href=\"https:\/\/www.sabine-seyffert.de\/blog\/wp-content\/uploads\/2019\/10\/Geschenkverpackung-Fledermaus-Natur-8.jpg\"><img loading=\"lazy\" decoding=\"async\" class=\"alignnone size-full wp-image-15278\" src=\"https:\/\/www.sabine-seyffert.de\/blog\/wp-content\/uploads\/2019\/10\/Geschenkverpackung-Fledermaus-Natur-8.jpg\" alt=\"\" width=\"800\" height=\"600\" srcset=\"https:\/\/www.sabine-seyffert.de\/blog\/wp-content\/uploads\/2019\/10\/Geschenkverpackung-Fledermaus-Natur-8.jpg 800w, https:\/\/www.sabine-seyffert.de\/blog\/wp-content\/uploads\/2019\/10\/Geschenkverpackung-Fledermaus-Natur-8-300x225.jpg 300w, https:\/\/www.sabine-seyffert.de\/blog\/wp-content\/uploads\/2019\/10\/Geschenkverpackung-Fledermaus-Natur-8-768x576.jpg 768w\" sizes=\"auto, (max-width: 800px) 100vw, 800px\" \/><\/a><\/p>\n<p style=\"text-align: justify;\">Das bunte Herbstlaub habe ich aus gepressten, Bl\u00e4ttern geschnitten, die wir im Wald gesammelt haben. In dieser Jahreszeit findet man ja an jeder Ecke sch\u00f6ne Bl\u00e4tter, die sich zu diesem Zweck verwenden lassen.<\/p>\n<p style=\"text-align: center;\"><a href=\"https:\/\/www.sabine-seyffert.de\/blog\/wp-content\/uploads\/2019\/10\/Geschenkverpackung-Fledermaus-Natur-7.jpg\"><img loading=\"lazy\" decoding=\"async\" class=\"alignnone size-full wp-image-15279\" src=\"https:\/\/www.sabine-seyffert.de\/blog\/wp-content\/uploads\/2019\/10\/Geschenkverpackung-Fledermaus-Natur-7.jpg\" alt=\"\" width=\"800\" height=\"600\" srcset=\"https:\/\/www.sabine-seyffert.de\/blog\/wp-content\/uploads\/2019\/10\/Geschenkverpackung-Fledermaus-Natur-7.jpg 800w, https:\/\/www.sabine-seyffert.de\/blog\/wp-content\/uploads\/2019\/10\/Geschenkverpackung-Fledermaus-Natur-7-300x225.jpg 300w, https:\/\/www.sabine-seyffert.de\/blog\/wp-content\/uploads\/2019\/10\/Geschenkverpackung-Fledermaus-Natur-7-768x576.jpg 768w\" sizes=\"auto, (max-width: 800px) 100vw, 800px\" \/><\/a><\/p>\n<p style=\"text-align: justify;\">Aus dem schwarzen Tonpapier (hierf\u00fcr reichen kleinere Reste vollkommen aus), schneidet man Flederm\u00e4use. Mittig, als K\u00f6rper, klebt man kleine Erlenzapfen hinein.<\/p>\n<p style=\"text-align: center;\"><a href=\"https:\/\/www.sabine-seyffert.de\/blog\/wp-content\/uploads\/2019\/10\/Geschenkverpackung-Fledermaus-Natur-6.jpg\"><img loading=\"lazy\" decoding=\"async\" class=\"alignnone size-full wp-image-15280\" src=\"https:\/\/www.sabine-seyffert.de\/blog\/wp-content\/uploads\/2019\/10\/Geschenkverpackung-Fledermaus-Natur-6.jpg\" alt=\"\" width=\"800\" height=\"600\" srcset=\"https:\/\/www.sabine-seyffert.de\/blog\/wp-content\/uploads\/2019\/10\/Geschenkverpackung-Fledermaus-Natur-6.jpg 800w, https:\/\/www.sabine-seyffert.de\/blog\/wp-content\/uploads\/2019\/10\/Geschenkverpackung-Fledermaus-Natur-6-300x225.jpg 300w, https:\/\/www.sabine-seyffert.de\/blog\/wp-content\/uploads\/2019\/10\/Geschenkverpackung-Fledermaus-Natur-6-768x576.jpg 768w\" sizes=\"auto, (max-width: 800px) 100vw, 800px\" \/><\/a><\/p>\n<p style=\"text-align: justify;\">Au\u00dferdem habe ich aus einem mit wei\u00dfer Farbe gemalten Kraftpapier Mond und Sterne gestaltet.<\/p>\n<p style=\"text-align: center;\"><a href=\"https:\/\/www.sabine-seyffert.de\/blog\/wp-content\/uploads\/2019\/10\/Geschenkverpackung-Fledermaus-Natur-4.jpg\"><img loading=\"lazy\" decoding=\"async\" class=\"alignnone size-full wp-image-15281\" src=\"https:\/\/www.sabine-seyffert.de\/blog\/wp-content\/uploads\/2019\/10\/Geschenkverpackung-Fledermaus-Natur-4.jpg\" alt=\"\" width=\"800\" height=\"600\" srcset=\"https:\/\/www.sabine-seyffert.de\/blog\/wp-content\/uploads\/2019\/10\/Geschenkverpackung-Fledermaus-Natur-4.jpg 800w, https:\/\/www.sabine-seyffert.de\/blog\/wp-content\/uploads\/2019\/10\/Geschenkverpackung-Fledermaus-Natur-4-300x225.jpg 300w, https:\/\/www.sabine-seyffert.de\/blog\/wp-content\/uploads\/2019\/10\/Geschenkverpackung-Fledermaus-Natur-4-768x576.jpg 768w\" sizes=\"auto, (max-width: 800px) 100vw, 800px\" \/><\/a><\/p>\n<p style=\"text-align: justify;\">Wer mag, kann mit Stempeln noch einen kleinen Gru\u00df oder den Namen des Geburtstagskindes auf die Verpackung drucken.<\/p>\n<p style=\"text-align: center;\"><a href=\"https:\/\/www.sabine-seyffert.de\/blog\/wp-content\/uploads\/2019\/10\/Geschenkverpackung-Fledermaus-Natur-5.jpg\"><img loading=\"lazy\" decoding=\"async\" class=\"alignnone size-full wp-image-15282\" src=\"https:\/\/www.sabine-seyffert.de\/blog\/wp-content\/uploads\/2019\/10\/Geschenkverpackung-Fledermaus-Natur-5.jpg\" alt=\"\" width=\"800\" height=\"600\" srcset=\"https:\/\/www.sabine-seyffert.de\/blog\/wp-content\/uploads\/2019\/10\/Geschenkverpackung-Fledermaus-Natur-5.jpg 800w, https:\/\/www.sabine-seyffert.de\/blog\/wp-content\/uploads\/2019\/10\/Geschenkverpackung-Fledermaus-Natur-5-300x225.jpg 300w, https:\/\/www.sabine-seyffert.de\/blog\/wp-content\/uploads\/2019\/10\/Geschenkverpackung-Fledermaus-Natur-5-768x576.jpg 768w\" sizes=\"auto, (max-width: 800px) 100vw, 800px\" \/><\/a><\/p>\n<p style=\"text-align: justify;\">Weitere Inspirationen f\u00fcr selbst gestaltete Geschenkverpackungen findet ihr \u00fcbrigens in <a href=\"https:\/\/www.sabine-seyffert.de\/blog\/?cat=49\" target=\"_blank\" rel=\"noopener noreferrer\">dieser Blog Kategorie<\/a>, alle Bastelanleitungen f\u00fcr Kinder <a href=\"https:\/\/www.sabine-seyffert.de\/blog\/?cat=32\" target=\"_blank\" rel=\"noopener noreferrer\">hier<\/a>, alle DIY zum Thema Herbst in <a href=\"https:\/\/www.sabine-seyffert.de\/blog\/?cat=25\" target=\"_blank\" rel=\"noopener noreferrer\">diesem Ordner<\/a> und andere kreative Sachen gibt es <a href=\"http:\/\/www.lunaju.de\/2019\/10\/kiddikram-oktober.html\" target=\"_blank\" rel=\"noopener nofollow noreferrer\">da<\/a>.<\/p>\n<p style=\"text-align: center;\"><a href=\"https:\/\/www.sabine-seyffert.de\/blog\/wp-content\/uploads\/2019\/10\/Geschenkverpackung-Fledermaus-Natur-3.jpg\"><img loading=\"lazy\" decoding=\"async\" class=\"alignnone size-full wp-image-15283\" src=\"https:\/\/www.sabine-seyffert.de\/blog\/wp-content\/uploads\/2019\/10\/Geschenkverpackung-Fledermaus-Natur-3.jpg\" alt=\"\" width=\"800\" height=\"600\" srcset=\"https:\/\/www.sabine-seyffert.de\/blog\/wp-content\/uploads\/2019\/10\/Geschenkverpackung-Fledermaus-Natur-3.jpg 800w, https:\/\/www.sabine-seyffert.de\/blog\/wp-content\/uploads\/2019\/10\/Geschenkverpackung-Fledermaus-Natur-3-300x225.jpg 300w, https:\/\/www.sabine-seyffert.de\/blog\/wp-content\/uploads\/2019\/10\/Geschenkverpackung-Fledermaus-Natur-3-768x576.jpg 768w\" sizes=\"auto, (max-width: 800px) 100vw, 800px\" \/><\/a><\/p>\n<p style=\"text-align: justify;\"><a href=\"https:\/\/www.sabine-seyffert.de\/blog\/?page_id=32#urheberrecht\">urheberrechtlich gesch\u00fctzt<\/a>, \u00a9 Sabine Seyffert<\/p>\n","protected":false},"excerpt":{"rendered":"<p>Das Geschenk f\u00fcr den Kindergeburtstag, ein Gutschein, war schnell besorgt und f\u00fcr die Geschenkverpackung purzelten auch sofort allerhand Ideen. Wie gut, dass es im Herbst so viele sch\u00f6ne Dinge gibt, die man Drau\u00dfen beim Spaziergang finden kann. Und davon haben wir in der Herbstzeit meist allerhand parat: Bunte Bl\u00e4tter, kleine Zapfen, Zweige und vieles andere&#8230; <a href=\"https:\/\/www.sabine-seyffert.de\/blog\/diy-herbstliche-verpackungsidee-selbst-gemachte-geschenkverpackung-mit-fledermaus\/\" class=\"more-link\">Read more: DIY herbstliche Verpackungsidee : Selbst gemachte Geschenkverpackung mit Fledermaus<\/a><\/p>\n","protected":false},"author":2,"featured_media":0,"comment_status":"open","ping_status":"open","sticky":false,"template":"","format":"standard","meta":{"_metis_text_type":"","_metis_text_length":2039,"_post_count":0,"footnotes":""},"categories":[32,49,58,25,47],"tags":[],"class_list":["post-15273","post","type-post","status-publish","format-standard","hentry","category-kreatives-fur-kleine-kinderhande","category-verpackungsideen","category-halloween","category-herbst","category-upcyceltes"],"_links":{"self":[{"href":"https:\/\/www.sabine-seyffert.de\/blog\/wp-json\/wp\/v2\/posts\/15273","targetHints":{"allow":["GET"]}}],"collection":[{"href":"https:\/\/www.sabine-seyffert.de\/blog\/wp-json\/wp\/v2\/posts"}],"about":[{"href":"https:\/\/www.sabine-seyffert.de\/blog\/wp-json\/wp\/v2\/types\/post"}],"author":[{"embeddable":true,"href":"https:\/\/www.sabine-seyffert.de\/blog\/wp-json\/wp\/v2\/users\/2"}],"replies":[{"embeddable":true,"href":"https:\/\/www.sabine-seyffert.de\/blog\/wp-json\/wp\/v2\/comments?post=15273"}],"version-history":[{"count":4,"href":"https:\/\/www.sabine-seyffert.de\/blog\/wp-json\/wp\/v2\/posts\/15273\/revisions"}],"predecessor-version":[{"id":26441,"href":"https:\/\/www.sabine-seyffert.de\/blog\/wp-json\/wp\/v2\/posts\/15273\/revisions\/26441"}],"wp:attachment":[{"href":"https:\/\/www.sabine-seyffert.de\/blog\/wp-json\/wp\/v2\/media?parent=15273"}],"wp:term":[{"taxonomy":"category","embeddable":true,"href":"https:\/\/www.sabine-seyffert.de\/blog\/wp-json\/wp\/v2\/categories?post=15273"},{"taxonomy":"post_tag","embeddable":true,"href":"https:\/\/www.sabine-seyffert.de\/blog\/wp-json\/wp\/v2\/tags?post=15273"}],"curies":[{"name":"wp","href":"https:\/\/api.w.org\/{rel}","templated":true}]}}