{"id":15260,"date":"2019-10-23T11:53:45","date_gmt":"2019-10-23T09:53:45","guid":{"rendered":"https:\/\/www.sabine-seyffert.de\/blog\/?p=15260"},"modified":"2019-10-23T12:13:40","modified_gmt":"2019-10-23T10:13:40","slug":"diy-upcycling-idee-mit-kindern-laternen-basteln-wassermelone-leuchte","status":"publish","type":"post","link":"https:\/\/www.sabine-seyffert.de\/blog\/diy-upcycling-idee-mit-kindern-laternen-basteln-wassermelone-leuchte\/","title":{"rendered":"DIY Upcycling Idee: Mit Kindern Laternen basteln \u2013 Wassermelone, leuchte!"},"content":{"rendered":"<p style=\"text-align: justify;\"><img loading=\"lazy\" decoding=\"async\" src=\"https:\/\/vg06.met.vgwort.de\/na\/811a18e1dc654bd4a8253c10c9430d8f\" alt=\"\" width=\"1\" height=\"1\" \/>Im Herbst vor zwei Jahren hatte ich euch auf dem Blog eine Bastelidee f\u00fcr eine <a href=\"https:\/\/www.sabine-seyffert.de\/blog\/?p=11295\" target=\"_blank\" rel=\"noopener noreferrer\">selbst gemachte Erdbeerlaterne<\/a> gezeigt. Die hat gro\u00dfen Anklang gefunden. Daher kam mir die Idee in diesem Jahr eine weitere fruchtige Laterne zu basteln. Und zwar eine Wassermelone. Die ist ganz leicht und einfach zu Basteln und daher f\u00fcr Kinder in Kindergarten und Grundschule ideal. Au\u00dferdem ist sie recht handlich und durch die geringe Gr\u00f6\u00dfe nicht schwer zu tragen. Was besonders beim <a href=\"https:\/\/www.sabine-seyffert.de\/blog\/?p=3105\" target=\"_blank\" rel=\"noopener noreferrer\">Laternenumzug<\/a> oder <a href=\"https:\/\/www.sabine-seyffert.de\/blog\/?p=8830\" target=\"_blank\" rel=\"noopener noreferrer\">M\u00e4tensingen<\/a> ein echter Vorteil ist.<\/p>\n<p style=\"text-align: justify;\">Vielleicht habt ihr gerade auch noch Herbstferien und sucht nach einer kreativen Besch\u00e4ftigungsidee f\u00fcr den Nachwuchs? Oder m\u00f6chtet euch f\u00fcr St. Martin auch noch eine kleine Laterne basteln? Dann seid ihr herzlich eingeladen mitzubasteln \ud83d\ude42<\/p>\n<p style=\"text-align: center;\"><a href=\"https:\/\/www.sabine-seyffert.de\/blog\/wp-content\/uploads\/2019\/10\/Laterne-Melone-Sabine-Seyffert.de-1.jpg\"><img loading=\"lazy\" decoding=\"async\" class=\"alignnone size-full wp-image-15261\" src=\"https:\/\/www.sabine-seyffert.de\/blog\/wp-content\/uploads\/2019\/10\/Laterne-Melone-Sabine-Seyffert.de-1.jpg\" alt=\"\" width=\"800\" height=\"600\" srcset=\"https:\/\/www.sabine-seyffert.de\/blog\/wp-content\/uploads\/2019\/10\/Laterne-Melone-Sabine-Seyffert.de-1.jpg 800w, https:\/\/www.sabine-seyffert.de\/blog\/wp-content\/uploads\/2019\/10\/Laterne-Melone-Sabine-Seyffert.de-1-300x225.jpg 300w, https:\/\/www.sabine-seyffert.de\/blog\/wp-content\/uploads\/2019\/10\/Laterne-Melone-Sabine-Seyffert.de-1-768x576.jpg 768w\" sizes=\"auto, (max-width: 800px) 100vw, 800px\" \/><\/a><\/p>\n<p style=\"text-align: justify;\"><strong>Das wird gebraucht:<\/strong><br \/>\nPro \u201eMelone\u201c eine leere PET bzw. Sp\u00fclmittel Flasche (sauber und ausgesp\u00fclt), Transparentpapier in rot und hellem gr\u00fcn, schwarzes Bastelpapier, einen B\u00fcrolocher, eine Lochzange, etwas Basteldraht, eine Bastelschere, Tapetenkleister, eine wasserfeste Bastelunterlage oder abwaschbare Tischdecke sowie ein Malkittel \/ Sch\u00fcrze o.\u00e4.<\/p>\n<p style=\"text-align: center;\"><a href=\"https:\/\/www.sabine-seyffert.de\/blog\/wp-content\/uploads\/2019\/10\/Laterne-Melone-Sabine-Seyffert.de-7.jpg\"><img loading=\"lazy\" decoding=\"async\" class=\"alignnone size-full wp-image-15262\" src=\"https:\/\/www.sabine-seyffert.de\/blog\/wp-content\/uploads\/2019\/10\/Laterne-Melone-Sabine-Seyffert.de-7.jpg\" alt=\"\" width=\"800\" height=\"600\" srcset=\"https:\/\/www.sabine-seyffert.de\/blog\/wp-content\/uploads\/2019\/10\/Laterne-Melone-Sabine-Seyffert.de-7.jpg 800w, https:\/\/www.sabine-seyffert.de\/blog\/wp-content\/uploads\/2019\/10\/Laterne-Melone-Sabine-Seyffert.de-7-300x225.jpg 300w, https:\/\/www.sabine-seyffert.de\/blog\/wp-content\/uploads\/2019\/10\/Laterne-Melone-Sabine-Seyffert.de-7-768x576.jpg 768w\" sizes=\"auto, (max-width: 800px) 100vw, 800px\" \/><\/a><\/p>\n<p style=\"text-align: justify;\"><strong>So wird\u2019s gemacht:<\/strong><br \/>\nZuerst r\u00fchrt man in einer kleinen Sch\u00fcssel rund einen Essl\u00f6ffel Tapetenkleisterpulver mit etwas lauwarmem Leitungswasser an. Da der Kleister immer gut nachdickt, sollte man den Kleber einen Moment ruhen lassen.<\/p>\n<p style=\"text-align: center;\"><a href=\"https:\/\/www.sabine-seyffert.de\/blog\/wp-content\/uploads\/2019\/10\/Laterne-Melone-Sabine-Seyffert.de-5.jpg\"><img loading=\"lazy\" decoding=\"async\" class=\"alignnone size-full wp-image-15263\" src=\"https:\/\/www.sabine-seyffert.de\/blog\/wp-content\/uploads\/2019\/10\/Laterne-Melone-Sabine-Seyffert.de-5.jpg\" alt=\"\" width=\"800\" height=\"600\" srcset=\"https:\/\/www.sabine-seyffert.de\/blog\/wp-content\/uploads\/2019\/10\/Laterne-Melone-Sabine-Seyffert.de-5.jpg 800w, https:\/\/www.sabine-seyffert.de\/blog\/wp-content\/uploads\/2019\/10\/Laterne-Melone-Sabine-Seyffert.de-5-300x225.jpg 300w, https:\/\/www.sabine-seyffert.de\/blog\/wp-content\/uploads\/2019\/10\/Laterne-Melone-Sabine-Seyffert.de-5-768x576.jpg 768w\" sizes=\"auto, (max-width: 800px) 100vw, 800px\" \/><\/a><\/p>\n<p style=\"text-align: justify;\">Bis dahin deckt man den Tisch gut ab und die kleinen K\u00fcnstler ziehen ihre Malkittel \u00fcber. Mit der Schere wird nun das rote und gr\u00fcne Transparentpapier in kleinere St\u00fccke geschnitten werden.<br \/>\nAus dem schwarzen Papier stanzt man mit dem B\u00fcrolocher eine handvoll schwarzer Kreise f\u00fcr die Kerne.<\/p>\n<p style=\"text-align: center;\"><a href=\"https:\/\/www.sabine-seyffert.de\/blog\/wp-content\/uploads\/2019\/10\/Laterne-Melone-Sabine-Seyffert.de-4.jpg\"><img loading=\"lazy\" decoding=\"async\" class=\"alignnone size-full wp-image-15264\" src=\"https:\/\/www.sabine-seyffert.de\/blog\/wp-content\/uploads\/2019\/10\/Laterne-Melone-Sabine-Seyffert.de-4.jpg\" alt=\"\" width=\"800\" height=\"600\" srcset=\"https:\/\/www.sabine-seyffert.de\/blog\/wp-content\/uploads\/2019\/10\/Laterne-Melone-Sabine-Seyffert.de-4.jpg 800w, https:\/\/www.sabine-seyffert.de\/blog\/wp-content\/uploads\/2019\/10\/Laterne-Melone-Sabine-Seyffert.de-4-300x225.jpg 300w, https:\/\/www.sabine-seyffert.de\/blog\/wp-content\/uploads\/2019\/10\/Laterne-Melone-Sabine-Seyffert.de-4-768x576.jpg 768w\" sizes=\"auto, (max-width: 800px) 100vw, 800px\" \/><\/a><\/p>\n<p style=\"text-align: justify;\">Wenn der Kleister die richtige Konsistenz hat (er sollte nicht zu fl\u00fcssig sein), bestreicht man die Plastikflasche d\u00fcnn mit Kleber und beklebt am unteren Rand die Flasche gr\u00fcn und im oberen Bereich rot. Der gr\u00fcne Rand sollte nicht zu breit werden, damit er der Schale einer Melone \u00e4hnelt.<\/p>\n<p style=\"text-align: center;\"><a href=\"https:\/\/www.sabine-seyffert.de\/blog\/wp-content\/uploads\/2019\/10\/Laterne-Melone-Sabine-Seyffert.de-2.jpg\"><img loading=\"lazy\" decoding=\"async\" class=\"alignnone size-full wp-image-15265\" src=\"https:\/\/www.sabine-seyffert.de\/blog\/wp-content\/uploads\/2019\/10\/Laterne-Melone-Sabine-Seyffert.de-2.jpg\" alt=\"\" width=\"800\" height=\"600\" srcset=\"https:\/\/www.sabine-seyffert.de\/blog\/wp-content\/uploads\/2019\/10\/Laterne-Melone-Sabine-Seyffert.de-2.jpg 800w, https:\/\/www.sabine-seyffert.de\/blog\/wp-content\/uploads\/2019\/10\/Laterne-Melone-Sabine-Seyffert.de-2-300x225.jpg 300w, https:\/\/www.sabine-seyffert.de\/blog\/wp-content\/uploads\/2019\/10\/Laterne-Melone-Sabine-Seyffert.de-2-768x576.jpg 768w\" sizes=\"auto, (max-width: 800px) 100vw, 800px\" \/><\/a><\/p>\n<p style=\"text-align: justify;\">Ist die Flasche gleichm\u00e4\u00dfig beklebt, verteilt man auf dem roten Papier noch gleichm\u00e4\u00dfig ein paar Melonenkerne (die ausgestanzten, schwarzen Punkte).<\/p>\n<p style=\"text-align: center;\"><a href=\"https:\/\/www.sabine-seyffert.de\/blog\/wp-content\/uploads\/2019\/10\/Laterne-Melone-Sabine-Seyffert.de-3.jpg\"><img loading=\"lazy\" decoding=\"async\" class=\"alignnone size-full wp-image-15266\" src=\"https:\/\/www.sabine-seyffert.de\/blog\/wp-content\/uploads\/2019\/10\/Laterne-Melone-Sabine-Seyffert.de-3.jpg\" alt=\"\" width=\"800\" height=\"600\" srcset=\"https:\/\/www.sabine-seyffert.de\/blog\/wp-content\/uploads\/2019\/10\/Laterne-Melone-Sabine-Seyffert.de-3.jpg 800w, https:\/\/www.sabine-seyffert.de\/blog\/wp-content\/uploads\/2019\/10\/Laterne-Melone-Sabine-Seyffert.de-3-300x225.jpg 300w, https:\/\/www.sabine-seyffert.de\/blog\/wp-content\/uploads\/2019\/10\/Laterne-Melone-Sabine-Seyffert.de-3-768x576.jpg 768w\" sizes=\"auto, (max-width: 800px) 100vw, 800px\" \/><\/a><\/p>\n<p style=\"text-align: justify;\">Sobald die Laterne getrocknet ist, das klappt bei 2 Schichten Papier an der Heizung \u00fcber Nacht, kann man mit der Lochzange oben zwei kleine \u00d6ffnungen hineinstanzen und etwas Draht als Aufh\u00e4ngung durchziehen. So h\u00e4ngt man die Melone an den Laternenstab und die Laternenzeit kann starten!<\/p>\n<p style=\"text-align: center;\"><a href=\"https:\/\/www.sabine-seyffert.de\/blog\/wp-content\/uploads\/2019\/10\/Laterne-Melone-Sabine-Seyffert.de-8.jpg\"><img loading=\"lazy\" decoding=\"async\" class=\"alignnone size-full wp-image-15267\" src=\"https:\/\/www.sabine-seyffert.de\/blog\/wp-content\/uploads\/2019\/10\/Laterne-Melone-Sabine-Seyffert.de-8.jpg\" alt=\"\" width=\"800\" height=\"600\" srcset=\"https:\/\/www.sabine-seyffert.de\/blog\/wp-content\/uploads\/2019\/10\/Laterne-Melone-Sabine-Seyffert.de-8.jpg 800w, https:\/\/www.sabine-seyffert.de\/blog\/wp-content\/uploads\/2019\/10\/Laterne-Melone-Sabine-Seyffert.de-8-300x225.jpg 300w, https:\/\/www.sabine-seyffert.de\/blog\/wp-content\/uploads\/2019\/10\/Laterne-Melone-Sabine-Seyffert.de-8-768x576.jpg 768w\" sizes=\"auto, (max-width: 800px) 100vw, 800px\" \/><\/a><\/p>\n<p style=\"text-align: justify;\">Weitere tolle Laternen Motive zum Nachbasteln findet ihr \u00fcbrigens in <a href=\"https:\/\/www.sabine-seyffert.de\/blog\/?cat=54\" target=\"_blank\" rel=\"noopener noreferrer\">dieser Blog Kategorie<\/a>, kreative Bastelanleitungen f\u00fcr Kinder sind in <a href=\"https:\/\/www.sabine-seyffert.de\/blog\/?cat=32\" target=\"_blank\" rel=\"noopener noreferrer\">dieser Rubrik<\/a> zu finden, tolle Upcycling Ideen zum Nachmachen gibt es in <a href=\"https:\/\/www.sabine-seyffert.de\/blog\/?cat=47\" target=\"_blank\" rel=\"noopener noreferrer\">diesem Ordner<\/a>, alle Ideen rund um den Herbst an <a href=\"https:\/\/www.sabine-seyffert.de\/blog\/?cat=25\" target=\"_blank\" rel=\"noopener noreferrer\">dieser Stelle<\/a> und andere kreative Sachen gibt es <a href=\"http:\/\/www.lunaju.de\/2019\/10\/kiddikram-oktober.html\" target=\"_blank\" rel=\"noopener noreferrer\">dort<\/a>.<\/p>\n<p style=\"text-align: justify;\"><a href=\"https:\/\/www.sabine-seyffert.de\/blog\/?page_id=32#urheberrecht\">urheberrechtlich gesch\u00fctzt<\/a>, \u00a9 Sabine Seyffert<\/p>\n","protected":false},"excerpt":{"rendered":"<p>Im Herbst vor zwei Jahren hatte ich euch auf dem Blog eine Bastelidee f\u00fcr eine selbst gemachte Erdbeerlaterne gezeigt. Die hat gro\u00dfen Anklang gefunden. Daher kam mir die Idee in diesem Jahr eine weitere fruchtige Laterne zu basteln. Und zwar eine Wassermelone. Die ist ganz leicht und einfach zu Basteln und daher f\u00fcr Kinder in&#8230; <a href=\"https:\/\/www.sabine-seyffert.de\/blog\/diy-upcycling-idee-mit-kindern-laternen-basteln-wassermelone-leuchte\/\" class=\"more-link\">Read more: DIY Upcycling Idee: Mit Kindern Laternen basteln \u2013 Wassermelone, leuchte!<\/a><\/p>\n","protected":false},"author":2,"featured_media":0,"comment_status":"open","ping_status":"open","sticky":false,"template":"","format":"standard","meta":{"_metis_text_type":"","_metis_text_length":2715,"_post_count":0,"footnotes":""},"categories":[32,25,54,47],"tags":[],"class_list":["post-15260","post","type-post","status-publish","format-standard","hentry","category-kreatives-fur-kleine-kinderhande","category-herbst","category-laterne-co","category-upcyceltes"],"_links":{"self":[{"href":"https:\/\/www.sabine-seyffert.de\/blog\/wp-json\/wp\/v2\/posts\/15260","targetHints":{"allow":["GET"]}}],"collection":[{"href":"https:\/\/www.sabine-seyffert.de\/blog\/wp-json\/wp\/v2\/posts"}],"about":[{"href":"https:\/\/www.sabine-seyffert.de\/blog\/wp-json\/wp\/v2\/types\/post"}],"author":[{"embeddable":true,"href":"https:\/\/www.sabine-seyffert.de\/blog\/wp-json\/wp\/v2\/users\/2"}],"replies":[{"embeddable":true,"href":"https:\/\/www.sabine-seyffert.de\/blog\/wp-json\/wp\/v2\/comments?post=15260"}],"version-history":[{"count":5,"href":"https:\/\/www.sabine-seyffert.de\/blog\/wp-json\/wp\/v2\/posts\/15260\/revisions"}],"predecessor-version":[{"id":15272,"href":"https:\/\/www.sabine-seyffert.de\/blog\/wp-json\/wp\/v2\/posts\/15260\/revisions\/15272"}],"wp:attachment":[{"href":"https:\/\/www.sabine-seyffert.de\/blog\/wp-json\/wp\/v2\/media?parent=15260"}],"wp:term":[{"taxonomy":"category","embeddable":true,"href":"https:\/\/www.sabine-seyffert.de\/blog\/wp-json\/wp\/v2\/categories?post=15260"},{"taxonomy":"post_tag","embeddable":true,"href":"https:\/\/www.sabine-seyffert.de\/blog\/wp-json\/wp\/v2\/tags?post=15260"}],"curies":[{"name":"wp","href":"https:\/\/api.w.org\/{rel}","templated":true}]}}