{"id":15251,"date":"2019-10-21T10:42:30","date_gmt":"2019-10-21T08:42:30","guid":{"rendered":"https:\/\/www.sabine-seyffert.de\/blog\/?p=15251"},"modified":"2019-10-21T10:42:30","modified_gmt":"2019-10-21T08:42:30","slug":"bastelidee-bastelanleitung-fuer-selbst-gemachte-herbstpost-einladung-mit-fuchs","status":"publish","type":"post","link":"https:\/\/www.sabine-seyffert.de\/blog\/bastelidee-bastelanleitung-fuer-selbst-gemachte-herbstpost-einladung-mit-fuchs\/","title":{"rendered":"Bastelidee: Bastelanleitung f\u00fcr selbst gemachte Herbstpost \/ Einladung mit Fuchs"},"content":{"rendered":"<p style=\"text-align: justify;\"><img loading=\"lazy\" decoding=\"async\" src=\"https:\/\/vg06.met.vgwort.de\/na\/dddc463abaf241a09311b9f4d14fefc2\" alt=\"\" width=\"1\" height=\"1\" \/>Der Fuchs als Tier ist bei uns schon lange sehr beliebt. Aus diesem Grund haben wir ja sogar mal einen waschechten <strong><span style=\"color: #ff6600;\"><a style=\"color: #ff6600;\" href=\"https:\/\/www.sabine-seyffert.de\/blog\/?cat=45\" target=\"_blank\" rel=\"noopener noreferrer\">Fuchsgeburtstag<\/a><\/span><\/strong> gefeiert. \u00a0Doch auch weiterhin begleitet uns der Fuchs. Besonders gut passt dieser nat\u00fcrlich in die Herbstzeit. Und da das Ferienwetter weiterhin ausschlie\u00dflich Regen f\u00fcr uns bereit h\u00e4lt, haben wir einige Herbstgr\u00fc\u00dfe f\u00fcr die Post gebastelt.<\/p>\n<p style=\"text-align: center;\"><a href=\"https:\/\/www.sabine-seyffert.de\/blog\/wp-content\/uploads\/2019\/10\/Fuchs-Postkarte-Sabine-Seyffert.de-6.jpg\"><img loading=\"lazy\" decoding=\"async\" class=\"alignnone size-full wp-image-15252\" src=\"https:\/\/www.sabine-seyffert.de\/blog\/wp-content\/uploads\/2019\/10\/Fuchs-Postkarte-Sabine-Seyffert.de-6.jpg\" alt=\"\" width=\"800\" height=\"600\" srcset=\"https:\/\/www.sabine-seyffert.de\/blog\/wp-content\/uploads\/2019\/10\/Fuchs-Postkarte-Sabine-Seyffert.de-6.jpg 800w, https:\/\/www.sabine-seyffert.de\/blog\/wp-content\/uploads\/2019\/10\/Fuchs-Postkarte-Sabine-Seyffert.de-6-300x225.jpg 300w, https:\/\/www.sabine-seyffert.de\/blog\/wp-content\/uploads\/2019\/10\/Fuchs-Postkarte-Sabine-Seyffert.de-6-768x576.jpg 768w\" sizes=\"auto, (max-width: 800px) 100vw, 800px\" \/><\/a><\/p>\n<p style=\"text-align: justify;\"><strong>Das wird gebraucht:<\/strong><br \/>\nBlanko Postkarte \/ Klappkarte aus Kraftpapier mit passendem Briefumschlag, etwas Wellpappe \/ Wellenkarton, orangefarbenes Tonpapier, Bastelfilz in orange, wei\u00dfes Tonpapier, Buchstabenstempel samt Stempelkissen, eine Bastelschere, Bastelkleber, einen kleinen Eisstiel oder Holzspatel, eine Hei\u00dfklebepistole samt Klebepatrone, pro Karte drei Holzkn\u00f6pfe, d\u00fcnne Leinen Kordel<\/p>\n<p style=\"text-align: center;\"><a href=\"https:\/\/www.sabine-seyffert.de\/blog\/wp-content\/uploads\/2019\/10\/Fuchs-Postkarte-Sabine-Seyffert.de-7.jpg\"><img loading=\"lazy\" decoding=\"async\" class=\"alignnone size-full wp-image-15253\" src=\"https:\/\/www.sabine-seyffert.de\/blog\/wp-content\/uploads\/2019\/10\/Fuchs-Postkarte-Sabine-Seyffert.de-7.jpg\" alt=\"\" width=\"800\" height=\"600\" srcset=\"https:\/\/www.sabine-seyffert.de\/blog\/wp-content\/uploads\/2019\/10\/Fuchs-Postkarte-Sabine-Seyffert.de-7.jpg 800w, https:\/\/www.sabine-seyffert.de\/blog\/wp-content\/uploads\/2019\/10\/Fuchs-Postkarte-Sabine-Seyffert.de-7-300x225.jpg 300w, https:\/\/www.sabine-seyffert.de\/blog\/wp-content\/uploads\/2019\/10\/Fuchs-Postkarte-Sabine-Seyffert.de-7-768x576.jpg 768w\" sizes=\"auto, (max-width: 800px) 100vw, 800px\" \/><\/a><\/p>\n<p style=\"text-align: justify;\"><strong>So wird\u2019s gemacht:<\/strong><br \/>\nBeim Basteln haben wir uns ein wenig an den <a href=\"https:\/\/www.sabine-seyffert.de\/blog\/?p=5243\" target=\"_blank\" rel=\"noopener noreferrer\">Fuchs-Geburtstagseinladungen<\/a> orientiert. Diese F\u00fcchse sind \u00fcbrigens einer der beliebtesten Artikel hier auf dem Blog \ud83d\ude09<\/p>\n<p style=\"text-align: center;\"><a href=\"https:\/\/www.sabine-seyffert.de\/blog\/wp-content\/uploads\/2019\/10\/Fuchs-Postkarte-Sabine-Seyffert.de-2.jpg\"><img loading=\"lazy\" decoding=\"async\" class=\"alignnone size-full wp-image-15254\" src=\"https:\/\/www.sabine-seyffert.de\/blog\/wp-content\/uploads\/2019\/10\/Fuchs-Postkarte-Sabine-Seyffert.de-2.jpg\" alt=\"\" width=\"600\" height=\"800\" srcset=\"https:\/\/www.sabine-seyffert.de\/blog\/wp-content\/uploads\/2019\/10\/Fuchs-Postkarte-Sabine-Seyffert.de-2.jpg 600w, https:\/\/www.sabine-seyffert.de\/blog\/wp-content\/uploads\/2019\/10\/Fuchs-Postkarte-Sabine-Seyffert.de-2-225x300.jpg 225w\" sizes=\"auto, (max-width: 600px) 100vw, 600px\" \/><\/a><\/p>\n<p style=\"text-align: justify;\">Aus orangefarbenem Tonpapier schneidet man den Fuchskopf und verziert diese recht und links am unteren Rand mit einem ovalen Streifen aus wei\u00dfem Papier. Die Augen sind aus kleinen Kn\u00f6pfen gestaltet. Bevor man die Fuchsnase (gro\u00dfer Holzknopf) anklebt, schneidet man einige kurze St\u00fccke Kordel ab und fixiert diese mit Kleber genau unter dem Knopf.<\/p>\n<p><a href=\"https:\/\/www.sabine-seyffert.de\/blog\/wp-content\/uploads\/2019\/10\/Fuchs-Postkarte-Sabine-Seyffert.de-5.jpg\"><img loading=\"lazy\" decoding=\"async\" class=\"alignnone size-full wp-image-15255\" src=\"https:\/\/www.sabine-seyffert.de\/blog\/wp-content\/uploads\/2019\/10\/Fuchs-Postkarte-Sabine-Seyffert.de-5.jpg\" alt=\"\" width=\"800\" height=\"600\" srcset=\"https:\/\/www.sabine-seyffert.de\/blog\/wp-content\/uploads\/2019\/10\/Fuchs-Postkarte-Sabine-Seyffert.de-5.jpg 800w, https:\/\/www.sabine-seyffert.de\/blog\/wp-content\/uploads\/2019\/10\/Fuchs-Postkarte-Sabine-Seyffert.de-5-300x225.jpg 300w, https:\/\/www.sabine-seyffert.de\/blog\/wp-content\/uploads\/2019\/10\/Fuchs-Postkarte-Sabine-Seyffert.de-5-768x576.jpg 768w\" sizes=\"auto, (max-width: 800px) 100vw, 800px\" \/><\/a><\/p>\n<p style=\"text-align: justify;\">Jetzt klebt man den Holzstiel unten mittig an und setzt den Fuchskopf ans obere Stielende.<br \/>\nZu guter Letzt wurden die Gru\u00dfkarten dann noch personalisiert, in dem wir die Namen der Kinder auf wei\u00dfes Papier gestempelt und den Streifen dann auf Wellpappe geklebt haben. Diesen schneidet man als Wimpel zu und klebt diesen an den oberen Rand der Karte.<\/p>\n<p style=\"text-align: center;\"><a href=\"https:\/\/www.sabine-seyffert.de\/blog\/wp-content\/uploads\/2019\/10\/Fuchs-Postkarte-Sabine-Seyffert.de-4.jpg\"><img loading=\"lazy\" decoding=\"async\" class=\"alignnone size-full wp-image-15256\" src=\"https:\/\/www.sabine-seyffert.de\/blog\/wp-content\/uploads\/2019\/10\/Fuchs-Postkarte-Sabine-Seyffert.de-4.jpg\" alt=\"\" width=\"800\" height=\"600\" srcset=\"https:\/\/www.sabine-seyffert.de\/blog\/wp-content\/uploads\/2019\/10\/Fuchs-Postkarte-Sabine-Seyffert.de-4.jpg 800w, https:\/\/www.sabine-seyffert.de\/blog\/wp-content\/uploads\/2019\/10\/Fuchs-Postkarte-Sabine-Seyffert.de-4-300x225.jpg 300w, https:\/\/www.sabine-seyffert.de\/blog\/wp-content\/uploads\/2019\/10\/Fuchs-Postkarte-Sabine-Seyffert.de-4-768x576.jpg 768w\" sizes=\"auto, (max-width: 800px) 100vw, 800px\" \/><\/a><\/p>\n<p style=\"text-align: justify;\"><strong>Ein kleiner Tipp:<\/strong><br \/>\nDiese Karten lassen sich \u00fcbrigens auch ganz prima als Einladung zu einem Kindergeburtstag, einer Waldparty o.\u00e4. verwenden!<\/p>\n<p style=\"text-align: center;\"><a href=\"https:\/\/www.sabine-seyffert.de\/blog\/wp-content\/uploads\/2019\/10\/Fuchs-Postkarte-Sabine-Seyffert.de-3.jpg\"><img loading=\"lazy\" decoding=\"async\" class=\"alignnone size-full wp-image-15257\" src=\"https:\/\/www.sabine-seyffert.de\/blog\/wp-content\/uploads\/2019\/10\/Fuchs-Postkarte-Sabine-Seyffert.de-3.jpg\" alt=\"\" width=\"600\" height=\"800\" srcset=\"https:\/\/www.sabine-seyffert.de\/blog\/wp-content\/uploads\/2019\/10\/Fuchs-Postkarte-Sabine-Seyffert.de-3.jpg 600w, https:\/\/www.sabine-seyffert.de\/blog\/wp-content\/uploads\/2019\/10\/Fuchs-Postkarte-Sabine-Seyffert.de-3-225x300.jpg 225w\" sizes=\"auto, (max-width: 600px) 100vw, 600px\" \/><\/a><\/p>\n<p style=\"text-align: justify;\">Weitere Bastelanleitungen f\u00fcr selbst gemachte Postkarten findet ihr \u00fcbrigens in <a href=\"https:\/\/www.sabine-seyffert.de\/blog\/?cat=51\" target=\"_blank\" rel=\"noopener noreferrer\">dieser Blog Kategorie<\/a>, Bastelanleitungen f\u00fcr Kinder in <a href=\"https:\/\/www.sabine-seyffert.de\/blog\/?cat=32\" target=\"_blank\" rel=\"noopener noreferrer\">dieser Rubrik<\/a>, alle Ideen zum Thema Kindergeburtstag gibt es in <a href=\"https:\/\/www.sabine-seyffert.de\/blog\/?cat=21\" target=\"_blank\" rel=\"noopener noreferrer\">diesem Ordner<\/a>, alle DIY rund um den Herbst sind <a href=\"https:\/\/www.sabine-seyffert.de\/blog\/?cat=25\" target=\"_blank\" rel=\"noopener noreferrer\">hier<\/a> zu finden und andere kreative Sachen gibt es an <a href=\"http:\/\/www.lunaju.de\/2019\/10\/kiddikram-oktober.html\" target=\"_blank\" rel=\"noopener nofollow noreferrer\">dieser<\/a> Stelle.<\/p>\n<p style=\"text-align: justify;\"><a href=\"https:\/\/www.sabine-seyffert.de\/blog\/?page_id=32#urheberrecht\">urheberrechtlich gesch\u00fctzt<\/a>, \u00a9 Sabine Seyffert<\/p>\n","protected":false},"excerpt":{"rendered":"<p>Der Fuchs als Tier ist bei uns schon lange sehr beliebt. Aus diesem Grund haben wir ja sogar mal einen waschechten Fuchsgeburtstag gefeiert. \u00a0Doch auch weiterhin begleitet uns der Fuchs. Besonders gut passt dieser nat\u00fcrlich in die Herbstzeit. Und da das Ferienwetter weiterhin ausschlie\u00dflich Regen f\u00fcr uns bereit h\u00e4lt, haben wir einige Herbstgr\u00fc\u00dfe f\u00fcr die&#8230; <a href=\"https:\/\/www.sabine-seyffert.de\/blog\/bastelidee-bastelanleitung-fuer-selbst-gemachte-herbstpost-einladung-mit-fuchs\/\" class=\"more-link\">Read more: Bastelidee: Bastelanleitung f\u00fcr selbst gemachte Herbstpost \/ Einladung mit Fuchs<\/a><\/p>\n","protected":false},"author":2,"featured_media":0,"comment_status":"open","ping_status":"open","sticky":false,"template":"","format":"standard","meta":{"_metis_text_type":"","_metis_text_length":2142,"_post_count":0,"footnotes":""},"categories":[32,45,25,21,51],"tags":[],"class_list":["post-15251","post","type-post","status-publish","format-standard","hentry","category-kreatives-fur-kleine-kinderhande","category-fuchsgeburtstag","category-herbst","category-kinderfeste-partys","category-postkarten-grusskarten"],"_links":{"self":[{"href":"https:\/\/www.sabine-seyffert.de\/blog\/wp-json\/wp\/v2\/posts\/15251","targetHints":{"allow":["GET"]}}],"collection":[{"href":"https:\/\/www.sabine-seyffert.de\/blog\/wp-json\/wp\/v2\/posts"}],"about":[{"href":"https:\/\/www.sabine-seyffert.de\/blog\/wp-json\/wp\/v2\/types\/post"}],"author":[{"embeddable":true,"href":"https:\/\/www.sabine-seyffert.de\/blog\/wp-json\/wp\/v2\/users\/2"}],"replies":[{"embeddable":true,"href":"https:\/\/www.sabine-seyffert.de\/blog\/wp-json\/wp\/v2\/comments?post=15251"}],"version-history":[{"count":2,"href":"https:\/\/www.sabine-seyffert.de\/blog\/wp-json\/wp\/v2\/posts\/15251\/revisions"}],"predecessor-version":[{"id":15259,"href":"https:\/\/www.sabine-seyffert.de\/blog\/wp-json\/wp\/v2\/posts\/15251\/revisions\/15259"}],"wp:attachment":[{"href":"https:\/\/www.sabine-seyffert.de\/blog\/wp-json\/wp\/v2\/media?parent=15251"}],"wp:term":[{"taxonomy":"category","embeddable":true,"href":"https:\/\/www.sabine-seyffert.de\/blog\/wp-json\/wp\/v2\/categories?post=15251"},{"taxonomy":"post_tag","embeddable":true,"href":"https:\/\/www.sabine-seyffert.de\/blog\/wp-json\/wp\/v2\/tags?post=15251"}],"curies":[{"name":"wp","href":"https:\/\/api.w.org\/{rel}","templated":true}]}}