{"id":15237,"date":"2019-10-19T10:12:45","date_gmt":"2019-10-19T08:12:45","guid":{"rendered":"https:\/\/www.sabine-seyffert.de\/blog\/?p=15237"},"modified":"2022-09-27T18:05:37","modified_gmt":"2022-09-27T16:05:37","slug":"upcycling-laterne-mit-milchkarton-eule-aus-tetrapak-herbstlaub-basteln","status":"publish","type":"post","link":"https:\/\/www.sabine-seyffert.de\/blog\/upcycling-laterne-mit-milchkarton-eule-aus-tetrapak-herbstlaub-basteln\/","title":{"rendered":"Upcycling Laterne mit Milchkarton \u2013 Eule aus Tetrapak &#038; Herbstlaub basteln"},"content":{"rendered":"<p style=\"text-align: justify;\"><img loading=\"lazy\" decoding=\"async\" src=\"https:\/\/vg06.met.vgwort.de\/na\/5aedbc1e657b40e2a6687c372798b097\" alt=\"\" width=\"1\" height=\"1\" \/>Seit vielen Jahren stand eine Eulenlaterne auf meiner To Do Liste. Warum es lange gebraucht hat, weil ich eigentlich auch nicht so recht. Wie dem auch sei, die Laterne ist fertig und bereit f\u00fcr die Laternenzeit. Bis es soweit ist, darf sie uns gerne als Windlicht bei den Mahlzeiten leuchten und ein wenig herbstlichen Lichterglanz ins Haus bringen. Denn der kann in dieser Jahreszeit nie schaden. Gerade an grauen, nassen Herbsttagen ist ein wenig Kerzenschein genau das richtige um es sich gem\u00fctlich zu machen.<\/p>\n<p style=\"text-align: center;\"><a href=\"https:\/\/www.sabine-seyffert.de\/blog\/wp-content\/uploads\/2019\/10\/Eule-Tetra-Sabine-Seyffert.de-4.jpg\"><img loading=\"lazy\" decoding=\"async\" class=\"alignnone size-full wp-image-15238\" src=\"https:\/\/www.sabine-seyffert.de\/blog\/wp-content\/uploads\/2019\/10\/Eule-Tetra-Sabine-Seyffert.de-4.jpg\" alt=\"\" width=\"800\" height=\"600\" srcset=\"https:\/\/www.sabine-seyffert.de\/blog\/wp-content\/uploads\/2019\/10\/Eule-Tetra-Sabine-Seyffert.de-4.jpg 800w, https:\/\/www.sabine-seyffert.de\/blog\/wp-content\/uploads\/2019\/10\/Eule-Tetra-Sabine-Seyffert.de-4-300x225.jpg 300w, https:\/\/www.sabine-seyffert.de\/blog\/wp-content\/uploads\/2019\/10\/Eule-Tetra-Sabine-Seyffert.de-4-768x576.jpg 768w\" sizes=\"auto, (max-width: 800px) 100vw, 800px\" \/><\/a><\/p>\n<p style=\"text-align: justify;\"><strong>Das wird gebraucht:<\/strong><br \/>\nEine leere Milcht\u00fcte (Tetrapak), ein scharfes Bastelmesser \/ Cutter, wei\u00dfes Transparentpapier, gesammelte Herbstbl\u00e4tter in unterschiedlichen Farben (trocken und gut gepresst), Bastelkleber \/ Klebestift, eine Malunterlage oder abwaschbare Tischdecke, ein St\u00fcck Pappe \/ Karton, eine Hei\u00dfklebepistole samt Klebepatrone, einen Malkittel, einen Bleistift, eine Lochzange, eine Bastelschere und etwas Draht<\/p>\n<p style=\"text-align: center;\"><a href=\"https:\/\/www.sabine-seyffert.de\/blog\/wp-content\/uploads\/2019\/10\/Eule-Tetra-Sabine-Seyffert.de-10.jpg\"><img loading=\"lazy\" decoding=\"async\" class=\"alignnone size-full wp-image-15239\" src=\"https:\/\/www.sabine-seyffert.de\/blog\/wp-content\/uploads\/2019\/10\/Eule-Tetra-Sabine-Seyffert.de-10.jpg\" alt=\"\" width=\"800\" height=\"600\" srcset=\"https:\/\/www.sabine-seyffert.de\/blog\/wp-content\/uploads\/2019\/10\/Eule-Tetra-Sabine-Seyffert.de-10.jpg 800w, https:\/\/www.sabine-seyffert.de\/blog\/wp-content\/uploads\/2019\/10\/Eule-Tetra-Sabine-Seyffert.de-10-300x225.jpg 300w, https:\/\/www.sabine-seyffert.de\/blog\/wp-content\/uploads\/2019\/10\/Eule-Tetra-Sabine-Seyffert.de-10-768x576.jpg 768w\" sizes=\"auto, (max-width: 800px) 100vw, 800px\" \/><\/a><\/p>\n<p style=\"text-align: justify;\"><strong>So wird\u2019s gemacht:<\/strong><br \/>\nZuerst deckt ihr den Tisch mit einer Malunterlage oder ein paar Bl\u00e4ttern Zeitungspapier ab.<\/p>\n<p style=\"text-align: center;\"><a href=\"https:\/\/www.sabine-seyffert.de\/blog\/wp-content\/uploads\/2019\/10\/Eule-Tetra-Sabine-Seyffert.de-18jpg.jpg\"><img loading=\"lazy\" decoding=\"async\" class=\"alignnone size-full wp-image-15240\" src=\"https:\/\/www.sabine-seyffert.de\/blog\/wp-content\/uploads\/2019\/10\/Eule-Tetra-Sabine-Seyffert.de-18jpg.jpg\" alt=\"\" width=\"800\" height=\"600\" srcset=\"https:\/\/www.sabine-seyffert.de\/blog\/wp-content\/uploads\/2019\/10\/Eule-Tetra-Sabine-Seyffert.de-18jpg.jpg 800w, https:\/\/www.sabine-seyffert.de\/blog\/wp-content\/uploads\/2019\/10\/Eule-Tetra-Sabine-Seyffert.de-18jpg-300x225.jpg 300w, https:\/\/www.sabine-seyffert.de\/blog\/wp-content\/uploads\/2019\/10\/Eule-Tetra-Sabine-Seyffert.de-18jpg-768x576.jpg 768w\" sizes=\"auto, (max-width: 800px) 100vw, 800px\" \/><\/a><\/p>\n<p style=\"text-align: justify;\">Anschlie\u00dfend schneidet man von dem gut ausgesp\u00fclten und Innen getrockneten Milchkarton den oberen Rand ab. Wenn die Laterne f\u00fcr j\u00fcngere Kinder im Kindergartenalter gedacht ist, k\u00f6nnt ihr die Milchverpackung auch beliebig K\u00fcrzen damit diese nicht zu schwer wird und sch\u00f6n handlich bleibt.<\/p>\n<p style=\"text-align: center;\"><a href=\"https:\/\/www.sabine-seyffert.de\/blog\/wp-content\/uploads\/2019\/10\/Eule-Tetra-Sabine-Seyffert.de-9.jpg\"><img loading=\"lazy\" decoding=\"async\" class=\"alignnone size-full wp-image-15241\" src=\"https:\/\/www.sabine-seyffert.de\/blog\/wp-content\/uploads\/2019\/10\/Eule-Tetra-Sabine-Seyffert.de-9.jpg\" alt=\"\" width=\"800\" height=\"600\" srcset=\"https:\/\/www.sabine-seyffert.de\/blog\/wp-content\/uploads\/2019\/10\/Eule-Tetra-Sabine-Seyffert.de-9.jpg 800w, https:\/\/www.sabine-seyffert.de\/blog\/wp-content\/uploads\/2019\/10\/Eule-Tetra-Sabine-Seyffert.de-9-300x225.jpg 300w, https:\/\/www.sabine-seyffert.de\/blog\/wp-content\/uploads\/2019\/10\/Eule-Tetra-Sabine-Seyffert.de-9-768x576.jpg 768w\" sizes=\"auto, (max-width: 800px) 100vw, 800px\" \/><\/a><\/p>\n<p style=\"text-align: justify;\">Dann schneidet ihr die Ecken und Kanten vorsichtig mit dem Cutter ein und zieht die oberste Schicht mit dem Aufdruck ab. Eine ganz detaillierte <strong><span style=\"color: #ff6600;\">Bastelanleitung zum Basteln mit Tetrapaks<\/span><\/strong> findet ihr <a href=\"https:\/\/www.sabine-seyffert.de\/blog\/?p=14184\" target=\"_blank\" rel=\"noopener noreferrer\">hier<\/a>.<\/p>\n<p style=\"text-align: center;\"><a href=\"https:\/\/www.sabine-seyffert.de\/blog\/wp-content\/uploads\/2019\/10\/Eule-Tetra-Sabine-Seyffert.de-7.jpg\"><img loading=\"lazy\" decoding=\"async\" class=\"alignnone size-full wp-image-15243\" src=\"https:\/\/www.sabine-seyffert.de\/blog\/wp-content\/uploads\/2019\/10\/Eule-Tetra-Sabine-Seyffert.de-7.jpg\" alt=\"\" width=\"800\" height=\"600\" srcset=\"https:\/\/www.sabine-seyffert.de\/blog\/wp-content\/uploads\/2019\/10\/Eule-Tetra-Sabine-Seyffert.de-7.jpg 800w, https:\/\/www.sabine-seyffert.de\/blog\/wp-content\/uploads\/2019\/10\/Eule-Tetra-Sabine-Seyffert.de-7-300x225.jpg 300w, https:\/\/www.sabine-seyffert.de\/blog\/wp-content\/uploads\/2019\/10\/Eule-Tetra-Sabine-Seyffert.de-7-768x576.jpg 768w\" sizes=\"auto, (max-width: 800px) 100vw, 800px\" \/><\/a><\/p>\n<p style=\"text-align: justify;\">Nun zeichnet man mit Hilfe des Bleistifts auf die Vorderseite Augen, Schnabel und Gefieder der Eule auf und trennt die Motive mit dem Cutter heraus.<br \/>\nW\u00e4hrenddessen k\u00f6nnen die Kinder aus der Pappe zwei Fl\u00fcgel schneiden und mit gepressten Herbstbl\u00e4ttern bekleben.<\/p>\n<p style=\"text-align: center;\"><a href=\"https:\/\/www.sabine-seyffert.de\/blog\/wp-content\/uploads\/2019\/10\/Eule-Tetra-Sabine-Seyffert.de-6.jpg\"><img loading=\"lazy\" decoding=\"async\" class=\"alignnone size-full wp-image-15244\" src=\"https:\/\/www.sabine-seyffert.de\/blog\/wp-content\/uploads\/2019\/10\/Eule-Tetra-Sabine-Seyffert.de-6.jpg\" alt=\"\" width=\"800\" height=\"600\" srcset=\"https:\/\/www.sabine-seyffert.de\/blog\/wp-content\/uploads\/2019\/10\/Eule-Tetra-Sabine-Seyffert.de-6.jpg 800w, https:\/\/www.sabine-seyffert.de\/blog\/wp-content\/uploads\/2019\/10\/Eule-Tetra-Sabine-Seyffert.de-6-300x225.jpg 300w, https:\/\/www.sabine-seyffert.de\/blog\/wp-content\/uploads\/2019\/10\/Eule-Tetra-Sabine-Seyffert.de-6-768x576.jpg 768w\" sizes=\"auto, (max-width: 800px) 100vw, 800px\" \/><\/a><\/p>\n<p style=\"text-align: justify;\">Jetzt schneidet ihr aus dem Transparentpapier ein Rechteck, das dieselbe Gr\u00f6\u00dfe hat, wie eine Milchkartonseite. Das wei\u00dfe Papier klebt man von Innen gegen die Vorderseite mit den \u00d6ffnungen.<\/p>\n<p><a href=\"https:\/\/www.sabine-seyffert.de\/blog\/wp-content\/uploads\/2019\/10\/Eule-Tetra-Sabine-Seyffert.de-5.jpg\"><img loading=\"lazy\" decoding=\"async\" class=\"alignnone size-full wp-image-15245\" src=\"https:\/\/www.sabine-seyffert.de\/blog\/wp-content\/uploads\/2019\/10\/Eule-Tetra-Sabine-Seyffert.de-5.jpg\" alt=\"\" width=\"800\" height=\"600\" srcset=\"https:\/\/www.sabine-seyffert.de\/blog\/wp-content\/uploads\/2019\/10\/Eule-Tetra-Sabine-Seyffert.de-5.jpg 800w, https:\/\/www.sabine-seyffert.de\/blog\/wp-content\/uploads\/2019\/10\/Eule-Tetra-Sabine-Seyffert.de-5-300x225.jpg 300w, https:\/\/www.sabine-seyffert.de\/blog\/wp-content\/uploads\/2019\/10\/Eule-Tetra-Sabine-Seyffert.de-5-768x576.jpg 768w\" sizes=\"auto, (max-width: 800px) 100vw, 800px\" \/><\/a><\/p>\n<p style=\"text-align: justify;\">Die gepressten Herbstbl\u00e4tter kann man nun von der Innenseite \u00fcber das wei\u00dfe Transparentpapier kleben. Je bunter die Bl\u00e4tter sind, desto kr\u00e4ftiger leuchtet die Laterne.<\/p>\n<p style=\"text-align: center;\"><a href=\"https:\/\/www.sabine-seyffert.de\/blog\/wp-content\/uploads\/2019\/10\/Eule-Tetra-Sabine-Seyffert.de-1.jpg\"><img loading=\"lazy\" decoding=\"async\" class=\"alignnone size-full wp-image-15246\" src=\"https:\/\/www.sabine-seyffert.de\/blog\/wp-content\/uploads\/2019\/10\/Eule-Tetra-Sabine-Seyffert.de-1.jpg\" alt=\"\" width=\"800\" height=\"600\" srcset=\"https:\/\/www.sabine-seyffert.de\/blog\/wp-content\/uploads\/2019\/10\/Eule-Tetra-Sabine-Seyffert.de-1.jpg 800w, https:\/\/www.sabine-seyffert.de\/blog\/wp-content\/uploads\/2019\/10\/Eule-Tetra-Sabine-Seyffert.de-1-300x225.jpg 300w, https:\/\/www.sabine-seyffert.de\/blog\/wp-content\/uploads\/2019\/10\/Eule-Tetra-Sabine-Seyffert.de-1-768x576.jpg 768w\" sizes=\"auto, (max-width: 800px) 100vw, 800px\" \/><\/a><\/p>\n<p style=\"text-align: justify;\">Mit der Hei\u00dfklebepistole bringt man nun auf der R\u00fcckseite seitlich noch die Bl\u00e4tterfl\u00fcgel an. Und zu guter letzt versieht man den Karton rechts und links oben mit zwei kleinen \u00d6ffnungen, die man mit der Lochzange hineindr\u00fcckt und zieht etwas Draht f\u00fcr den Laternenstab hindurch. Fertig ist die kleine, leuchtende Herbsteule!<\/p>\n<p style=\"text-align: center;\"><a href=\"https:\/\/www.sabine-seyffert.de\/blog\/wp-content\/uploads\/2019\/10\/Eule-Tetra-Sabine-Seyffert.de-2.jpg\"><img loading=\"lazy\" decoding=\"async\" class=\"alignnone size-full wp-image-15247\" src=\"https:\/\/www.sabine-seyffert.de\/blog\/wp-content\/uploads\/2019\/10\/Eule-Tetra-Sabine-Seyffert.de-2.jpg\" alt=\"\" width=\"800\" height=\"600\" srcset=\"https:\/\/www.sabine-seyffert.de\/blog\/wp-content\/uploads\/2019\/10\/Eule-Tetra-Sabine-Seyffert.de-2.jpg 800w, https:\/\/www.sabine-seyffert.de\/blog\/wp-content\/uploads\/2019\/10\/Eule-Tetra-Sabine-Seyffert.de-2-300x225.jpg 300w, https:\/\/www.sabine-seyffert.de\/blog\/wp-content\/uploads\/2019\/10\/Eule-Tetra-Sabine-Seyffert.de-2-768x576.jpg 768w\" sizes=\"auto, (max-width: 800px) 100vw, 800px\" \/><\/a><\/p>\n<p style=\"text-align: justify;\">Weitere kreative Ideen rund um die Laternenzeit findet ihr \u00fcbrigens in <a href=\"https:\/\/www.sabine-seyffert.de\/blog\/?cat=54\" target=\"_blank\" rel=\"noopener noreferrer\">dieser Blog Kategorie<\/a>, tolle Bastelanleitungen f\u00fcr Kinder in <a href=\"https:\/\/www.sabine-seyffert.de\/blog\/?cat=32\" target=\"_blank\" rel=\"noopener noreferrer\">dieser Rubrik<\/a>, pfiffige Upcycling Ideen zum Nachmachen gibt es in <a href=\"https:\/\/www.sabine-seyffert.de\/blog\/?cat=47\" target=\"_blank\" rel=\"noopener noreferrer\">diesem Ordner<\/a>, alle Ideen rund um den Herbst sind <a href=\"https:\/\/www.sabine-seyffert.de\/blog\/?cat=25\" target=\"_blank\" rel=\"noopener noreferrer\">hier<\/a> zu finden und andere kreative Sachen gibt es da und auch <a href=\"http:\/\/www.lunaju.de\/2019\/10\/kiddikram-oktober.html\" target=\"_blank\" rel=\"noopener nofollow noreferrer\">dort<\/a>.<\/p>\n<p style=\"text-align: justify;\"><a href=\"https:\/\/www.sabine-seyffert.de\/blog\/?page_id=32#urheberrecht\">urheberrechtlich gesch\u00fctzt<\/a>, \u00a9 Sabine Seyffert<\/p>\n","protected":false},"excerpt":{"rendered":"<p>Seit vielen Jahren stand eine Eulenlaterne auf meiner To Do Liste. Warum es lange gebraucht hat, weil ich eigentlich auch nicht so recht. Wie dem auch sei, die Laterne ist fertig und bereit f\u00fcr die Laternenzeit. Bis es soweit ist, darf sie uns gerne als Windlicht bei den Mahlzeiten leuchten und ein wenig herbstlichen Lichterglanz&#8230; <a href=\"https:\/\/www.sabine-seyffert.de\/blog\/upcycling-laterne-mit-milchkarton-eule-aus-tetrapak-herbstlaub-basteln\/\" class=\"more-link\">Read more: Upcycling Laterne mit Milchkarton \u2013 Eule aus Tetrapak &#038; Herbstlaub basteln<\/a><\/p>\n","protected":false},"author":2,"featured_media":0,"comment_status":"open","ping_status":"open","sticky":false,"template":"","format":"standard","meta":{"_metis_text_type":"","_metis_text_length":2840,"_post_count":0,"footnotes":""},"categories":[32,25,54,47],"tags":[],"class_list":["post-15237","post","type-post","status-publish","format-standard","hentry","category-kreatives-fur-kleine-kinderhande","category-herbst","category-laterne-co","category-upcyceltes"],"_links":{"self":[{"href":"https:\/\/www.sabine-seyffert.de\/blog\/wp-json\/wp\/v2\/posts\/15237","targetHints":{"allow":["GET"]}}],"collection":[{"href":"https:\/\/www.sabine-seyffert.de\/blog\/wp-json\/wp\/v2\/posts"}],"about":[{"href":"https:\/\/www.sabine-seyffert.de\/blog\/wp-json\/wp\/v2\/types\/post"}],"author":[{"embeddable":true,"href":"https:\/\/www.sabine-seyffert.de\/blog\/wp-json\/wp\/v2\/users\/2"}],"replies":[{"embeddable":true,"href":"https:\/\/www.sabine-seyffert.de\/blog\/wp-json\/wp\/v2\/comments?post=15237"}],"version-history":[{"count":4,"href":"https:\/\/www.sabine-seyffert.de\/blog\/wp-json\/wp\/v2\/posts\/15237\/revisions"}],"predecessor-version":[{"id":24164,"href":"https:\/\/www.sabine-seyffert.de\/blog\/wp-json\/wp\/v2\/posts\/15237\/revisions\/24164"}],"wp:attachment":[{"href":"https:\/\/www.sabine-seyffert.de\/blog\/wp-json\/wp\/v2\/media?parent=15237"}],"wp:term":[{"taxonomy":"category","embeddable":true,"href":"https:\/\/www.sabine-seyffert.de\/blog\/wp-json\/wp\/v2\/categories?post=15237"},{"taxonomy":"post_tag","embeddable":true,"href":"https:\/\/www.sabine-seyffert.de\/blog\/wp-json\/wp\/v2\/tags?post=15237"}],"curies":[{"name":"wp","href":"https:\/\/api.w.org\/{rel}","templated":true}]}}