{"id":15179,"date":"2019-10-11T09:50:05","date_gmt":"2019-10-11T07:50:05","guid":{"rendered":"https:\/\/www.sabine-seyffert.de\/blog\/?p=15179"},"modified":"2019-10-11T09:50:05","modified_gmt":"2019-10-11T07:50:05","slug":"diy-basteln-mit-kindern-upcycling-fensterbild-fuchs-aus-joghurtdeckeln","status":"publish","type":"post","link":"https:\/\/www.sabine-seyffert.de\/blog\/diy-basteln-mit-kindern-upcycling-fensterbild-fuchs-aus-joghurtdeckeln\/","title":{"rendered":"DIY Basteln mit Kindern: Upcycling Fensterbild &#8211; Fuchs aus Joghurtdeckeln"},"content":{"rendered":"<p style=\"text-align: justify;\"><img loading=\"lazy\" decoding=\"async\" src=\"https:\/\/vg06.met.vgwort.de\/na\/44bac6f826674377af6ca4d4e4ccf07f\" alt=\"\" width=\"1\" height=\"1\" \/>Der Herbst beschert uns derzeit sehr ungem\u00fctliches Wetter. Daher ist es heute mal an der Reihe f\u00fcr eine dekorative Herbstbastel-Aktion. Daf\u00fcr kann man einen verregneten Nachmittag nutzen und etwas Deko f\u00fcr das Kinderzimmer anfertigen. Wie w\u00e4re es mit einem herbstlichen Fuchs? Der Fuchs geh\u00f6rt bei uns, seit <a href=\"https:\/\/www.sabine-seyffert.de\/blog\/?cat=45\" target=\"_blank\" rel=\"noopener noreferrer\">dem <span style=\"color: #ff9900;\">Fuchsgeburtstag<\/span><\/a>, \u00fcber den ich auf dem Blog ganz ausf\u00fchrlich berichtet und zahlreiche Bastelideen gezeigt habe, mit den Lieblingstieren. M\u00f6gt ihr den Fuchs auch so gerne? Dann bastelt doch einfach eine Runde mit!<\/p>\n<p style=\"text-align: center;\"><a href=\"https:\/\/www.sabine-seyffert.de\/blog\/wp-content\/uploads\/2019\/10\/Deckel-Fuchs-Sabine-Seyffert.de-2.jpg\"><img loading=\"lazy\" decoding=\"async\" class=\"alignnone size-full wp-image-15180\" src=\"https:\/\/www.sabine-seyffert.de\/blog\/wp-content\/uploads\/2019\/10\/Deckel-Fuchs-Sabine-Seyffert.de-2.jpg\" alt=\"\" width=\"800\" height=\"600\" srcset=\"https:\/\/www.sabine-seyffert.de\/blog\/wp-content\/uploads\/2019\/10\/Deckel-Fuchs-Sabine-Seyffert.de-2.jpg 800w, https:\/\/www.sabine-seyffert.de\/blog\/wp-content\/uploads\/2019\/10\/Deckel-Fuchs-Sabine-Seyffert.de-2-300x225.jpg 300w, https:\/\/www.sabine-seyffert.de\/blog\/wp-content\/uploads\/2019\/10\/Deckel-Fuchs-Sabine-Seyffert.de-2-768x576.jpg 768w\" sizes=\"auto, (max-width: 800px) 100vw, 800px\" \/><\/a><\/p>\n<p style=\"text-align: justify;\"><strong>Das wird gebraucht:<\/strong><br \/>\nLeere, saubere Joghurtdeckel (durchsichtig), wei\u00dfes und orangefarbenes Transparentpapier, d\u00fcnne Kordel, zwei kleine und ein gr\u00f6\u00dferer, runder Holz-Knopf, Bastelfilz in orange und wei\u00df, eine Schere, eine Hei\u00dfklebepistole samt Klebepatrone, Tapetenkleister, Malkittel, eine abwaschbare Tischdecke oder Malunterlage, Nadel, Nylongarn<\/p>\n<p style=\"text-align: center;\"><a href=\"https:\/\/www.sabine-seyffert.de\/blog\/wp-content\/uploads\/2019\/10\/Deckel-Fuchs-Sabine-Seyffert.de-9.jpg\"><img loading=\"lazy\" decoding=\"async\" class=\"alignnone size-full wp-image-15181\" src=\"https:\/\/www.sabine-seyffert.de\/blog\/wp-content\/uploads\/2019\/10\/Deckel-Fuchs-Sabine-Seyffert.de-9.jpg\" alt=\"\" width=\"800\" height=\"600\" srcset=\"https:\/\/www.sabine-seyffert.de\/blog\/wp-content\/uploads\/2019\/10\/Deckel-Fuchs-Sabine-Seyffert.de-9.jpg 800w, https:\/\/www.sabine-seyffert.de\/blog\/wp-content\/uploads\/2019\/10\/Deckel-Fuchs-Sabine-Seyffert.de-9-300x225.jpg 300w, https:\/\/www.sabine-seyffert.de\/blog\/wp-content\/uploads\/2019\/10\/Deckel-Fuchs-Sabine-Seyffert.de-9-768x576.jpg 768w\" sizes=\"auto, (max-width: 800px) 100vw, 800px\" \/><\/a><\/p>\n<p style=\"text-align: justify;\"><strong>So wird\u2019s gemacht:<\/strong><br \/>\nAls erstes sollte man in einer kleinen Sch\u00fcssel einen L\u00f6ffel Tapetenkleisterpulver mit lauwarmem Wasser zu einem dickfl\u00fcssigen Brei anr\u00fchren. Der Kleister braucht einen Moment zum ziehen, da dieser nachdickt. F\u00fcr diese Bastelidee sollte der Kleister eher zu fest als zu fl\u00fcssig sein.<\/p>\n<p style=\"text-align: center;\"><a href=\"https:\/\/www.sabine-seyffert.de\/blog\/wp-content\/uploads\/2019\/10\/Deckel-Fuchs-Sabine-Seyffert.de-8.jpg\"><img loading=\"lazy\" decoding=\"async\" class=\"alignnone size-full wp-image-15182\" src=\"https:\/\/www.sabine-seyffert.de\/blog\/wp-content\/uploads\/2019\/10\/Deckel-Fuchs-Sabine-Seyffert.de-8.jpg\" alt=\"\" width=\"800\" height=\"600\" srcset=\"https:\/\/www.sabine-seyffert.de\/blog\/wp-content\/uploads\/2019\/10\/Deckel-Fuchs-Sabine-Seyffert.de-8.jpg 800w, https:\/\/www.sabine-seyffert.de\/blog\/wp-content\/uploads\/2019\/10\/Deckel-Fuchs-Sabine-Seyffert.de-8-300x225.jpg 300w, https:\/\/www.sabine-seyffert.de\/blog\/wp-content\/uploads\/2019\/10\/Deckel-Fuchs-Sabine-Seyffert.de-8-768x576.jpg 768w\" sizes=\"auto, (max-width: 800px) 100vw, 800px\" \/><\/a><\/p>\n<p style=\"text-align: justify;\">In der Zwischenzeit kann man mit einer wasserfesten Tischdecke den Arbeitsplatz abdecken und die Kinder in Bastelkittel schl\u00fcpfen lassen. Das Transparentpapier schneidet man in kleinere St\u00fccke. Alternativ kann man, wie ich, Seidenpapier nehmen. Aber wie man unschwer erkennt, blutet dieses unsch\u00f6n aus. Daher lieber, wie bei dieser <span style=\"color: #ff9900;\"><a style=\"color: #ff9900;\" href=\"https:\/\/www.sabine-seyffert.de\/blog\/?p=4809\" target=\"_blank\" rel=\"noopener noreferrer\">Fuchs Laterne<\/a><\/span>, auf Transparentpapier zur\u00fcckgreifen!<\/p>\n<p style=\"text-align: center;\"><a href=\"https:\/\/www.sabine-seyffert.de\/blog\/wp-content\/uploads\/2019\/10\/Deckel-Fuchs-Sabine-Seyffert.de-7.jpg\"><img loading=\"lazy\" decoding=\"async\" class=\"alignnone size-full wp-image-15183\" src=\"https:\/\/www.sabine-seyffert.de\/blog\/wp-content\/uploads\/2019\/10\/Deckel-Fuchs-Sabine-Seyffert.de-7.jpg\" alt=\"\" width=\"800\" height=\"600\" srcset=\"https:\/\/www.sabine-seyffert.de\/blog\/wp-content\/uploads\/2019\/10\/Deckel-Fuchs-Sabine-Seyffert.de-7.jpg 800w, https:\/\/www.sabine-seyffert.de\/blog\/wp-content\/uploads\/2019\/10\/Deckel-Fuchs-Sabine-Seyffert.de-7-300x225.jpg 300w, https:\/\/www.sabine-seyffert.de\/blog\/wp-content\/uploads\/2019\/10\/Deckel-Fuchs-Sabine-Seyffert.de-7-768x576.jpg 768w\" sizes=\"auto, (max-width: 800px) 100vw, 800px\" \/><\/a><\/p>\n<p style=\"text-align: justify;\">Hat der Kleister die richtige Konsistenz, bestreicht man den durchsichtigen Joghurtdeckel damit und klebt zuerst alles blickdicht mit wei\u00dfem Papier. Danach kann man einlagig, das orangefarbene Papier mittig darauf kleben. Die Papierkanten sollten dabei immer gut angestrichen werden.<\/p>\n<p style=\"text-align: center;\"><a href=\"https:\/\/www.sabine-seyffert.de\/blog\/wp-content\/uploads\/2019\/10\/Deckel-Fuchs-Sabine-Seyffert.de-6.jpg\"><img loading=\"lazy\" decoding=\"async\" class=\"alignnone size-full wp-image-15184\" src=\"https:\/\/www.sabine-seyffert.de\/blog\/wp-content\/uploads\/2019\/10\/Deckel-Fuchs-Sabine-Seyffert.de-6.jpg\" alt=\"\" width=\"800\" height=\"600\" srcset=\"https:\/\/www.sabine-seyffert.de\/blog\/wp-content\/uploads\/2019\/10\/Deckel-Fuchs-Sabine-Seyffert.de-6.jpg 800w, https:\/\/www.sabine-seyffert.de\/blog\/wp-content\/uploads\/2019\/10\/Deckel-Fuchs-Sabine-Seyffert.de-6-300x225.jpg 300w, https:\/\/www.sabine-seyffert.de\/blog\/wp-content\/uploads\/2019\/10\/Deckel-Fuchs-Sabine-Seyffert.de-6-768x576.jpg 768w\" sizes=\"auto, (max-width: 800px) 100vw, 800px\" \/><\/a><\/p>\n<p style=\"text-align: justify;\">Sobald der Kleister trocken ist, kann man die Einzelteile zuschneiden. Aus Filz zwei Ohren, aus der Kordel ein paar kurze St\u00fccke als Schnurrhaare und die Kn\u00f6pfe f\u00fcr Augen und Nase.<\/p>\n<p style=\"text-align: center;\"><a href=\"https:\/\/www.sabine-seyffert.de\/blog\/wp-content\/uploads\/2019\/10\/Deckel-Fuchs-Sabine-Seyffert.de-4.jpg\"><img loading=\"lazy\" decoding=\"async\" class=\"alignnone size-full wp-image-15185\" src=\"https:\/\/www.sabine-seyffert.de\/blog\/wp-content\/uploads\/2019\/10\/Deckel-Fuchs-Sabine-Seyffert.de-4.jpg\" alt=\"\" width=\"800\" height=\"600\" srcset=\"https:\/\/www.sabine-seyffert.de\/blog\/wp-content\/uploads\/2019\/10\/Deckel-Fuchs-Sabine-Seyffert.de-4.jpg 800w, https:\/\/www.sabine-seyffert.de\/blog\/wp-content\/uploads\/2019\/10\/Deckel-Fuchs-Sabine-Seyffert.de-4-300x225.jpg 300w, https:\/\/www.sabine-seyffert.de\/blog\/wp-content\/uploads\/2019\/10\/Deckel-Fuchs-Sabine-Seyffert.de-4-768x576.jpg 768w\" sizes=\"auto, (max-width: 800px) 100vw, 800px\" \/><\/a><\/p>\n<p style=\"text-align: justify;\">Diese Teile klebt man am besten mit ein paar Tropfen Hei\u00dfkleber auf den Deckel, das geht auf diese Weise ganz fix und h\u00e4lt super.<\/p>\n<p style=\"text-align: center;\"><a href=\"https:\/\/www.sabine-seyffert.de\/blog\/wp-content\/uploads\/2019\/10\/Deckel-Fuchs-Sabine-Seyffert.de-3.jpg\"><img loading=\"lazy\" decoding=\"async\" class=\"alignnone size-full wp-image-15186\" src=\"https:\/\/www.sabine-seyffert.de\/blog\/wp-content\/uploads\/2019\/10\/Deckel-Fuchs-Sabine-Seyffert.de-3.jpg\" alt=\"\" width=\"800\" height=\"600\" srcset=\"https:\/\/www.sabine-seyffert.de\/blog\/wp-content\/uploads\/2019\/10\/Deckel-Fuchs-Sabine-Seyffert.de-3.jpg 800w, https:\/\/www.sabine-seyffert.de\/blog\/wp-content\/uploads\/2019\/10\/Deckel-Fuchs-Sabine-Seyffert.de-3-300x225.jpg 300w, https:\/\/www.sabine-seyffert.de\/blog\/wp-content\/uploads\/2019\/10\/Deckel-Fuchs-Sabine-Seyffert.de-3-768x576.jpg 768w\" sizes=\"auto, (max-width: 800px) 100vw, 800px\" \/><\/a><\/p>\n<p style=\"text-align: justify;\">Zum Schluss noch mit einer Nadel etwas Nylongarn durch den Deckel ziehen und aufh\u00e4ngen!<\/p>\n<p style=\"text-align: center;\"><a href=\"https:\/\/www.sabine-seyffert.de\/blog\/wp-content\/uploads\/2019\/10\/Deckel-Fuchs-Sabine-Seyffert.de-1.jpg\"><img loading=\"lazy\" decoding=\"async\" class=\"alignnone size-full wp-image-15187\" src=\"https:\/\/www.sabine-seyffert.de\/blog\/wp-content\/uploads\/2019\/10\/Deckel-Fuchs-Sabine-Seyffert.de-1.jpg\" alt=\"\" width=\"800\" height=\"600\" srcset=\"https:\/\/www.sabine-seyffert.de\/blog\/wp-content\/uploads\/2019\/10\/Deckel-Fuchs-Sabine-Seyffert.de-1.jpg 800w, https:\/\/www.sabine-seyffert.de\/blog\/wp-content\/uploads\/2019\/10\/Deckel-Fuchs-Sabine-Seyffert.de-1-300x225.jpg 300w, https:\/\/www.sabine-seyffert.de\/blog\/wp-content\/uploads\/2019\/10\/Deckel-Fuchs-Sabine-Seyffert.de-1-768x576.jpg 768w\" sizes=\"auto, (max-width: 800px) 100vw, 800px\" \/><\/a><\/p>\n<p style=\"text-align: justify;\"><strong>Ein kleiner Tipp:<\/strong> Wenn ihr den Tapetenkleister regelm\u00e4\u00dfig zum Basteln nutzt, kann man sich davon auf eine gr\u00f6\u00dfere Menge anr\u00fchren und diese in einem sauberen Marmeladenglas mit Deckel aufbewahren. So hat man den Kleber sofort zur Hand, wenn man ihn ben\u00f6tigt \ud83d\ude09<\/p>\n<p style=\"text-align: center;\"><a href=\"https:\/\/www.sabine-seyffert.de\/blog\/wp-content\/uploads\/2019\/10\/Deckel-Fuchs-Sabine-Seyffert.de-5.jpg\"><img loading=\"lazy\" decoding=\"async\" class=\"alignnone size-full wp-image-15188\" src=\"https:\/\/www.sabine-seyffert.de\/blog\/wp-content\/uploads\/2019\/10\/Deckel-Fuchs-Sabine-Seyffert.de-5.jpg\" alt=\"\" width=\"600\" height=\"800\" srcset=\"https:\/\/www.sabine-seyffert.de\/blog\/wp-content\/uploads\/2019\/10\/Deckel-Fuchs-Sabine-Seyffert.de-5.jpg 600w, https:\/\/www.sabine-seyffert.de\/blog\/wp-content\/uploads\/2019\/10\/Deckel-Fuchs-Sabine-Seyffert.de-5-225x300.jpg 225w\" sizes=\"auto, (max-width: 600px) 100vw, 600px\" \/><\/a><\/p>\n<p style=\"text-align: justify;\">Weitere Bastelanleitungen f\u00fcr Kinder findet ihr \u00fcbrigens in <a href=\"https:\/\/www.sabine-seyffert.de\/blog\/?cat=32\" target=\"_blank\" rel=\"noopener noreferrer\">dieser Blog Kategorie<\/a>, alle DIY rund um den Fuchs gibt es in <a href=\"https:\/\/www.sabine-seyffert.de\/blog\/?cat=45\" target=\"_blank\" rel=\"noopener noreferrer\">diesem Ordner<\/a>, alle Ideen zum Thema Herbst in <a href=\"https:\/\/www.sabine-seyffert.de\/blog\/?cat=25\" target=\"_blank\" rel=\"noopener noreferrer\">dieser Rubrik<\/a>, alle Upcycling Anleitungen an <a href=\"https:\/\/www.sabine-seyffert.de\/blog\/?cat=47\" target=\"_blank\" rel=\"noopener noreferrer\">dieser Stelle<\/a> und andere kreative Sachen gibt es <a href=\"http:\/\/www.lunaju.de\/2019\/10\/kiddikram-oktober.html\" target=\"_blank\" rel=\"noopener nofollow noreferrer\">dort<\/a>.<\/p>\n<p style=\"text-align: justify;\"><a href=\"https:\/\/www.sabine-seyffert.de\/blog\/?page_id=32#urheberrecht\">urheberrechtlich gesch\u00fctzt<\/a>, \u00a9 Sabine Seyffert<\/p>\n","protected":false},"excerpt":{"rendered":"<p>Der Herbst beschert uns derzeit sehr ungem\u00fctliches Wetter. Daher ist es heute mal an der Reihe f\u00fcr eine dekorative Herbstbastel-Aktion. Daf\u00fcr kann man einen verregneten Nachmittag nutzen und etwas Deko f\u00fcr das Kinderzimmer anfertigen. Wie w\u00e4re es mit einem herbstlichen Fuchs? Der Fuchs geh\u00f6rt bei uns, seit dem Fuchsgeburtstag, \u00fcber den ich auf dem Blog&#8230; <a href=\"https:\/\/www.sabine-seyffert.de\/blog\/diy-basteln-mit-kindern-upcycling-fensterbild-fuchs-aus-joghurtdeckeln\/\" class=\"more-link\">Read more: DIY Basteln mit Kindern: Upcycling Fensterbild &#8211; Fuchs aus Joghurtdeckeln<\/a><\/p>\n","protected":false},"author":2,"featured_media":0,"comment_status":"open","ping_status":"open","sticky":false,"template":"","format":"standard","meta":{"_metis_text_type":"","_metis_text_length":2815,"_post_count":0,"footnotes":""},"categories":[32,45,25,47],"tags":[],"class_list":["post-15179","post","type-post","status-publish","format-standard","hentry","category-kreatives-fur-kleine-kinderhande","category-fuchsgeburtstag","category-herbst","category-upcyceltes"],"_links":{"self":[{"href":"https:\/\/www.sabine-seyffert.de\/blog\/wp-json\/wp\/v2\/posts\/15179","targetHints":{"allow":["GET"]}}],"collection":[{"href":"https:\/\/www.sabine-seyffert.de\/blog\/wp-json\/wp\/v2\/posts"}],"about":[{"href":"https:\/\/www.sabine-seyffert.de\/blog\/wp-json\/wp\/v2\/types\/post"}],"author":[{"embeddable":true,"href":"https:\/\/www.sabine-seyffert.de\/blog\/wp-json\/wp\/v2\/users\/2"}],"replies":[{"embeddable":true,"href":"https:\/\/www.sabine-seyffert.de\/blog\/wp-json\/wp\/v2\/comments?post=15179"}],"version-history":[{"count":1,"href":"https:\/\/www.sabine-seyffert.de\/blog\/wp-json\/wp\/v2\/posts\/15179\/revisions"}],"predecessor-version":[{"id":15189,"href":"https:\/\/www.sabine-seyffert.de\/blog\/wp-json\/wp\/v2\/posts\/15179\/revisions\/15189"}],"wp:attachment":[{"href":"https:\/\/www.sabine-seyffert.de\/blog\/wp-json\/wp\/v2\/media?parent=15179"}],"wp:term":[{"taxonomy":"category","embeddable":true,"href":"https:\/\/www.sabine-seyffert.de\/blog\/wp-json\/wp\/v2\/categories?post=15179"},{"taxonomy":"post_tag","embeddable":true,"href":"https:\/\/www.sabine-seyffert.de\/blog\/wp-json\/wp\/v2\/tags?post=15179"}],"curies":[{"name":"wp","href":"https:\/\/api.w.org\/{rel}","templated":true}]}}