{"id":15165,"date":"2019-10-08T06:54:45","date_gmt":"2019-10-08T04:54:45","guid":{"rendered":"https:\/\/www.sabine-seyffert.de\/blog\/?p=15165"},"modified":"2019-10-08T06:54:45","modified_gmt":"2019-10-08T04:54:45","slug":"diy-basteln-mit-naturmaterial-loewe-aus-herbstlaub-mit-bastelanleitung","status":"publish","type":"post","link":"https:\/\/www.sabine-seyffert.de\/blog\/diy-basteln-mit-naturmaterial-loewe-aus-herbstlaub-mit-bastelanleitung\/","title":{"rendered":"DIY Basteln mit Naturmaterial:  L\u00f6we aus Herbstlaub \u2013 mit Bastelanleitung"},"content":{"rendered":"<p style=\"text-align: justify;\"><img loading=\"lazy\" decoding=\"async\" src=\"https:\/\/vg06.met.vgwort.de\/na\/d7ccab0f519745a0a6ff2943a1ea0a95\" alt=\"\" width=\"1\" height=\"1\" \/>Was gibt es sch\u00f6neres als einem sonnigen Herbstnachmittag durch den Wald zu spazieren und dabei nach sch\u00f6nen Herbstsch\u00e4tzen und bunten Bl\u00e4ttern zu suchen? In weiser Voraussicht hatte ich eine Stofftasche zum Sammeln mit dabei. Anschlie\u00dfend zu Hause haben wir die Herbstbl\u00e4tter gepresst und gleich am n\u00e4chsten Tag zu einem unserer Lieblingstiere, einem freundlichen L\u00f6wen verarbeitet.<\/p>\n<p style=\"text-align: center;\"><a href=\"https:\/\/www.sabine-seyffert.de\/blog\/wp-content\/uploads\/2019\/10\/L\u00f6we-Herbst-Sabine-Seyffert.de-2.jpg\"><img loading=\"lazy\" decoding=\"async\" class=\"alignnone size-full wp-image-15166\" src=\"https:\/\/www.sabine-seyffert.de\/blog\/wp-content\/uploads\/2019\/10\/L\u00f6we-Herbst-Sabine-Seyffert.de-2.jpg\" alt=\"\" width=\"800\" height=\"600\" srcset=\"https:\/\/www.sabine-seyffert.de\/blog\/wp-content\/uploads\/2019\/10\/L\u00f6we-Herbst-Sabine-Seyffert.de-2.jpg 800w, https:\/\/www.sabine-seyffert.de\/blog\/wp-content\/uploads\/2019\/10\/L\u00f6we-Herbst-Sabine-Seyffert.de-2-300x225.jpg 300w, https:\/\/www.sabine-seyffert.de\/blog\/wp-content\/uploads\/2019\/10\/L\u00f6we-Herbst-Sabine-Seyffert.de-2-768x576.jpg 768w\" sizes=\"auto, (max-width: 800px) 100vw, 800px\" \/><\/a><\/p>\n<p style=\"text-align: justify;\"><strong>Das wird gebraucht:<\/strong><br \/>\nPappe (bsp. ein alter Karton), einen Zirkel, eine Schere, etwas Tapetenkleister oder Bastelkleber, d\u00fcnne Pappreste, eine Hei\u00dfklebepistole samt Klebepatrone sowie Naturmaterial, wie beispielsweise lange Tannennadeln, gelbes Herbstlaub, Eichelh\u00fctchen, Bucheckern o.\u00e4.<\/p>\n<p style=\"text-align: center;\"><a href=\"https:\/\/www.sabine-seyffert.de\/blog\/wp-content\/uploads\/2019\/10\/L\u00f6we-Herbst-Sabine-Seyffert.de_.jpg\"><img loading=\"lazy\" decoding=\"async\" class=\"alignnone size-full wp-image-15167\" src=\"https:\/\/www.sabine-seyffert.de\/blog\/wp-content\/uploads\/2019\/10\/L\u00f6we-Herbst-Sabine-Seyffert.de_.jpg\" alt=\"\" width=\"800\" height=\"600\" srcset=\"https:\/\/www.sabine-seyffert.de\/blog\/wp-content\/uploads\/2019\/10\/L\u00f6we-Herbst-Sabine-Seyffert.de_.jpg 800w, https:\/\/www.sabine-seyffert.de\/blog\/wp-content\/uploads\/2019\/10\/L\u00f6we-Herbst-Sabine-Seyffert.de_-300x225.jpg 300w, https:\/\/www.sabine-seyffert.de\/blog\/wp-content\/uploads\/2019\/10\/L\u00f6we-Herbst-Sabine-Seyffert.de_-768x576.jpg 768w\" sizes=\"auto, (max-width: 800px) 100vw, 800px\" \/><\/a><\/p>\n<p style=\"text-align: justify;\"><strong>So wird\u2019s gemacht:<\/strong><br \/>\nAus der Pappe haben wir zuerst einen Kreis geschnitten. Den kann man sich mit Hilfe eines Zirkels oder auch einem Kuchenteller als Bastelschablone vorab aufzeichnen.<\/p>\n<p style=\"text-align: center;\"><a href=\"https:\/\/www.sabine-seyffert.de\/blog\/wp-content\/uploads\/2019\/10\/L\u00f6we-Herbst-Sabine-Seyffert.de-8.jpg\"><img loading=\"lazy\" decoding=\"async\" class=\"alignnone size-full wp-image-15168\" src=\"https:\/\/www.sabine-seyffert.de\/blog\/wp-content\/uploads\/2019\/10\/L\u00f6we-Herbst-Sabine-Seyffert.de-8.jpg\" alt=\"\" width=\"800\" height=\"600\" srcset=\"https:\/\/www.sabine-seyffert.de\/blog\/wp-content\/uploads\/2019\/10\/L\u00f6we-Herbst-Sabine-Seyffert.de-8.jpg 800w, https:\/\/www.sabine-seyffert.de\/blog\/wp-content\/uploads\/2019\/10\/L\u00f6we-Herbst-Sabine-Seyffert.de-8-300x225.jpg 300w, https:\/\/www.sabine-seyffert.de\/blog\/wp-content\/uploads\/2019\/10\/L\u00f6we-Herbst-Sabine-Seyffert.de-8-768x576.jpg 768w\" sizes=\"auto, (max-width: 800px) 100vw, 800px\" \/><\/a><\/p>\n<p style=\"text-align: justify;\">Dann schneidet man den Kreis aus. Mit Wasser anger\u00fchrtem Tapetenkleister, kann man die gelben, gepressten Bl\u00e4tter wunderbar am \u00e4u\u00dferen Rand aufkleben. Wir haben f\u00fcr unseren L\u00f6wen mehrere Bl\u00e4tterschichten versetzt \u00fcbereinander geklebt, damit die L\u00f6wenm\u00e4hne etwas buschiger wird.<\/p>\n<p style=\"text-align: center;\"><a href=\"https:\/\/www.sabine-seyffert.de\/blog\/wp-content\/uploads\/2019\/10\/L\u00f6we-Herbst-Sabine-Seyffert.de-7.jpg\"><img loading=\"lazy\" decoding=\"async\" class=\"alignnone size-full wp-image-15169\" src=\"https:\/\/www.sabine-seyffert.de\/blog\/wp-content\/uploads\/2019\/10\/L\u00f6we-Herbst-Sabine-Seyffert.de-7.jpg\" alt=\"\" width=\"800\" height=\"600\" srcset=\"https:\/\/www.sabine-seyffert.de\/blog\/wp-content\/uploads\/2019\/10\/L\u00f6we-Herbst-Sabine-Seyffert.de-7.jpg 800w, https:\/\/www.sabine-seyffert.de\/blog\/wp-content\/uploads\/2019\/10\/L\u00f6we-Herbst-Sabine-Seyffert.de-7-300x225.jpg 300w, https:\/\/www.sabine-seyffert.de\/blog\/wp-content\/uploads\/2019\/10\/L\u00f6we-Herbst-Sabine-Seyffert.de-7-768x576.jpg 768w\" sizes=\"auto, (max-width: 800px) 100vw, 800px\" \/><\/a><\/p>\n<p style=\"text-align: justify;\">F\u00fcr die Augen haben wir aus d\u00fcnner Pappe zwei Ovale ausgeschnitten, aufgeklebt und mittig durch zwei Eichelh\u00fctchen plastisch gestaltet.<\/p>\n<p style=\"text-align: center;\"><a href=\"https:\/\/www.sabine-seyffert.de\/blog\/wp-content\/uploads\/2019\/10\/L\u00f6we-Herbst-Sabine-Seyffert.de-6.jpg\"><img loading=\"lazy\" decoding=\"async\" class=\"alignnone size-full wp-image-15170\" src=\"https:\/\/www.sabine-seyffert.de\/blog\/wp-content\/uploads\/2019\/10\/L\u00f6we-Herbst-Sabine-Seyffert.de-6.jpg\" alt=\"\" width=\"800\" height=\"600\" srcset=\"https:\/\/www.sabine-seyffert.de\/blog\/wp-content\/uploads\/2019\/10\/L\u00f6we-Herbst-Sabine-Seyffert.de-6.jpg 800w, https:\/\/www.sabine-seyffert.de\/blog\/wp-content\/uploads\/2019\/10\/L\u00f6we-Herbst-Sabine-Seyffert.de-6-300x225.jpg 300w, https:\/\/www.sabine-seyffert.de\/blog\/wp-content\/uploads\/2019\/10\/L\u00f6we-Herbst-Sabine-Seyffert.de-6-768x576.jpg 768w\" sizes=\"auto, (max-width: 800px) 100vw, 800px\" \/><\/a><\/p>\n<p style=\"text-align: justify;\">Die untere Partie des L\u00f6wenmauls wurde ebenfalls aus d\u00fcnner Pappe ausgeschnitten. Die Barthaare hatten wir erst aus d\u00fcnnen Zweigen gelegt und dann kurzerhand jedoch f\u00fcr ein kleines B\u00fcnden langer Tannennadeln entschieden, weil es farblich besser passte. Dar\u00fcber kam eine Buchecker als L\u00f6wennase.<br \/>\nFertig ist der herbstliche L\u00f6we!<\/p>\n<p style=\"text-align: center;\"><a href=\"https:\/\/www.sabine-seyffert.de\/blog\/wp-content\/uploads\/2019\/10\/L\u00f6we-Herbst-Sabine-Seyffert.de-5.jpg\"><img loading=\"lazy\" decoding=\"async\" class=\"alignnone size-full wp-image-15171\" src=\"https:\/\/www.sabine-seyffert.de\/blog\/wp-content\/uploads\/2019\/10\/L\u00f6we-Herbst-Sabine-Seyffert.de-5.jpg\" alt=\"\" width=\"800\" height=\"600\" srcset=\"https:\/\/www.sabine-seyffert.de\/blog\/wp-content\/uploads\/2019\/10\/L\u00f6we-Herbst-Sabine-Seyffert.de-5.jpg 800w, https:\/\/www.sabine-seyffert.de\/blog\/wp-content\/uploads\/2019\/10\/L\u00f6we-Herbst-Sabine-Seyffert.de-5-300x225.jpg 300w, https:\/\/www.sabine-seyffert.de\/blog\/wp-content\/uploads\/2019\/10\/L\u00f6we-Herbst-Sabine-Seyffert.de-5-768x576.jpg 768w\" sizes=\"auto, (max-width: 800px) 100vw, 800px\" \/><\/a><\/p>\n<p style=\"text-align: justify;\"><strong>Ein kleiner Tipp:<\/strong> Mit einem Bildaufh\u00e4nger aus Papier auf der R\u00fcckseite, l\u00e4sst sich der L\u00f6we prima als herbstliches Wandbild und Zimmerdeko nutzen!<\/p>\n<p style=\"text-align: center;\"><a href=\"https:\/\/www.sabine-seyffert.de\/blog\/wp-content\/uploads\/2019\/10\/L\u00f6we-Herbst-Sabine-Seyffert.de-4.jpg\"><img loading=\"lazy\" decoding=\"async\" class=\"alignnone size-full wp-image-15172\" src=\"https:\/\/www.sabine-seyffert.de\/blog\/wp-content\/uploads\/2019\/10\/L\u00f6we-Herbst-Sabine-Seyffert.de-4.jpg\" alt=\"\" width=\"800\" height=\"600\" srcset=\"https:\/\/www.sabine-seyffert.de\/blog\/wp-content\/uploads\/2019\/10\/L\u00f6we-Herbst-Sabine-Seyffert.de-4.jpg 800w, https:\/\/www.sabine-seyffert.de\/blog\/wp-content\/uploads\/2019\/10\/L\u00f6we-Herbst-Sabine-Seyffert.de-4-300x225.jpg 300w, https:\/\/www.sabine-seyffert.de\/blog\/wp-content\/uploads\/2019\/10\/L\u00f6we-Herbst-Sabine-Seyffert.de-4-768x576.jpg 768w\" sizes=\"auto, (max-width: 800px) 100vw, 800px\" \/><\/a><\/p>\n<p style=\"text-align: justify;\">Weitere DIY Ideen zum L\u00f6wen findet ihr hier:<\/p>\n<p>* Knusprige <a href=\"https:\/\/www.sabine-seyffert.de\/blog\/?p=7178\" target=\"_blank\" rel=\"noopener noreferrer\">L\u00f6wenkekse<\/a> am Stiel<br \/>\n* Eine leuchtende <a href=\"https:\/\/www.sabine-seyffert.de\/blog\/?p=8509\" target=\"_blank\" rel=\"noopener noreferrer\">L\u00f6wen-Laterne<\/a><br \/>\n* Ein <a href=\"https:\/\/www.sabine-seyffert.de\/blog\/?p=11869\" target=\"_blank\" rel=\"noopener noreferrer\">L\u00f6we als Geburtstagskuchen<\/a><br \/>\n* Lustige <a href=\"https:\/\/www.sabine-seyffert.de\/blog\/?p=8209\" target=\"_blank\" rel=\"noopener noreferrer\">L\u00f6wen-Gr\u00fc\u00dfe am Stiel<\/a>, die man auch als Geburtstagseinladung verwenden kann<br \/>\n* <a href=\"https:\/\/www.sabine-seyffert.de\/blog\/?p=3865\" target=\"_blank\" rel=\"noopener noreferrer\">L\u00f6wen Partydeko<\/a> aus leeren Klopapierrollen<br \/>\n* <a href=\"https:\/\/www.sabine-seyffert.de\/blog\/?p=3929\" target=\"_blank\" rel=\"noopener noreferrer\">L\u00f6wen f\u00fcttern<\/a> \u2013 eine Spielidee<br \/>\n* Ein selbst gen\u00e4htes <a href=\"https:\/\/www.sabine-seyffert.de\/blog\/?p=6907\" target=\"_blank\" rel=\"noopener noreferrer\">L\u00f6wen T-Shirt<\/a><\/p>\n<p style=\"text-align: center;\"><a href=\"https:\/\/www.sabine-seyffert.de\/blog\/wp-content\/uploads\/2019\/10\/L\u00f6we-Herbst-Sabine-Seyffert.de-3.jpg\"><img loading=\"lazy\" decoding=\"async\" class=\"alignnone size-full wp-image-15173\" src=\"https:\/\/www.sabine-seyffert.de\/blog\/wp-content\/uploads\/2019\/10\/L\u00f6we-Herbst-Sabine-Seyffert.de-3.jpg\" alt=\"\" width=\"800\" height=\"600\" srcset=\"https:\/\/www.sabine-seyffert.de\/blog\/wp-content\/uploads\/2019\/10\/L\u00f6we-Herbst-Sabine-Seyffert.de-3.jpg 800w, https:\/\/www.sabine-seyffert.de\/blog\/wp-content\/uploads\/2019\/10\/L\u00f6we-Herbst-Sabine-Seyffert.de-3-300x225.jpg 300w, https:\/\/www.sabine-seyffert.de\/blog\/wp-content\/uploads\/2019\/10\/L\u00f6we-Herbst-Sabine-Seyffert.de-3-768x576.jpg 768w\" sizes=\"auto, (max-width: 800px) 100vw, 800px\" \/><\/a><\/p>\n<p style=\"text-align: justify;\">Alle Ideen rund um den Herbst gibt es \u00fcbrigens in <a href=\"https:\/\/www.sabine-seyffert.de\/blog\/?cat=25\" target=\"_blank\" rel=\"noopener noreferrer\">diesem Ordner<\/a>, weitere Bastelideen f\u00fcr Kinder in <a href=\"https:\/\/www.sabine-seyffert.de\/blog\/?cat=32\" target=\"_blank\" rel=\"noopener noreferrer\">dieser Rubrik<\/a> und andere kreative Sachen gibt es <a href=\"http:\/\/www.lunaju.de\/2019\/10\/kiddikram-oktober.html\" target=\"_blank\" rel=\"noopener nofollow noreferrer\">da<\/a> und auch an <a href=\"https:\/\/www.creadienstag.de\/2019\/10\/linkparty-399.html\" target=\"_blank\" rel=\"noopener nofollow noreferrer\">dieser<\/a> Stelle.<\/p>\n<p style=\"text-align: center;\"><a href=\"https:\/\/www.sabine-seyffert.de\/blog\/wp-content\/uploads\/2019\/10\/L\u00f6we-Herbst-Sabine-Seyffert.de-1.jpg\"><img loading=\"lazy\" decoding=\"async\" class=\"alignnone size-full wp-image-15174\" src=\"https:\/\/www.sabine-seyffert.de\/blog\/wp-content\/uploads\/2019\/10\/L\u00f6we-Herbst-Sabine-Seyffert.de-1.jpg\" alt=\"\" width=\"800\" height=\"600\" srcset=\"https:\/\/www.sabine-seyffert.de\/blog\/wp-content\/uploads\/2019\/10\/L\u00f6we-Herbst-Sabine-Seyffert.de-1.jpg 800w, https:\/\/www.sabine-seyffert.de\/blog\/wp-content\/uploads\/2019\/10\/L\u00f6we-Herbst-Sabine-Seyffert.de-1-300x225.jpg 300w, https:\/\/www.sabine-seyffert.de\/blog\/wp-content\/uploads\/2019\/10\/L\u00f6we-Herbst-Sabine-Seyffert.de-1-768x576.jpg 768w\" sizes=\"auto, (max-width: 800px) 100vw, 800px\" \/><\/a><\/p>\n<p style=\"text-align: justify;\"><a href=\"https:\/\/www.sabine-seyffert.de\/blog\/?page_id=32#urheberrecht\">urheberrechtlich gesch\u00fctzt<\/a>, \u00a9 Sabine Seyffert<\/p>\n","protected":false},"excerpt":{"rendered":"<p>Was gibt es sch\u00f6neres als einem sonnigen Herbstnachmittag durch den Wald zu spazieren und dabei nach sch\u00f6nen Herbstsch\u00e4tzen und bunten Bl\u00e4ttern zu suchen? In weiser Voraussicht hatte ich eine Stofftasche zum Sammeln mit dabei. Anschlie\u00dfend zu Hause haben wir die Herbstbl\u00e4tter gepresst und gleich am n\u00e4chsten Tag zu einem unserer Lieblingstiere, einem freundlichen L\u00f6wen verarbeitet&#8230;. <a href=\"https:\/\/www.sabine-seyffert.de\/blog\/diy-basteln-mit-naturmaterial-loewe-aus-herbstlaub-mit-bastelanleitung\/\" class=\"more-link\">Read more: DIY Basteln mit Naturmaterial:  L\u00f6we aus Herbstlaub \u2013 mit Bastelanleitung<\/a><\/p>\n","protected":false},"author":2,"featured_media":0,"comment_status":"open","ping_status":"open","sticky":false,"template":"","format":"standard","meta":{"_metis_text_type":"","_metis_text_length":2308,"_post_count":0,"footnotes":""},"categories":[32,46,25,47],"tags":[],"class_list":["post-15165","post","type-post","status-publish","format-standard","hentry","category-kreatives-fur-kleine-kinderhande","category-dschungelfest","category-herbst","category-upcyceltes"],"_links":{"self":[{"href":"https:\/\/www.sabine-seyffert.de\/blog\/wp-json\/wp\/v2\/posts\/15165","targetHints":{"allow":["GET"]}}],"collection":[{"href":"https:\/\/www.sabine-seyffert.de\/blog\/wp-json\/wp\/v2\/posts"}],"about":[{"href":"https:\/\/www.sabine-seyffert.de\/blog\/wp-json\/wp\/v2\/types\/post"}],"author":[{"embeddable":true,"href":"https:\/\/www.sabine-seyffert.de\/blog\/wp-json\/wp\/v2\/users\/2"}],"replies":[{"embeddable":true,"href":"https:\/\/www.sabine-seyffert.de\/blog\/wp-json\/wp\/v2\/comments?post=15165"}],"version-history":[{"count":3,"href":"https:\/\/www.sabine-seyffert.de\/blog\/wp-json\/wp\/v2\/posts\/15165\/revisions"}],"predecessor-version":[{"id":15177,"href":"https:\/\/www.sabine-seyffert.de\/blog\/wp-json\/wp\/v2\/posts\/15165\/revisions\/15177"}],"wp:attachment":[{"href":"https:\/\/www.sabine-seyffert.de\/blog\/wp-json\/wp\/v2\/media?parent=15165"}],"wp:term":[{"taxonomy":"category","embeddable":true,"href":"https:\/\/www.sabine-seyffert.de\/blog\/wp-json\/wp\/v2\/categories?post=15165"},{"taxonomy":"post_tag","embeddable":true,"href":"https:\/\/www.sabine-seyffert.de\/blog\/wp-json\/wp\/v2\/tags?post=15165"}],"curies":[{"name":"wp","href":"https:\/\/api.w.org\/{rel}","templated":true}]}}