{"id":15153,"date":"2019-10-06T10:25:07","date_gmt":"2019-10-06T08:25:07","guid":{"rendered":"https:\/\/www.sabine-seyffert.de\/blog\/?p=15153"},"modified":"2019-10-06T10:25:07","modified_gmt":"2019-10-06T08:25:07","slug":"diy-bastelidee-upcycling-fuer-den-herbst-mit-kindern-basteln-kleiner-rabe-aus-pappe","status":"publish","type":"post","link":"https:\/\/www.sabine-seyffert.de\/blog\/diy-bastelidee-upcycling-fuer-den-herbst-mit-kindern-basteln-kleiner-rabe-aus-pappe\/","title":{"rendered":"DIY Bastelidee &#038; Upcycling f\u00fcr den Herbst: Mit Kindern basteln \u2013 Kleiner Rabe aus Pappe"},"content":{"rendered":"<p style=\"text-align: justify;\"><img loading=\"lazy\" decoding=\"async\" src=\"https:\/\/vg06.met.vgwort.de\/na\/02e9124ddeec4891b26acc931091e301\" alt=\"\" width=\"1\" height=\"1\" \/>Im Herbst h\u00e4lt das Wetter nicht nur sch\u00f6nen Sonnenschein f\u00fcr uns bereit. Manche Tage sind einfach nur grau und verregnet. Aber das macht nichts, denn auch Drinnen kann man es sich bei einem warmen Kakao und leckeren Keksen gem\u00fctlich machen. Und damit keine Langeweile aufkommt, gibt es heute eine kinderleichte Bastelidee f\u00fcr alle kleinen K\u00fcnstler, die sich gerne kreative bet\u00e4tigen. Das ben\u00f6tigte Material ist zum gr\u00f6\u00dften Teil kostenlos und im Haus vorhanden.<\/p>\n<p style=\"text-align: center;\"><a href=\"https:\/\/www.sabine-seyffert.de\/blog\/wp-content\/uploads\/2019\/10\/Rabe-Upcycling-aus-Pappe-0.jpg\"><img loading=\"lazy\" decoding=\"async\" class=\"alignnone size-full wp-image-15154\" src=\"https:\/\/www.sabine-seyffert.de\/blog\/wp-content\/uploads\/2019\/10\/Rabe-Upcycling-aus-Pappe-0.jpg\" alt=\"\" width=\"600\" height=\"800\" srcset=\"https:\/\/www.sabine-seyffert.de\/blog\/wp-content\/uploads\/2019\/10\/Rabe-Upcycling-aus-Pappe-0.jpg 600w, https:\/\/www.sabine-seyffert.de\/blog\/wp-content\/uploads\/2019\/10\/Rabe-Upcycling-aus-Pappe-0-225x300.jpg 225w\" sizes=\"auto, (max-width: 600px) 100vw, 600px\" \/><\/a><\/p>\n<p style=\"text-align: justify;\"><strong>Das wird gebraucht:<\/strong><br \/>\nEinen Bleistift, einen alten (leeren) Karton oder ein St\u00fcck Pappe, ein Bastelmesser \/ Cutter oder eine Schere, eine Malunterlage, ein breiter Borstenpinsel, rote, wei\u00dfe und schwarze Bastelfarbe (bsp Acryllack auf Wasserbasis), Zeitungspapier, ein St\u00fcck Kordel \/ Wolle, Kleber oder eine Hei\u00dfklebepistole samt Klebepatrone<\/p>\n<p style=\"text-align: center;\"><a href=\"https:\/\/www.sabine-seyffert.de\/blog\/wp-content\/uploads\/2019\/10\/Rabe-Upcycling-aus-Pappe.jpg\"><img loading=\"lazy\" decoding=\"async\" class=\"alignnone size-full wp-image-15155\" src=\"https:\/\/www.sabine-seyffert.de\/blog\/wp-content\/uploads\/2019\/10\/Rabe-Upcycling-aus-Pappe.jpg\" alt=\"\" width=\"800\" height=\"600\" srcset=\"https:\/\/www.sabine-seyffert.de\/blog\/wp-content\/uploads\/2019\/10\/Rabe-Upcycling-aus-Pappe.jpg 800w, https:\/\/www.sabine-seyffert.de\/blog\/wp-content\/uploads\/2019\/10\/Rabe-Upcycling-aus-Pappe-300x225.jpg 300w, https:\/\/www.sabine-seyffert.de\/blog\/wp-content\/uploads\/2019\/10\/Rabe-Upcycling-aus-Pappe-768x576.jpg 768w\" sizes=\"auto, (max-width: 800px) 100vw, 800px\" \/><\/a><\/p>\n<p style=\"text-align: justify;\"><strong>So wird\u2019s gemacht:<\/strong><br \/>\nMit dem Bleistift zeichnet man sich auf ein St\u00fcck Pappe zwei gro\u00dfe und einen etwas kleineren Kreis. Au\u00dferdem noch zwei Rabenf\u00fc\u00dfe, ein langes Dreieck f\u00fcr den Schnabel und einen ganz kleiner Kreis f\u00fcr die Augen.<\/p>\n<p style=\"text-align: center;\"><a href=\"https:\/\/www.sabine-seyffert.de\/blog\/wp-content\/uploads\/2019\/10\/Rabe-Upcycling-aus-Pappe-7.jpg\"><img loading=\"lazy\" decoding=\"async\" class=\"alignnone size-full wp-image-15156\" src=\"https:\/\/www.sabine-seyffert.de\/blog\/wp-content\/uploads\/2019\/10\/Rabe-Upcycling-aus-Pappe-7.jpg\" alt=\"\" width=\"800\" height=\"600\" srcset=\"https:\/\/www.sabine-seyffert.de\/blog\/wp-content\/uploads\/2019\/10\/Rabe-Upcycling-aus-Pappe-7.jpg 800w, https:\/\/www.sabine-seyffert.de\/blog\/wp-content\/uploads\/2019\/10\/Rabe-Upcycling-aus-Pappe-7-300x225.jpg 300w, https:\/\/www.sabine-seyffert.de\/blog\/wp-content\/uploads\/2019\/10\/Rabe-Upcycling-aus-Pappe-7-768x576.jpg 768w\" sizes=\"auto, (max-width: 800px) 100vw, 800px\" \/><\/a><\/p>\n<p style=\"text-align: justify;\">Die K\u00f6rperteile schneidet man aus und deckt den Tisch mit einer Bastelunterlage oder Zeitungspapier ab. Die Kreise werden nun allesamt mit schwarzer Farbe bemalt, der Schnabel rot und die F\u00fc\u00dfe in wei\u00df. Jetzt l\u00e4sst man die Farbe trocknen.<\/p>\n<p style=\"text-align: center;\"><a href=\"https:\/\/www.sabine-seyffert.de\/blog\/wp-content\/uploads\/2019\/10\/Rabe-Upcycling-aus-Pappe-6.jpg\"><img loading=\"lazy\" decoding=\"async\" class=\"alignnone size-full wp-image-15157\" src=\"https:\/\/www.sabine-seyffert.de\/blog\/wp-content\/uploads\/2019\/10\/Rabe-Upcycling-aus-Pappe-6.jpg\" alt=\"\" width=\"800\" height=\"600\" srcset=\"https:\/\/www.sabine-seyffert.de\/blog\/wp-content\/uploads\/2019\/10\/Rabe-Upcycling-aus-Pappe-6.jpg 800w, https:\/\/www.sabine-seyffert.de\/blog\/wp-content\/uploads\/2019\/10\/Rabe-Upcycling-aus-Pappe-6-300x225.jpg 300w, https:\/\/www.sabine-seyffert.de\/blog\/wp-content\/uploads\/2019\/10\/Rabe-Upcycling-aus-Pappe-6-768x576.jpg 768w\" sizes=\"auto, (max-width: 800px) 100vw, 800px\" \/><\/a><\/p>\n<p style=\"text-align: justify;\">F\u00fcr die Rabenaugen habe ich aus einem St\u00fcck mit wei\u00dfer Farbe bemaltem Zeitungspapier zwei Kreise geschnitten und innen mit zwei blauen Punkten (Reste aus dem B\u00fcrolocher) beklebt. Die fixiert man auf dem kleineren schwarzen Kreis. Den Mini Kreis teilt man mittig und kann diese als \u201eAugenlid\u201c plastisch dar\u00fcber anbringen.<\/p>\n<p style=\"text-align: center;\"><a href=\"https:\/\/www.sabine-seyffert.de\/blog\/wp-content\/uploads\/2019\/10\/Rabe-Upcycling-aus-Pappe-5.jpg\"><img loading=\"lazy\" decoding=\"async\" class=\"alignnone size-full wp-image-15158\" src=\"https:\/\/www.sabine-seyffert.de\/blog\/wp-content\/uploads\/2019\/10\/Rabe-Upcycling-aus-Pappe-5.jpg\" alt=\"\" width=\"800\" height=\"600\" srcset=\"https:\/\/www.sabine-seyffert.de\/blog\/wp-content\/uploads\/2019\/10\/Rabe-Upcycling-aus-Pappe-5.jpg 800w, https:\/\/www.sabine-seyffert.de\/blog\/wp-content\/uploads\/2019\/10\/Rabe-Upcycling-aus-Pappe-5-300x225.jpg 300w, https:\/\/www.sabine-seyffert.de\/blog\/wp-content\/uploads\/2019\/10\/Rabe-Upcycling-aus-Pappe-5-768x576.jpg 768w\" sizes=\"auto, (max-width: 800px) 100vw, 800px\" \/><\/a><\/p>\n<p style=\"text-align: justify;\">Einen der beiden gleichgro\u00dfen Kreise schneidet man mittig durch, so dass dies ein Paar Fl\u00fcgel ergibt. Den Rabenkopf klebt man auf den gr\u00f6\u00dferen Kreis und die Halbkreise als Fl\u00fcgel recht und links daneben. Den roten Schnabel nicht vergessen!<\/p>\n<p style=\"text-align: center;\"><a href=\"https:\/\/www.sabine-seyffert.de\/blog\/wp-content\/uploads\/2019\/10\/Rabe-Upcycling-aus-Pappe-2.jpg\"><img loading=\"lazy\" decoding=\"async\" class=\"alignnone size-full wp-image-15159\" src=\"https:\/\/www.sabine-seyffert.de\/blog\/wp-content\/uploads\/2019\/10\/Rabe-Upcycling-aus-Pappe-2.jpg\" alt=\"\" width=\"800\" height=\"600\" srcset=\"https:\/\/www.sabine-seyffert.de\/blog\/wp-content\/uploads\/2019\/10\/Rabe-Upcycling-aus-Pappe-2.jpg 800w, https:\/\/www.sabine-seyffert.de\/blog\/wp-content\/uploads\/2019\/10\/Rabe-Upcycling-aus-Pappe-2-300x225.jpg 300w, https:\/\/www.sabine-seyffert.de\/blog\/wp-content\/uploads\/2019\/10\/Rabe-Upcycling-aus-Pappe-2-768x576.jpg 768w\" sizes=\"auto, (max-width: 800px) 100vw, 800px\" \/><\/a><\/p>\n<p style=\"text-align: justify;\">F\u00fcr die Aufh\u00e4ngung schneidet man einfach ein etwa 10-12 cm langes St\u00fcck Kordel ab, verknotet es und bringt dieses auf der R\u00fcckseite mit etwas Hei\u00dfkleber an. Jetzt fehlen noch die F\u00fc\u00dfe. Wir haben diese noch mit roten Streifen bemalt und dann angeklebt. Einfacher geht es nat\u00fcrlich mit einem roten Lackstift.<\/p>\n<p style=\"text-align: center;\"><a href=\"https:\/\/www.sabine-seyffert.de\/blog\/wp-content\/uploads\/2019\/10\/Rabe-Upcycling-aus-Pappe-1.jpg\"><img loading=\"lazy\" decoding=\"async\" class=\"alignnone size-full wp-image-15160\" src=\"https:\/\/www.sabine-seyffert.de\/blog\/wp-content\/uploads\/2019\/10\/Rabe-Upcycling-aus-Pappe-1.jpg\" alt=\"\" width=\"800\" height=\"600\" srcset=\"https:\/\/www.sabine-seyffert.de\/blog\/wp-content\/uploads\/2019\/10\/Rabe-Upcycling-aus-Pappe-1.jpg 800w, https:\/\/www.sabine-seyffert.de\/blog\/wp-content\/uploads\/2019\/10\/Rabe-Upcycling-aus-Pappe-1-300x225.jpg 300w, https:\/\/www.sabine-seyffert.de\/blog\/wp-content\/uploads\/2019\/10\/Rabe-Upcycling-aus-Pappe-1-768x576.jpg 768w\" sizes=\"auto, (max-width: 800px) 100vw, 800px\" \/><\/a><\/p>\n<p style=\"text-align: justify;\"><strong>Ein kleiner Tipp:<\/strong> Falls ihr keine Bastelfarben zur Hand habt, k\u00f6nnt ihr die Pappe auch mit normaler Wasserfarbe bemalen und wer keine Lust hat zu Warten bis die Farbe getrocknet ist, kann alternativ nat\u00fcrlich auch farbigen Fotokarton zum Basteln verwenden.<\/p>\n<p style=\"text-align: center;\"><a href=\"https:\/\/www.sabine-seyffert.de\/blog\/wp-content\/uploads\/2019\/10\/Rabe-Upcycling-aus-Pappe-3.jpg\"><img loading=\"lazy\" decoding=\"async\" class=\"alignnone size-full wp-image-15161\" src=\"https:\/\/www.sabine-seyffert.de\/blog\/wp-content\/uploads\/2019\/10\/Rabe-Upcycling-aus-Pappe-3.jpg\" alt=\"\" width=\"800\" height=\"600\" srcset=\"https:\/\/www.sabine-seyffert.de\/blog\/wp-content\/uploads\/2019\/10\/Rabe-Upcycling-aus-Pappe-3.jpg 800w, https:\/\/www.sabine-seyffert.de\/blog\/wp-content\/uploads\/2019\/10\/Rabe-Upcycling-aus-Pappe-3-300x225.jpg 300w, https:\/\/www.sabine-seyffert.de\/blog\/wp-content\/uploads\/2019\/10\/Rabe-Upcycling-aus-Pappe-3-768x576.jpg 768w\" sizes=\"auto, (max-width: 800px) 100vw, 800px\" \/><\/a><\/p>\n<p style=\"text-align: justify;\">Weitere Bastelideen f\u00fcr Kinder findet ihr \u00fcbrigens in <a href=\"https:\/\/www.sabine-seyffert.de\/blog\/?cat=32\" target=\"_blank\" rel=\"noopener noreferrer\">dieser Blog Kategorie<\/a>, weitere DIY zum Thema Upcycling gibt es in <a href=\"https:\/\/www.sabine-seyffert.de\/blog\/?cat=47\" target=\"_blank\" rel=\"noopener noreferrer\">diesem Ordner<\/a>, alles rund um den Herbst <a href=\"https:\/\/www.sabine-seyffert.de\/blog\/?cat=25\" target=\"_blank\" rel=\"noopener noreferrer\">hier<\/a> und andere kreative Sachen gibt es an <a href=\"http:\/\/www.lunaju.de\/2019\/10\/kiddikram-oktober.html\" target=\"_blank\" rel=\"noopener nofollow noreferrer\">dieser<\/a> Stelle.<\/p>\n<p style=\"text-align: center;\"><a href=\"https:\/\/www.sabine-seyffert.de\/blog\/wp-content\/uploads\/2019\/10\/Rabe-Upcycling-aus-Pappe-8.jpg\"><img loading=\"lazy\" decoding=\"async\" class=\"alignnone size-full wp-image-15162\" src=\"https:\/\/www.sabine-seyffert.de\/blog\/wp-content\/uploads\/2019\/10\/Rabe-Upcycling-aus-Pappe-8.jpg\" alt=\"\" width=\"800\" height=\"600\" srcset=\"https:\/\/www.sabine-seyffert.de\/blog\/wp-content\/uploads\/2019\/10\/Rabe-Upcycling-aus-Pappe-8.jpg 800w, https:\/\/www.sabine-seyffert.de\/blog\/wp-content\/uploads\/2019\/10\/Rabe-Upcycling-aus-Pappe-8-300x225.jpg 300w, https:\/\/www.sabine-seyffert.de\/blog\/wp-content\/uploads\/2019\/10\/Rabe-Upcycling-aus-Pappe-8-768x576.jpg 768w\" sizes=\"auto, (max-width: 800px) 100vw, 800px\" \/><\/a><\/p>\n<p style=\"text-align: justify;\"><a href=\"https:\/\/www.sabine-seyffert.de\/blog\/?page_id=32#urheberrecht\">urheberrechtlich gesch\u00fctzt<\/a>, \u00a9 Sabine Seyffert<\/p>\n","protected":false},"excerpt":{"rendered":"<p>Im Herbst h\u00e4lt das Wetter nicht nur sch\u00f6nen Sonnenschein f\u00fcr uns bereit. Manche Tage sind einfach nur grau und verregnet. Aber das macht nichts, denn auch Drinnen kann man es sich bei einem warmen Kakao und leckeren Keksen gem\u00fctlich machen. Und damit keine Langeweile aufkommt, gibt es heute eine kinderleichte Bastelidee f\u00fcr alle kleinen K\u00fcnstler,&#8230; <a href=\"https:\/\/www.sabine-seyffert.de\/blog\/diy-bastelidee-upcycling-fuer-den-herbst-mit-kindern-basteln-kleiner-rabe-aus-pappe\/\" class=\"more-link\">Read more: DIY Bastelidee &#038; Upcycling f\u00fcr den Herbst: Mit Kindern basteln \u2013 Kleiner Rabe aus Pappe<\/a><\/p>\n","protected":false},"author":2,"featured_media":0,"comment_status":"open","ping_status":"open","sticky":false,"template":"","format":"standard","meta":{"_metis_text_type":"","_metis_text_length":2657,"_post_count":0,"footnotes":""},"categories":[32,25,47],"tags":[],"class_list":["post-15153","post","type-post","status-publish","format-standard","hentry","category-kreatives-fur-kleine-kinderhande","category-herbst","category-upcyceltes"],"_links":{"self":[{"href":"https:\/\/www.sabine-seyffert.de\/blog\/wp-json\/wp\/v2\/posts\/15153","targetHints":{"allow":["GET"]}}],"collection":[{"href":"https:\/\/www.sabine-seyffert.de\/blog\/wp-json\/wp\/v2\/posts"}],"about":[{"href":"https:\/\/www.sabine-seyffert.de\/blog\/wp-json\/wp\/v2\/types\/post"}],"author":[{"embeddable":true,"href":"https:\/\/www.sabine-seyffert.de\/blog\/wp-json\/wp\/v2\/users\/2"}],"replies":[{"embeddable":true,"href":"https:\/\/www.sabine-seyffert.de\/blog\/wp-json\/wp\/v2\/comments?post=15153"}],"version-history":[{"count":2,"href":"https:\/\/www.sabine-seyffert.de\/blog\/wp-json\/wp\/v2\/posts\/15153\/revisions"}],"predecessor-version":[{"id":15164,"href":"https:\/\/www.sabine-seyffert.de\/blog\/wp-json\/wp\/v2\/posts\/15153\/revisions\/15164"}],"wp:attachment":[{"href":"https:\/\/www.sabine-seyffert.de\/blog\/wp-json\/wp\/v2\/media?parent=15153"}],"wp:term":[{"taxonomy":"category","embeddable":true,"href":"https:\/\/www.sabine-seyffert.de\/blog\/wp-json\/wp\/v2\/categories?post=15153"},{"taxonomy":"post_tag","embeddable":true,"href":"https:\/\/www.sabine-seyffert.de\/blog\/wp-json\/wp\/v2\/tags?post=15153"}],"curies":[{"name":"wp","href":"https:\/\/api.w.org\/{rel}","templated":true}]}}