{"id":15140,"date":"2019-10-03T10:30:01","date_gmt":"2019-10-03T08:30:01","guid":{"rendered":"https:\/\/www.sabine-seyffert.de\/blog\/?p=15140"},"modified":"2022-11-06T12:51:46","modified_gmt":"2022-11-06T10:51:46","slug":"diy-idee-fuer-den-herbst-selbst-gemachter-blaetterkranz-mit-windlicht-als-herbstdeko-basteln-mit-blaettern","status":"publish","type":"post","link":"https:\/\/www.sabine-seyffert.de\/blog\/diy-idee-fuer-den-herbst-selbst-gemachter-blaetterkranz-mit-windlicht-als-herbstdeko-basteln-mit-blaettern\/","title":{"rendered":"DIY Idee f\u00fcr den Herbst: Selbst gemachter Bl\u00e4tterkranz  mit Windlicht als Herbstdeko \u2013 Basteln mit Bl\u00e4ttern"},"content":{"rendered":"<p style=\"text-align: justify;\"><img loading=\"lazy\" decoding=\"async\" src=\"https:\/\/vg06.met.vgwort.de\/na\/37b4183690a0445fb83cc2123f800beb\" alt=\"\" width=\"1\" height=\"1\" \/>Jedes Jahr zum Oktober hin warte ich sehns\u00fcchtig darauf, dass sich am Baum in der Nachbarschaft die Bl\u00e4tter endlich leuchtend rot f\u00e4rben. Dann dauert es nicht mehr lange und die Bl\u00e4tter segeln in gro\u00dfer St\u00fcckzahl in Richtung Boden. Das ist genau der Zeitpunkt um aus diesen Bl\u00e4ttern einen <a href=\"https:\/\/www.sabine-seyffert.de\/blog\/?p=2948\" target=\"_blank\" rel=\"noopener noreferrer\">sch\u00f6nen Herbstkranz<\/a> zu basteln, der Jahr f\u00fcr Jahr bei uns die Herbstzeit einl\u00e4utet. Ob als T\u00fcrkranz im Hauseingang, als herbstlicher Deko Kranz an der Wand oder auch als Tischdekoration ist er Jahr f\u00fcr Jahr herzlich Willkommen. Dieses Mal durften die vielen Bl\u00e4tter als Kranz gewerkelt wieder auf dem Esstisch Platz nehmen. Das warme Kerzenlicht verstr\u00f6mt nun beim Fr\u00fchst\u00fcck und dem Abendessen ganz viel Lichterglanz.<\/p>\n<p style=\"text-align: center;\"><a href=\"https:\/\/www.sabine-seyffert.de\/blog\/wp-content\/uploads\/2019\/10\/Bl\u00e4tterkranz-mit-Windlicht-4.jpg\"><img loading=\"lazy\" decoding=\"async\" class=\"alignnone size-full wp-image-15141\" src=\"https:\/\/www.sabine-seyffert.de\/blog\/wp-content\/uploads\/2019\/10\/Bl\u00e4tterkranz-mit-Windlicht-4.jpg\" alt=\"\" width=\"600\" height=\"800\" srcset=\"https:\/\/www.sabine-seyffert.de\/blog\/wp-content\/uploads\/2019\/10\/Bl\u00e4tterkranz-mit-Windlicht-4.jpg 600w, https:\/\/www.sabine-seyffert.de\/blog\/wp-content\/uploads\/2019\/10\/Bl\u00e4tterkranz-mit-Windlicht-4-225x300.jpg 225w\" sizes=\"auto, (max-width: 600px) 100vw, 600px\" \/><\/a><\/p>\n<p style=\"text-align: justify;\"><strong>Das wird gebraucht:<\/strong><br \/>\nDicker Draht, eine Zange, Lochzange, bunte Herbstbl\u00e4tter, ein gro\u00dfer flacher Teller, ein Windlicht aus Glas sowie eine hohe Stumpen-Kerze<\/p>\n<p style=\"text-align: center;\"><a href=\"https:\/\/www.sabine-seyffert.de\/blog\/wp-content\/uploads\/2019\/10\/Bl\u00e4tterkranz-mit-Windlicht-6.jpg\"><img loading=\"lazy\" decoding=\"async\" class=\"alignnone size-full wp-image-15142\" src=\"https:\/\/www.sabine-seyffert.de\/blog\/wp-content\/uploads\/2019\/10\/Bl\u00e4tterkranz-mit-Windlicht-6.jpg\" alt=\"\" width=\"800\" height=\"600\" srcset=\"https:\/\/www.sabine-seyffert.de\/blog\/wp-content\/uploads\/2019\/10\/Bl\u00e4tterkranz-mit-Windlicht-6.jpg 800w, https:\/\/www.sabine-seyffert.de\/blog\/wp-content\/uploads\/2019\/10\/Bl\u00e4tterkranz-mit-Windlicht-6-300x225.jpg 300w, https:\/\/www.sabine-seyffert.de\/blog\/wp-content\/uploads\/2019\/10\/Bl\u00e4tterkranz-mit-Windlicht-6-768x576.jpg 768w\" sizes=\"auto, (max-width: 800px) 100vw, 800px\" \/><\/a><\/p>\n<p style=\"text-align: justify;\"><strong>So wird\u2019s gemacht:<\/strong><br \/>\nDa mich im letzten Jahr so vielen Anfragen zu diesem Kranz erreicht haben, gibt es nun au\u00dfer der kleinen Anleitung auch einige <strong><span style=\"color: #ff6600;\">wertvolle Tipps<\/span><\/strong>, wie man den Kranz am besten anfertigt und was man dabei beachten sollte \ud83d\ude42<\/p>\n<p style=\"text-align: center;\"><a href=\"https:\/\/www.sabine-seyffert.de\/blog\/wp-content\/uploads\/2019\/10\/Bl\u00e4tterkranz-mit-Windlicht-8.jpg\"><img loading=\"lazy\" decoding=\"async\" class=\"alignnone size-full wp-image-15143\" src=\"https:\/\/www.sabine-seyffert.de\/blog\/wp-content\/uploads\/2019\/10\/Bl\u00e4tterkranz-mit-Windlicht-8.jpg\" alt=\"\" width=\"800\" height=\"600\" srcset=\"https:\/\/www.sabine-seyffert.de\/blog\/wp-content\/uploads\/2019\/10\/Bl\u00e4tterkranz-mit-Windlicht-8.jpg 800w, https:\/\/www.sabine-seyffert.de\/blog\/wp-content\/uploads\/2019\/10\/Bl\u00e4tterkranz-mit-Windlicht-8-300x225.jpg 300w, https:\/\/www.sabine-seyffert.de\/blog\/wp-content\/uploads\/2019\/10\/Bl\u00e4tterkranz-mit-Windlicht-8-768x576.jpg 768w\" sizes=\"auto, (max-width: 800px) 100vw, 800px\" \/><\/a><\/p>\n<p style=\"text-align: justify;\">Nachdem wir die ersten Jahre immer die Bl\u00e4tter in Stofftaschen aufgesammelt und den Kranz anschlie\u00dfend zu Hause gebastelt haben, fertigen wir diesen nun immer vor Ort an, wo die Bl\u00e4tter auch zu finden sind. Das klappt deutlich besser, weil man hier die ben\u00f6tigte Menge an Bl\u00e4ttern direkt zu Hand hat.<\/p>\n<p style=\"text-align: center;\"><a href=\"https:\/\/www.sabine-seyffert.de\/blog\/wp-content\/uploads\/2019\/10\/Bl\u00e4tterkranz-mit-Windlicht-solo-1.jpg\"><img loading=\"lazy\" decoding=\"async\" class=\"alignnone size-full wp-image-15144\" src=\"https:\/\/www.sabine-seyffert.de\/blog\/wp-content\/uploads\/2019\/10\/Bl\u00e4tterkranz-mit-Windlicht-solo-1.jpg\" alt=\"\" width=\"600\" height=\"800\" srcset=\"https:\/\/www.sabine-seyffert.de\/blog\/wp-content\/uploads\/2019\/10\/Bl\u00e4tterkranz-mit-Windlicht-solo-1.jpg 600w, https:\/\/www.sabine-seyffert.de\/blog\/wp-content\/uploads\/2019\/10\/Bl\u00e4tterkranz-mit-Windlicht-solo-1-225x300.jpg 225w\" sizes=\"auto, (max-width: 600px) 100vw, 600px\" \/><\/a><\/p>\n<p style=\"text-align: justify;\">Sobald die Herbstsonne nach Drau\u00dfen lockt, wird vom dem dicken gr\u00fcnen Draht ein gro\u00dfes St\u00fcck (mind. 60 cm! L\u00e4nge) mit der Zange abgeknipst und ein Ende zu einer Schlaufe gedreht. Wir verwenden wirklich stabilen Draht, der eine Dicke von 3-4 mm hat. Daher ben\u00f6tigt man auch eine Lochzange.<br \/>\nMit dem St\u00fcck Draht und der Lochzange gehen wir zum Bl\u00e4ttersammeln. Jeder sammelt f\u00fcr sich Bl\u00e4tter und legt diese aufeinander. Hat man 5-8 Bl\u00e4tter zusammen, locht man diese mittig mit Hilfe der Lochzange und f\u00e4delt diese auf den Draht. Das Bl\u00e4ttersammeln hat etwas Meditatives und ist wirklich entspannend. Gerade bei sonnigem Herbstwetter eine gem\u00fctliche Angelegenheit. Hat man gen\u00fcgend Bl\u00e4tter gef\u00e4delt und ist der Draht wirklich \u00fcppig mit Herbstlaub best\u00fcckt, geht\u2019s auf den Heimweg. Dort f\u00e4delt man das offene Drahtende durch die Drahtschlaufe und biegt mit der Zange das Ende so um, dass die beiden Schlaufen fest ineinander sitzen.<\/p>\n<p style=\"text-align: center;\"><a href=\"https:\/\/www.sabine-seyffert.de\/blog\/wp-content\/uploads\/2019\/10\/Herbstkranz-mit-Windlicht-2.jpg\"><img loading=\"lazy\" decoding=\"async\" class=\"alignnone size-full wp-image-15146\" src=\"https:\/\/www.sabine-seyffert.de\/blog\/wp-content\/uploads\/2019\/10\/Herbstkranz-mit-Windlicht-2.jpg\" alt=\"\" width=\"600\" height=\"800\" srcset=\"https:\/\/www.sabine-seyffert.de\/blog\/wp-content\/uploads\/2019\/10\/Herbstkranz-mit-Windlicht-2.jpg 600w, https:\/\/www.sabine-seyffert.de\/blog\/wp-content\/uploads\/2019\/10\/Herbstkranz-mit-Windlicht-2-225x300.jpg 225w\" sizes=\"auto, (max-width: 600px) 100vw, 600px\" \/><\/a><\/p>\n<p style=\"text-align: justify;\">Im letzten Jahr habe ich den Kranz mit meiner gro\u00dfen Tochter angefertigt und wir haben rund 45 Minuten Bl\u00e4tter aufgef\u00e4delt. Daher ist der Kranz frisch gebunden auch entsprechend schwer und der dicke Draht notwendig, wenn der Kranz als Kreis halten soll. Sollte man den Bl\u00e4tterkranz aufh\u00e4ngen wollen, so sollte empfiehlt es sich, den Kranz vorab ein paar Tage liegend zu trocknen. Durch das Gewicht der unz\u00e4hligen Bl\u00e4tter verformt sich ein frischer Kranz leider und schon nach kurzer Zeit fehlen dann im oberen Drittel Bl\u00e4tter, da diese nach unten rutschen. Also unbedingt voran Trocknen und nicht gleich nach dem Fertigestellen h\u00e4ngen!<\/p>\n<p style=\"text-align: center;\"><a href=\"https:\/\/www.sabine-seyffert.de\/blog\/wp-content\/uploads\/2019\/10\/Bl\u00e4tterkranz-mit-Windlicht-3.jpg\"><img loading=\"lazy\" decoding=\"async\" class=\"alignnone size-full wp-image-15147\" src=\"https:\/\/www.sabine-seyffert.de\/blog\/wp-content\/uploads\/2019\/10\/Bl\u00e4tterkranz-mit-Windlicht-3.jpg\" alt=\"\" width=\"600\" height=\"800\" srcset=\"https:\/\/www.sabine-seyffert.de\/blog\/wp-content\/uploads\/2019\/10\/Bl\u00e4tterkranz-mit-Windlicht-3.jpg 600w, https:\/\/www.sabine-seyffert.de\/blog\/wp-content\/uploads\/2019\/10\/Bl\u00e4tterkranz-mit-Windlicht-3-225x300.jpg 225w\" sizes=\"auto, (max-width: 600px) 100vw, 600px\" \/><\/a><\/p>\n<p style=\"text-align: justify;\">Wir haben den Kranz auf einem wirklich gro\u00dfen Teller platziert und ein Windlicht mit Kerze mittig hineingestellt. Daran erkennt man schon, wie gro\u00df der Durchmesser hierbei ist. Durch das Glas Windlicht muss man daher auch nicht in Sorge sein, wenn die Bl\u00e4tter nach und nach trocknen. Hierbei ist die Flamme sicher von dem Laub getrennt. (Dennoch solltet ihr eine brennende Kerze nat\u00fcrlich nie unbeaufsichtigt lassen!)<br \/>\nUnd ja, der Kranz sieht auch im getrockneten Zustand noch wundersch\u00f6n aus, da das rot der Bl\u00e4tter weiterhin erhalten bleibt. Nach unserer Erfahrung h\u00e4lt der Kranz viele Wochen und kann somit lange als Deko herhalten.<\/p>\n<p style=\"text-align: center;\"><a href=\"https:\/\/www.sabine-seyffert.de\/blog\/wp-content\/uploads\/2019\/10\/Herbstkranz-Leiter-quer.jpg\"><img loading=\"lazy\" decoding=\"async\" class=\"alignnone size-full wp-image-15145\" src=\"https:\/\/www.sabine-seyffert.de\/blog\/wp-content\/uploads\/2019\/10\/Herbstkranz-Leiter-quer.jpg\" alt=\"\" width=\"800\" height=\"600\" srcset=\"https:\/\/www.sabine-seyffert.de\/blog\/wp-content\/uploads\/2019\/10\/Herbstkranz-Leiter-quer.jpg 800w, https:\/\/www.sabine-seyffert.de\/blog\/wp-content\/uploads\/2019\/10\/Herbstkranz-Leiter-quer-300x225.jpg 300w, https:\/\/www.sabine-seyffert.de\/blog\/wp-content\/uploads\/2019\/10\/Herbstkranz-Leiter-quer-768x576.jpg 768w\" sizes=\"auto, (max-width: 800px) 100vw, 800px\" \/><\/a><\/p>\n<p style=\"text-align: justify;\">Weitere Deko Ideen findet ihr \u00fcbrigens in <a href=\"https:\/\/www.sabine-seyffert.de\/blog\/?cat=12\" target=\"_blank\" rel=\"noopener noreferrer\">dieser Blog Kategorie<\/a>, alle Ideen rund um die Herbstzeit gibt es in <a href=\"https:\/\/www.sabine-seyffert.de\/blog\/?cat=25\" target=\"_blank\" rel=\"noopener noreferrer\">diesem Ordner<\/a> und andere kreative Sachen gibt es auch auf meinem <a href=\"https:\/\/www.pinterest.de\/diysabineseyffert\/\" target=\"_blank\" rel=\"noopener noreferrer\">Pinterest Boards<\/a>.<\/p>\n<p style=\"text-align: center;\"><a href=\"https:\/\/www.sabine-seyffert.de\/blog\/wp-content\/uploads\/2019\/10\/Herbstkranz-Leiter-hoch.jpg\"><img loading=\"lazy\" decoding=\"async\" class=\"alignnone size-full wp-image-15148\" src=\"https:\/\/www.sabine-seyffert.de\/blog\/wp-content\/uploads\/2019\/10\/Herbstkranz-Leiter-hoch.jpg\" alt=\"\" width=\"600\" height=\"800\" srcset=\"https:\/\/www.sabine-seyffert.de\/blog\/wp-content\/uploads\/2019\/10\/Herbstkranz-Leiter-hoch.jpg 600w, https:\/\/www.sabine-seyffert.de\/blog\/wp-content\/uploads\/2019\/10\/Herbstkranz-Leiter-hoch-225x300.jpg 225w\" sizes=\"auto, (max-width: 600px) 100vw, 600px\" \/><\/a><\/p>\n<p style=\"text-align: justify;\"><a href=\"https:\/\/www.sabine-seyffert.de\/blog\/?page_id=32#urheberrecht\">urheberrechtlich gesch\u00fctzt<\/a>, \u00a9 Sabine Seyffert<\/p>\n","protected":false},"excerpt":{"rendered":"<p>Jedes Jahr zum Oktober hin warte ich sehns\u00fcchtig darauf, dass sich am Baum in der Nachbarschaft die Bl\u00e4tter endlich leuchtend rot f\u00e4rben. Dann dauert es nicht mehr lange und die Bl\u00e4tter segeln in gro\u00dfer St\u00fcckzahl in Richtung Boden. Das ist genau der Zeitpunkt um aus diesen Bl\u00e4ttern einen sch\u00f6nen Herbstkranz zu basteln, der Jahr f\u00fcr&#8230; <a href=\"https:\/\/www.sabine-seyffert.de\/blog\/diy-idee-fuer-den-herbst-selbst-gemachter-blaetterkranz-mit-windlicht-als-herbstdeko-basteln-mit-blaettern\/\" class=\"more-link\">Read more: DIY Idee f\u00fcr den Herbst: Selbst gemachter Bl\u00e4tterkranz  mit Windlicht als Herbstdeko \u2013 Basteln mit Bl\u00e4ttern<\/a><\/p>\n","protected":false},"author":2,"featured_media":0,"comment_status":"open","ping_status":"open","sticky":false,"template":"","format":"standard","meta":{"_metis_text_type":"","_metis_text_length":3839,"_post_count":0,"footnotes":""},"categories":[12,25],"tags":[],"class_list":["post-15140","post","type-post","status-publish","format-standard","hentry","category-deko-ideen","category-herbst"],"_links":{"self":[{"href":"https:\/\/www.sabine-seyffert.de\/blog\/wp-json\/wp\/v2\/posts\/15140","targetHints":{"allow":["GET"]}}],"collection":[{"href":"https:\/\/www.sabine-seyffert.de\/blog\/wp-json\/wp\/v2\/posts"}],"about":[{"href":"https:\/\/www.sabine-seyffert.de\/blog\/wp-json\/wp\/v2\/types\/post"}],"author":[{"embeddable":true,"href":"https:\/\/www.sabine-seyffert.de\/blog\/wp-json\/wp\/v2\/users\/2"}],"replies":[{"embeddable":true,"href":"https:\/\/www.sabine-seyffert.de\/blog\/wp-json\/wp\/v2\/comments?post=15140"}],"version-history":[{"count":6,"href":"https:\/\/www.sabine-seyffert.de\/blog\/wp-json\/wp\/v2\/posts\/15140\/revisions"}],"predecessor-version":[{"id":24347,"href":"https:\/\/www.sabine-seyffert.de\/blog\/wp-json\/wp\/v2\/posts\/15140\/revisions\/24347"}],"wp:attachment":[{"href":"https:\/\/www.sabine-seyffert.de\/blog\/wp-json\/wp\/v2\/media?parent=15140"}],"wp:term":[{"taxonomy":"category","embeddable":true,"href":"https:\/\/www.sabine-seyffert.de\/blog\/wp-json\/wp\/v2\/categories?post=15140"},{"taxonomy":"post_tag","embeddable":true,"href":"https:\/\/www.sabine-seyffert.de\/blog\/wp-json\/wp\/v2\/tags?post=15140"}],"curies":[{"name":"wp","href":"https:\/\/api.w.org\/{rel}","templated":true}]}}