{"id":15115,"date":"2019-09-29T10:35:24","date_gmt":"2019-09-29T08:35:24","guid":{"rendered":"https:\/\/www.sabine-seyffert.de\/blog\/?p=15115"},"modified":"2019-09-29T10:35:24","modified_gmt":"2019-09-29T08:35:24","slug":"diy-bastelidee-fuer-den-herbst-deko-kranz-aus-bunten-papier-blaettern-pappe-basteln","status":"publish","type":"post","link":"https:\/\/www.sabine-seyffert.de\/blog\/diy-bastelidee-fuer-den-herbst-deko-kranz-aus-bunten-papier-blaettern-pappe-basteln\/","title":{"rendered":"DIY Bastelidee f\u00fcr den Herbst: Deko Kranz aus bunten Papier Bl\u00e4ttern &#038; Pappe basteln"},"content":{"rendered":"<p style=\"text-align: justify;\"><img loading=\"lazy\" decoding=\"async\" src=\"https:\/\/vg06.met.vgwort.de\/na\/af0800ad4f1943a7820f110aa1c71cf5\" alt=\"\" width=\"1\" height=\"1\" \/>Eigentlich hatte ich mir vorgenommen aus Zweigen einen kleinen Herbstkranz als Dekoration zu gestalten. Hochmotiviert bin ich somit auf den nahe gelegenen Spielplatz spaziert, auf dem in der Regel immer recht viel heruntergefallenes Birkenreisig auf der Wiese zu finden ist. Leider hatte ich diesmal Pech. Also habe ich mir kurzerhand eine kleine Alternative \u00fcberlegt. Einen herbstlichen Dekokranz kann man schlie\u00dflich auch aus anderen Dingen basteln \ud83d\ude42<\/p>\n<p style=\"text-align: center;\"><a href=\"https:\/\/www.sabine-seyffert.de\/blog\/wp-content\/uploads\/2019\/09\/Herbstkranz-Bl\u00e4tter-bunt-Papier-2.jpg\"><img loading=\"lazy\" decoding=\"async\" class=\"alignnone size-full wp-image-15117\" src=\"https:\/\/www.sabine-seyffert.de\/blog\/wp-content\/uploads\/2019\/09\/Herbstkranz-Bl\u00e4tter-bunt-Papier-2.jpg\" alt=\"\" width=\"800\" height=\"600\" srcset=\"https:\/\/www.sabine-seyffert.de\/blog\/wp-content\/uploads\/2019\/09\/Herbstkranz-Bl\u00e4tter-bunt-Papier-2.jpg 800w, https:\/\/www.sabine-seyffert.de\/blog\/wp-content\/uploads\/2019\/09\/Herbstkranz-Bl\u00e4tter-bunt-Papier-2-300x225.jpg 300w, https:\/\/www.sabine-seyffert.de\/blog\/wp-content\/uploads\/2019\/09\/Herbstkranz-Bl\u00e4tter-bunt-Papier-2-768x576.jpg 768w\" sizes=\"auto, (max-width: 800px) 100vw, 800px\" \/><\/a><\/p>\n<p style=\"text-align: justify;\"><strong>Das wird gebraucht:<\/strong><br \/>\nEinen alten Karton oder eine feste Kartonage, einen Bleistift, eine Schere, evtl. ein Bastelmesser \/ Cutter, farbigen Tonkarton oder Tonpapier in herbstlichen Farben, Bastelkleber oder eine Hei\u00dfklebepistole samt Klebepatrone, eine Lochzange, etwas Kordel sowie optional eine Metall\u00f6se und eine Nietenzange zum Befestigen<\/p>\n<p style=\"text-align: center;\"><a href=\"https:\/\/www.sabine-seyffert.de\/blog\/wp-content\/uploads\/2019\/09\/Herbstkranz-Bl\u00e4tter-bunt-Papier.jpg\"><img loading=\"lazy\" decoding=\"async\" class=\"alignnone size-full wp-image-15118\" src=\"https:\/\/www.sabine-seyffert.de\/blog\/wp-content\/uploads\/2019\/09\/Herbstkranz-Bl\u00e4tter-bunt-Papier.jpg\" alt=\"\" width=\"800\" height=\"600\" srcset=\"https:\/\/www.sabine-seyffert.de\/blog\/wp-content\/uploads\/2019\/09\/Herbstkranz-Bl\u00e4tter-bunt-Papier.jpg 800w, https:\/\/www.sabine-seyffert.de\/blog\/wp-content\/uploads\/2019\/09\/Herbstkranz-Bl\u00e4tter-bunt-Papier-300x225.jpg 300w, https:\/\/www.sabine-seyffert.de\/blog\/wp-content\/uploads\/2019\/09\/Herbstkranz-Bl\u00e4tter-bunt-Papier-768x576.jpg 768w\" sizes=\"auto, (max-width: 800px) 100vw, 800px\" \/><\/a><\/p>\n<p style=\"text-align: justify;\"><strong>So wird\u2019s gemacht:<\/strong><br \/>\nF\u00fcr den Kranz bzw. das Unterger\u00fcst habe ich mir aus einem alten Karton einen gro\u00dfen Kreis ausgeschnitten. Mit Hilfe eines Bleistift und einer Vorlage (Teller, Sch\u00fcssel o.\u00e4.) zeichnet man sich diesen am besten vor und einen zweiten, kleineren Kreis hinein. Diese kann man mit einer scharfen Schere oder einem Cutter ausschneiden.<\/p>\n<p style=\"text-align: center;\"><a href=\"https:\/\/www.sabine-seyffert.de\/blog\/wp-content\/uploads\/2019\/09\/Herbstkranz-Bl\u00e4tter-bunt-Papier-6.jpg\"><img loading=\"lazy\" decoding=\"async\" class=\"alignnone size-full wp-image-15119\" src=\"https:\/\/www.sabine-seyffert.de\/blog\/wp-content\/uploads\/2019\/09\/Herbstkranz-Bl\u00e4tter-bunt-Papier-6.jpg\" alt=\"\" width=\"800\" height=\"600\" srcset=\"https:\/\/www.sabine-seyffert.de\/blog\/wp-content\/uploads\/2019\/09\/Herbstkranz-Bl\u00e4tter-bunt-Papier-6.jpg 800w, https:\/\/www.sabine-seyffert.de\/blog\/wp-content\/uploads\/2019\/09\/Herbstkranz-Bl\u00e4tter-bunt-Papier-6-300x225.jpg 300w, https:\/\/www.sabine-seyffert.de\/blog\/wp-content\/uploads\/2019\/09\/Herbstkranz-Bl\u00e4tter-bunt-Papier-6-768x576.jpg 768w\" sizes=\"auto, (max-width: 800px) 100vw, 800px\" \/><\/a><\/p>\n<p style=\"text-align: justify;\">Dann kommt die Flei\u00dfarbeit: Aus dem farbigen Bastelpapier schneidet man sich ca. 4-5 cm breite Streifen. Aus diesen schnippelt man anschlie\u00dfend per Hand unz\u00e4hlige Bl\u00fctenbl\u00e4tter aus Papier. Da ich den Kranz beidseitig beklebt habe, damit man diesen auch als Fensterdeko oder frei h\u00e4ngend nutzen kann, braucht man davon schon eine ganze Menge.<\/p>\n<p style=\"text-align: center;\"><a href=\"https:\/\/www.sabine-seyffert.de\/blog\/wp-content\/uploads\/2019\/09\/Herbstkranz-Bl\u00e4tter-bunt-Papier-7.jpg\"><img loading=\"lazy\" decoding=\"async\" class=\"alignnone size-full wp-image-15120\" src=\"https:\/\/www.sabine-seyffert.de\/blog\/wp-content\/uploads\/2019\/09\/Herbstkranz-Bl\u00e4tter-bunt-Papier-7.jpg\" alt=\"\" width=\"800\" height=\"600\" srcset=\"https:\/\/www.sabine-seyffert.de\/blog\/wp-content\/uploads\/2019\/09\/Herbstkranz-Bl\u00e4tter-bunt-Papier-7.jpg 800w, https:\/\/www.sabine-seyffert.de\/blog\/wp-content\/uploads\/2019\/09\/Herbstkranz-Bl\u00e4tter-bunt-Papier-7-300x225.jpg 300w, https:\/\/www.sabine-seyffert.de\/blog\/wp-content\/uploads\/2019\/09\/Herbstkranz-Bl\u00e4tter-bunt-Papier-7-768x576.jpg 768w\" sizes=\"auto, (max-width: 800px) 100vw, 800px\" \/><\/a><\/p>\n<p style=\"text-align: justify;\">Die Bl\u00e4tter klebt man nun auf den Pappkreis. Am besten so, dass sich die Farben in regel\u00e4\u00dfigen Abst\u00e4nden abwechseln. Dies klappt mit einem Klebestift ebenso gut wie mit der Hei\u00dfklebepistole.<\/p>\n<p style=\"text-align: center;\"><a href=\"https:\/\/www.sabine-seyffert.de\/blog\/wp-content\/uploads\/2019\/09\/Herbstkranz-Bl\u00e4tter-bunt-Papier-1.jpg\"><img loading=\"lazy\" decoding=\"async\" class=\"alignnone size-full wp-image-15121\" src=\"https:\/\/www.sabine-seyffert.de\/blog\/wp-content\/uploads\/2019\/09\/Herbstkranz-Bl\u00e4tter-bunt-Papier-1.jpg\" alt=\"\" width=\"800\" height=\"600\" srcset=\"https:\/\/www.sabine-seyffert.de\/blog\/wp-content\/uploads\/2019\/09\/Herbstkranz-Bl\u00e4tter-bunt-Papier-1.jpg 800w, https:\/\/www.sabine-seyffert.de\/blog\/wp-content\/uploads\/2019\/09\/Herbstkranz-Bl\u00e4tter-bunt-Papier-1-300x225.jpg 300w, https:\/\/www.sabine-seyffert.de\/blog\/wp-content\/uploads\/2019\/09\/Herbstkranz-Bl\u00e4tter-bunt-Papier-1-768x576.jpg 768w\" sizes=\"auto, (max-width: 800px) 100vw, 800px\" \/><\/a><\/p>\n<p style=\"text-align: justify;\">Zum Schluss versieht man den Kranz oben mittig mit einem Loch und zieht ein St\u00fcck Kordel (oder Geschenkband) zur Aufh\u00e4ngung hindurch.<\/p>\n<p style=\"text-align: center;\"><a href=\"https:\/\/www.sabine-seyffert.de\/blog\/wp-content\/uploads\/2019\/09\/Herbstkranz-Bl\u00e4tter-bunt-Papier-3.jpg\"><img loading=\"lazy\" decoding=\"async\" class=\"alignnone size-full wp-image-15122\" src=\"https:\/\/www.sabine-seyffert.de\/blog\/wp-content\/uploads\/2019\/09\/Herbstkranz-Bl\u00e4tter-bunt-Papier-3.jpg\" alt=\"\" width=\"800\" height=\"600\" srcset=\"https:\/\/www.sabine-seyffert.de\/blog\/wp-content\/uploads\/2019\/09\/Herbstkranz-Bl\u00e4tter-bunt-Papier-3.jpg 800w, https:\/\/www.sabine-seyffert.de\/blog\/wp-content\/uploads\/2019\/09\/Herbstkranz-Bl\u00e4tter-bunt-Papier-3-300x225.jpg 300w, https:\/\/www.sabine-seyffert.de\/blog\/wp-content\/uploads\/2019\/09\/Herbstkranz-Bl\u00e4tter-bunt-Papier-3-768x576.jpg 768w\" sizes=\"auto, (max-width: 800px) 100vw, 800px\" \/><\/a><\/p>\n<p style=\"text-align: justify;\"><strong>Ein kleiner Tipp:<\/strong><br \/>\nDa der Kranz recht aufw\u00e4ndig ist und das Zuschneiden der zahlreichen Bl\u00e4tter eine ganze Zeit dauert, empfiehlt es sich die \u00d6ffnung mit einer kleinen Niete bzw. \u00d6se zu versehen. Das sieht nicht nur edler aus, sondern verhindert auch, dass das Loch ausreist!<\/p>\n<p style=\"text-align: center;\"><a href=\"https:\/\/www.sabine-seyffert.de\/blog\/wp-content\/uploads\/2019\/09\/Herbstkranz-Bl\u00e4tter-bunt-Papier-5.jpg\"><img loading=\"lazy\" decoding=\"async\" class=\"alignnone size-full wp-image-15123\" src=\"https:\/\/www.sabine-seyffert.de\/blog\/wp-content\/uploads\/2019\/09\/Herbstkranz-Bl\u00e4tter-bunt-Papier-5.jpg\" alt=\"\" width=\"800\" height=\"600\" srcset=\"https:\/\/www.sabine-seyffert.de\/blog\/wp-content\/uploads\/2019\/09\/Herbstkranz-Bl\u00e4tter-bunt-Papier-5.jpg 800w, https:\/\/www.sabine-seyffert.de\/blog\/wp-content\/uploads\/2019\/09\/Herbstkranz-Bl\u00e4tter-bunt-Papier-5-300x225.jpg 300w, https:\/\/www.sabine-seyffert.de\/blog\/wp-content\/uploads\/2019\/09\/Herbstkranz-Bl\u00e4tter-bunt-Papier-5-768x576.jpg 768w\" sizes=\"auto, (max-width: 800px) 100vw, 800px\" \/><\/a><\/p>\n<p style=\"text-align: justify;\">Weitere Deko Ideen zu unterschiedlichen Anl\u00e4ssen findet ihr \u00fcbrigens in <a href=\"https:\/\/www.sabine-seyffert.de\/blog\/?cat=12\" target=\"_blank\" rel=\"noopener noreferrer\">dieser Blog Kategorie<\/a>, alles rund um das Thema Herbst gibt es in <a href=\"https:\/\/www.sabine-seyffert.de\/blog\/?cat=25\" target=\"_blank\" rel=\"noopener noreferrer\">diesem Ordner<\/a> und andere kreative Sachen gibt es an dieser Stelle.<\/p>\n<p style=\"text-align: center;\"><a href=\"https:\/\/www.sabine-seyffert.de\/blog\/wp-content\/uploads\/2019\/09\/Herbstkranz-Bl\u00e4tter-bunt-Papier-4.jpg\"><img loading=\"lazy\" decoding=\"async\" class=\"alignnone size-full wp-image-15124\" src=\"https:\/\/www.sabine-seyffert.de\/blog\/wp-content\/uploads\/2019\/09\/Herbstkranz-Bl\u00e4tter-bunt-Papier-4.jpg\" alt=\"\" width=\"800\" height=\"600\" srcset=\"https:\/\/www.sabine-seyffert.de\/blog\/wp-content\/uploads\/2019\/09\/Herbstkranz-Bl\u00e4tter-bunt-Papier-4.jpg 800w, https:\/\/www.sabine-seyffert.de\/blog\/wp-content\/uploads\/2019\/09\/Herbstkranz-Bl\u00e4tter-bunt-Papier-4-300x225.jpg 300w, https:\/\/www.sabine-seyffert.de\/blog\/wp-content\/uploads\/2019\/09\/Herbstkranz-Bl\u00e4tter-bunt-Papier-4-768x576.jpg 768w\" sizes=\"auto, (max-width: 800px) 100vw, 800px\" \/><\/a><\/p>\n<p style=\"text-align: justify;\"><a href=\"https:\/\/www.sabine-seyffert.de\/blog\/?page_id=32#urheberrecht\">urheberrechtlich gesch\u00fctzt<\/a>, \u00a9 Sabine Seyffert<\/p>\n","protected":false},"excerpt":{"rendered":"<p>Eigentlich hatte ich mir vorgenommen aus Zweigen einen kleinen Herbstkranz als Dekoration zu gestalten. Hochmotiviert bin ich somit auf den nahe gelegenen Spielplatz spaziert, auf dem in der Regel immer recht viel heruntergefallenes Birkenreisig auf der Wiese zu finden ist. Leider hatte ich diesmal Pech. Also habe ich mir kurzerhand eine kleine Alternative \u00fcberlegt. Einen&#8230; <a href=\"https:\/\/www.sabine-seyffert.de\/blog\/diy-bastelidee-fuer-den-herbst-deko-kranz-aus-bunten-papier-blaettern-pappe-basteln\/\" class=\"more-link\">Read more: DIY Bastelidee f\u00fcr den Herbst: Deko Kranz aus bunten Papier Bl\u00e4ttern &#038; Pappe basteln<\/a><\/p>\n","protected":false},"author":2,"featured_media":0,"comment_status":"open","ping_status":"open","sticky":false,"template":"","format":"standard","meta":{"_metis_text_type":"","_metis_text_length":2333,"_post_count":0,"footnotes":""},"categories":[12,25,47],"tags":[],"class_list":["post-15115","post","type-post","status-publish","format-standard","hentry","category-deko-ideen","category-herbst","category-upcyceltes"],"_links":{"self":[{"href":"https:\/\/www.sabine-seyffert.de\/blog\/wp-json\/wp\/v2\/posts\/15115","targetHints":{"allow":["GET"]}}],"collection":[{"href":"https:\/\/www.sabine-seyffert.de\/blog\/wp-json\/wp\/v2\/posts"}],"about":[{"href":"https:\/\/www.sabine-seyffert.de\/blog\/wp-json\/wp\/v2\/types\/post"}],"author":[{"embeddable":true,"href":"https:\/\/www.sabine-seyffert.de\/blog\/wp-json\/wp\/v2\/users\/2"}],"replies":[{"embeddable":true,"href":"https:\/\/www.sabine-seyffert.de\/blog\/wp-json\/wp\/v2\/comments?post=15115"}],"version-history":[{"count":3,"href":"https:\/\/www.sabine-seyffert.de\/blog\/wp-json\/wp\/v2\/posts\/15115\/revisions"}],"predecessor-version":[{"id":15127,"href":"https:\/\/www.sabine-seyffert.de\/blog\/wp-json\/wp\/v2\/posts\/15115\/revisions\/15127"}],"wp:attachment":[{"href":"https:\/\/www.sabine-seyffert.de\/blog\/wp-json\/wp\/v2\/media?parent=15115"}],"wp:term":[{"taxonomy":"category","embeddable":true,"href":"https:\/\/www.sabine-seyffert.de\/blog\/wp-json\/wp\/v2\/categories?post=15115"},{"taxonomy":"post_tag","embeddable":true,"href":"https:\/\/www.sabine-seyffert.de\/blog\/wp-json\/wp\/v2\/tags?post=15115"}],"curies":[{"name":"wp","href":"https:\/\/api.w.org\/{rel}","templated":true}]}}