{"id":15009,"date":"2019-09-06T06:12:37","date_gmt":"2019-09-06T04:12:37","guid":{"rendered":"https:\/\/www.sabine-seyffert.de\/blog\/?p=15009"},"modified":"2019-09-10T06:26:45","modified_gmt":"2019-09-10T04:26:45","slug":"diy-geschenkverpackung-verpackungsidee-mit-hortensien-aus-papier-2","status":"publish","type":"post","link":"https:\/\/www.sabine-seyffert.de\/blog\/diy-geschenkverpackung-verpackungsidee-mit-hortensien-aus-papier-2\/","title":{"rendered":"DIY Geschenkverpackung: Verpackungsidee mit Hortensien aus Papier # 2"},"content":{"rendered":"<p style=\"text-align: justify;\"><img loading=\"lazy\" decoding=\"async\" src=\"https:\/\/vg06.met.vgwort.de\/na\/c631e85e2a174af6923b4924a4ade000\" alt=\"\" width=\"1\" height=\"1\" \/>Es l\u00e4sst sich nicht leugnen \u2013 ich mag die jetzt \u00fcberall so \u00fcppig bl\u00fchenden Hortensienbl\u00fcten sehr. Vor allem die Farben sind jetzt im Sp\u00e4tsommer und bevorstehenden so traumhaft sch\u00f6n. Daher ist es nicht verwunderlich, dass ich mir nach dem <a href=\"https:\/\/www.sabine-seyffert.de\/blog\/?p=13240\" target=\"_blank\" rel=\"noopener noreferrer\">gebastelten Geschenkbeutel<\/a> und dem <a href=\"https:\/\/www.sabine-seyffert.de\/blog\/?p=13415\" target=\"_blank\" rel=\"noopener noreferrer\">DIY Hortensienkranz<\/a> nun eine weitere Verpackung mit selbst gemachten Hortensienbl\u00fcten folgt \ud83d\ude09<br \/>\nDieses Mal habe ich auf dem Geburtstagsgeschenk jedoch keine gro\u00dfe Hortensienbl\u00fcte gestaltet, sondern als Alternative eine schmale Bord\u00fcre, die aus allerhand kleinen Bl\u00fctenbl\u00e4ttern besteht. Daran k\u00f6nnt ihr auch gut sehen, dass man meine Ideen hier beliebig ab\u00e4ndern und nach eigenen Vorstellungen variieren kann<\/p>\n<p style=\"text-align: center;\"><a href=\"https:\/\/www.sabine-seyffert.de\/blog\/wp-content\/uploads\/2019\/09\/Geschenkverpackung-Hortensie-6.jpg\"><img loading=\"lazy\" decoding=\"async\" class=\"alignnone size-full wp-image-15010\" src=\"https:\/\/www.sabine-seyffert.de\/blog\/wp-content\/uploads\/2019\/09\/Geschenkverpackung-Hortensie-6.jpg\" alt=\"\" width=\"800\" height=\"600\" srcset=\"https:\/\/www.sabine-seyffert.de\/blog\/wp-content\/uploads\/2019\/09\/Geschenkverpackung-Hortensie-6.jpg 800w, https:\/\/www.sabine-seyffert.de\/blog\/wp-content\/uploads\/2019\/09\/Geschenkverpackung-Hortensie-6-300x225.jpg 300w, https:\/\/www.sabine-seyffert.de\/blog\/wp-content\/uploads\/2019\/09\/Geschenkverpackung-Hortensie-6-768x576.jpg 768w\" sizes=\"auto, (max-width: 800px) 100vw, 800px\" \/><\/a><\/p>\n<p style=\"text-align: justify;\"><strong>Das wird gebraucht:<\/strong><br \/>\nNaturbraunes Packpapier oder ein unifarbenes Geschenkpapier (farblich passend zu den gebastelten Bl\u00fcten!), Wellenkarton aus Kraftpapier oder alternativ Wellpappe, Bastelschere, Klebstoff \/ Klebstift, farbiges Tonpapier, etwas Krepppapier (oder ersatzweise Seidenpapier), Pastellkreide, Buchstabenstempel, Stempelkissen sowie ein Restst\u00fcck Kraftpapier<\/p>\n<p style=\"text-align: center;\"><a href=\"https:\/\/www.sabine-seyffert.de\/blog\/wp-content\/uploads\/2019\/09\/Geschenkverpackung-Hortensie-1.jpg\"><img loading=\"lazy\" decoding=\"async\" class=\"alignnone size-full wp-image-15011\" src=\"https:\/\/www.sabine-seyffert.de\/blog\/wp-content\/uploads\/2019\/09\/Geschenkverpackung-Hortensie-1.jpg\" alt=\"\" width=\"800\" height=\"600\" srcset=\"https:\/\/www.sabine-seyffert.de\/blog\/wp-content\/uploads\/2019\/09\/Geschenkverpackung-Hortensie-1.jpg 800w, https:\/\/www.sabine-seyffert.de\/blog\/wp-content\/uploads\/2019\/09\/Geschenkverpackung-Hortensie-1-300x225.jpg 300w, https:\/\/www.sabine-seyffert.de\/blog\/wp-content\/uploads\/2019\/09\/Geschenkverpackung-Hortensie-1-768x576.jpg 768w\" sizes=\"auto, (max-width: 800px) 100vw, 800px\" \/><\/a><\/p>\n<p style=\"text-align: justify;\"><strong>So wird\u2019s gemacht:<\/strong><br \/>\nZuerst habe ich das Geschenk in Packpapier gepackt. Anschlie\u00dfend kam die Bl\u00fctenbord\u00fcre an die Reihe. Daf\u00fcr habe ich von dem Wellenkarton einen rund 3 cm breiten Streifen geschnitten, der von der L\u00e4nge her um das Geschenk passt.<\/p>\n<p style=\"text-align: center;\"><a href=\"https:\/\/www.sabine-seyffert.de\/blog\/wp-content\/uploads\/2019\/09\/Geschenkverpackung-Hortensie-5.jpg\"><img loading=\"lazy\" decoding=\"async\" class=\"alignnone size-full wp-image-15012\" src=\"https:\/\/www.sabine-seyffert.de\/blog\/wp-content\/uploads\/2019\/09\/Geschenkverpackung-Hortensie-5.jpg\" alt=\"\" width=\"800\" height=\"600\" srcset=\"https:\/\/www.sabine-seyffert.de\/blog\/wp-content\/uploads\/2019\/09\/Geschenkverpackung-Hortensie-5.jpg 800w, https:\/\/www.sabine-seyffert.de\/blog\/wp-content\/uploads\/2019\/09\/Geschenkverpackung-Hortensie-5-300x225.jpg 300w, https:\/\/www.sabine-seyffert.de\/blog\/wp-content\/uploads\/2019\/09\/Geschenkverpackung-Hortensie-5-768x576.jpg 768w\" sizes=\"auto, (max-width: 800px) 100vw, 800px\" \/><\/a><\/p>\n<p style=\"text-align: justify;\">F\u00fcr die Hortensienbl\u00fcten schneidet man nun von dem gew\u00fcnschten Tonpapier circa 1-2 cm breite Streifen. Daraus kann man nun mit der Bastelschere allerhand kleine Bl\u00fctenbl\u00e4tter schneiden. Das klappt per Hand und ohne Vorlage prima und sieht dadurch auch nat\u00fcrlicher aus. Wie auch bei der bereits vorgestellten Geschenkverpackung habe ich auch hierbei die Bl\u00e4tter einzeln mit etwas Kreide bemalt.<\/p>\n<p style=\"text-align: center;\"><a href=\"https:\/\/www.sabine-seyffert.de\/blog\/wp-content\/uploads\/2019\/09\/Geschenkverpackung-Hortensie-4.jpg\"><img loading=\"lazy\" decoding=\"async\" class=\"alignnone size-full wp-image-15013\" src=\"https:\/\/www.sabine-seyffert.de\/blog\/wp-content\/uploads\/2019\/09\/Geschenkverpackung-Hortensie-4.jpg\" alt=\"\" width=\"800\" height=\"600\" srcset=\"https:\/\/www.sabine-seyffert.de\/blog\/wp-content\/uploads\/2019\/09\/Geschenkverpackung-Hortensie-4.jpg 800w, https:\/\/www.sabine-seyffert.de\/blog\/wp-content\/uploads\/2019\/09\/Geschenkverpackung-Hortensie-4-300x225.jpg 300w, https:\/\/www.sabine-seyffert.de\/blog\/wp-content\/uploads\/2019\/09\/Geschenkverpackung-Hortensie-4-768x576.jpg 768w\" sizes=\"auto, (max-width: 800px) 100vw, 800px\" \/><\/a><\/p>\n<p style=\"text-align: justify;\">Zu guter Letzt schneidet man aus dem Kraftpapier noch ein paar gr\u00f6\u00dfere Bl\u00e4tter geschnitten. Hat man gen\u00fcgend Motive beisammen, klebt man die kleinen Bl\u00fcten sowie die gro\u00dfen Bl\u00e4tter immer etwas versetzt auf den Wellenkarton. So entsteht nach und nach eine sch\u00f6ne Bord\u00fcre, die das Packpapier wunderbar schm\u00fcckt.<\/p>\n<p style=\"text-align: center;\"><a href=\"https:\/\/www.sabine-seyffert.de\/blog\/wp-content\/uploads\/2019\/09\/Geschenkverpackung-Hortensie-7.jpg\"><img loading=\"lazy\" decoding=\"async\" class=\"alignnone size-full wp-image-15014\" src=\"https:\/\/www.sabine-seyffert.de\/blog\/wp-content\/uploads\/2019\/09\/Geschenkverpackung-Hortensie-7.jpg\" alt=\"\" width=\"800\" height=\"600\" srcset=\"https:\/\/www.sabine-seyffert.de\/blog\/wp-content\/uploads\/2019\/09\/Geschenkverpackung-Hortensie-7.jpg 800w, https:\/\/www.sabine-seyffert.de\/blog\/wp-content\/uploads\/2019\/09\/Geschenkverpackung-Hortensie-7-300x225.jpg 300w, https:\/\/www.sabine-seyffert.de\/blog\/wp-content\/uploads\/2019\/09\/Geschenkverpackung-Hortensie-7-768x576.jpg 768w\" sizes=\"auto, (max-width: 800px) 100vw, 800px\" \/><\/a><\/p>\n<p style=\"text-align: justify;\">Wer mag, kann noch den Namen des Geburtstagskindes, Happy Birthday oder einen anderen Gru\u00df auf die Verpackung stempeln.<\/p>\n<p style=\"text-align: center;\"><a href=\"https:\/\/www.sabine-seyffert.de\/blog\/wp-content\/uploads\/2019\/09\/Geschenkverpackung-Hortensie-3.jpg\"><img loading=\"lazy\" decoding=\"async\" class=\"alignnone size-full wp-image-15015\" src=\"https:\/\/www.sabine-seyffert.de\/blog\/wp-content\/uploads\/2019\/09\/Geschenkverpackung-Hortensie-3.jpg\" alt=\"\" width=\"800\" height=\"600\" srcset=\"https:\/\/www.sabine-seyffert.de\/blog\/wp-content\/uploads\/2019\/09\/Geschenkverpackung-Hortensie-3.jpg 800w, https:\/\/www.sabine-seyffert.de\/blog\/wp-content\/uploads\/2019\/09\/Geschenkverpackung-Hortensie-3-300x225.jpg 300w, https:\/\/www.sabine-seyffert.de\/blog\/wp-content\/uploads\/2019\/09\/Geschenkverpackung-Hortensie-3-768x576.jpg 768w\" sizes=\"auto, (max-width: 800px) 100vw, 800px\" \/><\/a><\/p>\n<p style=\"text-align: justify;\">Weitere DIY Ideen zum Thema Geschenk Verpackungen gibt es in <a href=\"https:\/\/www.sabine-seyffert.de\/blog\/?cat=49\" target=\"_blank\" rel=\"noopener noreferrer\">dieser Rubrik<\/a>, klitzekleine Geschenkideen <a href=\"https:\/\/www.sabine-seyffert.de\/blog\/?cat=36\" target=\"_blank\" rel=\"noopener noreferrer\">dort<\/a>, alles rund um den Herbst in <a href=\"https:\/\/www.sabine-seyffert.de\/blog\/?cat=25\" target=\"_blank\" rel=\"noopener noreferrer\">diesem Ordner<\/a> und andere kreative Sachen <a href=\"https:\/\/www.creadienstag.de\/2019\/09\/linkparty-395.html\" target=\"_blank\" rel=\"noopener nofollow noreferrer\">da<\/a>.<\/p>\n<p style=\"text-align: center;\"><a href=\"https:\/\/www.sabine-seyffert.de\/blog\/wp-content\/uploads\/2019\/09\/Geschenkverpackung-Hortensie-2.jpg\"><img loading=\"lazy\" decoding=\"async\" class=\"alignnone size-full wp-image-15016\" src=\"https:\/\/www.sabine-seyffert.de\/blog\/wp-content\/uploads\/2019\/09\/Geschenkverpackung-Hortensie-2.jpg\" alt=\"\" width=\"800\" height=\"600\" srcset=\"https:\/\/www.sabine-seyffert.de\/blog\/wp-content\/uploads\/2019\/09\/Geschenkverpackung-Hortensie-2.jpg 800w, https:\/\/www.sabine-seyffert.de\/blog\/wp-content\/uploads\/2019\/09\/Geschenkverpackung-Hortensie-2-300x225.jpg 300w, https:\/\/www.sabine-seyffert.de\/blog\/wp-content\/uploads\/2019\/09\/Geschenkverpackung-Hortensie-2-768x576.jpg 768w\" sizes=\"auto, (max-width: 800px) 100vw, 800px\" \/><\/a><\/p>\n<p style=\"text-align: justify;\"><a href=\"https:\/\/www.sabine-seyffert.de\/blog\/?page_id=32#urheberrecht\">urheberrechtlich gesch\u00fctzt<\/a>, \u00a9 Sabine Seyffert<\/p>\n","protected":false},"excerpt":{"rendered":"<p>Es l\u00e4sst sich nicht leugnen \u2013 ich mag die jetzt \u00fcberall so \u00fcppig bl\u00fchenden Hortensienbl\u00fcten sehr. Vor allem die Farben sind jetzt im Sp\u00e4tsommer und bevorstehenden so traumhaft sch\u00f6n. Daher ist es nicht verwunderlich, dass ich mir nach dem gebastelten Geschenkbeutel und dem DIY Hortensienkranz nun eine weitere Verpackung mit selbst gemachten Hortensienbl\u00fcten folgt \ud83d\ude09&#8230; <a href=\"https:\/\/www.sabine-seyffert.de\/blog\/diy-geschenkverpackung-verpackungsidee-mit-hortensien-aus-papier-2\/\" class=\"more-link\">Read more: DIY Geschenkverpackung: Verpackungsidee mit Hortensien aus Papier # 2<\/a><\/p>\n","protected":false},"author":2,"featured_media":0,"comment_status":"open","ping_status":"open","sticky":false,"template":"","format":"standard","meta":{"_metis_text_type":"","_metis_text_length":2349,"_post_count":0,"footnotes":""},"categories":[49,25],"tags":[],"class_list":["post-15009","post","type-post","status-publish","format-standard","hentry","category-verpackungsideen","category-herbst"],"_links":{"self":[{"href":"https:\/\/www.sabine-seyffert.de\/blog\/wp-json\/wp\/v2\/posts\/15009","targetHints":{"allow":["GET"]}}],"collection":[{"href":"https:\/\/www.sabine-seyffert.de\/blog\/wp-json\/wp\/v2\/posts"}],"about":[{"href":"https:\/\/www.sabine-seyffert.de\/blog\/wp-json\/wp\/v2\/types\/post"}],"author":[{"embeddable":true,"href":"https:\/\/www.sabine-seyffert.de\/blog\/wp-json\/wp\/v2\/users\/2"}],"replies":[{"embeddable":true,"href":"https:\/\/www.sabine-seyffert.de\/blog\/wp-json\/wp\/v2\/comments?post=15009"}],"version-history":[{"count":3,"href":"https:\/\/www.sabine-seyffert.de\/blog\/wp-json\/wp\/v2\/posts\/15009\/revisions"}],"predecessor-version":[{"id":15029,"href":"https:\/\/www.sabine-seyffert.de\/blog\/wp-json\/wp\/v2\/posts\/15009\/revisions\/15029"}],"wp:attachment":[{"href":"https:\/\/www.sabine-seyffert.de\/blog\/wp-json\/wp\/v2\/media?parent=15009"}],"wp:term":[{"taxonomy":"category","embeddable":true,"href":"https:\/\/www.sabine-seyffert.de\/blog\/wp-json\/wp\/v2\/categories?post=15009"},{"taxonomy":"post_tag","embeddable":true,"href":"https:\/\/www.sabine-seyffert.de\/blog\/wp-json\/wp\/v2\/tags?post=15009"}],"curies":[{"name":"wp","href":"https:\/\/api.w.org\/{rel}","templated":true}]}}