{"id":14997,"date":"2019-09-03T06:26:03","date_gmt":"2019-09-03T04:26:03","guid":{"rendered":"https:\/\/www.sabine-seyffert.de\/blog\/?p=14997"},"modified":"2019-09-03T06:26:03","modified_gmt":"2019-09-03T04:26:03","slug":"diy-geschenkidee-geschenke-aus-der-kueche-goenn-dir-jeden-tag-ein-laecheln","status":"publish","type":"post","link":"https:\/\/www.sabine-seyffert.de\/blog\/diy-geschenkidee-geschenke-aus-der-kueche-goenn-dir-jeden-tag-ein-laecheln\/","title":{"rendered":"DIY Geschenkidee &#038; Geschenke aus der K\u00fcche: G\u00f6nn Dir jeden Tag ein L\u00e4cheln!"},"content":{"rendered":"<p style=\"text-align: justify;\"><img loading=\"lazy\" decoding=\"async\" src=\"https:\/\/vg06.met.vgwort.de\/na\/5e8b3668b41747f3a471fa8af7f87977\" alt=\"\" width=\"1\" height=\"1\" \/>Lachen tut gut, also g\u00f6nnt euch doch mindestens einmal t\u00e4glich ein ausgiebiges L\u00e4cheln. Das macht nicht nur gute Laune, sondern l\u00e4sst tr\u00fcbe Gedanken f\u00fcr einen Moment vergessen.<br \/>\nNachdem euch meine <a href=\"https:\/\/www.sabine-seyffert.de\/blog\/?p=14959\" target=\"_blank\" rel=\"noopener noreferrer\">kleinen Aufgabenkarten und Affirmationen<\/a> f\u00fcr mehr Achtsamkeit in der letzten Woche so ausgesprochen gut gefallen haben, gibt es heute noch eine ganz pfiffige Backidee f\u00fcr Euch. Dies eignet sich prima als Mitbringsel, f\u00fcr eine gute Freundin, seinen Partner, Nachbarn oder allen, denen ihr gerne mal ein breites L\u00e4cheln auf die Lippen zaubern m\u00f6chtet.<\/p>\n<p style=\"text-align: center;\"><a href=\"https:\/\/www.sabine-seyffert.de\/blog\/wp-content\/uploads\/2019\/09\/L\u00e4cheln-im-Glas-Sabine-Seyffert.de-16-.jpg\"><img loading=\"lazy\" decoding=\"async\" class=\"alignnone size-full wp-image-14998\" src=\"https:\/\/www.sabine-seyffert.de\/blog\/wp-content\/uploads\/2019\/09\/L\u00e4cheln-im-Glas-Sabine-Seyffert.de-16-.jpg\" alt=\"\" width=\"800\" height=\"600\" srcset=\"https:\/\/www.sabine-seyffert.de\/blog\/wp-content\/uploads\/2019\/09\/L\u00e4cheln-im-Glas-Sabine-Seyffert.de-16-.jpg 800w, https:\/\/www.sabine-seyffert.de\/blog\/wp-content\/uploads\/2019\/09\/L\u00e4cheln-im-Glas-Sabine-Seyffert.de-16--300x225.jpg 300w, https:\/\/www.sabine-seyffert.de\/blog\/wp-content\/uploads\/2019\/09\/L\u00e4cheln-im-Glas-Sabine-Seyffert.de-16--768x576.jpg 768w\" sizes=\"auto, (max-width: 800px) 100vw, 800px\" \/><\/a><\/p>\n<p style=\"text-align: justify;\"><strong>Das wird gebraucht:<\/strong><br \/>\n200 g Mehl sowie Mehl zum Ausrollen, 80 g Zucker, 90 g weiche Butter, 1 Ei, 1 P\u00e4ckchen Vanillezucker, 1 Tropfen Bittermandel, etwas Fett f\u00fcr das Backblech oder Backpapier<\/p>\n<p style=\"text-align: center;\"><a href=\"https:\/\/www.sabine-seyffert.de\/blog\/wp-content\/uploads\/2019\/09\/L\u00e4cheln-im-Glas-Sabine-Seyffert.de-.jpg\"><img loading=\"lazy\" decoding=\"async\" class=\"alignnone size-full wp-image-14999\" src=\"https:\/\/www.sabine-seyffert.de\/blog\/wp-content\/uploads\/2019\/09\/L\u00e4cheln-im-Glas-Sabine-Seyffert.de-.jpg\" alt=\"\" width=\"600\" height=\"800\" srcset=\"https:\/\/www.sabine-seyffert.de\/blog\/wp-content\/uploads\/2019\/09\/L\u00e4cheln-im-Glas-Sabine-Seyffert.de-.jpg 600w, https:\/\/www.sabine-seyffert.de\/blog\/wp-content\/uploads\/2019\/09\/L\u00e4cheln-im-Glas-Sabine-Seyffert.de--225x300.jpg 225w\" sizes=\"auto, (max-width: 600px) 100vw, 600px\" \/><\/a><\/p>\n<p style=\"text-align: justify;\"><strong>So wird\u2019s gemacht:<\/strong><br \/>\nAlle aufgef\u00fchrten Zutaten gebt Ihr in eine R\u00fchrsch\u00fcssel und knetet daraus einen Pl\u00e4tzchenteig. Der ist bei dieser kleinen Menge wirklich fix gemacht.<\/p>\n<p style=\"text-align: center;\"><a href=\"https:\/\/www.sabine-seyffert.de\/blog\/wp-content\/uploads\/2019\/09\/L\u00e4cheln-im-Glas-Sabine-Seyffert.de-1.jpg\"><img loading=\"lazy\" decoding=\"async\" class=\"alignnone size-full wp-image-15001\" src=\"https:\/\/www.sabine-seyffert.de\/blog\/wp-content\/uploads\/2019\/09\/L\u00e4cheln-im-Glas-Sabine-Seyffert.de-1.jpg\" alt=\"\" width=\"800\" height=\"600\" srcset=\"https:\/\/www.sabine-seyffert.de\/blog\/wp-content\/uploads\/2019\/09\/L\u00e4cheln-im-Glas-Sabine-Seyffert.de-1.jpg 800w, https:\/\/www.sabine-seyffert.de\/blog\/wp-content\/uploads\/2019\/09\/L\u00e4cheln-im-Glas-Sabine-Seyffert.de-1-300x225.jpg 300w, https:\/\/www.sabine-seyffert.de\/blog\/wp-content\/uploads\/2019\/09\/L\u00e4cheln-im-Glas-Sabine-Seyffert.de-1-768x576.jpg 768w\" sizes=\"auto, (max-width: 800px) 100vw, 800px\" \/><\/a><\/p>\n<p style=\"text-align: justify;\">Die Butter schneidet Ihr dazu am besten in kleine W\u00fcrfel, dann l\u00e4sst sie sich super verarbeiten. Den fertigen Teig rollt Ihr zu einer Kugel in lasst diese f\u00fcr etwa eine Stunde im K\u00fchlschrank k\u00fchlen.<\/p>\n<p style=\"text-align: center;\"><a href=\"https:\/\/www.sabine-seyffert.de\/blog\/wp-content\/uploads\/2019\/09\/L\u00e4cheln-im-Glas-Sabine-Seyffert.de-10.jpg\"><img loading=\"lazy\" decoding=\"async\" class=\"alignnone size-full wp-image-15000\" src=\"https:\/\/www.sabine-seyffert.de\/blog\/wp-content\/uploads\/2019\/09\/L\u00e4cheln-im-Glas-Sabine-Seyffert.de-10.jpg\" alt=\"\" width=\"800\" height=\"600\" srcset=\"https:\/\/www.sabine-seyffert.de\/blog\/wp-content\/uploads\/2019\/09\/L\u00e4cheln-im-Glas-Sabine-Seyffert.de-10.jpg 800w, https:\/\/www.sabine-seyffert.de\/blog\/wp-content\/uploads\/2019\/09\/L\u00e4cheln-im-Glas-Sabine-Seyffert.de-10-300x225.jpg 300w, https:\/\/www.sabine-seyffert.de\/blog\/wp-content\/uploads\/2019\/09\/L\u00e4cheln-im-Glas-Sabine-Seyffert.de-10-768x576.jpg 768w\" sizes=\"auto, (max-width: 800px) 100vw, 800px\" \/><\/a><\/p>\n<p style=\"text-align: justify;\">Dann rollt Ihr den Teig auf einer bemehlten Fl\u00e4che mit dem Nudelholz aus und stecht mit einem runden Ausstecher lauter Kreise aus. Falls Ihr keinen runden Ausstecher besitzt, kann man sich auch mit einem Glas helfen und dazu die obere Seite in den Teig dr\u00fccken.<\/p>\n<p style=\"text-align: center;\"><a href=\"https:\/\/www.sabine-seyffert.de\/blog\/wp-content\/uploads\/2019\/09\/L\u00e4cheln-im-Glas-Sabine-Seyffert.de-18-.jpg\"><img loading=\"lazy\" decoding=\"async\" class=\"alignnone size-full wp-image-15002\" src=\"https:\/\/www.sabine-seyffert.de\/blog\/wp-content\/uploads\/2019\/09\/L\u00e4cheln-im-Glas-Sabine-Seyffert.de-18-.jpg\" alt=\"\" width=\"800\" height=\"600\" srcset=\"https:\/\/www.sabine-seyffert.de\/blog\/wp-content\/uploads\/2019\/09\/L\u00e4cheln-im-Glas-Sabine-Seyffert.de-18-.jpg 800w, https:\/\/www.sabine-seyffert.de\/blog\/wp-content\/uploads\/2019\/09\/L\u00e4cheln-im-Glas-Sabine-Seyffert.de-18--300x225.jpg 300w, https:\/\/www.sabine-seyffert.de\/blog\/wp-content\/uploads\/2019\/09\/L\u00e4cheln-im-Glas-Sabine-Seyffert.de-18--768x576.jpg 768w\" sizes=\"auto, (max-width: 800px) 100vw, 800px\" \/><\/a><\/p>\n<p style=\"text-align: justify;\">Anschlie\u00dfend habe ich mit dem Pl\u00e4tzchenstempel jeden Kreis bearbeitet und auf diese Weise lachende Gesichter im Teig hinterlassen. Sind alle Gesichter fertig und auf dem Blech, geht es in den Backofen. Dort b\u00e4ckt man die Kekse bei 160\u00b0 C Grad f\u00fcr ungef\u00e4hr 15 Minuten. Nach dem Ausk\u00fchlen habe ich das ganze frisch gebackene \u201eL\u00e4cheln\u201c in ein gro\u00dfes Glas gef\u00fcllt und auf diese Weise nett verpackt.<\/p>\n<p style=\"text-align: center;\"><a href=\"https:\/\/www.sabine-seyffert.de\/blog\/wp-content\/uploads\/2019\/09\/L\u00e4cheln-im-Glas-Sabine-Seyffert.de-16-1-1.jpg\"><img loading=\"lazy\" decoding=\"async\" class=\"alignnone size-full wp-image-15003\" src=\"https:\/\/www.sabine-seyffert.de\/blog\/wp-content\/uploads\/2019\/09\/L\u00e4cheln-im-Glas-Sabine-Seyffert.de-16-1-1.jpg\" alt=\"\" width=\"800\" height=\"600\" srcset=\"https:\/\/www.sabine-seyffert.de\/blog\/wp-content\/uploads\/2019\/09\/L\u00e4cheln-im-Glas-Sabine-Seyffert.de-16-1-1.jpg 800w, https:\/\/www.sabine-seyffert.de\/blog\/wp-content\/uploads\/2019\/09\/L\u00e4cheln-im-Glas-Sabine-Seyffert.de-16-1-1-300x225.jpg 300w, https:\/\/www.sabine-seyffert.de\/blog\/wp-content\/uploads\/2019\/09\/L\u00e4cheln-im-Glas-Sabine-Seyffert.de-16-1-1-768x576.jpg 768w\" sizes=\"auto, (max-width: 800px) 100vw, 800px\" \/><\/a><\/p>\n<p style=\"text-align: justify;\"><strong>Ein kleiner Tipp:<\/strong><br \/>\nSolltet ihr keinen Keksstempel in Form eines lachenden Gesichts besitzen \u2013 kein Problem! Dann malt ihr den lachenden Mund einfach alternativ mit etwas Zuckerguss auf die runden Kekse und nehmt jeweils zwei Liebesperlen oder kleine Schokolinsen als Augen.<\/p>\n<p style=\"text-align: center;\"><a href=\"https:\/\/www.sabine-seyffert.de\/blog\/wp-content\/uploads\/2019\/09\/L\u00e4cheln-im-Glas-Sabine-Seyffert.de-13.jpg\"><img loading=\"lazy\" decoding=\"async\" class=\"alignnone size-full wp-image-15004\" src=\"https:\/\/www.sabine-seyffert.de\/blog\/wp-content\/uploads\/2019\/09\/L\u00e4cheln-im-Glas-Sabine-Seyffert.de-13.jpg\" alt=\"\" width=\"800\" height=\"600\" srcset=\"https:\/\/www.sabine-seyffert.de\/blog\/wp-content\/uploads\/2019\/09\/L\u00e4cheln-im-Glas-Sabine-Seyffert.de-13.jpg 800w, https:\/\/www.sabine-seyffert.de\/blog\/wp-content\/uploads\/2019\/09\/L\u00e4cheln-im-Glas-Sabine-Seyffert.de-13-300x225.jpg 300w, https:\/\/www.sabine-seyffert.de\/blog\/wp-content\/uploads\/2019\/09\/L\u00e4cheln-im-Glas-Sabine-Seyffert.de-13-768x576.jpg 768w\" sizes=\"auto, (max-width: 800px) 100vw, 800px\" \/><\/a><\/p>\n<p style=\"text-align: justify;\">Weitere Geschenkideen zum Selbermachen findet ihr in <a href=\"https:\/\/www.sabine-seyffert.de\/blog\/?cat=36\" target=\"_blank\" rel=\"noopener noreferrer\">dieser Rubrik<\/a>, Geschenke aus meiner K\u00fcche in <a href=\"https:\/\/www.sabine-seyffert.de\/blog\/?cat=43\" target=\"_blank\" rel=\"noopener noreferrer\">diesem Ordner<\/a>, sch\u00f6ne Geschenkverpackungen f\u00fcr unterschiedliche Anl\u00e4sse sind <a href=\"https:\/\/www.sabine-seyffert.de\/blog\/?cat=49\" target=\"_blank\" rel=\"noopener noreferrer\">hier<\/a> zu finden, Rezepte f\u00fcr s\u00fc\u00dfe Leckereien <a href=\"https:\/\/www.sabine-seyffert.de\/blog\/?cat=31\" target=\"_blank\" rel=\"noopener noreferrer\">dort<\/a> und andere kreative Sachen <a href=\"https:\/\/www.creadienstag.de\/2019\/08\/linkparty-394.html\" target=\"_blank\" rel=\"noopener nofollow noreferrer\">da<\/a>.<\/p>\n<p style=\"text-align: justify;\"><a href=\"https:\/\/www.sabine-seyffert.de\/blog\/?page_id=32#urheberrecht\">urheberrechtlich gesch\u00fctzt<\/a>, \u00a9 Sabine Seyffert<\/p>\n","protected":false},"excerpt":{"rendered":"<p>Lachen tut gut, also g\u00f6nnt euch doch mindestens einmal t\u00e4glich ein ausgiebiges L\u00e4cheln. Das macht nicht nur gute Laune, sondern l\u00e4sst tr\u00fcbe Gedanken f\u00fcr einen Moment vergessen. Nachdem euch meine kleinen Aufgabenkarten und Affirmationen f\u00fcr mehr Achtsamkeit in der letzten Woche so ausgesprochen gut gefallen haben, gibt es heute noch eine ganz pfiffige Backidee f\u00fcr&#8230; <a href=\"https:\/\/www.sabine-seyffert.de\/blog\/diy-geschenkidee-geschenke-aus-der-kueche-goenn-dir-jeden-tag-ein-laecheln\/\" class=\"more-link\">Read more: DIY Geschenkidee &#038; Geschenke aus der K\u00fcche: G\u00f6nn Dir jeden Tag ein L\u00e4cheln!<\/a><\/p>\n","protected":false},"author":2,"featured_media":0,"comment_status":"open","ping_status":"open","sticky":false,"template":"","format":"standard","meta":{"_metis_text_type":"","_metis_text_length":2335,"_post_count":0,"footnotes":""},"categories":[43,36,49,31],"tags":[],"class_list":["post-14997","post","type-post","status-publish","format-standard","hentry","category-geschenke-aus-der-kueche","category-klitzekleine-geschenkideen","category-verpackungsideen","category-rezepte-suse-kuchen-co"],"_links":{"self":[{"href":"https:\/\/www.sabine-seyffert.de\/blog\/wp-json\/wp\/v2\/posts\/14997","targetHints":{"allow":["GET"]}}],"collection":[{"href":"https:\/\/www.sabine-seyffert.de\/blog\/wp-json\/wp\/v2\/posts"}],"about":[{"href":"https:\/\/www.sabine-seyffert.de\/blog\/wp-json\/wp\/v2\/types\/post"}],"author":[{"embeddable":true,"href":"https:\/\/www.sabine-seyffert.de\/blog\/wp-json\/wp\/v2\/users\/2"}],"replies":[{"embeddable":true,"href":"https:\/\/www.sabine-seyffert.de\/blog\/wp-json\/wp\/v2\/comments?post=14997"}],"version-history":[{"count":3,"href":"https:\/\/www.sabine-seyffert.de\/blog\/wp-json\/wp\/v2\/posts\/14997\/revisions"}],"predecessor-version":[{"id":15007,"href":"https:\/\/www.sabine-seyffert.de\/blog\/wp-json\/wp\/v2\/posts\/14997\/revisions\/15007"}],"wp:attachment":[{"href":"https:\/\/www.sabine-seyffert.de\/blog\/wp-json\/wp\/v2\/media?parent=14997"}],"wp:term":[{"taxonomy":"category","embeddable":true,"href":"https:\/\/www.sabine-seyffert.de\/blog\/wp-json\/wp\/v2\/categories?post=14997"},{"taxonomy":"post_tag","embeddable":true,"href":"https:\/\/www.sabine-seyffert.de\/blog\/wp-json\/wp\/v2\/tags?post=14997"}],"curies":[{"name":"wp","href":"https:\/\/api.w.org\/{rel}","templated":true}]}}