{"id":14985,"date":"2019-09-01T12:03:02","date_gmt":"2019-09-01T10:03:02","guid":{"rendered":"https:\/\/www.sabine-seyffert.de\/blog\/?p=14985"},"modified":"2019-09-01T12:03:02","modified_gmt":"2019-09-01T10:03:02","slug":"diy-basteln-mit-klorollen-kleine-rote-aepfel-kreative-upcycling-idee-fuer-kinder","status":"publish","type":"post","link":"https:\/\/www.sabine-seyffert.de\/blog\/diy-basteln-mit-klorollen-kleine-rote-aepfel-kreative-upcycling-idee-fuer-kinder\/","title":{"rendered":"DIY Basteln mit Klorollen: Kleine rote \u00c4pfel \u2013 Kreative Upcycling Idee f\u00fcr Kinder"},"content":{"rendered":"<p style=\"text-align: justify;\"><img loading=\"lazy\" decoding=\"async\" src=\"https:\/\/vg06.met.vgwort.de\/na\/0e0d657ffec1434fb44f11a085481452\" alt=\"\" width=\"1\" height=\"1\" \/>Der Sp\u00e4tsommer hat begonnen und die Sonne l\u00e4sst die knackigen \u00c4pfel am Baum reifen. S\u00fc\u00df und saftig schmecken sie frisch gepfl\u00fcckt, aber auch ebenso gut als Apfelmus oder im Obstsalat. Und weil die kleinen \u00c4pfel nicht nur drau\u00dfen im Garten so sch\u00f6n anzusehen sind, holen wir uns einige davon als stimmungsvolle Deko ins Haus. Und die selbst gebastelten Apfelanh\u00e4nger sorgen nicht nur drinnen f\u00fcr sommerliches Flair sondern das Basteln der kleinen Fr\u00fcchte macht einfach gute Laune!<\/p>\n<p style=\"text-align: center;\"><a href=\"https:\/\/www.sabine-seyffert.de\/blog\/wp-content\/uploads\/2019\/09\/\u00c4pfel-Bastelidee-f\u00fcr-Kinder-Sabine-seyffert.de-7.jpg\"><img loading=\"lazy\" decoding=\"async\" class=\"alignnone size-full wp-image-14987\" src=\"https:\/\/www.sabine-seyffert.de\/blog\/wp-content\/uploads\/2019\/09\/\u00c4pfel-Bastelidee-f\u00fcr-Kinder-Sabine-seyffert.de-7.jpg\" alt=\"\" width=\"800\" height=\"600\" srcset=\"https:\/\/www.sabine-seyffert.de\/blog\/wp-content\/uploads\/2019\/09\/\u00c4pfel-Bastelidee-f\u00fcr-Kinder-Sabine-seyffert.de-7.jpg 800w, https:\/\/www.sabine-seyffert.de\/blog\/wp-content\/uploads\/2019\/09\/\u00c4pfel-Bastelidee-f\u00fcr-Kinder-Sabine-seyffert.de-7-300x225.jpg 300w, https:\/\/www.sabine-seyffert.de\/blog\/wp-content\/uploads\/2019\/09\/\u00c4pfel-Bastelidee-f\u00fcr-Kinder-Sabine-seyffert.de-7-768x576.jpg 768w\" sizes=\"auto, (max-width: 800px) 100vw, 800px\" \/><\/a><\/p>\n<p style=\"text-align: justify;\"><strong>Das wird gebraucht:<\/strong><br \/>\nLeere Klopapierrollen, eine alte Tageszeitung, Bastelschere, Klebestift, Hei\u00dfkleberpistole samt Klebepatrone, Pinsel, Wasserfarbe (rot und gr\u00fcn), d\u00fcnne Zweige, Gartenschere, Malkittel, d\u00fcnnes Nylongarn<\/p>\n<p style=\"text-align: center;\"><a href=\"https:\/\/www.sabine-seyffert.de\/blog\/wp-content\/uploads\/2019\/09\/\u00c4pfel-Bastelidee-f\u00fcr-Kinder-Sabine-seyffert.de-4.jpg\"><img loading=\"lazy\" decoding=\"async\" class=\"alignnone size-full wp-image-14988\" src=\"https:\/\/www.sabine-seyffert.de\/blog\/wp-content\/uploads\/2019\/09\/\u00c4pfel-Bastelidee-f\u00fcr-Kinder-Sabine-seyffert.de-4.jpg\" alt=\"\" width=\"800\" height=\"600\" srcset=\"https:\/\/www.sabine-seyffert.de\/blog\/wp-content\/uploads\/2019\/09\/\u00c4pfel-Bastelidee-f\u00fcr-Kinder-Sabine-seyffert.de-4.jpg 800w, https:\/\/www.sabine-seyffert.de\/blog\/wp-content\/uploads\/2019\/09\/\u00c4pfel-Bastelidee-f\u00fcr-Kinder-Sabine-seyffert.de-4-300x225.jpg 300w, https:\/\/www.sabine-seyffert.de\/blog\/wp-content\/uploads\/2019\/09\/\u00c4pfel-Bastelidee-f\u00fcr-Kinder-Sabine-seyffert.de-4-768x576.jpg 768w\" sizes=\"auto, (max-width: 800px) 100vw, 800px\" \/><\/a><\/p>\n<p style=\"text-align: justify;\"><strong>So wird\u2019s gemacht:<\/strong><br \/>\nBevor die Bastelei beginnt, werden auf dem Hof, im Garten oder bei einem kleinen Waldspaziergang ein paar d\u00fcnne Zweige gesammelt. Diese l\u00e4sst man zu Hause ein paar Tage trocknen, damit sie sich besser verarbeiten lassen.<\/p>\n<p style=\"text-align: center;\"><a href=\"https:\/\/www.sabine-seyffert.de\/blog\/wp-content\/uploads\/2019\/09\/\u00c4pfel-Bastelidee-f\u00fcr-Kinder-Sabine-seyffert.de-5.jpg\"><img loading=\"lazy\" decoding=\"async\" class=\"alignnone size-full wp-image-14989\" src=\"https:\/\/www.sabine-seyffert.de\/blog\/wp-content\/uploads\/2019\/09\/\u00c4pfel-Bastelidee-f\u00fcr-Kinder-Sabine-seyffert.de-5.jpg\" alt=\"\" width=\"800\" height=\"600\" srcset=\"https:\/\/www.sabine-seyffert.de\/blog\/wp-content\/uploads\/2019\/09\/\u00c4pfel-Bastelidee-f\u00fcr-Kinder-Sabine-seyffert.de-5.jpg 800w, https:\/\/www.sabine-seyffert.de\/blog\/wp-content\/uploads\/2019\/09\/\u00c4pfel-Bastelidee-f\u00fcr-Kinder-Sabine-seyffert.de-5-300x225.jpg 300w, https:\/\/www.sabine-seyffert.de\/blog\/wp-content\/uploads\/2019\/09\/\u00c4pfel-Bastelidee-f\u00fcr-Kinder-Sabine-seyffert.de-5-768x576.jpg 768w\" sizes=\"auto, (max-width: 800px) 100vw, 800px\" \/><\/a><\/p>\n<p style=\"text-align: justify;\">Zuerst deckt man den Tisch mit ein paar Bl\u00e4ttern alter Tageszeitung ab. Dann kann der Malspa\u00df beginnen. Zuvor jedoch schneidet man mit der Schere die Papprollen in etwa 2 cm breite Streifen. Jedes Rollenst\u00fcck wird nun oben mittig mit der Schere durchtrennt, so dass eine \u00d6ffnung entsteht. Die runden Pappst\u00fccke werden mit roter Wasserfarbe gr\u00fcndlich angemalt, sowohl Innen als auch von Au\u00dfen! Je mehr Farbe man nimmt, desto sch\u00f6ner leuchten die kleinen \u00c4pfel schlie\u00dflich.<\/p>\n<p style=\"text-align: center;\"><a href=\"https:\/\/www.sabine-seyffert.de\/blog\/wp-content\/uploads\/2019\/09\/\u00c4pfel-Bastelidee-f\u00fcr-Kinder-Sabine-seyffert.de-2.jpg\"><img loading=\"lazy\" decoding=\"async\" class=\"alignnone size-full wp-image-14990\" src=\"https:\/\/www.sabine-seyffert.de\/blog\/wp-content\/uploads\/2019\/09\/\u00c4pfel-Bastelidee-f\u00fcr-Kinder-Sabine-seyffert.de-2.jpg\" alt=\"\" width=\"800\" height=\"600\" srcset=\"https:\/\/www.sabine-seyffert.de\/blog\/wp-content\/uploads\/2019\/09\/\u00c4pfel-Bastelidee-f\u00fcr-Kinder-Sabine-seyffert.de-2.jpg 800w, https:\/\/www.sabine-seyffert.de\/blog\/wp-content\/uploads\/2019\/09\/\u00c4pfel-Bastelidee-f\u00fcr-Kinder-Sabine-seyffert.de-2-300x225.jpg 300w, https:\/\/www.sabine-seyffert.de\/blog\/wp-content\/uploads\/2019\/09\/\u00c4pfel-Bastelidee-f\u00fcr-Kinder-Sabine-seyffert.de-2-768x576.jpg 768w\" sizes=\"auto, (max-width: 800px) 100vw, 800px\" \/><\/a><\/p>\n<p style=\"text-align: justify;\">F\u00fcr die kleinen Bl\u00e4tter wird ein St\u00fcck beschriftete Tageszeitung mit gr\u00fcner Wasserfarbe \u00fcbermalt. Die Schrift darf dabei zum Schluss ruhig durchscheinen. Nun sollte die bemalte Zeitung ebenso wie die Pappstreifen erst einmal gut durchtrocknen.<br \/>\nJetzt schneidet man die gesammelten Zweige in ca. 3 cm lange St\u00fccke. Das klappt am besten mit einer scharfen Gartenschere, die jedoch nur unter strenger Aufsicht eines Erwachsenen von Kindern benutzt werden sollte. Wenn die kleinen Zweige nicht zu dick sind, klappt es alternativ auch mit einer guten Bastelschere.<\/p>\n<p style=\"text-align: center;\"><a href=\"https:\/\/www.sabine-seyffert.de\/blog\/wp-content\/uploads\/2019\/09\/\u00c4pfel-Bastelidee-f\u00fcr-Kinder-Sabine-seyffert.de-6.jpg\"><img loading=\"lazy\" decoding=\"async\" class=\"alignnone size-full wp-image-14991\" src=\"https:\/\/www.sabine-seyffert.de\/blog\/wp-content\/uploads\/2019\/09\/\u00c4pfel-Bastelidee-f\u00fcr-Kinder-Sabine-seyffert.de-6.jpg\" alt=\"\" width=\"800\" height=\"600\" srcset=\"https:\/\/www.sabine-seyffert.de\/blog\/wp-content\/uploads\/2019\/09\/\u00c4pfel-Bastelidee-f\u00fcr-Kinder-Sabine-seyffert.de-6.jpg 800w, https:\/\/www.sabine-seyffert.de\/blog\/wp-content\/uploads\/2019\/09\/\u00c4pfel-Bastelidee-f\u00fcr-Kinder-Sabine-seyffert.de-6-300x225.jpg 300w, https:\/\/www.sabine-seyffert.de\/blog\/wp-content\/uploads\/2019\/09\/\u00c4pfel-Bastelidee-f\u00fcr-Kinder-Sabine-seyffert.de-6-768x576.jpg 768w\" sizes=\"auto, (max-width: 800px) 100vw, 800px\" \/><\/a><\/p>\n<p style=\"text-align: justify;\">Aus der gr\u00fcn bemalten Zeitung werden nun kleine Bl\u00e4tter mit langem (!) Stiel geschnitten. Je unterschiedlicher die Papierbl\u00e4tter in ihrer Form und Gr\u00f6\u00dfe sind, desto lebendiger sehen die fertigen Apfelanh\u00e4nger zum Schluss aus. Kleineren Kindern kann man bei Bedarf die Form mit Hilfe eines Bleistifts auf der Zeitung vorzeichnen.<\/p>\n<p style=\"text-align: center;\"><a href=\"https:\/\/www.sabine-seyffert.de\/blog\/wp-content\/uploads\/2019\/09\/\u00c4pfel-Bastelidee-f\u00fcr-Kinder-Sabine-seyffert.de-3.jpg\"><img loading=\"lazy\" decoding=\"async\" class=\"alignnone size-full wp-image-14992\" src=\"https:\/\/www.sabine-seyffert.de\/blog\/wp-content\/uploads\/2019\/09\/\u00c4pfel-Bastelidee-f\u00fcr-Kinder-Sabine-seyffert.de-3.jpg\" alt=\"\" width=\"800\" height=\"600\" srcset=\"https:\/\/www.sabine-seyffert.de\/blog\/wp-content\/uploads\/2019\/09\/\u00c4pfel-Bastelidee-f\u00fcr-Kinder-Sabine-seyffert.de-3.jpg 800w, https:\/\/www.sabine-seyffert.de\/blog\/wp-content\/uploads\/2019\/09\/\u00c4pfel-Bastelidee-f\u00fcr-Kinder-Sabine-seyffert.de-3-300x225.jpg 300w, https:\/\/www.sabine-seyffert.de\/blog\/wp-content\/uploads\/2019\/09\/\u00c4pfel-Bastelidee-f\u00fcr-Kinder-Sabine-seyffert.de-3-768x576.jpg 768w\" sizes=\"auto, (max-width: 800px) 100vw, 800px\" \/><\/a><\/p>\n<p style=\"text-align: justify;\">Jetzt kommt die Klebepistole zum Einsatz. Mit Hilfe des fl\u00fcssigen Klebers klebt man den kleinen Zweig nun so an den rot bemalten Pappstreifen, dass dieser genau mittig zwischen den beiden offenen R\u00e4ndern steckt. Um den Zweig klebt man mit einem normalen Klebstift nun das gr\u00fcne Blatt.<br \/>\nGanz zum Schluss knotet man an jeden der kleinen \u00c4pfel etwas Nylongarn als Schlaufe. Daran kann man nun die \u00c4pfel ans Fenster, an einen gro\u00dfen Ast, einen Kranz o.\u00e4. h\u00e4ngen und hat so eine ganz sommerliche Dekoration!<\/p>\n<p style=\"text-align: center;\"><a href=\"https:\/\/www.sabine-seyffert.de\/blog\/wp-content\/uploads\/2019\/09\/\u00c4pfel-Bastelidee-f\u00fcr-Kinder-Sabine-seyffert.de-1.jpg\"><img loading=\"lazy\" decoding=\"async\" class=\"alignnone size-full wp-image-14993\" src=\"https:\/\/www.sabine-seyffert.de\/blog\/wp-content\/uploads\/2019\/09\/\u00c4pfel-Bastelidee-f\u00fcr-Kinder-Sabine-seyffert.de-1.jpg\" alt=\"\" width=\"800\" height=\"600\" srcset=\"https:\/\/www.sabine-seyffert.de\/blog\/wp-content\/uploads\/2019\/09\/\u00c4pfel-Bastelidee-f\u00fcr-Kinder-Sabine-seyffert.de-1.jpg 800w, https:\/\/www.sabine-seyffert.de\/blog\/wp-content\/uploads\/2019\/09\/\u00c4pfel-Bastelidee-f\u00fcr-Kinder-Sabine-seyffert.de-1-300x225.jpg 300w, https:\/\/www.sabine-seyffert.de\/blog\/wp-content\/uploads\/2019\/09\/\u00c4pfel-Bastelidee-f\u00fcr-Kinder-Sabine-seyffert.de-1-768x576.jpg 768w\" sizes=\"auto, (max-width: 800px) 100vw, 800px\" \/><\/a><\/p>\n<p style=\"text-align: justify;\">Weitere Bastelideen f\u00fcr Kinder gibt es \u00fcbrigens in <a href=\"https:\/\/www.sabine-seyffert.de\/blog\/?cat=32\" target=\"_blank\" rel=\"noopener noreferrer\">diesem Ordner<\/a>, alle Bastelanleitungen zu Upcycling Ideen in <a href=\"https:\/\/www.sabine-seyffert.de\/blog\/?cat=47\" target=\"_blank\" rel=\"noopener noreferrer\">dieser Rubrik<\/a>, alles zum Sommer wird <a href=\"https:\/\/www.sabine-seyffert.de\/blog\/?cat=24\" target=\"_blank\" rel=\"noopener noreferrer\">hier<\/a> gesammelt und andere kreative Sachen gibt es <a href=\"http:\/\/www.lunaju.de\/2019\/09\/kiddikram-september-2019.html\" target=\"_blank\" rel=\"noopener nofollow noreferrer\">da<\/a>.<\/p>\n<p style=\"text-align: center;\"><a href=\"https:\/\/www.sabine-seyffert.de\/blog\/wp-content\/uploads\/2019\/09\/\u00c4pfel-Bastelidee-f\u00fcr-Kinder-Sabine-seyffert.de-8.jpg\"><img loading=\"lazy\" decoding=\"async\" class=\"alignnone size-full wp-image-14994\" src=\"https:\/\/www.sabine-seyffert.de\/blog\/wp-content\/uploads\/2019\/09\/\u00c4pfel-Bastelidee-f\u00fcr-Kinder-Sabine-seyffert.de-8.jpg\" alt=\"\" width=\"600\" height=\"800\" srcset=\"https:\/\/www.sabine-seyffert.de\/blog\/wp-content\/uploads\/2019\/09\/\u00c4pfel-Bastelidee-f\u00fcr-Kinder-Sabine-seyffert.de-8.jpg 600w, https:\/\/www.sabine-seyffert.de\/blog\/wp-content\/uploads\/2019\/09\/\u00c4pfel-Bastelidee-f\u00fcr-Kinder-Sabine-seyffert.de-8-225x300.jpg 225w\" sizes=\"auto, (max-width: 600px) 100vw, 600px\" \/><\/a><\/p>\n<p style=\"text-align: justify;\"><a href=\"https:\/\/www.sabine-seyffert.de\/blog\/?page_id=32#urheberrecht\">urheberrechtlich gesch\u00fctzt<\/a>, \u00a9 Sabine Seyffert<\/p>\n","protected":false},"excerpt":{"rendered":"<p>Der Sp\u00e4tsommer hat begonnen und die Sonne l\u00e4sst die knackigen \u00c4pfel am Baum reifen. S\u00fc\u00df und saftig schmecken sie frisch gepfl\u00fcckt, aber auch ebenso gut als Apfelmus oder im Obstsalat. Und weil die kleinen \u00c4pfel nicht nur drau\u00dfen im Garten so sch\u00f6n anzusehen sind, holen wir uns einige davon als stimmungsvolle Deko ins Haus. Und&#8230; <a href=\"https:\/\/www.sabine-seyffert.de\/blog\/diy-basteln-mit-klorollen-kleine-rote-aepfel-kreative-upcycling-idee-fuer-kinder\/\" class=\"more-link\">Read more: DIY Basteln mit Klorollen: Kleine rote \u00c4pfel \u2013 Kreative Upcycling Idee f\u00fcr Kinder<\/a><\/p>\n","protected":false},"author":2,"featured_media":0,"comment_status":"open","ping_status":"open","sticky":false,"template":"","format":"standard","meta":{"_metis_text_type":"","_metis_text_length":3051,"_post_count":0,"footnotes":""},"categories":[32,24,47],"tags":[],"class_list":["post-14985","post","type-post","status-publish","format-standard","hentry","category-kreatives-fur-kleine-kinderhande","category-sommer","category-upcyceltes"],"_links":{"self":[{"href":"https:\/\/www.sabine-seyffert.de\/blog\/wp-json\/wp\/v2\/posts\/14985","targetHints":{"allow":["GET"]}}],"collection":[{"href":"https:\/\/www.sabine-seyffert.de\/blog\/wp-json\/wp\/v2\/posts"}],"about":[{"href":"https:\/\/www.sabine-seyffert.de\/blog\/wp-json\/wp\/v2\/types\/post"}],"author":[{"embeddable":true,"href":"https:\/\/www.sabine-seyffert.de\/blog\/wp-json\/wp\/v2\/users\/2"}],"replies":[{"embeddable":true,"href":"https:\/\/www.sabine-seyffert.de\/blog\/wp-json\/wp\/v2\/comments?post=14985"}],"version-history":[{"count":3,"href":"https:\/\/www.sabine-seyffert.de\/blog\/wp-json\/wp\/v2\/posts\/14985\/revisions"}],"predecessor-version":[{"id":14996,"href":"https:\/\/www.sabine-seyffert.de\/blog\/wp-json\/wp\/v2\/posts\/14985\/revisions\/14996"}],"wp:attachment":[{"href":"https:\/\/www.sabine-seyffert.de\/blog\/wp-json\/wp\/v2\/media?parent=14985"}],"wp:term":[{"taxonomy":"category","embeddable":true,"href":"https:\/\/www.sabine-seyffert.de\/blog\/wp-json\/wp\/v2\/categories?post=14985"},{"taxonomy":"post_tag","embeddable":true,"href":"https:\/\/www.sabine-seyffert.de\/blog\/wp-json\/wp\/v2\/tags?post=14985"}],"curies":[{"name":"wp","href":"https:\/\/api.w.org\/{rel}","templated":true}]}}