{"id":14938,"date":"2019-08-22T10:28:39","date_gmt":"2019-08-22T08:28:39","guid":{"rendered":"https:\/\/www.sabine-seyffert.de\/blog\/?p=14938"},"modified":"2019-08-22T10:28:39","modified_gmt":"2019-08-22T08:28:39","slug":"kochen-mit-kindern-heute-koche-ich-selbst-gemachte-pommes-frites-aus-dem-ofen-mit-rezept","status":"publish","type":"post","link":"https:\/\/www.sabine-seyffert.de\/blog\/kochen-mit-kindern-heute-koche-ich-selbst-gemachte-pommes-frites-aus-dem-ofen-mit-rezept\/","title":{"rendered":"Kochen mit Kindern: Heute koche ich \u2013 selbst gemachte Pommes Frites aus dem Ofen mit Rezept"},"content":{"rendered":"<p style=\"text-align: justify;\"><img loading=\"lazy\" decoding=\"async\" src=\"https:\/\/vg06.met.vgwort.de\/na\/8665e4527ff14eab9587a01b72c867c4\" alt=\"\" width=\"1\" height=\"1\" \/>Bevor hier die Schulferien langsam zu Ende gehen, gibt es noch ein kinderleichtes Rezept f\u00fcr Kinder und kleine Hobbyk\u00f6che. Da werden die Kinderaugen um die Wette leuchten und das Mittagessen wird f\u00fcr gro\u00dfe Begeisterung sorgen, wetten?<br \/>\nDenn heute gibt es ein Rezept f\u00fcr knusprige Pommes Frites frisch aus dem Ofen, einfach lecker!<br \/>\nWie auch bei dem <a href=\"https:\/\/www.sabine-seyffert.de\/blog\/?p=14787\" target=\"_blank\" rel=\"noopener noreferrer\">selbst gemachten Kr\u00e4uterquark<\/a>, der \u00fcbrigens ganz wunderbar zu den Fritten schmeckt und auch <a href=\"https:\/\/www.sabine-seyffert.de\/blog\/?p=14856\" target=\"_blank\" rel=\"noopener noreferrer\">dem gesunden Nudelsalat<\/a> mit allerhand frischem Gem\u00fcse, richtet sich das Rezept direkt an die Kinder \ud83d\ude09<\/p>\n<p style=\"text-align: center;\"><a href=\"https:\/\/www.sabine-seyffert.de\/blog\/wp-content\/uploads\/2019\/08\/Fritten-Sabine-Seyffert.de-8.jpg\"><img loading=\"lazy\" decoding=\"async\" class=\"alignnone size-full wp-image-14939\" src=\"https:\/\/www.sabine-seyffert.de\/blog\/wp-content\/uploads\/2019\/08\/Fritten-Sabine-Seyffert.de-8.jpg\" alt=\"\" width=\"800\" height=\"600\" srcset=\"https:\/\/www.sabine-seyffert.de\/blog\/wp-content\/uploads\/2019\/08\/Fritten-Sabine-Seyffert.de-8.jpg 800w, https:\/\/www.sabine-seyffert.de\/blog\/wp-content\/uploads\/2019\/08\/Fritten-Sabine-Seyffert.de-8-300x225.jpg 300w, https:\/\/www.sabine-seyffert.de\/blog\/wp-content\/uploads\/2019\/08\/Fritten-Sabine-Seyffert.de-8-768x576.jpg 768w\" sizes=\"auto, (max-width: 800px) 100vw, 800px\" \/><\/a><\/p>\n<p style=\"text-align: justify;\"><strong>Das wird gebraucht:<\/strong><\/p>\n<p style=\"text-align: justify;\">1 Beutel festkochende Kartoffeln, 2-3 Essl\u00f6ffel Oliven\u00f6l, Salz, Pfeffer<\/p>\n<p style=\"text-align: center;\"><a href=\"https:\/\/www.sabine-seyffert.de\/blog\/wp-content\/uploads\/2019\/08\/Fritten-Sabine-Seyffert.de-6.jpg\"><img loading=\"lazy\" decoding=\"async\" class=\"alignnone size-full wp-image-14940\" src=\"https:\/\/www.sabine-seyffert.de\/blog\/wp-content\/uploads\/2019\/08\/Fritten-Sabine-Seyffert.de-6.jpg\" alt=\"\" width=\"800\" height=\"600\" srcset=\"https:\/\/www.sabine-seyffert.de\/blog\/wp-content\/uploads\/2019\/08\/Fritten-Sabine-Seyffert.de-6.jpg 800w, https:\/\/www.sabine-seyffert.de\/blog\/wp-content\/uploads\/2019\/08\/Fritten-Sabine-Seyffert.de-6-300x225.jpg 300w, https:\/\/www.sabine-seyffert.de\/blog\/wp-content\/uploads\/2019\/08\/Fritten-Sabine-Seyffert.de-6-768x576.jpg 768w\" sizes=\"auto, (max-width: 800px) 100vw, 800px\" \/><\/a><\/p>\n<p style=\"text-align: justify;\"><strong>So wird\u2019s gemacht:<\/strong><br \/>\nDie Zubereitung von Pommes ist zwar etwas m\u00fchsam, da man jede Kartoffeln einzeln in St\u00e4bchen schneiden muss, aber vielleicht hilft dir ja jemand beim Kochen, dann geht es schneller! Zuerst befreit man die Kartoffeln von ihrer Schale. Das geht am einfachsten mit einem Kartoffel- oder Sparsch\u00e4ler. Anschlie\u00dfend schneidet man die Kartoffeln der L\u00e4nge nach mit einem Messer in d\u00fcnnere Spalten.<\/p>\n<p style=\"text-align: center;\"><a href=\"https:\/\/www.sabine-seyffert.de\/blog\/wp-content\/uploads\/2019\/08\/Fritten-Sabine-Seyffert.de-7.jpg\"><img loading=\"lazy\" decoding=\"async\" class=\"alignnone size-full wp-image-14941\" src=\"https:\/\/www.sabine-seyffert.de\/blog\/wp-content\/uploads\/2019\/08\/Fritten-Sabine-Seyffert.de-7.jpg\" alt=\"\" width=\"800\" height=\"600\" srcset=\"https:\/\/www.sabine-seyffert.de\/blog\/wp-content\/uploads\/2019\/08\/Fritten-Sabine-Seyffert.de-7.jpg 800w, https:\/\/www.sabine-seyffert.de\/blog\/wp-content\/uploads\/2019\/08\/Fritten-Sabine-Seyffert.de-7-300x225.jpg 300w, https:\/\/www.sabine-seyffert.de\/blog\/wp-content\/uploads\/2019\/08\/Fritten-Sabine-Seyffert.de-7-768x576.jpg 768w\" sizes=\"auto, (max-width: 800px) 100vw, 800px\" \/><\/a><\/p>\n<p style=\"text-align: justify;\">Diese gibt man in eine gro\u00dfe Sch\u00fcssel und sch\u00fcttet das Oliven\u00f6l dar\u00fcber. Nun vermengt man das Ganze gr\u00fcndlich, so dass alle Kartoffeln mit \u00d6l versehen sind. Die Pommes verteilst du am besten auf ein mit Backpapier ausgelegtem Backblech. Achte darauf, dass die Pommes Frites nicht zu dicht liegen, damit sie auch knusprig werden. Sonst verteile diese lieber auf zwei Blechen! Vor dem Backen gibst du noch etwas Salz und Pfeffer auf die Pommes.<\/p>\n<p style=\"text-align: center;\"><a href=\"https:\/\/www.sabine-seyffert.de\/blog\/wp-content\/uploads\/2019\/08\/Fritten-Sabine-Seyffert.de-5.jpg\"><img loading=\"lazy\" decoding=\"async\" class=\"alignnone size-full wp-image-14942\" src=\"https:\/\/www.sabine-seyffert.de\/blog\/wp-content\/uploads\/2019\/08\/Fritten-Sabine-Seyffert.de-5.jpg\" alt=\"\" width=\"800\" height=\"600\" srcset=\"https:\/\/www.sabine-seyffert.de\/blog\/wp-content\/uploads\/2019\/08\/Fritten-Sabine-Seyffert.de-5.jpg 800w, https:\/\/www.sabine-seyffert.de\/blog\/wp-content\/uploads\/2019\/08\/Fritten-Sabine-Seyffert.de-5-300x225.jpg 300w, https:\/\/www.sabine-seyffert.de\/blog\/wp-content\/uploads\/2019\/08\/Fritten-Sabine-Seyffert.de-5-768x576.jpg 768w\" sizes=\"auto, (max-width: 800px) 100vw, 800px\" \/><\/a><\/p>\n<p style=\"text-align: justify;\"><strong>Ein kleiner Tipp:<\/strong><br \/>\nMit richtigem Pommes Salz (gibt es als fertige Gew\u00fcrzmischung) schmeckt es noch besser!<\/p>\n<p style=\"text-align: center;\"><a href=\"https:\/\/www.sabine-seyffert.de\/blog\/wp-content\/uploads\/2019\/08\/Fritten-Sabine-Seyffert.de-4.jpg\"><img loading=\"lazy\" decoding=\"async\" class=\"alignnone size-full wp-image-14943\" src=\"https:\/\/www.sabine-seyffert.de\/blog\/wp-content\/uploads\/2019\/08\/Fritten-Sabine-Seyffert.de-4.jpg\" alt=\"\" width=\"800\" height=\"600\" srcset=\"https:\/\/www.sabine-seyffert.de\/blog\/wp-content\/uploads\/2019\/08\/Fritten-Sabine-Seyffert.de-4.jpg 800w, https:\/\/www.sabine-seyffert.de\/blog\/wp-content\/uploads\/2019\/08\/Fritten-Sabine-Seyffert.de-4-300x225.jpg 300w, https:\/\/www.sabine-seyffert.de\/blog\/wp-content\/uploads\/2019\/08\/Fritten-Sabine-Seyffert.de-4-768x576.jpg 768w\" sizes=\"auto, (max-width: 800px) 100vw, 800px\" \/><\/a><\/p>\n<p style=\"text-align: justify;\">Dann ab in den Ofen! Dort werden die Pommes bei 200\u00b0 C etwa 45 Minuten gebacken.<\/p>\n<p style=\"text-align: center;\"><a href=\"https:\/\/www.sabine-seyffert.de\/blog\/wp-content\/uploads\/2019\/08\/Fritten-Sabine-Seyffert.de-1.jpg\"><img loading=\"lazy\" decoding=\"async\" class=\"alignnone size-full wp-image-14944\" src=\"https:\/\/www.sabine-seyffert.de\/blog\/wp-content\/uploads\/2019\/08\/Fritten-Sabine-Seyffert.de-1.jpg\" alt=\"\" width=\"800\" height=\"600\" srcset=\"https:\/\/www.sabine-seyffert.de\/blog\/wp-content\/uploads\/2019\/08\/Fritten-Sabine-Seyffert.de-1.jpg 800w, https:\/\/www.sabine-seyffert.de\/blog\/wp-content\/uploads\/2019\/08\/Fritten-Sabine-Seyffert.de-1-300x225.jpg 300w, https:\/\/www.sabine-seyffert.de\/blog\/wp-content\/uploads\/2019\/08\/Fritten-Sabine-Seyffert.de-1-768x576.jpg 768w\" sizes=\"auto, (max-width: 800px) 100vw, 800px\" \/><\/a><\/p>\n<p style=\"text-align: justify;\"><strong>Hinweis:<\/strong> Die Pommes Frites solltest du w\u00e4hrend der Backzeit regelm\u00e4\u00dfig wenden, damit diese gleichm\u00e4\u00dfig braun und sch\u00f6n knusprig werden!<\/p>\n<p style=\"text-align: center;\"><a href=\"https:\/\/www.sabine-seyffert.de\/blog\/wp-content\/uploads\/2019\/08\/Fritten-Sabine-Seyffert.de-3.jpg\"><img loading=\"lazy\" decoding=\"async\" class=\"alignnone size-full wp-image-14945\" src=\"https:\/\/www.sabine-seyffert.de\/blog\/wp-content\/uploads\/2019\/08\/Fritten-Sabine-Seyffert.de-3.jpg\" alt=\"\" width=\"800\" height=\"600\" srcset=\"https:\/\/www.sabine-seyffert.de\/blog\/wp-content\/uploads\/2019\/08\/Fritten-Sabine-Seyffert.de-3.jpg 800w, https:\/\/www.sabine-seyffert.de\/blog\/wp-content\/uploads\/2019\/08\/Fritten-Sabine-Seyffert.de-3-300x225.jpg 300w, https:\/\/www.sabine-seyffert.de\/blog\/wp-content\/uploads\/2019\/08\/Fritten-Sabine-Seyffert.de-3-768x576.jpg 768w\" sizes=\"auto, (max-width: 800px) 100vw, 800px\" \/><\/a><\/p>\n<p style=\"text-align: center;\">Guten Appetit und einen sonnigen Ferienendspurt w\u00fcnsche ich euch!<\/p>\n<p style=\"text-align: justify;\">Weitere vegane Rezept gibt es \u00fcbrigens in <a href=\"https:\/\/www.sabine-seyffert.de\/blog\/?cat=44\" target=\"_blank\" rel=\"noopener noreferrer\">diesem Ordner<\/a>, herzhafte vegetarische Rezeptideen findet ihr in <a href=\"https:\/\/www.sabine-seyffert.de\/blog\/?cat=30\" target=\"_blank\" rel=\"noopener noreferrer\">dieser Rubrik<\/a> und allerhand s\u00fc\u00dfe Leckereien sind in <a href=\"https:\/\/www.sabine-seyffert.de\/blog\/?cat=31\" target=\"_blank\" rel=\"noopener noreferrer\">dieser Blog Rubrik<\/a> zu finden.<\/p>\n<p style=\"text-align: justify;\"><a href=\"https:\/\/www.sabine-seyffert.de\/blog\/?page_id=32#urheberrecht\">urheberrechtlich gesch\u00fctzt<\/a>, \u00a9 Sabine Seyffert<\/p>\n","protected":false},"excerpt":{"rendered":"<p>Bevor hier die Schulferien langsam zu Ende gehen, gibt es noch ein kinderleichtes Rezept f\u00fcr Kinder und kleine Hobbyk\u00f6che. Da werden die Kinderaugen um die Wette leuchten und das Mittagessen wird f\u00fcr gro\u00dfe Begeisterung sorgen, wetten? Denn heute gibt es ein Rezept f\u00fcr knusprige Pommes Frites frisch aus dem Ofen, einfach lecker! Wie auch bei&#8230; <a href=\"https:\/\/www.sabine-seyffert.de\/blog\/kochen-mit-kindern-heute-koche-ich-selbst-gemachte-pommes-frites-aus-dem-ofen-mit-rezept\/\" class=\"more-link\">Read more: Kochen mit Kindern: Heute koche ich \u2013 selbst gemachte Pommes Frites aus dem Ofen mit Rezept<\/a><\/p>\n","protected":false},"author":2,"featured_media":0,"comment_status":"open","ping_status":"open","sticky":false,"template":"","format":"standard","meta":{"_metis_text_type":"","_metis_text_length":2108,"_post_count":0,"footnotes":""},"categories":[44,24],"tags":[],"class_list":["post-14938","post","type-post","status-publish","format-standard","hentry","category-rezepte-vegan","category-sommer"],"_links":{"self":[{"href":"https:\/\/www.sabine-seyffert.de\/blog\/wp-json\/wp\/v2\/posts\/14938","targetHints":{"allow":["GET"]}}],"collection":[{"href":"https:\/\/www.sabine-seyffert.de\/blog\/wp-json\/wp\/v2\/posts"}],"about":[{"href":"https:\/\/www.sabine-seyffert.de\/blog\/wp-json\/wp\/v2\/types\/post"}],"author":[{"embeddable":true,"href":"https:\/\/www.sabine-seyffert.de\/blog\/wp-json\/wp\/v2\/users\/2"}],"replies":[{"embeddable":true,"href":"https:\/\/www.sabine-seyffert.de\/blog\/wp-json\/wp\/v2\/comments?post=14938"}],"version-history":[{"count":2,"href":"https:\/\/www.sabine-seyffert.de\/blog\/wp-json\/wp\/v2\/posts\/14938\/revisions"}],"predecessor-version":[{"id":14947,"href":"https:\/\/www.sabine-seyffert.de\/blog\/wp-json\/wp\/v2\/posts\/14938\/revisions\/14947"}],"wp:attachment":[{"href":"https:\/\/www.sabine-seyffert.de\/blog\/wp-json\/wp\/v2\/media?parent=14938"}],"wp:term":[{"taxonomy":"category","embeddable":true,"href":"https:\/\/www.sabine-seyffert.de\/blog\/wp-json\/wp\/v2\/categories?post=14938"},{"taxonomy":"post_tag","embeddable":true,"href":"https:\/\/www.sabine-seyffert.de\/blog\/wp-json\/wp\/v2\/tags?post=14938"}],"curies":[{"name":"wp","href":"https:\/\/api.w.org\/{rel}","templated":true}]}}