{"id":1492,"date":"2013-05-01T08:48:21","date_gmt":"2013-05-01T06:48:21","guid":{"rendered":"http:\/\/www.sabine-seyffert.de\/blog\/?p=1492"},"modified":"2017-03-06T17:54:40","modified_gmt":"2017-03-06T15:54:40","slug":"eine-wolkenreise-durch-den-blauen-himmel","status":"publish","type":"post","link":"https:\/\/www.sabine-seyffert.de\/blog\/eine-wolkenreise-durch-den-blauen-himmel\/","title":{"rendered":"Eine Wolkenreise durch den blauen Himmel\u2026"},"content":{"rendered":"<p style=\"text-align: center;\"><img loading=\"lazy\" decoding=\"async\" src=\"https:\/\/ssl-vg03.met.vgwort.de\/na\/af5e1e5c63914faa988cad230d6cf244\" alt=\"\" width=\"1\" height=\"1\" \/><br \/>\n<a href=\"http:\/\/www.sabine-seyffert.de\/blog\/wp-content\/uploads\/2013\/04\/Sparkle-blue-2.jpg\"><img loading=\"lazy\" decoding=\"async\" class=\"alignnone size-full wp-image-1493\" src=\"http:\/\/www.sabine-seyffert.de\/blog\/wp-content\/uploads\/2013\/04\/Sparkle-blue-2.jpg\" alt=\"Sparkle blue 2\" width=\"800\" height=\"600\" srcset=\"https:\/\/www.sabine-seyffert.de\/blog\/wp-content\/uploads\/2013\/04\/Sparkle-blue-2.jpg 800w, https:\/\/www.sabine-seyffert.de\/blog\/wp-content\/uploads\/2013\/04\/Sparkle-blue-2-300x225.jpg 300w\" sizes=\"auto, (max-width: 800px) 100vw, 800px\" \/><\/a><\/p>\n<p style=\"text-align: justify;\">Immer am ersten eines jeden Monats gibt es bei <a href=\"http:\/\/was-eigenes.blogspot.de\/2013\/05\/sparkle-blue-color-me-happy-5.html\" target=\"_blank\">was eigenes<\/a> eine neue Farbe zu dem Motto \u201eColor me happy\u201c. Im Monat Mai lautet die Farbe sparkle blue. Blau ist eine meiner absoluten Lieblingsfarben, weil ich so viele sch\u00f6ne Dinge damit verbinde. Ganz besonders liebe ich jedoch den strahlend blauen Himmel, der fast regelm\u00e4\u00dfig in meinen Fantasiereisen und Entspannungsgeschichten zu finden ist. Denn so ein blauer Himmel ist nicht nur toll, sondern sorgt f\u00fcr gute Laune. Eine wunderbare Voraussetzung um abzuschalten, entspannen und neue Kraft zu sammeln um den Alltag zu meistern. So habe ich nach einem passenden Foto gesucht und bin gleich auf einige Wolkenbilder gesto\u00dfen. Das wunderbar strahlendes Blau und die Wolken lachen einen darauf so herrlich an, dass man am liebsten mit ihnen eine Weile davon fliegen und tr\u00e4umen m\u00f6chte. Daher gibt es passend zu den Fotos eine Fantasiereise f\u00fcr eine \u201ehimmlische\u201c Entspannung f\u00fcr Zwischendurch. Sie ist sowohl f\u00fcr kleine aber auch f\u00fcr gro\u00dfe Leute geeignet \ud83d\ude42 Also sucht Euch einen gem\u00fctlichen Ort und macht es Euch dort bequem. Augen schlie\u00dfen und dann stellt Euch vor\u2026<\/p>\n<p style=\"text-align: center;\"><a href=\"http:\/\/www.sabine-seyffert.de\/blog\/wp-content\/uploads\/2013\/04\/Sparkle-blue-1.jpg\"><img loading=\"lazy\" decoding=\"async\" class=\"alignnone size-full wp-image-1494\" src=\"http:\/\/www.sabine-seyffert.de\/blog\/wp-content\/uploads\/2013\/04\/Sparkle-blue-1.jpg\" alt=\"Sparkle blue 1\" width=\"800\" height=\"537\" srcset=\"https:\/\/www.sabine-seyffert.de\/blog\/wp-content\/uploads\/2013\/04\/Sparkle-blue-1.jpg 800w, https:\/\/www.sabine-seyffert.de\/blog\/wp-content\/uploads\/2013\/04\/Sparkle-blue-1-300x201.jpg 300w\" sizes=\"auto, (max-width: 800px) 100vw, 800px\" \/><\/a><\/p>\n<p style=\"text-align: justify;\"><em>Stell dir einmal vor, du liegst auf einer wundersch\u00f6nen, wunderbar wei\u00dfen Wolke. Sie bietet dir soviel Platz, dass du es dir darauf nach Herzenslust gem\u00fctlich machen kannst. Du legst dich der L\u00e4nge nach auf die Wolke. Weich und kuschelig ist es hier. Du f\u00fchlst dich rundum geborgen&#8230;<\/em><\/p>\n<p style=\"text-align: justify;\"><em> W\u00e4hrend du in aller Ruhe auf deiner Wolke durch den strahlend blauen Himmel schwebst, sp\u00fcrst du wie ruhig und entspannt du bist&#8230; Vollkommen ruhig und entspannt liegst du da und genie\u00dft das Leben\u2026 Du fliegst auf der Wolke weiter in den strahlend blauen Himmel hinauf und genie\u00dft den Blick auf das herrliche Blau um dich herum\u2026<\/em><\/p>\n<p style=\"text-align: justify;\"><em>Deine Arme und Beine sind schwer, angenehm schwer\u2026 Dein ganzer K\u00f6rper liegt schwer und entspannt auf der Wolke\u2026<\/em><br \/>\n<em> Dabei kitzeln dich ganz vorsichtig und sanft ein paar Sonnenstrahlen. Wohlig warm f\u00fchlen sie sich auf deinen Armen und Beinen an\u2026 Die wohlige W\u00e4rme h\u00fcllt dich ein und l\u00e4sst dich ganz tief entspannen\u2026<\/em><br \/>\n<em> W\u00e4hrend deiner Wolkenreise entdeckst du ein paar kleine Windgeister. Ihr langes, wolkenwei\u00dfes Haar dreht sich schwerelos als w\u00fcrde es tanzen. Und die filigranen Kleider der Windgeister bewegen sich so elegant, dass du dich daran gar nicht so richtig sattsehen kannst. Die kleinen Windgeister l\u00e4cheln dir fr\u00f6hlich zu und lassen deine Wolke auf ihrem Atem ganz sacht schaukeln\u2026 Ruhig und regelm\u00e4\u00dfig wiegt sich deine Wolke hin und her\u2026 Genau so ruhig und gleichm\u00e4\u00dfig flie\u00dft dein Atmen nun\u2026 Das ist Entspannung pur!<\/em><\/p>\n<p style=\"text-align: center;\"><a href=\"http:\/\/www.sabine-seyffert.de\/blog\/wp-content\/uploads\/2013\/04\/Sparkle-blue-3.jpg\"><img loading=\"lazy\" decoding=\"async\" class=\"alignnone size-full wp-image-1495\" src=\"http:\/\/www.sabine-seyffert.de\/blog\/wp-content\/uploads\/2013\/04\/Sparkle-blue-3.jpg\" alt=\"Sparkle blue 3\" width=\"850\" height=\"562\" srcset=\"https:\/\/www.sabine-seyffert.de\/blog\/wp-content\/uploads\/2013\/04\/Sparkle-blue-3.jpg 850w, https:\/\/www.sabine-seyffert.de\/blog\/wp-content\/uploads\/2013\/04\/Sparkle-blue-3-300x198.jpg 300w\" sizes=\"auto, (max-width: 850px) 100vw, 850px\" \/><\/a><\/p>\n<p style=\"text-align: justify;\"><em>Die kleine Wolkenreise tut dir gut. Nicht nur dass man sich hier oben so wunderbar die Sonne auf den Bauch scheinen lassen kann. Sondern der himmlische Ausflug scheint dich den Alltag f\u00fcr eine Weile vergessen zu lassen. So bist du dankbar, dass hier oben ein ganz zarter Wind weht&#8230; Ein ganz kleiner Windhauch streichelt dir zart, fast unbemerkt \u00fcber deine Stirn und k\u00fchlt sie angenehm&#8230; Sp\u00fcre die angenehme K\u00fchle auf deiner Stirn&#8230; Der Windhauch auf deiner Stirn macht deinen Kopf wieder frisch und klar&#8230; Du f\u00fchlst dich dabei v\u00f6llig ruhig und entspannt&#8230; So l\u00e4sst du all deine Gedanken f\u00fcr eine Weile fortziehen, wie die Wolken am Himmel\u2026<\/em><\/p>\n<p style=\"text-align: center;\"><a href=\"http:\/\/www.sabine-seyffert.de\/blog\/wp-content\/uploads\/2013\/04\/Sparkle-blue-2-hochkant.jpg\"><img loading=\"lazy\" decoding=\"async\" class=\"alignnone size-full wp-image-1496\" src=\"http:\/\/www.sabine-seyffert.de\/blog\/wp-content\/uploads\/2013\/04\/Sparkle-blue-2-hochkant.jpg\" alt=\"Sparkle blue 2 hochkant\" width=\"650\" height=\"776\" srcset=\"https:\/\/www.sabine-seyffert.de\/blog\/wp-content\/uploads\/2013\/04\/Sparkle-blue-2-hochkant.jpg 650w, https:\/\/www.sabine-seyffert.de\/blog\/wp-content\/uploads\/2013\/04\/Sparkle-blue-2-hochkant-251x300.jpg 251w\" sizes=\"auto, (max-width: 650px) 100vw, 650px\" \/><\/a><\/p>\n<p style=\"text-align: justify;\"><em>Schlie\u00dflich hast du genug neue Kraft gesammelt und machst dich auf den Heimweg. Deine Wolke setzt dich wohlbehalten zu Hause ab und schwebt dann lautlos in Richtung Himmel davon. Du f\u00fchlst dich rundum gut erholt und gl\u00fccklich\u2026<\/em><\/p>\n<p style=\"text-align: justify;\"><strong><span style=\"color: #ff6600;\">Hinweis:<\/span><\/strong><span style=\"text-decoration: underline;\"> Bitte die \u00dcbung im Anschluss kr\u00e4ftig zur\u00fccknehmen!<\/span><\/p>\n<p style=\"text-align: justify;\">Wer nicht wei\u00df was <a href=\"http:\/\/www.sabine-seyffert.de\/blog\/?p=124\" target=\"_blank\">Fantasiereisen<\/a> sind kann <a href=\"http:\/\/www.sabine-seyffert.de\/blog\/?p=124\" target=\"_blank\">hier<\/a> nochmals nachlesen. Und Tipps zum guten Gelingen solcher Entspannungsgeschichten findet man an <a href=\"http:\/\/www.sabine-seyffert.de\/blog\/?p=151\" target=\"_blank\">dieser Stelle<\/a>. F\u00fcr all diejenigen, die noch mehr Fantasiereisen suchen, finden in der <a href=\"http:\/\/www.sabine-seyffert.de\/blog\/?cat=4\" target=\"_blank\">Rubrik Fantasiereisen<\/a> eine Auswahl an Geschichten&#8230;<\/p>\n<p><a href=\"http:\/\/www.sabine-seyffert.de\/blog\/?page_id=32#urheberrecht\">urherrechtlich gesch\u00fctzt<\/a>, \u00a9 Sabine Seyffert<\/p>\n","protected":false},"excerpt":{"rendered":"<p>Immer am ersten eines jeden Monats gibt es bei was eigenes eine neue Farbe zu dem Motto \u201eColor me happy\u201c. Im Monat Mai lautet die Farbe sparkle blue. Blau ist eine meiner absoluten Lieblingsfarben, weil ich so viele sch\u00f6ne Dinge damit verbinde. Ganz besonders liebe ich jedoch den strahlend blauen Himmel, der fast regelm\u00e4\u00dfig in&#8230; <a href=\"https:\/\/www.sabine-seyffert.de\/blog\/eine-wolkenreise-durch-den-blauen-himmel\/\" class=\"more-link\">Read more: Eine Wolkenreise durch den blauen Himmel\u2026<\/a><\/p>\n","protected":false},"author":2,"featured_media":0,"comment_status":"open","ping_status":"open","sticky":false,"template":"","format":"standard","meta":{"_metis_text_type":"","_metis_text_length":3843,"_post_count":0,"footnotes":""},"categories":[4,37],"tags":[],"class_list":["post-1492","post","type-post","status-publish","format-standard","hentry","category-fantasiereisen","category-himmlisches"],"_links":{"self":[{"href":"https:\/\/www.sabine-seyffert.de\/blog\/wp-json\/wp\/v2\/posts\/1492","targetHints":{"allow":["GET"]}}],"collection":[{"href":"https:\/\/www.sabine-seyffert.de\/blog\/wp-json\/wp\/v2\/posts"}],"about":[{"href":"https:\/\/www.sabine-seyffert.de\/blog\/wp-json\/wp\/v2\/types\/post"}],"author":[{"embeddable":true,"href":"https:\/\/www.sabine-seyffert.de\/blog\/wp-json\/wp\/v2\/users\/2"}],"replies":[{"embeddable":true,"href":"https:\/\/www.sabine-seyffert.de\/blog\/wp-json\/wp\/v2\/comments?post=1492"}],"version-history":[{"count":22,"href":"https:\/\/www.sabine-seyffert.de\/blog\/wp-json\/wp\/v2\/posts\/1492\/revisions"}],"predecessor-version":[{"id":9866,"href":"https:\/\/www.sabine-seyffert.de\/blog\/wp-json\/wp\/v2\/posts\/1492\/revisions\/9866"}],"wp:attachment":[{"href":"https:\/\/www.sabine-seyffert.de\/blog\/wp-json\/wp\/v2\/media?parent=1492"}],"wp:term":[{"taxonomy":"category","embeddable":true,"href":"https:\/\/www.sabine-seyffert.de\/blog\/wp-json\/wp\/v2\/categories?post=1492"},{"taxonomy":"post_tag","embeddable":true,"href":"https:\/\/www.sabine-seyffert.de\/blog\/wp-json\/wp\/v2\/tags?post=1492"}],"curies":[{"name":"wp","href":"https:\/\/api.w.org\/{rel}","templated":true}]}}