{"id":14913,"date":"2019-08-17T10:40:30","date_gmt":"2019-08-17T08:40:30","guid":{"rendered":"https:\/\/www.sabine-seyffert.de\/blog\/?p=14913"},"modified":"2019-08-20T07:05:16","modified_gmt":"2019-08-20T05:05:16","slug":"diy-idee-zum-schulstart-selbst-gemachte-schultuete-als-mini-kuchen-fuer-die-einschulung","status":"publish","type":"post","link":"https:\/\/www.sabine-seyffert.de\/blog\/diy-idee-zum-schulstart-selbst-gemachte-schultuete-als-mini-kuchen-fuer-die-einschulung\/","title":{"rendered":"DIY Idee zum Schulstart: Selbst gemachte Schult\u00fcte als Mini Kuchen f\u00fcr die Einschulung"},"content":{"rendered":"<p style=\"text-align: justify;\"><img loading=\"lazy\" decoding=\"async\" src=\"https:\/\/vg06.met.vgwort.de\/na\/f6ee93fe84dc4f9d8e5a6c1dedd893cd\" alt=\"\" width=\"1\" height=\"1\" \/>DIY, Deko und Bastelanleitungen zum Thema Einschulungsfeier und somit dem <a href=\"https:\/\/www.sabine-seyffert.de\/blog\/?cat=40\" target=\"_blank\" rel=\"noopener noreferrer\">ersten Schultag<\/a> sind auf meinem Blog immer ausgesprochen gefragt und sehr beliebte Blogartikel. Daher gibt es nat\u00fcrlich auch in diesem Sommer ein paar ausgefallene, pfiffige und kunterbunte Idee f\u00fcr euch und all die vielen Vorschulkinder, die es kaum erwarten k\u00f6nnen in die Grundschule zu kommen.<br \/>\nHeute gibt es dazu eine ausgesprochen \u201ezuckers\u00fc\u00dfe\u201c Backidee, die sich wunderbar auf der Einschulungsfeier macht und zudem ein echter Augenschmaus ist: Leckeren Kuchen in Form einer Zuckert\u00fcte. Wie man diese in XXL b\u00e4ckt, habe ich euch bei <a href=\"https:\/\/www.sabine-seyffert.de\/blog\/?p=2542\" target=\"_blank\" rel=\"noopener noreferrer\">diesem Rezept<\/a> schon verraten und in Keks Variante in <a href=\"https:\/\/www.sabine-seyffert.de\/blog\/?p=2637\" target=\"_blank\" rel=\"noopener noreferrer\">diesem Artikel<\/a>. Jetzt gibt es die weniger kniffelige Variante, die auch f\u00fcr unge\u00fcbte Kuchenb\u00e4cker problemlos nachzubacken ist.<\/p>\n<p style=\"text-align: center;\"><a href=\"https:\/\/www.sabine-seyffert.de\/blog\/wp-content\/uploads\/2019\/08\/Schut\u00fcten-Kuchen-Springform-1.jpg\"><img loading=\"lazy\" decoding=\"async\" class=\"alignnone size-full wp-image-14914\" src=\"https:\/\/www.sabine-seyffert.de\/blog\/wp-content\/uploads\/2019\/08\/Schut\u00fcten-Kuchen-Springform-1.jpg\" alt=\"\" width=\"800\" height=\"600\" srcset=\"https:\/\/www.sabine-seyffert.de\/blog\/wp-content\/uploads\/2019\/08\/Schut\u00fcten-Kuchen-Springform-1.jpg 800w, https:\/\/www.sabine-seyffert.de\/blog\/wp-content\/uploads\/2019\/08\/Schut\u00fcten-Kuchen-Springform-1-300x225.jpg 300w, https:\/\/www.sabine-seyffert.de\/blog\/wp-content\/uploads\/2019\/08\/Schut\u00fcten-Kuchen-Springform-1-768x576.jpg 768w\" sizes=\"auto, (max-width: 800px) 100vw, 800px\" \/><\/a><\/p>\n<p style=\"text-align: justify;\"><strong>Das wird gebraucht:<\/strong><br \/>\n90 g Margarine zzgl etwas Fett f\u00fcr die Kuchenform, 70 g Zucker, 2 Eier, 1 gestrichener Teel\u00f6ffel Backpulver 130 g Mehl, 2 Essl\u00f6ffel Zitronensaft, 2 Essl\u00f6ffel Milch (oder Mineralwasser), rund 150 g Puderzucker und frisch gepressten Zitronensaft f\u00fcr den Guss, 6 Herzwaffeln \/ Herzkekse und bunte Schokolinsen, Nonpareilles, Schokostreusel o.\u00e4. zum Verzieren<\/p>\n<p style=\"text-align: center;\"><a href=\"https:\/\/www.sabine-seyffert.de\/blog\/wp-content\/uploads\/2019\/08\/Schut\u00fcten-Kuchen-Springform-6.jpg\"><img loading=\"lazy\" decoding=\"async\" class=\"alignnone size-full wp-image-14915\" src=\"https:\/\/www.sabine-seyffert.de\/blog\/wp-content\/uploads\/2019\/08\/Schut\u00fcten-Kuchen-Springform-6.jpg\" alt=\"\" width=\"800\" height=\"600\" srcset=\"https:\/\/www.sabine-seyffert.de\/blog\/wp-content\/uploads\/2019\/08\/Schut\u00fcten-Kuchen-Springform-6.jpg 800w, https:\/\/www.sabine-seyffert.de\/blog\/wp-content\/uploads\/2019\/08\/Schut\u00fcten-Kuchen-Springform-6-300x225.jpg 300w, https:\/\/www.sabine-seyffert.de\/blog\/wp-content\/uploads\/2019\/08\/Schut\u00fcten-Kuchen-Springform-6-768x576.jpg 768w\" sizes=\"auto, (max-width: 800px) 100vw, 800px\" \/><\/a><\/p>\n<p style=\"text-align: justify;\"><strong>So wird\u2019s gemacht:<\/strong><br \/>\nIn der R\u00fchrsch\u00fcssel werden Zucker und Margarine mit dem Mixer gr\u00fcndlich vermengt. Anschlie\u00dfend r\u00fchrt man die beiden Eier gut unter. Danach gibt man Mehl und Backpulver hinzu, ebenso f\u00fcr die Fl\u00fcssigkeit. Der Teig sollte nicht zu d\u00fcnnfl\u00fcssig sondern lieber etwas fester sein!<\/p>\n<p style=\"text-align: center;\"><a href=\"https:\/\/www.sabine-seyffert.de\/blog\/wp-content\/uploads\/2019\/08\/Schut\u00fcten-Kuchen-Springform-4.jpg\"><img loading=\"lazy\" decoding=\"async\" class=\"alignnone size-full wp-image-14916\" src=\"https:\/\/www.sabine-seyffert.de\/blog\/wp-content\/uploads\/2019\/08\/Schut\u00fcten-Kuchen-Springform-4.jpg\" alt=\"\" width=\"800\" height=\"600\" srcset=\"https:\/\/www.sabine-seyffert.de\/blog\/wp-content\/uploads\/2019\/08\/Schut\u00fcten-Kuchen-Springform-4.jpg 800w, https:\/\/www.sabine-seyffert.de\/blog\/wp-content\/uploads\/2019\/08\/Schut\u00fcten-Kuchen-Springform-4-300x225.jpg 300w, https:\/\/www.sabine-seyffert.de\/blog\/wp-content\/uploads\/2019\/08\/Schut\u00fcten-Kuchen-Springform-4-768x576.jpg 768w\" sizes=\"auto, (max-width: 800px) 100vw, 800px\" \/><\/a><\/p>\n<p style=\"text-align: justify;\">Nun fettet man die Springform gr\u00fcndlich ein. <strong>Ein kleiner Tipp:<\/strong> Wenn man \u00fcber die Margarine etwas Paniermehl streut, l\u00e4sst sich der Kuchen nach dem Backen leichter aus der Form l\u00f6sen \ud83d\ude09<\/p>\n<p style=\"text-align: center;\"><a href=\"https:\/\/www.sabine-seyffert.de\/blog\/wp-content\/uploads\/2019\/08\/Schut\u00fcten-Kuchen-Springform-11.jpg\"><img loading=\"lazy\" decoding=\"async\" class=\"alignnone size-full wp-image-14917\" src=\"https:\/\/www.sabine-seyffert.de\/blog\/wp-content\/uploads\/2019\/08\/Schut\u00fcten-Kuchen-Springform-11.jpg\" alt=\"\" width=\"600\" height=\"800\" srcset=\"https:\/\/www.sabine-seyffert.de\/blog\/wp-content\/uploads\/2019\/08\/Schut\u00fcten-Kuchen-Springform-11.jpg 600w, https:\/\/www.sabine-seyffert.de\/blog\/wp-content\/uploads\/2019\/08\/Schut\u00fcten-Kuchen-Springform-11-225x300.jpg 225w\" sizes=\"auto, (max-width: 600px) 100vw, 600px\" \/><\/a><\/p>\n<p style=\"text-align: justify;\">Die Backzeit betr\u00e4gt ca. 30 Minuten bei 160\u00b0 C Grad. Danach muss der Kuchen komplett ausk\u00fchlen!<\/p>\n<p style=\"text-align: center;\"><a href=\"https:\/\/www.sabine-seyffert.de\/blog\/wp-content\/uploads\/2019\/08\/Schut\u00fcten-Kuchen-Springform-2.jpg\"><img loading=\"lazy\" decoding=\"async\" class=\"alignnone size-full wp-image-14918\" src=\"https:\/\/www.sabine-seyffert.de\/blog\/wp-content\/uploads\/2019\/08\/Schut\u00fcten-Kuchen-Springform-2.jpg\" alt=\"\" width=\"800\" height=\"600\" srcset=\"https:\/\/www.sabine-seyffert.de\/blog\/wp-content\/uploads\/2019\/08\/Schut\u00fcten-Kuchen-Springform-2.jpg 800w, https:\/\/www.sabine-seyffert.de\/blog\/wp-content\/uploads\/2019\/08\/Schut\u00fcten-Kuchen-Springform-2-300x225.jpg 300w, https:\/\/www.sabine-seyffert.de\/blog\/wp-content\/uploads\/2019\/08\/Schut\u00fcten-Kuchen-Springform-2-768x576.jpg 768w\" sizes=\"auto, (max-width: 800px) 100vw, 800px\" \/><\/a><\/p>\n<p style=\"text-align: justify;\">Wenn man den Rand der Springform gel\u00f6st hat, teilt man den Kuchen in 6 St\u00fccke. In einem tiefen Teller verr\u00fchrt man den Puderzucker mit dem frisch gepressten Zitronensaft und bestreicht jedes der 6 Kuchenst\u00fccke damit. Auch die Seiten nicht vergessen! Den noch feuchten Zuckerguss kann man nach Belieben verzieren. Ist der Guss schlie\u00dflich getrocknet, schneidet man am oberen, breiten Rand mit dem K\u00fcchenmesser eine schmale \u00d6ffnung in das Kuchenst\u00fcck und schiebt mit dem spitzen Ende zuerst ein Waffelherz hinein. Wenn man um die Eiswaffel noch etwas Geschenkband zu einer Schleife bindet, sieht der Kuchen wie eine echte Schult\u00fcte aus. Klasse, oder?<\/p>\n<p style=\"text-align: center;\"><a href=\"https:\/\/www.sabine-seyffert.de\/blog\/wp-content\/uploads\/2019\/08\/Schut\u00fcten-Kuchen-Springform-9.jpg\"><img loading=\"lazy\" decoding=\"async\" class=\"alignnone size-full wp-image-14919\" src=\"https:\/\/www.sabine-seyffert.de\/blog\/wp-content\/uploads\/2019\/08\/Schut\u00fcten-Kuchen-Springform-9.jpg\" alt=\"\" width=\"600\" height=\"800\" srcset=\"https:\/\/www.sabine-seyffert.de\/blog\/wp-content\/uploads\/2019\/08\/Schut\u00fcten-Kuchen-Springform-9.jpg 600w, https:\/\/www.sabine-seyffert.de\/blog\/wp-content\/uploads\/2019\/08\/Schut\u00fcten-Kuchen-Springform-9-225x300.jpg 225w\" sizes=\"auto, (max-width: 600px) 100vw, 600px\" \/><\/a><\/p>\n<p style=\"text-align: justify;\">Weitere bunte Ideen zum Schulafang findet ihr \u00fcbrigens in <a href=\"https:\/\/www.sabine-seyffert.de\/blog\/?cat=40\" target=\"_blank\" rel=\"noopener noreferrer\">dieser Blog Kategorie<\/a>, s\u00fc\u00dfe Rezeptidee gibt es in <a href=\"https:\/\/www.sabine-seyffert.de\/blog\/?cat=31\" target=\"_blank\" rel=\"noopener noreferrer\">diesem Ordner<\/a>, alles zum Thema Feiern mit Kindern gibt es an <a href=\"https:\/\/www.sabine-seyffert.de\/blog\/?cat=21\" target=\"_blank\" rel=\"noopener noreferrer\">dieser Stelle<\/a>, Ideen f\u00fcr den Sommer <a href=\"https:\/\/www.sabine-seyffert.de\/blog\/?cat=24\" target=\"_blank\" rel=\"noopener noreferrer\">hier<\/a> und andere kreative Sachen <a href=\"http:\/\/www.lunaju.de\/2019\/08\/kiddikram-august-2019.html\" target=\"_blank\" rel=\"noopener noreferrer\">da<\/a> und an <a href=\"https:\/\/www.creadienstag.de\/2019\/08\/linkparty-392.html\" target=\"_blank\" rel=\"noopener nofollow noreferrer\">dort<\/a>.<\/p>\n<p style=\"text-align: center;\"><a href=\"https:\/\/www.sabine-seyffert.de\/blog\/wp-content\/uploads\/2019\/08\/Schut\u00fcten-Kuchen-Springform-3.jpg\"><img loading=\"lazy\" decoding=\"async\" class=\"alignnone size-full wp-image-14920\" src=\"https:\/\/www.sabine-seyffert.de\/blog\/wp-content\/uploads\/2019\/08\/Schut\u00fcten-Kuchen-Springform-3.jpg\" alt=\"\" width=\"800\" height=\"600\" srcset=\"https:\/\/www.sabine-seyffert.de\/blog\/wp-content\/uploads\/2019\/08\/Schut\u00fcten-Kuchen-Springform-3.jpg 800w, https:\/\/www.sabine-seyffert.de\/blog\/wp-content\/uploads\/2019\/08\/Schut\u00fcten-Kuchen-Springform-3-300x225.jpg 300w, https:\/\/www.sabine-seyffert.de\/blog\/wp-content\/uploads\/2019\/08\/Schut\u00fcten-Kuchen-Springform-3-768x576.jpg 768w\" sizes=\"auto, (max-width: 800px) 100vw, 800px\" \/><\/a><\/p>\n<p style=\"text-align: justify;\"><a href=\"https:\/\/www.sabine-seyffert.de\/blog\/?page_id=32#urheberrecht\">urheberrechtlich gesch\u00fctzt<\/a>, \u00a9 Sabine Seyffert<\/p>\n","protected":false},"excerpt":{"rendered":"<p>DIY, Deko und Bastelanleitungen zum Thema Einschulungsfeier und somit dem ersten Schultag sind auf meinem Blog immer ausgesprochen gefragt und sehr beliebte Blogartikel. Daher gibt es nat\u00fcrlich auch in diesem Sommer ein paar ausgefallene, pfiffige und kunterbunte Idee f\u00fcr euch und all die vielen Vorschulkinder, die es kaum erwarten k\u00f6nnen in die Grundschule zu kommen&#8230;. <a href=\"https:\/\/www.sabine-seyffert.de\/blog\/diy-idee-zum-schulstart-selbst-gemachte-schultuete-als-mini-kuchen-fuer-die-einschulung\/\" class=\"more-link\">Read more: DIY Idee zum Schulstart: Selbst gemachte Schult\u00fcte als Mini Kuchen f\u00fcr die Einschulung<\/a><\/p>\n","protected":false},"author":2,"featured_media":0,"comment_status":"open","ping_status":"open","sticky":false,"template":"","format":"standard","meta":{"_metis_text_type":"","_metis_text_length":2686,"_post_count":0,"footnotes":""},"categories":[21,31,40,24],"tags":[],"class_list":["post-14913","post","type-post","status-publish","format-standard","hentry","category-kinderfeste-partys","category-rezepte-suse-kuchen-co","category-schulstart","category-sommer"],"_links":{"self":[{"href":"https:\/\/www.sabine-seyffert.de\/blog\/wp-json\/wp\/v2\/posts\/14913","targetHints":{"allow":["GET"]}}],"collection":[{"href":"https:\/\/www.sabine-seyffert.de\/blog\/wp-json\/wp\/v2\/posts"}],"about":[{"href":"https:\/\/www.sabine-seyffert.de\/blog\/wp-json\/wp\/v2\/types\/post"}],"author":[{"embeddable":true,"href":"https:\/\/www.sabine-seyffert.de\/blog\/wp-json\/wp\/v2\/users\/2"}],"replies":[{"embeddable":true,"href":"https:\/\/www.sabine-seyffert.de\/blog\/wp-json\/wp\/v2\/comments?post=14913"}],"version-history":[{"count":3,"href":"https:\/\/www.sabine-seyffert.de\/blog\/wp-json\/wp\/v2\/posts\/14913\/revisions"}],"predecessor-version":[{"id":14936,"href":"https:\/\/www.sabine-seyffert.de\/blog\/wp-json\/wp\/v2\/posts\/14913\/revisions\/14936"}],"wp:attachment":[{"href":"https:\/\/www.sabine-seyffert.de\/blog\/wp-json\/wp\/v2\/media?parent=14913"}],"wp:term":[{"taxonomy":"category","embeddable":true,"href":"https:\/\/www.sabine-seyffert.de\/blog\/wp-json\/wp\/v2\/categories?post=14913"},{"taxonomy":"post_tag","embeddable":true,"href":"https:\/\/www.sabine-seyffert.de\/blog\/wp-json\/wp\/v2\/tags?post=14913"}],"curies":[{"name":"wp","href":"https:\/\/api.w.org\/{rel}","templated":true}]}}