{"id":14843,"date":"2019-08-02T12:04:39","date_gmt":"2019-08-02T10:04:39","guid":{"rendered":"https:\/\/www.sabine-seyffert.de\/blog\/?p=14843"},"modified":"2019-08-02T12:04:39","modified_gmt":"2019-08-02T10:04:39","slug":"diy-selbst-gemachte-geschenkverpackung-fuer-den-kindergeburtstag-bastelanleitung-wal","status":"publish","type":"post","link":"https:\/\/www.sabine-seyffert.de\/blog\/diy-selbst-gemachte-geschenkverpackung-fuer-den-kindergeburtstag-bastelanleitung-wal\/","title":{"rendered":"DIY: Selbst gemachte Geschenkverpackung f\u00fcr den Kindergeburtstag \u2013 Bastelanleitung Wal"},"content":{"rendered":"<p style=\"text-align: justify;\"><img loading=\"lazy\" decoding=\"async\" src=\"https:\/\/vg06.met.vgwort.de\/na\/a316e9776df34747aec0fd4d3a26842e\" alt=\"\" width=\"1\" height=\"1\" \/>Wie man an unserer <a href=\"https:\/\/www.sabine-seyffert.de\/blog\/?cat=50\" target=\"_blank\" rel=\"noopener noreferrer\">Unterwasserparty<\/a> unschwer erkennt, stehen Meerestiere hier ganz hoch im Kurs. Gerade die gro\u00dfen Tiere wie Delfine und Wale haben es den Kindern angetan. Dazu hatte ich auch schon einige Geschenkverpackungen gezeigt, wie diese <a href=\"https:\/\/www.sabine-seyffert.de\/blog\/?p=14683\" target=\"_blank\" rel=\"noopener noreferrer\">hier<\/a> oder <a href=\"https:\/\/www.sabine-seyffert.de\/blog\/?p=7616\" target=\"_blank\" rel=\"noopener noreferrer\">die maritimen Geschenkt\u00fcten<\/a> als Mitgebsel f\u00fcr die kleinen G\u00e4ste. Dieses Mal ziert ein gro\u00dfer Wal das Geburtstagsgeschenk. Und dieser ist recht flott gebastelt.<\/p>\n<p style=\"text-align: center;\"><a href=\"https:\/\/www.sabine-seyffert.de\/blog\/wp-content\/uploads\/2019\/08\/Geschenkverpackung-Wal-8.jpg\"><img loading=\"lazy\" decoding=\"async\" class=\"alignnone size-full wp-image-14844\" src=\"https:\/\/www.sabine-seyffert.de\/blog\/wp-content\/uploads\/2019\/08\/Geschenkverpackung-Wal-8.jpg\" alt=\"\" width=\"800\" height=\"600\" srcset=\"https:\/\/www.sabine-seyffert.de\/blog\/wp-content\/uploads\/2019\/08\/Geschenkverpackung-Wal-8.jpg 800w, https:\/\/www.sabine-seyffert.de\/blog\/wp-content\/uploads\/2019\/08\/Geschenkverpackung-Wal-8-300x225.jpg 300w, https:\/\/www.sabine-seyffert.de\/blog\/wp-content\/uploads\/2019\/08\/Geschenkverpackung-Wal-8-768x576.jpg 768w\" sizes=\"auto, (max-width: 800px) 100vw, 800px\" \/><\/a><\/p>\n<p style=\"text-align: justify;\"><strong>Das wird gebraucht:<\/strong><br \/>\nUnifarbenes Geschenkpapier, ein Blatt einer alten Tageszeitung (m\u00f6glichst mit Schrift bedruckt), blaue Wasserfarbe, Borstenpinsel, dunkelblaues Tonpapier, eine Bastelschere, Klebstoff \/ Klebestift, einen Geburtstagsstempel, Pastellkreide in unterschiedlichen Blaut\u00f6nen, einen schwarzen Fineliner und einen Bleistift<\/p>\n<p style=\"text-align: center;\"><a href=\"https:\/\/www.sabine-seyffert.de\/blog\/wp-content\/uploads\/2019\/08\/Geschenkverpackung-Wal-1.jpg\"><img loading=\"lazy\" decoding=\"async\" class=\"alignnone size-full wp-image-14845\" src=\"https:\/\/www.sabine-seyffert.de\/blog\/wp-content\/uploads\/2019\/08\/Geschenkverpackung-Wal-1.jpg\" alt=\"\" width=\"800\" height=\"600\" srcset=\"https:\/\/www.sabine-seyffert.de\/blog\/wp-content\/uploads\/2019\/08\/Geschenkverpackung-Wal-1.jpg 800w, https:\/\/www.sabine-seyffert.de\/blog\/wp-content\/uploads\/2019\/08\/Geschenkverpackung-Wal-1-300x225.jpg 300w, https:\/\/www.sabine-seyffert.de\/blog\/wp-content\/uploads\/2019\/08\/Geschenkverpackung-Wal-1-768x576.jpg 768w\" sizes=\"auto, (max-width: 800px) 100vw, 800px\" \/><\/a><\/p>\n<p style=\"text-align: justify;\"><strong>So wird\u2019s gemacht:<\/strong><br \/>\nZuerst nimmt man sich ein Blatt von einer ausgelesenen Tageszeitung. Am besten eignet sich der mit Schrift bedruckte Teil. Diesen habe ich mit blauer Wasserfarbe grob \u00fcbermalt. Hierbei darf gerne der Text samt Buchstaben etwas durchscheinen. So sieht es sch\u00f6ner aus und man sieht auf den ersten Blick, dass es sich um ein Upcycling handelt \ud83d\ude42<\/p>\n<p style=\"text-align: center;\"><a href=\"https:\/\/www.sabine-seyffert.de\/blog\/wp-content\/uploads\/2019\/08\/Geschenkverpackung-Wal-3.jpg\"><img loading=\"lazy\" decoding=\"async\" class=\"alignnone size-full wp-image-14846\" src=\"https:\/\/www.sabine-seyffert.de\/blog\/wp-content\/uploads\/2019\/08\/Geschenkverpackung-Wal-3.jpg\" alt=\"\" width=\"800\" height=\"600\" srcset=\"https:\/\/www.sabine-seyffert.de\/blog\/wp-content\/uploads\/2019\/08\/Geschenkverpackung-Wal-3.jpg 800w, https:\/\/www.sabine-seyffert.de\/blog\/wp-content\/uploads\/2019\/08\/Geschenkverpackung-Wal-3-300x225.jpg 300w, https:\/\/www.sabine-seyffert.de\/blog\/wp-content\/uploads\/2019\/08\/Geschenkverpackung-Wal-3-768x576.jpg 768w\" sizes=\"auto, (max-width: 800px) 100vw, 800px\" \/><\/a><\/p>\n<p style=\"text-align: justify;\">Wenn man mit viel Farbe und wenig Wasser malt, ist dieses schnell getrocknet. Da ich mit diesem Material ausgesprochen gerne bastele (die detaillierte Bastelanleitung zu diesem kostenlosen Bastelmaterial findet ihr <a href=\"https:\/\/www.sabine-seyffert.de\/blog\/?p=13917\" target=\"_blank\" rel=\"noopener noreferrer\">hier<\/a>), bereite ich mir oftmals gr\u00f6\u00dfere Zeitungsst\u00fccke auf diese Weise vor. Dann hat man sie stets zur Hand.<\/p>\n<p style=\"text-align: center;\"><a href=\"https:\/\/www.sabine-seyffert.de\/blog\/wp-content\/uploads\/2019\/08\/Geschenkverpackung-Wal-4.jpg\"><img loading=\"lazy\" decoding=\"async\" class=\"alignnone size-full wp-image-14847\" src=\"https:\/\/www.sabine-seyffert.de\/blog\/wp-content\/uploads\/2019\/08\/Geschenkverpackung-Wal-4.jpg\" alt=\"\" width=\"800\" height=\"600\" srcset=\"https:\/\/www.sabine-seyffert.de\/blog\/wp-content\/uploads\/2019\/08\/Geschenkverpackung-Wal-4.jpg 800w, https:\/\/www.sabine-seyffert.de\/blog\/wp-content\/uploads\/2019\/08\/Geschenkverpackung-Wal-4-300x225.jpg 300w, https:\/\/www.sabine-seyffert.de\/blog\/wp-content\/uploads\/2019\/08\/Geschenkverpackung-Wal-4-768x576.jpg 768w\" sizes=\"auto, (max-width: 800px) 100vw, 800px\" \/><\/a><\/p>\n<p style=\"text-align: justify;\">F\u00fcr das Meer habe ich einen blauen Streifen Tonpapier genommen und an den unteren Rand geklebt. Probehalber habe ich darauf Fingerabdr\u00fccke mit wei\u00dfer Stempelfarbe gedruckt. Man kann auch aber mit Pastellkreide etwas Struktur in das Wasser bringen oder es auch einfach unifarben lassen.<\/p>\n<p style=\"text-align: center;\"><a href=\"https:\/\/www.sabine-seyffert.de\/blog\/wp-content\/uploads\/2019\/08\/Geschenkverpackung-Wal-6.jpg\"><img loading=\"lazy\" decoding=\"async\" class=\"alignnone size-full wp-image-14848\" src=\"https:\/\/www.sabine-seyffert.de\/blog\/wp-content\/uploads\/2019\/08\/Geschenkverpackung-Wal-6.jpg\" alt=\"\" width=\"800\" height=\"600\" srcset=\"https:\/\/www.sabine-seyffert.de\/blog\/wp-content\/uploads\/2019\/08\/Geschenkverpackung-Wal-6.jpg 800w, https:\/\/www.sabine-seyffert.de\/blog\/wp-content\/uploads\/2019\/08\/Geschenkverpackung-Wal-6-300x225.jpg 300w, https:\/\/www.sabine-seyffert.de\/blog\/wp-content\/uploads\/2019\/08\/Geschenkverpackung-Wal-6-768x576.jpg 768w\" sizes=\"auto, (max-width: 800px) 100vw, 800px\" \/><\/a><\/p>\n<p style=\"text-align: justify;\">Auf die R\u00fcckseite des blau bemalten Zeitungspapiers habe ich einen gro\u00dfen Wal gezeichnet und ausgeschnitten. Den klebt man nun mitten ins blaue Wasser. Mit Fineliner habe ich Augen und Maul gezeichnet. \u00dcber dem Wal prangt eine Wasserfont\u00e4ne. Diese kann man mit Stiften und Pastellkreide prima darstellen.<\/p>\n<p style=\"text-align: center;\"><a href=\"https:\/\/www.sabine-seyffert.de\/blog\/wp-content\/uploads\/2019\/08\/Geschenkverpackung-Wal-4-1.jpg\"><img loading=\"lazy\" decoding=\"async\" class=\"alignnone size-full wp-image-14849\" src=\"https:\/\/www.sabine-seyffert.de\/blog\/wp-content\/uploads\/2019\/08\/Geschenkverpackung-Wal-4-1.jpg\" alt=\"\" width=\"800\" height=\"600\" srcset=\"https:\/\/www.sabine-seyffert.de\/blog\/wp-content\/uploads\/2019\/08\/Geschenkverpackung-Wal-4-1.jpg 800w, https:\/\/www.sabine-seyffert.de\/blog\/wp-content\/uploads\/2019\/08\/Geschenkverpackung-Wal-4-1-300x225.jpg 300w, https:\/\/www.sabine-seyffert.de\/blog\/wp-content\/uploads\/2019\/08\/Geschenkverpackung-Wal-4-1-768x576.jpg 768w\" sizes=\"auto, (max-width: 800px) 100vw, 800px\" \/><\/a><\/p>\n<p style=\"text-align: justify;\">Au\u00dferdem habe ich ein St\u00fcck Papier mit Geburtstagsstempel bedruckt und zu einem Wimpel geschnitten. Der klebt nun \u00fcber dem Wal und w\u00fcnscht dem Geburtstagskind alles Gute.<\/p>\n<p style=\"text-align: center;\"><a href=\"https:\/\/www.sabine-seyffert.de\/blog\/wp-content\/uploads\/2019\/08\/Geschenkverpackung-Wal-5.jpg\"><img loading=\"lazy\" decoding=\"async\" class=\"alignnone size-full wp-image-14850\" src=\"https:\/\/www.sabine-seyffert.de\/blog\/wp-content\/uploads\/2019\/08\/Geschenkverpackung-Wal-5.jpg\" alt=\"\" width=\"800\" height=\"600\" srcset=\"https:\/\/www.sabine-seyffert.de\/blog\/wp-content\/uploads\/2019\/08\/Geschenkverpackung-Wal-5.jpg 800w, https:\/\/www.sabine-seyffert.de\/blog\/wp-content\/uploads\/2019\/08\/Geschenkverpackung-Wal-5-300x225.jpg 300w, https:\/\/www.sabine-seyffert.de\/blog\/wp-content\/uploads\/2019\/08\/Geschenkverpackung-Wal-5-768x576.jpg 768w\" sizes=\"auto, (max-width: 800px) 100vw, 800px\" \/><\/a><\/p>\n<p style=\"text-align: justify;\">Weitere Inspirationen und Bastelanleitungen f\u00fcr selbst gemachte Geschenkverpackungen findet ihr \u00fcbrigens in <a href=\"https:\/\/www.sabine-seyffert.de\/blog\/?cat=49\" target=\"_blank\" rel=\"noopener noreferrer\">dieser Blog Kategorie<\/a>, Ideen zum Thema Kindergeburtstag und Kinderparty gibt es in <a href=\"https:\/\/www.sabine-seyffert.de\/blog\/?cat=21\" target=\"_blank\" rel=\"noopener noreferrer\">diesem Ordner<\/a>, weitere Upcycling Ideen in <a href=\"https:\/\/www.sabine-seyffert.de\/blog\/?cat=47\" target=\"_blank\" rel=\"noopener noreferrer\">dieser Rubrik<\/a> und andere kreative Sachen an <a href=\"http:\/\/www.lunaju.de\/2019\/08\/kiddikram-august-2019.html\" target=\"_blank\" rel=\"noopener nofollow noreferrer\">dieser<\/a> Stelle.<\/p>\n<p style=\"text-align: center;\"><a href=\"https:\/\/www.sabine-seyffert.de\/blog\/wp-content\/uploads\/2019\/08\/Geschenkverpackung-Wal-7.jpg\"><img loading=\"lazy\" decoding=\"async\" class=\"alignnone size-full wp-image-14851\" src=\"https:\/\/www.sabine-seyffert.de\/blog\/wp-content\/uploads\/2019\/08\/Geschenkverpackung-Wal-7.jpg\" alt=\"\" width=\"800\" height=\"600\" srcset=\"https:\/\/www.sabine-seyffert.de\/blog\/wp-content\/uploads\/2019\/08\/Geschenkverpackung-Wal-7.jpg 800w, https:\/\/www.sabine-seyffert.de\/blog\/wp-content\/uploads\/2019\/08\/Geschenkverpackung-Wal-7-300x225.jpg 300w, https:\/\/www.sabine-seyffert.de\/blog\/wp-content\/uploads\/2019\/08\/Geschenkverpackung-Wal-7-768x576.jpg 768w\" sizes=\"auto, (max-width: 800px) 100vw, 800px\" \/><\/a><\/p>\n<p style=\"text-align: justify;\"><a href=\"https:\/\/www.sabine-seyffert.de\/blog\/?page_id=32#urheberrecht\">urheberrechtlich gesch\u00fctzt<\/a>, \u00a9 Sabine Seyffert<\/p>\n","protected":false},"excerpt":{"rendered":"<p>Wie man an unserer Unterwasserparty unschwer erkennt, stehen Meerestiere hier ganz hoch im Kurs. Gerade die gro\u00dfen Tiere wie Delfine und Wale haben es den Kindern angetan. Dazu hatte ich auch schon einige Geschenkverpackungen gezeigt, wie diese hier oder die maritimen Geschenkt\u00fcten als Mitgebsel f\u00fcr die kleinen G\u00e4ste. Dieses Mal ziert ein gro\u00dfer Wal das&#8230; <a href=\"https:\/\/www.sabine-seyffert.de\/blog\/diy-selbst-gemachte-geschenkverpackung-fuer-den-kindergeburtstag-bastelanleitung-wal\/\" class=\"more-link\">Read more: DIY: Selbst gemachte Geschenkverpackung f\u00fcr den Kindergeburtstag \u2013 Bastelanleitung Wal<\/a><\/p>\n","protected":false},"author":2,"featured_media":0,"comment_status":"open","ping_status":"open","sticky":false,"template":"","format":"standard","meta":{"_metis_text_type":"","_metis_text_length":2534,"_post_count":0,"footnotes":""},"categories":[32,49,21,50,47],"tags":[],"class_list":["post-14843","post","type-post","status-publish","format-standard","hentry","category-kreatives-fur-kleine-kinderhande","category-verpackungsideen","category-kinderfeste-partys","category-unterwasserfest","category-upcyceltes"],"_links":{"self":[{"href":"https:\/\/www.sabine-seyffert.de\/blog\/wp-json\/wp\/v2\/posts\/14843","targetHints":{"allow":["GET"]}}],"collection":[{"href":"https:\/\/www.sabine-seyffert.de\/blog\/wp-json\/wp\/v2\/posts"}],"about":[{"href":"https:\/\/www.sabine-seyffert.de\/blog\/wp-json\/wp\/v2\/types\/post"}],"author":[{"embeddable":true,"href":"https:\/\/www.sabine-seyffert.de\/blog\/wp-json\/wp\/v2\/users\/2"}],"replies":[{"embeddable":true,"href":"https:\/\/www.sabine-seyffert.de\/blog\/wp-json\/wp\/v2\/comments?post=14843"}],"version-history":[{"count":3,"href":"https:\/\/www.sabine-seyffert.de\/blog\/wp-json\/wp\/v2\/posts\/14843\/revisions"}],"predecessor-version":[{"id":14854,"href":"https:\/\/www.sabine-seyffert.de\/blog\/wp-json\/wp\/v2\/posts\/14843\/revisions\/14854"}],"wp:attachment":[{"href":"https:\/\/www.sabine-seyffert.de\/blog\/wp-json\/wp\/v2\/media?parent=14843"}],"wp:term":[{"taxonomy":"category","embeddable":true,"href":"https:\/\/www.sabine-seyffert.de\/blog\/wp-json\/wp\/v2\/categories?post=14843"},{"taxonomy":"post_tag","embeddable":true,"href":"https:\/\/www.sabine-seyffert.de\/blog\/wp-json\/wp\/v2\/tags?post=14843"}],"curies":[{"name":"wp","href":"https:\/\/api.w.org\/{rel}","templated":true}]}}