{"id":14831,"date":"2019-07-30T07:05:46","date_gmt":"2019-07-30T05:05:46","guid":{"rendered":"https:\/\/www.sabine-seyffert.de\/blog\/?p=14831"},"modified":"2022-12-06T10:54:50","modified_gmt":"2022-12-06T08:54:50","slug":"basteln-mit-kindern-selbst-gemachter-sommer-kranz-mit-handabdruecken-papierbooten","status":"publish","type":"post","link":"https:\/\/www.sabine-seyffert.de\/blog\/basteln-mit-kindern-selbst-gemachter-sommer-kranz-mit-handabdruecken-papierbooten\/","title":{"rendered":"Basteln mit Kindern: Selbst gemachter Sommer-Kranz mit Handabdr\u00fccken &#038; Papierbooten"},"content":{"rendered":"<p style=\"text-align: justify;\"><img loading=\"lazy\" decoding=\"async\" src=\"https:\/\/vg06.met.vgwort.de\/na\/9aa054233eb34030accd1716060fd5f0\" alt=\"\" width=\"1\" height=\"1\" \/>Man merkt es gerade ganz deutlich \u2013 mir fehlt das Meer. Erst recht bei solch hohen Temperaturen und wenn keine Abk\u00fchlung in Sichtweite ist. Aber selbst ist die Frau \u2013 oder wie hei\u00dft es noch gleich? Daher habe ich in der letzten Woche nicht nur reichlich geschwitzt, sondern auf kreative Weise f\u00fcr eine Abk\u00fchlung gesorgt. Mit Hilfe von allerhand kleinen Kinderh\u00e4nden, ist ein gro\u00dfes Meer entstanden, das nun meine B\u00fcro T\u00fcr sommerlich schm\u00fcckt.<br \/>\nF\u00fcr alle, die auch Sehnsucht nach Meer haben oder die Sommerferien zum Basteln nutzen m\u00f6chten, gibt es hier die detaillierte Bastelanleitung zum Nachbasteln.<\/p>\n<p style=\"text-align: center;\"><a href=\"https:\/\/www.sabine-seyffert.de\/blog\/wp-content\/uploads\/2019\/07\/Kranz-H\u00e4nde-blau-Sabine-Seyffert.de-18.jpg\"><img loading=\"lazy\" decoding=\"async\" class=\"alignnone size-full wp-image-14832\" src=\"https:\/\/www.sabine-seyffert.de\/blog\/wp-content\/uploads\/2019\/07\/Kranz-H\u00e4nde-blau-Sabine-Seyffert.de-18.jpg\" alt=\"\" width=\"800\" height=\"600\" srcset=\"https:\/\/www.sabine-seyffert.de\/blog\/wp-content\/uploads\/2019\/07\/Kranz-H\u00e4nde-blau-Sabine-Seyffert.de-18.jpg 800w, https:\/\/www.sabine-seyffert.de\/blog\/wp-content\/uploads\/2019\/07\/Kranz-H\u00e4nde-blau-Sabine-Seyffert.de-18-300x225.jpg 300w, https:\/\/www.sabine-seyffert.de\/blog\/wp-content\/uploads\/2019\/07\/Kranz-H\u00e4nde-blau-Sabine-Seyffert.de-18-768x576.jpg 768w\" sizes=\"auto, (max-width: 800px) 100vw, 800px\" \/><\/a><\/p>\n<p style=\"text-align: justify;\"><strong>Das wird gebraucht:<\/strong><br \/>\n2 gro\u00dfe B\u00f6gen Tonkarton in Wei\u00df (50 x 70 cm, je nach Gr\u00f6\u00dfe der Kinderh\u00e4nde evtl. auch einen Bogen zus\u00e4tzlich), einen breiten Borstenpinsel, ein Wasserfarbkasten, Wasserfarbe, eine Bastelschere, ein Glas Leitungswasser, Bastelkleber \/ Klebestift, einen Zirkel, einen alten Pappkarton, eine Lochzange, eine Metall\u00f6se, Zeitungspapier oder alte Buchseiten, Zahnstocher, Kordel oder Geschenkbank sowie eine Hei\u00dfklebepistole samt Klebepatrone<\/p>\n<p style=\"text-align: center;\"><a href=\"https:\/\/www.sabine-seyffert.de\/blog\/wp-content\/uploads\/2019\/07\/Kranz-H\u00e4nde-blau-Sabine-Seyffert.de-17.jpg\"><img loading=\"lazy\" decoding=\"async\" class=\"alignnone size-full wp-image-14833\" src=\"https:\/\/www.sabine-seyffert.de\/blog\/wp-content\/uploads\/2019\/07\/Kranz-H\u00e4nde-blau-Sabine-Seyffert.de-17.jpg\" alt=\"\" width=\"800\" height=\"600\" srcset=\"https:\/\/www.sabine-seyffert.de\/blog\/wp-content\/uploads\/2019\/07\/Kranz-H\u00e4nde-blau-Sabine-Seyffert.de-17.jpg 800w, https:\/\/www.sabine-seyffert.de\/blog\/wp-content\/uploads\/2019\/07\/Kranz-H\u00e4nde-blau-Sabine-Seyffert.de-17-300x225.jpg 300w, https:\/\/www.sabine-seyffert.de\/blog\/wp-content\/uploads\/2019\/07\/Kranz-H\u00e4nde-blau-Sabine-Seyffert.de-17-768x576.jpg 768w\" sizes=\"auto, (max-width: 800px) 100vw, 800px\" \/><\/a><\/p>\n<p style=\"text-align: justify;\"><strong>So wird\u2019s gemacht:<\/strong><br \/>\nAls erstes ben\u00f6tigt man f\u00fcr diese Sommerdeko einen gro\u00dfen Schwung an blauen Handabdr\u00fccken. Dazu pinselt man die Kinderh\u00e4nde mit blauer Wasserfarbe ein und druckt damit auf den wei\u00dfen Tonkarton. Dabei haben wir ein bisschen mit den Farben experimentiert. Man kann die verschiedenen Blaut\u00f6ne einzeln verwenden, oder ein wenig untereinander mischen. Das waren die sch\u00f6nsten Handprint Ergebnisse auf dem Papier.<\/p>\n<p style=\"text-align: center;\"><a href=\"https:\/\/www.sabine-seyffert.de\/blog\/wp-content\/uploads\/2019\/07\/Kranz-H\u00e4nde-blau-Sabine-Seyffert.de-16.jpg\"><img loading=\"lazy\" decoding=\"async\" class=\"alignnone size-full wp-image-14834\" src=\"https:\/\/www.sabine-seyffert.de\/blog\/wp-content\/uploads\/2019\/07\/Kranz-H\u00e4nde-blau-Sabine-Seyffert.de-16.jpg\" alt=\"\" width=\"800\" height=\"600\" srcset=\"https:\/\/www.sabine-seyffert.de\/blog\/wp-content\/uploads\/2019\/07\/Kranz-H\u00e4nde-blau-Sabine-Seyffert.de-16.jpg 800w, https:\/\/www.sabine-seyffert.de\/blog\/wp-content\/uploads\/2019\/07\/Kranz-H\u00e4nde-blau-Sabine-Seyffert.de-16-300x225.jpg 300w, https:\/\/www.sabine-seyffert.de\/blog\/wp-content\/uploads\/2019\/07\/Kranz-H\u00e4nde-blau-Sabine-Seyffert.de-16-768x576.jpg 768w\" sizes=\"auto, (max-width: 800px) 100vw, 800px\" \/><\/a><\/p>\n<p style=\"text-align: justify;\">Dazu streicht man die Hand mit der gew\u00fcnschten Farbe an und gibt einfach mit einer zweiten Farbe ein paar Kleckse hier und da auf die Haut, bevor man damit druckt. Probiert einfach ein bisschen aus. Nicht alle Handabdr\u00fccke gelingen auf Anhieb. Hat man genug Abdr\u00fccke zusammen, muss die Farbe gut trocknen. In der Zwischenzeit schneidet man auf der Pappe einen gro\u00dfen Ring. Den kann man sich mit Hilfe von zwei gro\u00dfen Tellern o.\u00e4. vorzeichnen, oder mit dem Zirkel vormalen.<\/p>\n<p style=\"text-align: center;\"><a href=\"https:\/\/www.sabine-seyffert.de\/blog\/wp-content\/uploads\/2019\/07\/Kranz-H\u00e4nde-blau-Sabine-Seyffert.de-13.jpg\"><img loading=\"lazy\" decoding=\"async\" class=\"alignnone size-full wp-image-14835\" src=\"https:\/\/www.sabine-seyffert.de\/blog\/wp-content\/uploads\/2019\/07\/Kranz-H\u00e4nde-blau-Sabine-Seyffert.de-13.jpg\" alt=\"\" width=\"800\" height=\"600\" srcset=\"https:\/\/www.sabine-seyffert.de\/blog\/wp-content\/uploads\/2019\/07\/Kranz-H\u00e4nde-blau-Sabine-Seyffert.de-13.jpg 800w, https:\/\/www.sabine-seyffert.de\/blog\/wp-content\/uploads\/2019\/07\/Kranz-H\u00e4nde-blau-Sabine-Seyffert.de-13-300x225.jpg 300w, https:\/\/www.sabine-seyffert.de\/blog\/wp-content\/uploads\/2019\/07\/Kranz-H\u00e4nde-blau-Sabine-Seyffert.de-13-768x576.jpg 768w\" sizes=\"auto, (max-width: 800px) 100vw, 800px\" \/><\/a><\/p>\n<p style=\"text-align: justify;\">Den Ring schneidet man aus. Ebenso wie die getrockneten Handabdr\u00fccke. Diese klebt man am besten mit einem Klebestift (der tropft nicht) ringsum den Pappring zu einem Kranz.<\/p>\n<p style=\"text-align: center;\"><a href=\"https:\/\/www.sabine-seyffert.de\/blog\/wp-content\/uploads\/2019\/07\/Kranz-H\u00e4nde-blau-Sabine-Seyffert.de-12.jpg\"><img loading=\"lazy\" decoding=\"async\" class=\"alignnone size-full wp-image-14836\" src=\"https:\/\/www.sabine-seyffert.de\/blog\/wp-content\/uploads\/2019\/07\/Kranz-H\u00e4nde-blau-Sabine-Seyffert.de-12.jpg\" alt=\"\" width=\"800\" height=\"600\" srcset=\"https:\/\/www.sabine-seyffert.de\/blog\/wp-content\/uploads\/2019\/07\/Kranz-H\u00e4nde-blau-Sabine-Seyffert.de-12.jpg 800w, https:\/\/www.sabine-seyffert.de\/blog\/wp-content\/uploads\/2019\/07\/Kranz-H\u00e4nde-blau-Sabine-Seyffert.de-12-300x225.jpg 300w, https:\/\/www.sabine-seyffert.de\/blog\/wp-content\/uploads\/2019\/07\/Kranz-H\u00e4nde-blau-Sabine-Seyffert.de-12-768x576.jpg 768w\" sizes=\"auto, (max-width: 800px) 100vw, 800px\" \/><\/a><\/p>\n<p style=\"text-align: justify;\">Schlie\u00dflich fehlen noch ein paar Boote, die wir aus Buchseiten gefaltet haben. Einen Teil wurde mit Schwimmreifen bzw. Rettungsringen ausgestattet der andere Teil mit blauen Ankern. Die Details haben wir aus blau, rot und wei\u00df bemaltem Zeitungspapier geschnitten.<\/p>\n<p style=\"text-align: center;\"><a href=\"https:\/\/www.sabine-seyffert.de\/blog\/wp-content\/uploads\/2019\/07\/Kranz-H\u00e4nde-blau-Sabine-Seyffert.de-10.jpg\"><img loading=\"lazy\" decoding=\"async\" class=\"alignnone size-full wp-image-14837\" src=\"https:\/\/www.sabine-seyffert.de\/blog\/wp-content\/uploads\/2019\/07\/Kranz-H\u00e4nde-blau-Sabine-Seyffert.de-10.jpg\" alt=\"\" width=\"800\" height=\"600\" srcset=\"https:\/\/www.sabine-seyffert.de\/blog\/wp-content\/uploads\/2019\/07\/Kranz-H\u00e4nde-blau-Sabine-Seyffert.de-10.jpg 800w, https:\/\/www.sabine-seyffert.de\/blog\/wp-content\/uploads\/2019\/07\/Kranz-H\u00e4nde-blau-Sabine-Seyffert.de-10-300x225.jpg 300w, https:\/\/www.sabine-seyffert.de\/blog\/wp-content\/uploads\/2019\/07\/Kranz-H\u00e4nde-blau-Sabine-Seyffert.de-10-768x576.jpg 768w\" sizes=\"auto, (max-width: 800px) 100vw, 800px\" \/><\/a><\/p>\n<p style=\"text-align: justify;\">Au\u00dferdem hat jedes Schiff eine Fahne bekommen. Dazu schneidet man aus dem mit Wasserfarbe bemaltem Zeitungspapier Wimpel und klebt diese um den Zahnstocher. Diesen piekst man von oben durch das gefaltete Boot. Die fertigen Schiffe werden mit etwas Hei\u00dfkleber Innen versehen und hier und dort auf die blauen Fingerkuppen gesteckt.<\/p>\n<p style=\"text-align: center;\"><a href=\"https:\/\/www.sabine-seyffert.de\/blog\/wp-content\/uploads\/2019\/07\/Kranz-H\u00e4nde-blau-Sabine-Seyffert.de-9.jpg\"><img loading=\"lazy\" decoding=\"async\" class=\"alignnone size-full wp-image-14838\" src=\"https:\/\/www.sabine-seyffert.de\/blog\/wp-content\/uploads\/2019\/07\/Kranz-H\u00e4nde-blau-Sabine-Seyffert.de-9.jpg\" alt=\"\" width=\"800\" height=\"600\" srcset=\"https:\/\/www.sabine-seyffert.de\/blog\/wp-content\/uploads\/2019\/07\/Kranz-H\u00e4nde-blau-Sabine-Seyffert.de-9.jpg 800w, https:\/\/www.sabine-seyffert.de\/blog\/wp-content\/uploads\/2019\/07\/Kranz-H\u00e4nde-blau-Sabine-Seyffert.de-9-300x225.jpg 300w, https:\/\/www.sabine-seyffert.de\/blog\/wp-content\/uploads\/2019\/07\/Kranz-H\u00e4nde-blau-Sabine-Seyffert.de-9-768x576.jpg 768w\" sizes=\"auto, (max-width: 800px) 100vw, 800px\" \/><\/a><\/p>\n<p style=\"text-align: justify;\">Zum Schluss locht man den Kranz oben mittig, befestigt eine Metall\u00f6se in der \u00d6ffnung, damit nichts ausrei\u00dft und zieht etwas Kordel oder Geschenkbank hindurch.<\/p>\n<p style=\"text-align: center;\"><a href=\"https:\/\/www.sabine-seyffert.de\/blog\/wp-content\/uploads\/2019\/07\/Kranz-H\u00e4nde-blau-Sabine-Seyffert.de-8.jpg\"><img loading=\"lazy\" decoding=\"async\" class=\"alignnone size-full wp-image-14839\" src=\"https:\/\/www.sabine-seyffert.de\/blog\/wp-content\/uploads\/2019\/07\/Kranz-H\u00e4nde-blau-Sabine-Seyffert.de-8.jpg\" alt=\"\" width=\"800\" height=\"600\" srcset=\"https:\/\/www.sabine-seyffert.de\/blog\/wp-content\/uploads\/2019\/07\/Kranz-H\u00e4nde-blau-Sabine-Seyffert.de-8.jpg 800w, https:\/\/www.sabine-seyffert.de\/blog\/wp-content\/uploads\/2019\/07\/Kranz-H\u00e4nde-blau-Sabine-Seyffert.de-8-300x225.jpg 300w, https:\/\/www.sabine-seyffert.de\/blog\/wp-content\/uploads\/2019\/07\/Kranz-H\u00e4nde-blau-Sabine-Seyffert.de-8-768x576.jpg 768w\" sizes=\"auto, (max-width: 800px) 100vw, 800px\" \/><\/a><\/p>\n<p style=\"text-align: justify;\">Weitere Bastelanleitungen f\u00fcr Kinder findet ihr \u00fcbrigens in <a href=\"https:\/\/www.sabine-seyffert.de\/blog\/?cat=32\" target=\"_blank\" rel=\"noopener noreferrer\">dieser Blog Kategorie<\/a>, alle DIY rund das Thema selbst gemachte Deko gibt es in <a href=\"https:\/\/www.sabine-seyffert.de\/blog\/?cat=12\" target=\"_blank\" rel=\"noopener noreferrer\">diesem Ordner<\/a>, alles rund um den Sommer in <a href=\"https:\/\/www.sabine-seyffert.de\/blog\/?cat=24\" target=\"_blank\" rel=\"noopener noreferrer\">dieser Rubrik<\/a>, noch mehr Handprint Bastelideen auf meinem <a href=\"https:\/\/www.pinterest.de\/diysabineseyffert\/\" target=\"_blank\" rel=\"noopener nofollow noreferrer\">Pinterest Board<\/a> und andere kreative Sachen gibt es <a href=\"http:\/\/www.lunaju.de\/2019\/07\/kiddikram-juli-2019.html\" target=\"_blank\" rel=\"noopener nofollow noreferrer\">da<\/a> und auch an <a href=\"https:\/\/www.creadienstag.de\/2019\/07\/linkparty-389.html\" target=\"_blank\" rel=\"noopener nofollow noreferrer\">dieser<\/a> Stelle.<\/p>\n<p style=\"text-align: justify;\"><a href=\"https:\/\/www.sabine-seyffert.de\/blog\/?page_id=32#urheberrecht\">urheberrechtlich gesch\u00fctzt<\/a>, \u00a9 Sabine Seyffert<\/p>\n","protected":false},"excerpt":{"rendered":"<p>Man merkt es gerade ganz deutlich \u2013 mir fehlt das Meer. Erst recht bei solch hohen Temperaturen und wenn keine Abk\u00fchlung in Sichtweite ist. Aber selbst ist die Frau \u2013 oder wie hei\u00dft es noch gleich? Daher habe ich in der letzten Woche nicht nur reichlich geschwitzt, sondern auf kreative Weise f\u00fcr eine Abk\u00fchlung gesorgt&#8230;. <a href=\"https:\/\/www.sabine-seyffert.de\/blog\/basteln-mit-kindern-selbst-gemachter-sommer-kranz-mit-handabdruecken-papierbooten\/\" class=\"more-link\">Read more: Basteln mit Kindern: Selbst gemachter Sommer-Kranz mit Handabdr\u00fccken &#038; Papierbooten<\/a><\/p>\n","protected":false},"author":2,"featured_media":0,"comment_status":"open","ping_status":"open","sticky":false,"template":"","format":"standard","meta":{"_metis_text_type":"","_metis_text_length":3250,"_post_count":0,"footnotes":""},"categories":[32,12,24],"tags":[],"class_list":["post-14831","post","type-post","status-publish","format-standard","hentry","category-kreatives-fur-kleine-kinderhande","category-deko-ideen","category-sommer"],"_links":{"self":[{"href":"https:\/\/www.sabine-seyffert.de\/blog\/wp-json\/wp\/v2\/posts\/14831","targetHints":{"allow":["GET"]}}],"collection":[{"href":"https:\/\/www.sabine-seyffert.de\/blog\/wp-json\/wp\/v2\/posts"}],"about":[{"href":"https:\/\/www.sabine-seyffert.de\/blog\/wp-json\/wp\/v2\/types\/post"}],"author":[{"embeddable":true,"href":"https:\/\/www.sabine-seyffert.de\/blog\/wp-json\/wp\/v2\/users\/2"}],"replies":[{"embeddable":true,"href":"https:\/\/www.sabine-seyffert.de\/blog\/wp-json\/wp\/v2\/comments?post=14831"}],"version-history":[{"count":5,"href":"https:\/\/www.sabine-seyffert.de\/blog\/wp-json\/wp\/v2\/posts\/14831\/revisions"}],"predecessor-version":[{"id":24691,"href":"https:\/\/www.sabine-seyffert.de\/blog\/wp-json\/wp\/v2\/posts\/14831\/revisions\/24691"}],"wp:attachment":[{"href":"https:\/\/www.sabine-seyffert.de\/blog\/wp-json\/wp\/v2\/media?parent=14831"}],"wp:term":[{"taxonomy":"category","embeddable":true,"href":"https:\/\/www.sabine-seyffert.de\/blog\/wp-json\/wp\/v2\/categories?post=14831"},{"taxonomy":"post_tag","embeddable":true,"href":"https:\/\/www.sabine-seyffert.de\/blog\/wp-json\/wp\/v2\/tags?post=14831"}],"curies":[{"name":"wp","href":"https:\/\/api.w.org\/{rel}","templated":true}]}}