{"id":14787,"date":"2019-07-22T11:15:04","date_gmt":"2019-07-22T09:15:04","guid":{"rendered":"https:\/\/www.sabine-seyffert.de\/blog\/?p=14787"},"modified":"2019-07-22T11:15:04","modified_gmt":"2019-07-22T09:15:04","slug":"rezept-idee-fuer-warme-sommertage-selbst-gemachter-kraeuter-dip-kochen-mit-kindern","status":"publish","type":"post","link":"https:\/\/www.sabine-seyffert.de\/blog\/rezept-idee-fuer-warme-sommertage-selbst-gemachter-kraeuter-dip-kochen-mit-kindern\/","title":{"rendered":"Rezept Idee f\u00fcr warme Sommertage: Selbst gemachter Kr\u00e4uter Dip \u2013 Kochen mit Kindern"},"content":{"rendered":"<p style=\"text-align: justify;\"><img loading=\"lazy\" decoding=\"async\" src=\"https:\/\/vg06.met.vgwort.de\/na\/99e8fd460fb54d3a9d893dae2f91afcc\" alt=\"\" width=\"1\" height=\"1\" \/>Die Sommerferien haben begonnen und das bedeutet jede Menge Zeit. Damit keine Langeweile aufkommt, darf auch der Nachwuchs w\u00e4hrend der Ferienzeit gerne in der K\u00fcche helfen oder dort auch mal das Zepter \u00fcbernehmen. An sonnigen Tagen, wenn es Drau\u00dfen richtig warm ist, hat man mittags eh meist keinen Hunger auf etwas warmes. Daher gibt es heute eine kleine Rezeptidee, die Kinder fast ohne Hilfe eines Erwachsenen zubereiten k\u00f6nnen: Einen w\u00fcrzigen Kr\u00e4uterquark. Aus diesem Grund ist die Anleitung diesmal auch direkt an die Kinder gerichtet \ud83d\ude42<\/p>\n<p style=\"text-align: center;\"><a href=\"https:\/\/www.sabine-seyffert.de\/blog\/wp-content\/uploads\/2019\/07\/Kr\u00e4uterquark-Sabine-Seyffert.de-8.jpg\"><img loading=\"lazy\" decoding=\"async\" class=\"alignnone size-full wp-image-14788\" src=\"https:\/\/www.sabine-seyffert.de\/blog\/wp-content\/uploads\/2019\/07\/Kr\u00e4uterquark-Sabine-Seyffert.de-8.jpg\" alt=\"\" width=\"800\" height=\"600\" srcset=\"https:\/\/www.sabine-seyffert.de\/blog\/wp-content\/uploads\/2019\/07\/Kr\u00e4uterquark-Sabine-Seyffert.de-8.jpg 800w, https:\/\/www.sabine-seyffert.de\/blog\/wp-content\/uploads\/2019\/07\/Kr\u00e4uterquark-Sabine-Seyffert.de-8-300x225.jpg 300w, https:\/\/www.sabine-seyffert.de\/blog\/wp-content\/uploads\/2019\/07\/Kr\u00e4uterquark-Sabine-Seyffert.de-8-768x576.jpg 768w\" sizes=\"auto, (max-width: 800px) 100vw, 800px\" \/><\/a><\/p>\n<p style=\"text-align: justify;\"><strong>Das wird gebraucht:<\/strong><br \/>\n500 g Magerquark, rund 100 g Naturjoghurt etwas Milch, 1 Bund frischer Schnittlauch, \u00bd Bund Petersilie, 1 Bund Dill (oder auch andere Kr\u00e4uter eurer Wahl!), eine Prise Kr\u00e4utersalz sowie optional etwas Pfeffer und eine Knoblauchzehe<\/p>\n<p style=\"text-align: center;\"><a href=\"https:\/\/www.sabine-seyffert.de\/blog\/wp-content\/uploads\/2019\/07\/Kr\u00e4uterquark-Sabine-Seyffert.de-5.jpg\"><img loading=\"lazy\" decoding=\"async\" class=\"alignnone size-full wp-image-14789\" src=\"https:\/\/www.sabine-seyffert.de\/blog\/wp-content\/uploads\/2019\/07\/Kr\u00e4uterquark-Sabine-Seyffert.de-5.jpg\" alt=\"\" width=\"800\" height=\"600\" srcset=\"https:\/\/www.sabine-seyffert.de\/blog\/wp-content\/uploads\/2019\/07\/Kr\u00e4uterquark-Sabine-Seyffert.de-5.jpg 800w, https:\/\/www.sabine-seyffert.de\/blog\/wp-content\/uploads\/2019\/07\/Kr\u00e4uterquark-Sabine-Seyffert.de-5-300x225.jpg 300w, https:\/\/www.sabine-seyffert.de\/blog\/wp-content\/uploads\/2019\/07\/Kr\u00e4uterquark-Sabine-Seyffert.de-5-768x576.jpg 768w\" sizes=\"auto, (max-width: 800px) 100vw, 800px\" \/><\/a><\/p>\n<p><strong>So wird\u2019s gemacht:<\/strong><br \/>\nGib den Quark, den Naturjoghurt mit etwas Milch in eine kleine Sch\u00fcssel und verr\u00fchre diesen mit einem Schneebesen zu einer glatten Masse. Wenn der Quark f\u00fcr gew\u00fcnschte Konsistenz hat, kommen die frischen Kr\u00e4uter an die Reihe:<\/p>\n<p style=\"text-align: center;\"><a href=\"https:\/\/www.sabine-seyffert.de\/blog\/wp-content\/uploads\/2019\/07\/Kr\u00e4uterquark-Sabine-Seyffert.de-2.jpg\"><img loading=\"lazy\" decoding=\"async\" class=\"alignnone size-full wp-image-14790\" src=\"https:\/\/www.sabine-seyffert.de\/blog\/wp-content\/uploads\/2019\/07\/Kr\u00e4uterquark-Sabine-Seyffert.de-2.jpg\" alt=\"\" width=\"800\" height=\"600\" srcset=\"https:\/\/www.sabine-seyffert.de\/blog\/wp-content\/uploads\/2019\/07\/Kr\u00e4uterquark-Sabine-Seyffert.de-2.jpg 800w, https:\/\/www.sabine-seyffert.de\/blog\/wp-content\/uploads\/2019\/07\/Kr\u00e4uterquark-Sabine-Seyffert.de-2-300x225.jpg 300w, https:\/\/www.sabine-seyffert.de\/blog\/wp-content\/uploads\/2019\/07\/Kr\u00e4uterquark-Sabine-Seyffert.de-2-768x576.jpg 768w\" sizes=\"auto, (max-width: 800px) 100vw, 800px\" \/><\/a><\/p>\n<p style=\"text-align: justify;\">Den Schnittlauch kannst du ganz einfach mit einer normalen K\u00fcchenschere in kleine, d\u00fcnne R\u00f6llchen schneiden. Von Petersilie und Dill dagegen schneidest du die langen Stiele ab und f\u00fcllt diese in ein hohes Glas. Jetzt kommt die K\u00fcchenschere wieder zum Einsatz.<\/p>\n<p style=\"text-align: center;\"><a href=\"https:\/\/www.sabine-seyffert.de\/blog\/wp-content\/uploads\/2019\/07\/Kr\u00e4uterquark-Sabine-Seyffert.de-9.jpg\"><img loading=\"lazy\" decoding=\"async\" class=\"alignnone size-full wp-image-14791\" src=\"https:\/\/www.sabine-seyffert.de\/blog\/wp-content\/uploads\/2019\/07\/Kr\u00e4uterquark-Sabine-Seyffert.de-9.jpg\" alt=\"\" width=\"800\" height=\"600\" srcset=\"https:\/\/www.sabine-seyffert.de\/blog\/wp-content\/uploads\/2019\/07\/Kr\u00e4uterquark-Sabine-Seyffert.de-9.jpg 800w, https:\/\/www.sabine-seyffert.de\/blog\/wp-content\/uploads\/2019\/07\/Kr\u00e4uterquark-Sabine-Seyffert.de-9-300x225.jpg 300w, https:\/\/www.sabine-seyffert.de\/blog\/wp-content\/uploads\/2019\/07\/Kr\u00e4uterquark-Sabine-Seyffert.de-9-768x576.jpg 768w\" sizes=\"auto, (max-width: 800px) 100vw, 800px\" \/><\/a><\/p>\n<p style=\"text-align: justify;\">Damit kannst du die Kr\u00e4uter in dem Glas ganz klitzeklein schneiden und anschlie\u00dfend in den Quark r\u00fchren.<\/p>\n<p><a href=\"https:\/\/www.sabine-seyffert.de\/blog\/wp-content\/uploads\/2019\/07\/Kr\u00e4uterquark-Sabine-Seyffert.de-4.jpg\"><img loading=\"lazy\" decoding=\"async\" class=\"size-full wp-image-14792 aligncenter\" src=\"https:\/\/www.sabine-seyffert.de\/blog\/wp-content\/uploads\/2019\/07\/Kr\u00e4uterquark-Sabine-Seyffert.de-4.jpg\" alt=\"\" width=\"800\" height=\"600\" srcset=\"https:\/\/www.sabine-seyffert.de\/blog\/wp-content\/uploads\/2019\/07\/Kr\u00e4uterquark-Sabine-Seyffert.de-4.jpg 800w, https:\/\/www.sabine-seyffert.de\/blog\/wp-content\/uploads\/2019\/07\/Kr\u00e4uterquark-Sabine-Seyffert.de-4-300x225.jpg 300w, https:\/\/www.sabine-seyffert.de\/blog\/wp-content\/uploads\/2019\/07\/Kr\u00e4uterquark-Sabine-Seyffert.de-4-768x576.jpg 768w\" sizes=\"auto, (max-width: 800px) 100vw, 800px\" \/><\/a><\/p>\n<p style=\"text-align: justify;\">Nun das Ganze mit etwas Kr\u00e4utersalz w\u00fcrzen und fertig ist die Beilage zu Br\u00f6tchen, knusprigem Baguette, Backkartoffeln, selbst gemachten Pommes Frites oder einer Sch\u00fcssel mit frischem Salat!<\/p>\n<p style=\"text-align: center;\"><a href=\"https:\/\/www.sabine-seyffert.de\/blog\/wp-content\/uploads\/2019\/07\/Kr\u00e4uterquark-Sabine-Seyffert.de-3.jpg\"><img loading=\"lazy\" decoding=\"async\" class=\"alignnone size-full wp-image-14793\" src=\"https:\/\/www.sabine-seyffert.de\/blog\/wp-content\/uploads\/2019\/07\/Kr\u00e4uterquark-Sabine-Seyffert.de-3.jpg\" alt=\"\" width=\"800\" height=\"600\" srcset=\"https:\/\/www.sabine-seyffert.de\/blog\/wp-content\/uploads\/2019\/07\/Kr\u00e4uterquark-Sabine-Seyffert.de-3.jpg 800w, https:\/\/www.sabine-seyffert.de\/blog\/wp-content\/uploads\/2019\/07\/Kr\u00e4uterquark-Sabine-Seyffert.de-3-300x225.jpg 300w, https:\/\/www.sabine-seyffert.de\/blog\/wp-content\/uploads\/2019\/07\/Kr\u00e4uterquark-Sabine-Seyffert.de-3-768x576.jpg 768w\" sizes=\"auto, (max-width: 800px) 100vw, 800px\" \/><\/a><\/p>\n<p style=\"text-align: justify;\"><strong>Ein kleiner Tipp:<\/strong><br \/>\nWenn du es gerne w\u00fcrzig oder etwas sch\u00e4rfer magst, kannst du auch eine Knoblauchzehe und etwas frisch gemahlenen Pfeffer in den Kr\u00e4uterquark pressen und unterr\u00fchren.<\/p>\n<p style=\"text-align: center;\"><a href=\"https:\/\/www.sabine-seyffert.de\/blog\/wp-content\/uploads\/2019\/07\/Kr\u00e4uterquark-Sabine-Seyffert.de-1.jpg\"><img loading=\"lazy\" decoding=\"async\" class=\"alignnone size-full wp-image-14794\" src=\"https:\/\/www.sabine-seyffert.de\/blog\/wp-content\/uploads\/2019\/07\/Kr\u00e4uterquark-Sabine-Seyffert.de-1.jpg\" alt=\"\" width=\"800\" height=\"600\" srcset=\"https:\/\/www.sabine-seyffert.de\/blog\/wp-content\/uploads\/2019\/07\/Kr\u00e4uterquark-Sabine-Seyffert.de-1.jpg 800w, https:\/\/www.sabine-seyffert.de\/blog\/wp-content\/uploads\/2019\/07\/Kr\u00e4uterquark-Sabine-Seyffert.de-1-300x225.jpg 300w, https:\/\/www.sabine-seyffert.de\/blog\/wp-content\/uploads\/2019\/07\/Kr\u00e4uterquark-Sabine-Seyffert.de-1-768x576.jpg 768w\" sizes=\"auto, (max-width: 800px) 100vw, 800px\" \/><\/a><\/p>\n<p style=\"text-align: justify;\">Weitere vegetarische Rezeptideen gibt es \u00fcbrigens in <a href=\"https:\/\/www.sabine-seyffert.de\/blog\/?cat=30\" target=\"_blank\" rel=\"noopener noreferrer\">dieser Rubrik<\/a>, vegane Rezepte in <a href=\"https:\/\/www.sabine-seyffert.de\/blog\/?cat=44\" target=\"_blank\" rel=\"noopener noreferrer\">diesem Ordner<\/a>, s\u00fc\u00dfe Leckereien in <a href=\"https:\/\/www.sabine-seyffert.de\/blog\/?cat=31\" target=\"_blank\" rel=\"noopener noreferrer\">dieser Kategorie<\/a> und alle Ideen rund um den Sommer sind an <a href=\"https:\/\/www.sabine-seyffert.de\/blog\/?cat=24\" target=\"_blank\" rel=\"noopener noreferrer\">dieser Stelle<\/a> zu finden.<\/p>\n<p style=\"text-align: center;\"><a href=\"https:\/\/www.sabine-seyffert.de\/blog\/wp-content\/uploads\/2019\/07\/Kr\u00e4uterquark-Sabine-Seyffert.de-10.jpg\"><img loading=\"lazy\" decoding=\"async\" class=\"alignnone size-full wp-image-14796\" src=\"https:\/\/www.sabine-seyffert.de\/blog\/wp-content\/uploads\/2019\/07\/Kr\u00e4uterquark-Sabine-Seyffert.de-10.jpg\" alt=\"\" width=\"800\" height=\"600\" srcset=\"https:\/\/www.sabine-seyffert.de\/blog\/wp-content\/uploads\/2019\/07\/Kr\u00e4uterquark-Sabine-Seyffert.de-10.jpg 800w, https:\/\/www.sabine-seyffert.de\/blog\/wp-content\/uploads\/2019\/07\/Kr\u00e4uterquark-Sabine-Seyffert.de-10-300x225.jpg 300w, https:\/\/www.sabine-seyffert.de\/blog\/wp-content\/uploads\/2019\/07\/Kr\u00e4uterquark-Sabine-Seyffert.de-10-768x576.jpg 768w\" sizes=\"auto, (max-width: 800px) 100vw, 800px\" \/><\/a><\/p>\n<p style=\"text-align: justify;\"><a href=\"https:\/\/www.sabine-seyffert.de\/blog\/?page_id=32#urheberrecht\">urheberrechtlich gesch\u00fctzt<\/a>, \u00a9 Sabine Seyffert<\/p>\n","protected":false},"excerpt":{"rendered":"<p>Die Sommerferien haben begonnen und das bedeutet jede Menge Zeit. Damit keine Langeweile aufkommt, darf auch der Nachwuchs w\u00e4hrend der Ferienzeit gerne in der K\u00fcche helfen oder dort auch mal das Zepter \u00fcbernehmen. An sonnigen Tagen, wenn es Drau\u00dfen richtig warm ist, hat man mittags eh meist keinen Hunger auf etwas warmes. Daher gibt es&#8230; <a href=\"https:\/\/www.sabine-seyffert.de\/blog\/rezept-idee-fuer-warme-sommertage-selbst-gemachter-kraeuter-dip-kochen-mit-kindern\/\" class=\"more-link\">Read more: Rezept Idee f\u00fcr warme Sommertage: Selbst gemachter Kr\u00e4uter Dip \u2013 Kochen mit Kindern<\/a><\/p>\n","protected":false},"author":2,"featured_media":0,"comment_status":"open","ping_status":"open","sticky":false,"template":"","format":"standard","meta":{"_metis_text_type":"","_metis_text_length":2027,"_post_count":0,"footnotes":""},"categories":[30,24],"tags":[],"class_list":["post-14787","post","type-post","status-publish","format-standard","hentry","category-rezepte-herzhaft","category-sommer"],"_links":{"self":[{"href":"https:\/\/www.sabine-seyffert.de\/blog\/wp-json\/wp\/v2\/posts\/14787","targetHints":{"allow":["GET"]}}],"collection":[{"href":"https:\/\/www.sabine-seyffert.de\/blog\/wp-json\/wp\/v2\/posts"}],"about":[{"href":"https:\/\/www.sabine-seyffert.de\/blog\/wp-json\/wp\/v2\/types\/post"}],"author":[{"embeddable":true,"href":"https:\/\/www.sabine-seyffert.de\/blog\/wp-json\/wp\/v2\/users\/2"}],"replies":[{"embeddable":true,"href":"https:\/\/www.sabine-seyffert.de\/blog\/wp-json\/wp\/v2\/comments?post=14787"}],"version-history":[{"count":3,"href":"https:\/\/www.sabine-seyffert.de\/blog\/wp-json\/wp\/v2\/posts\/14787\/revisions"}],"predecessor-version":[{"id":14799,"href":"https:\/\/www.sabine-seyffert.de\/blog\/wp-json\/wp\/v2\/posts\/14787\/revisions\/14799"}],"wp:attachment":[{"href":"https:\/\/www.sabine-seyffert.de\/blog\/wp-json\/wp\/v2\/media?parent=14787"}],"wp:term":[{"taxonomy":"category","embeddable":true,"href":"https:\/\/www.sabine-seyffert.de\/blog\/wp-json\/wp\/v2\/categories?post=14787"},{"taxonomy":"post_tag","embeddable":true,"href":"https:\/\/www.sabine-seyffert.de\/blog\/wp-json\/wp\/v2\/tags?post=14787"}],"curies":[{"name":"wp","href":"https:\/\/api.w.org\/{rel}","templated":true}]}}