{"id":14727,"date":"2019-07-05T06:39:30","date_gmt":"2019-07-05T04:39:30","guid":{"rendered":"https:\/\/www.sabine-seyffert.de\/blog\/?p=14727"},"modified":"2019-07-08T19:46:51","modified_gmt":"2019-07-08T17:46:51","slug":"diy-bastelanleitung-upcycling-papierboot-liebe-wir-basteln-mit-pappe-ast-zeitung-ein-schiff","status":"publish","type":"post","link":"https:\/\/www.sabine-seyffert.de\/blog\/diy-bastelanleitung-upcycling-papierboot-liebe-wir-basteln-mit-pappe-ast-zeitung-ein-schiff\/","title":{"rendered":"DIY Bastelanleitung &#038; Upcycling: Papierboot Liebe \u2013 wir basteln mit Pappe, Ast &#038; Zeitung ein Schiff"},"content":{"rendered":"<p style=\"text-align: justify;\"><img loading=\"lazy\" decoding=\"async\" src=\"https:\/\/vg06.met.vgwort.de\/na\/ea76f7123c7d4e009a43fe7c8e69420b\" alt=\"\" width=\"1\" height=\"1\" \/>Boote stehen hier schon immer ganz hoch im Kurs. Vielleicht weil im Sommer die Sehnsucht nach Strand und Meer ganz besonders gro\u00df ist. Wie dem auch sei \u2013 heute habe ich ein kinderleichtes, kunterbuntes Upcycling als Besch\u00e4ftigungsidee f\u00fcr alle Kinder, die gerne basteln mit dabei. Das ben\u00f6tigte Material habt ihr sicher alle im Haus und so k\u00f6nnt ihr auch gleich mit dem Basteln loslegen!<\/p>\n<p style=\"text-align: center;\"><a href=\"https:\/\/www.sabine-seyffert.de\/blog\/wp-content\/uploads\/2019\/07\/Boot-Upcycling-Pappe-Zeitung-Ast-14.jpg\"><img loading=\"lazy\" decoding=\"async\" class=\"alignnone size-full wp-image-14728\" src=\"https:\/\/www.sabine-seyffert.de\/blog\/wp-content\/uploads\/2019\/07\/Boot-Upcycling-Pappe-Zeitung-Ast-14.jpg\" alt=\"\" width=\"800\" height=\"600\" srcset=\"https:\/\/www.sabine-seyffert.de\/blog\/wp-content\/uploads\/2019\/07\/Boot-Upcycling-Pappe-Zeitung-Ast-14.jpg 800w, https:\/\/www.sabine-seyffert.de\/blog\/wp-content\/uploads\/2019\/07\/Boot-Upcycling-Pappe-Zeitung-Ast-14-300x225.jpg 300w, https:\/\/www.sabine-seyffert.de\/blog\/wp-content\/uploads\/2019\/07\/Boot-Upcycling-Pappe-Zeitung-Ast-14-768x576.jpg 768w\" sizes=\"auto, (max-width: 800px) 100vw, 800px\" \/><\/a><\/p>\n<p style=\"text-align: justify;\"><strong>Das wird gebraucht:<\/strong><br \/>\nPappe (beispielsweise ein alter Karton), ein Bastelmesser oder eine scharfe Schere, einen d\u00fcnnen Ast, Garn \/ Kordel oder Wolle, Kleber, altes Zeitungspapier, Pinsel, Wasser und einen Wasserfarbkasten, wei\u00dfe Bastelfarbe (wasserl\u00f6slicher Acryllack o.\u00e4.), eine Hei\u00dfklebepistole samt Klebepatrone<\/p>\n<p style=\"text-align: center;\"><a href=\"https:\/\/www.sabine-seyffert.de\/blog\/wp-content\/uploads\/2019\/07\/Boot-Upcycling-Pappe-Zeitung-Ast-12.jpg\"><img loading=\"lazy\" decoding=\"async\" class=\"alignnone size-full wp-image-14729\" src=\"https:\/\/www.sabine-seyffert.de\/blog\/wp-content\/uploads\/2019\/07\/Boot-Upcycling-Pappe-Zeitung-Ast-12.jpg\" alt=\"\" width=\"800\" height=\"600\" srcset=\"https:\/\/www.sabine-seyffert.de\/blog\/wp-content\/uploads\/2019\/07\/Boot-Upcycling-Pappe-Zeitung-Ast-12.jpg 800w, https:\/\/www.sabine-seyffert.de\/blog\/wp-content\/uploads\/2019\/07\/Boot-Upcycling-Pappe-Zeitung-Ast-12-300x225.jpg 300w, https:\/\/www.sabine-seyffert.de\/blog\/wp-content\/uploads\/2019\/07\/Boot-Upcycling-Pappe-Zeitung-Ast-12-768x576.jpg 768w\" sizes=\"auto, (max-width: 800px) 100vw, 800px\" \/><\/a><\/p>\n<p style=\"text-align: justify;\"><strong>So wird\u2019s gemacht:<\/strong><br \/>\nZuerst schneidet man aus einer alten Tageszeitung allerhand mit Text bedruckte St\u00fcck aus. Mit der restlichen Zeitung deckt man den Tisch gut ab. Dann k\u00f6nnen die Zeitungsteile mit Wasserfarbe bemalt werden. Je mehr Farben zur Verf\u00fcgung stehen, desto bunter wird das Boot. (Wer eine detaillierte Anleitung braucht, kann <a href=\"https:\/\/www.sabine-seyffert.de\/blog\/?p=13917\" target=\"_blank\" rel=\"noopener noreferrer\">hier<\/a> schauen)<\/p>\n<p style=\"text-align: center;\"><a href=\"https:\/\/www.sabine-seyffert.de\/blog\/wp-content\/uploads\/2019\/07\/Boot-Upcycling-Pappe-Zeitung-Ast-10.jpg\"><img loading=\"lazy\" decoding=\"async\" class=\"alignnone size-full wp-image-14730\" src=\"https:\/\/www.sabine-seyffert.de\/blog\/wp-content\/uploads\/2019\/07\/Boot-Upcycling-Pappe-Zeitung-Ast-10.jpg\" alt=\"\" width=\"800\" height=\"600\" srcset=\"https:\/\/www.sabine-seyffert.de\/blog\/wp-content\/uploads\/2019\/07\/Boot-Upcycling-Pappe-Zeitung-Ast-10.jpg 800w, https:\/\/www.sabine-seyffert.de\/blog\/wp-content\/uploads\/2019\/07\/Boot-Upcycling-Pappe-Zeitung-Ast-10-300x225.jpg 300w, https:\/\/www.sabine-seyffert.de\/blog\/wp-content\/uploads\/2019\/07\/Boot-Upcycling-Pappe-Zeitung-Ast-10-768x576.jpg 768w\" sizes=\"auto, (max-width: 800px) 100vw, 800px\" \/><\/a><\/p>\n<p style=\"text-align: justify;\">W\u00e4hrend die Farbe trocknet, schneidet man ein gro\u00dfes Boot aus einem alten Karton. Hierbei hilft ein Cutter, der aber nur unter Aufsicht eines Erwachsenen verwendet werden sollte!<\/p>\n<p style=\"text-align: center;\"><a href=\"https:\/\/www.sabine-seyffert.de\/blog\/wp-content\/uploads\/2019\/07\/Boot-Upcycling-Pappe-Zeitung-Ast-9.jpg\"><img loading=\"lazy\" decoding=\"async\" class=\"alignnone size-full wp-image-14731\" src=\"https:\/\/www.sabine-seyffert.de\/blog\/wp-content\/uploads\/2019\/07\/Boot-Upcycling-Pappe-Zeitung-Ast-9.jpg\" alt=\"\" width=\"800\" height=\"600\" srcset=\"https:\/\/www.sabine-seyffert.de\/blog\/wp-content\/uploads\/2019\/07\/Boot-Upcycling-Pappe-Zeitung-Ast-9.jpg 800w, https:\/\/www.sabine-seyffert.de\/blog\/wp-content\/uploads\/2019\/07\/Boot-Upcycling-Pappe-Zeitung-Ast-9-300x225.jpg 300w, https:\/\/www.sabine-seyffert.de\/blog\/wp-content\/uploads\/2019\/07\/Boot-Upcycling-Pappe-Zeitung-Ast-9-768x576.jpg 768w\" sizes=\"auto, (max-width: 800px) 100vw, 800px\" \/><\/a><\/p>\n<p style=\"text-align: justify;\">Das Boot kann man d\u00fcnn mit wei\u00dfer Farbe anstreichen. Alternativ klappt es auch mit normaler Wasserfarbe.<\/p>\n<p style=\"text-align: center;\"><a href=\"https:\/\/www.sabine-seyffert.de\/blog\/wp-content\/uploads\/2019\/07\/Boot-Upcycling-Pappe-Zeitung-Ast-8.jpg\"><img loading=\"lazy\" decoding=\"async\" class=\"alignnone size-full wp-image-14732\" src=\"https:\/\/www.sabine-seyffert.de\/blog\/wp-content\/uploads\/2019\/07\/Boot-Upcycling-Pappe-Zeitung-Ast-8.jpg\" alt=\"\" width=\"800\" height=\"600\" srcset=\"https:\/\/www.sabine-seyffert.de\/blog\/wp-content\/uploads\/2019\/07\/Boot-Upcycling-Pappe-Zeitung-Ast-8.jpg 800w, https:\/\/www.sabine-seyffert.de\/blog\/wp-content\/uploads\/2019\/07\/Boot-Upcycling-Pappe-Zeitung-Ast-8-300x225.jpg 300w, https:\/\/www.sabine-seyffert.de\/blog\/wp-content\/uploads\/2019\/07\/Boot-Upcycling-Pappe-Zeitung-Ast-8-768x576.jpg 768w\" sizes=\"auto, (max-width: 800px) 100vw, 800px\" \/><\/a><\/p>\n<p style=\"text-align: justify;\">Als Mast nimmt man einen d\u00fcnnen Ast, den klebt man mittig mit etwas Hei\u00dfkleber auf das Boot. Dann bindet man etwa Kordel oben um den Ast, so dass diese nicht verrutscht und klebt die Kordelenden jeweils an die R\u00fcckseite des Boots.<\/p>\n<p style=\"text-align: center;\"><a href=\"https:\/\/www.sabine-seyffert.de\/blog\/wp-content\/uploads\/2019\/07\/Boot-Upcycling-Pappe-Zeitung-Ast-7.jpg\"><img loading=\"lazy\" decoding=\"async\" class=\"alignnone size-full wp-image-14733\" src=\"https:\/\/www.sabine-seyffert.de\/blog\/wp-content\/uploads\/2019\/07\/Boot-Upcycling-Pappe-Zeitung-Ast-7.jpg\" alt=\"\" width=\"800\" height=\"600\" srcset=\"https:\/\/www.sabine-seyffert.de\/blog\/wp-content\/uploads\/2019\/07\/Boot-Upcycling-Pappe-Zeitung-Ast-7.jpg 800w, https:\/\/www.sabine-seyffert.de\/blog\/wp-content\/uploads\/2019\/07\/Boot-Upcycling-Pappe-Zeitung-Ast-7-300x225.jpg 300w, https:\/\/www.sabine-seyffert.de\/blog\/wp-content\/uploads\/2019\/07\/Boot-Upcycling-Pappe-Zeitung-Ast-7-768x576.jpg 768w\" sizes=\"auto, (max-width: 800px) 100vw, 800px\" \/><\/a><\/p>\n<p style=\"text-align: justify;\">Nun schneidet man aus dem bemalten Zeitungspapier kleine Streifen und klebt diese um die Kordel. Sind genug bunte F\u00e4hnchen beisammen, schneidet man diese noch als Wimpel zu. Ganz oben am Fahnenmast haben wir noch eine rote Fahne angeklebt.<\/p>\n<p style=\"text-align: center;\"><a href=\"https:\/\/www.sabine-seyffert.de\/blog\/wp-content\/uploads\/2019\/07\/Boot-Upcycling-Pappe-Zeitung-Ast-5.jpg\"><img loading=\"lazy\" decoding=\"async\" class=\"alignnone size-full wp-image-14734\" src=\"https:\/\/www.sabine-seyffert.de\/blog\/wp-content\/uploads\/2019\/07\/Boot-Upcycling-Pappe-Zeitung-Ast-5.jpg\" alt=\"\" width=\"800\" height=\"600\" srcset=\"https:\/\/www.sabine-seyffert.de\/blog\/wp-content\/uploads\/2019\/07\/Boot-Upcycling-Pappe-Zeitung-Ast-5.jpg 800w, https:\/\/www.sabine-seyffert.de\/blog\/wp-content\/uploads\/2019\/07\/Boot-Upcycling-Pappe-Zeitung-Ast-5-300x225.jpg 300w, https:\/\/www.sabine-seyffert.de\/blog\/wp-content\/uploads\/2019\/07\/Boot-Upcycling-Pappe-Zeitung-Ast-5-768x576.jpg 768w\" sizes=\"auto, (max-width: 800px) 100vw, 800px\" \/><\/a><\/p>\n<p style=\"text-align: justify;\">Au\u00dferdem haben wir aus unbemaltem und rot bestrichenem Zeitungspapier einen Schwimmring aufgeklebt sowie mit Buchstabenstempeln \u201eAhoi\u201c aufgedruckt.<\/p>\n<p style=\"text-align: center;\"><a href=\"https:\/\/www.sabine-seyffert.de\/blog\/wp-content\/uploads\/2019\/07\/Boot-Upcycling-Pappe-Zeitung-Ast-4.jpg\"><img loading=\"lazy\" decoding=\"async\" class=\"alignnone size-full wp-image-14735\" src=\"https:\/\/www.sabine-seyffert.de\/blog\/wp-content\/uploads\/2019\/07\/Boot-Upcycling-Pappe-Zeitung-Ast-4.jpg\" alt=\"\" width=\"800\" height=\"600\" srcset=\"https:\/\/www.sabine-seyffert.de\/blog\/wp-content\/uploads\/2019\/07\/Boot-Upcycling-Pappe-Zeitung-Ast-4.jpg 800w, https:\/\/www.sabine-seyffert.de\/blog\/wp-content\/uploads\/2019\/07\/Boot-Upcycling-Pappe-Zeitung-Ast-4-300x225.jpg 300w, https:\/\/www.sabine-seyffert.de\/blog\/wp-content\/uploads\/2019\/07\/Boot-Upcycling-Pappe-Zeitung-Ast-4-768x576.jpg 768w\" sizes=\"auto, (max-width: 800px) 100vw, 800px\" \/><\/a><\/p>\n<p style=\"text-align: justify;\"><strong>Ein kleiner Tipp:<\/strong> Um das Boot etwas plastischer zu gestalten und etwas Material zu mixen, haben wir mit einer dicken Nadel und Garn die Form des Schiffs hervorgearbeitet. Das schult die Feinmotorik, ist f\u00fcr j\u00fcngere Kinder durch die feste Pappe jedoch nicht ganz so einfach!<\/p>\n<p style=\"text-align: center;\"><a href=\"https:\/\/www.sabine-seyffert.de\/blog\/wp-content\/uploads\/2019\/07\/Boot-Upcycling-Pappe-Zeitung-Ast-3.jpg\"><img loading=\"lazy\" decoding=\"async\" class=\"alignnone size-full wp-image-14736\" src=\"https:\/\/www.sabine-seyffert.de\/blog\/wp-content\/uploads\/2019\/07\/Boot-Upcycling-Pappe-Zeitung-Ast-3.jpg\" alt=\"\" width=\"800\" height=\"600\" srcset=\"https:\/\/www.sabine-seyffert.de\/blog\/wp-content\/uploads\/2019\/07\/Boot-Upcycling-Pappe-Zeitung-Ast-3.jpg 800w, https:\/\/www.sabine-seyffert.de\/blog\/wp-content\/uploads\/2019\/07\/Boot-Upcycling-Pappe-Zeitung-Ast-3-300x225.jpg 300w, https:\/\/www.sabine-seyffert.de\/blog\/wp-content\/uploads\/2019\/07\/Boot-Upcycling-Pappe-Zeitung-Ast-3-768x576.jpg 768w\" sizes=\"auto, (max-width: 800px) 100vw, 800px\" \/><\/a><\/p>\n<p style=\"text-align: justify;\">Weitere Bastelideen f\u00fcr Kinder findet ihr <a href=\"https:\/\/www.sabine-seyffert.de\/blog\/?cat=32\" target=\"_blank\" rel=\"noopener noreferrer\">\u00fcbrigens hier<\/a>, alles zum Thema Upcycling gibt es <a href=\"https:\/\/www.sabine-seyffert.de\/blog\/?cat=47\" target=\"_blank\" rel=\"noopener noreferrer\">hier<\/a>, sommerliche Ideen gibt es in <a href=\"https:\/\/www.sabine-seyffert.de\/blog\/?cat=24\" target=\"_blank\" rel=\"noopener noreferrer\">diesem Ordner<\/a> und andere kreative Sachen <a href=\"http:\/\/www.lunaju.de\/2019\/07\/kiddikram-juli-2019.html\" target=\"_blank\" rel=\"noopener nofollow noreferrer\">da<\/a> und <a href=\"https:\/\/www.creadienstag.de\/2019\/07\/linkparty-386.html\" target=\"_blank\" rel=\"noopener nofollow noreferrer\">dort<\/a>.<\/p>\n<p style=\"text-align: justify;\"><a href=\"https:\/\/www.sabine-seyffert.de\/blog\/?page_id=32#urheberrecht\">urheberrechtlich gesch\u00fctzt<\/a>, \u00a9 Sabine Seyffert<\/p>\n","protected":false},"excerpt":{"rendered":"<p>Boote stehen hier schon immer ganz hoch im Kurs. Vielleicht weil im Sommer die Sehnsucht nach Strand und Meer ganz besonders gro\u00df ist. Wie dem auch sei \u2013 heute habe ich ein kinderleichtes, kunterbuntes Upcycling als Besch\u00e4ftigungsidee f\u00fcr alle Kinder, die gerne basteln mit dabei. Das ben\u00f6tigte Material habt ihr sicher alle im Haus und&#8230; <a href=\"https:\/\/www.sabine-seyffert.de\/blog\/diy-bastelanleitung-upcycling-papierboot-liebe-wir-basteln-mit-pappe-ast-zeitung-ein-schiff\/\" class=\"more-link\">Read more: DIY Bastelanleitung &#038; Upcycling: Papierboot Liebe \u2013 wir basteln mit Pappe, Ast &#038; Zeitung ein Schiff<\/a><\/p>\n","protected":false},"author":2,"featured_media":0,"comment_status":"open","ping_status":"open","sticky":false,"template":"","format":"standard","meta":{"_metis_text_type":"","_metis_text_length":2454,"_post_count":0,"footnotes":""},"categories":[32,24,47],"tags":[],"class_list":["post-14727","post","type-post","status-publish","format-standard","hentry","category-kreatives-fur-kleine-kinderhande","category-sommer","category-upcyceltes"],"_links":{"self":[{"href":"https:\/\/www.sabine-seyffert.de\/blog\/wp-json\/wp\/v2\/posts\/14727","targetHints":{"allow":["GET"]}}],"collection":[{"href":"https:\/\/www.sabine-seyffert.de\/blog\/wp-json\/wp\/v2\/posts"}],"about":[{"href":"https:\/\/www.sabine-seyffert.de\/blog\/wp-json\/wp\/v2\/types\/post"}],"author":[{"embeddable":true,"href":"https:\/\/www.sabine-seyffert.de\/blog\/wp-json\/wp\/v2\/users\/2"}],"replies":[{"embeddable":true,"href":"https:\/\/www.sabine-seyffert.de\/blog\/wp-json\/wp\/v2\/comments?post=14727"}],"version-history":[{"count":3,"href":"https:\/\/www.sabine-seyffert.de\/blog\/wp-json\/wp\/v2\/posts\/14727\/revisions"}],"predecessor-version":[{"id":14750,"href":"https:\/\/www.sabine-seyffert.de\/blog\/wp-json\/wp\/v2\/posts\/14727\/revisions\/14750"}],"wp:attachment":[{"href":"https:\/\/www.sabine-seyffert.de\/blog\/wp-json\/wp\/v2\/media?parent=14727"}],"wp:term":[{"taxonomy":"category","embeddable":true,"href":"https:\/\/www.sabine-seyffert.de\/blog\/wp-json\/wp\/v2\/categories?post=14727"},{"taxonomy":"post_tag","embeddable":true,"href":"https:\/\/www.sabine-seyffert.de\/blog\/wp-json\/wp\/v2\/tags?post=14727"}],"curies":[{"name":"wp","href":"https:\/\/api.w.org\/{rel}","templated":true}]}}