{"id":14670,"date":"2019-06-21T10:17:57","date_gmt":"2019-06-21T08:17:57","guid":{"rendered":"https:\/\/www.sabine-seyffert.de\/blog\/?p=14670"},"modified":"2019-06-21T10:17:57","modified_gmt":"2019-06-21T08:17:57","slug":"diy-geschenk-idee-selbst-gemachte-geschenke-zur-geburt-bild-mit-namen","status":"publish","type":"post","link":"https:\/\/www.sabine-seyffert.de\/blog\/diy-geschenk-idee-selbst-gemachte-geschenke-zur-geburt-bild-mit-namen\/","title":{"rendered":"DIY Geschenk Idee: Selbst gemachte Geschenke zur Geburt \u2013 Bild mit Namen"},"content":{"rendered":"<p style=\"text-align: justify;\"><img loading=\"lazy\" decoding=\"async\" src=\"https:\/\/vg06.met.vgwort.de\/na\/aca9a2e211ba48f1b02e3f006b59c62c\" alt=\"\" width=\"1\" height=\"1\" \/>Zur Geburt verschenken wir fast ausschlie\u00dflich pers\u00f6nliche Dinge, die mit Liebe angefertigt wurden. Gerne auch Sachen, die den neuen Erdenb\u00fcrger eine ganze Weile in einem Leben begleiten, wie beispielsweise die <a href=\"https:\/\/www.sabine-seyffert.de\/blog\/?p=14608\" target=\"_blank\" rel=\"noopener noreferrer\">selbst gen\u00e4hte Schutzh\u00fclle<\/a> f\u00fcr das gelbe Untersuchungsheft oder dieses vor kurzem gezeigte <a href=\"https:\/\/www.sabine-seyffert.de\/blog\/?p=14597\" target=\"_blank\" rel=\"noopener noreferrer\">Baby Tagebuch f\u00fcr das erste Lebensjahr<\/a>. Einen ganz ausf\u00fchrlichen Artikel mit vielen Ideen und Tipps f\u00fcr sinnvolle Geburtsgeschenke findet ihr \u00fcbrigens <a href=\"https:\/\/www.sabine-seyffert.de\/blog\/?p=4106\" target=\"_blank\" rel=\"noopener noreferrer\">hier<\/a>.<\/p>\n<p style=\"text-align: center;\"><a href=\"https:\/\/www.sabine-seyffert.de\/blog\/wp-content\/uploads\/2019\/06\/Bild-Geburtsgeschenk-Schiff-im-Rahmen-3.jpg\"><img loading=\"lazy\" decoding=\"async\" class=\"alignnone size-full wp-image-14671\" src=\"https:\/\/www.sabine-seyffert.de\/blog\/wp-content\/uploads\/2019\/06\/Bild-Geburtsgeschenk-Schiff-im-Rahmen-3.jpg\" alt=\"\" width=\"800\" height=\"600\" srcset=\"https:\/\/www.sabine-seyffert.de\/blog\/wp-content\/uploads\/2019\/06\/Bild-Geburtsgeschenk-Schiff-im-Rahmen-3.jpg 800w, https:\/\/www.sabine-seyffert.de\/blog\/wp-content\/uploads\/2019\/06\/Bild-Geburtsgeschenk-Schiff-im-Rahmen-3-300x225.jpg 300w, https:\/\/www.sabine-seyffert.de\/blog\/wp-content\/uploads\/2019\/06\/Bild-Geburtsgeschenk-Schiff-im-Rahmen-3-768x576.jpg 768w\" sizes=\"auto, (max-width: 800px) 100vw, 800px\" \/><\/a><\/p>\n<p style=\"text-align: justify;\"><strong>Das wird gebraucht:<\/strong><br \/>\nBilderrahmen mit tiefem (!) Rahmen, wei\u00dfer Tonkarton, eine Schere, Bastelkleber, Hei\u00dfklebepistole samt Klebepatrone, Buchstabenperlen, Wasserfarbe, Deckwei\u00df, eine alte Tageszeitung, Bleistift, Masking Tapes, Zahnstocher, wei\u00dfer Gelstift, breiter Borstenpinsel, eine alte Buchseite, Buchstabenperlen<\/p>\n<p style=\"text-align: center;\"><a href=\"https:\/\/www.sabine-seyffert.de\/blog\/wp-content\/uploads\/2019\/06\/Bild-Geburtsgeschenk-Schiff-im-Rahmen-9.jpg\"><img loading=\"lazy\" decoding=\"async\" class=\"alignnone size-full wp-image-14672\" src=\"https:\/\/www.sabine-seyffert.de\/blog\/wp-content\/uploads\/2019\/06\/Bild-Geburtsgeschenk-Schiff-im-Rahmen-9.jpg\" alt=\"\" width=\"800\" height=\"600\" srcset=\"https:\/\/www.sabine-seyffert.de\/blog\/wp-content\/uploads\/2019\/06\/Bild-Geburtsgeschenk-Schiff-im-Rahmen-9.jpg 800w, https:\/\/www.sabine-seyffert.de\/blog\/wp-content\/uploads\/2019\/06\/Bild-Geburtsgeschenk-Schiff-im-Rahmen-9-300x225.jpg 300w, https:\/\/www.sabine-seyffert.de\/blog\/wp-content\/uploads\/2019\/06\/Bild-Geburtsgeschenk-Schiff-im-Rahmen-9-768x576.jpg 768w\" sizes=\"auto, (max-width: 800px) 100vw, 800px\" \/><\/a><\/p>\n<p style=\"text-align: justify;\"><strong>So wird\u2019s gemacht:<\/strong><br \/>\nAls erstes habe ich mir aus wei\u00dfem Tonkarton ein gro\u00dfes Quadrat zugeschnitten, das etwas gr\u00f6\u00dfer als der ben\u00f6tigte Bildausschnitt im Rahmen ist. Dann habe ich mir auf einem Blatt Papier eine Skizze gemacht, wie das Bild in etwa aussehen soll.<\/p>\n<p style=\"text-align: center;\"><a href=\"https:\/\/www.sabine-seyffert.de\/blog\/wp-content\/uploads\/2019\/06\/Bild-Geburtsgeschenk-Schiff-im-Rahmen-8.jpg\"><img loading=\"lazy\" decoding=\"async\" class=\"alignnone size-full wp-image-14673\" src=\"https:\/\/www.sabine-seyffert.de\/blog\/wp-content\/uploads\/2019\/06\/Bild-Geburtsgeschenk-Schiff-im-Rahmen-8.jpg\" alt=\"\" width=\"800\" height=\"600\" srcset=\"https:\/\/www.sabine-seyffert.de\/blog\/wp-content\/uploads\/2019\/06\/Bild-Geburtsgeschenk-Schiff-im-Rahmen-8.jpg 800w, https:\/\/www.sabine-seyffert.de\/blog\/wp-content\/uploads\/2019\/06\/Bild-Geburtsgeschenk-Schiff-im-Rahmen-8-300x225.jpg 300w, https:\/\/www.sabine-seyffert.de\/blog\/wp-content\/uploads\/2019\/06\/Bild-Geburtsgeschenk-Schiff-im-Rahmen-8-768x576.jpg 768w\" sizes=\"auto, (max-width: 800px) 100vw, 800px\" \/><\/a><\/p>\n<p style=\"text-align: justify;\">F\u00fcr das Meer und die Wellen habe ich den mit Text bedruckten Teil einer alten Tageszeitung mit Wasserfarbe angemalt, trocknen lassen und ausgeschnitten. Die bringt durch die durchschimmernden Buchstaben immer noch mehr Abwechslung ins Bild als wenn man unifarbenes Bastelpapier hierf\u00fcr verwendet. (Eine ausf\u00fchrliche Anleitung dazu gibt es <a href=\"https:\/\/www.sabine-seyffert.de\/blog\/?p=13917\" target=\"_blank\" rel=\"noopener noreferrer\">hier<\/a>)<\/p>\n<p style=\"text-align: center;\"><a href=\"https:\/\/www.sabine-seyffert.de\/blog\/wp-content\/uploads\/2019\/06\/Bild-Geburtsgeschenk-Schiff-im-Rahmen-7.jpg\"><img loading=\"lazy\" decoding=\"async\" class=\"alignnone size-full wp-image-14674\" src=\"https:\/\/www.sabine-seyffert.de\/blog\/wp-content\/uploads\/2019\/06\/Bild-Geburtsgeschenk-Schiff-im-Rahmen-7.jpg\" alt=\"\" width=\"800\" height=\"600\" srcset=\"https:\/\/www.sabine-seyffert.de\/blog\/wp-content\/uploads\/2019\/06\/Bild-Geburtsgeschenk-Schiff-im-Rahmen-7.jpg 800w, https:\/\/www.sabine-seyffert.de\/blog\/wp-content\/uploads\/2019\/06\/Bild-Geburtsgeschenk-Schiff-im-Rahmen-7-300x225.jpg 300w, https:\/\/www.sabine-seyffert.de\/blog\/wp-content\/uploads\/2019\/06\/Bild-Geburtsgeschenk-Schiff-im-Rahmen-7-768x576.jpg 768w\" sizes=\"auto, (max-width: 800px) 100vw, 800px\" \/><\/a><\/p>\n<p style=\"text-align: justify;\">Aus einer alten Buchseite habe ich ein kleines Papierboot gefaltet. F\u00fcr den Mast habe ich ein St\u00fcck Zahnstocher von unten durch das Schiff gesteckt und oben mit einem St\u00fcck Masking Tape eine kleine Fahne gestaltet.<\/p>\n<p style=\"text-align: center;\"><a href=\"https:\/\/www.sabine-seyffert.de\/blog\/wp-content\/uploads\/2019\/06\/Bild-Geburtsgeschenk-Schiff-im-Rahmen-6.jpg\"><img loading=\"lazy\" decoding=\"async\" class=\"alignnone size-full wp-image-14675\" src=\"https:\/\/www.sabine-seyffert.de\/blog\/wp-content\/uploads\/2019\/06\/Bild-Geburtsgeschenk-Schiff-im-Rahmen-6.jpg\" alt=\"\" width=\"800\" height=\"600\" srcset=\"https:\/\/www.sabine-seyffert.de\/blog\/wp-content\/uploads\/2019\/06\/Bild-Geburtsgeschenk-Schiff-im-Rahmen-6.jpg 800w, https:\/\/www.sabine-seyffert.de\/blog\/wp-content\/uploads\/2019\/06\/Bild-Geburtsgeschenk-Schiff-im-Rahmen-6-300x225.jpg 300w, https:\/\/www.sabine-seyffert.de\/blog\/wp-content\/uploads\/2019\/06\/Bild-Geburtsgeschenk-Schiff-im-Rahmen-6-768x576.jpg 768w\" sizes=\"auto, (max-width: 800px) 100vw, 800px\" \/><\/a><\/p>\n<p style=\"text-align: justify;\">Au\u00dferdem habe ich aus bemaltem Zeitungspapier noch einen Rettungsring, eine Wolke und V\u00f6gel gestaltet. Damit das Bild pers\u00f6nlich wird, habe ich den Namen des Babys mit Buchstabenperlen aufgeklebt und in einer Ecke eine Wimpelgirlande aus Masking Tapes gebastelt.<\/p>\n<p style=\"text-align: center;\"><a href=\"https:\/\/www.sabine-seyffert.de\/blog\/wp-content\/uploads\/2019\/06\/Bild-Geburtsgeschenk-Schiff-im-Rahmen-5.jpg\"><img loading=\"lazy\" decoding=\"async\" class=\"alignnone size-full wp-image-14676\" src=\"https:\/\/www.sabine-seyffert.de\/blog\/wp-content\/uploads\/2019\/06\/Bild-Geburtsgeschenk-Schiff-im-Rahmen-5.jpg\" alt=\"\" width=\"800\" height=\"600\" srcset=\"https:\/\/www.sabine-seyffert.de\/blog\/wp-content\/uploads\/2019\/06\/Bild-Geburtsgeschenk-Schiff-im-Rahmen-5.jpg 800w, https:\/\/www.sabine-seyffert.de\/blog\/wp-content\/uploads\/2019\/06\/Bild-Geburtsgeschenk-Schiff-im-Rahmen-5-300x225.jpg 300w, https:\/\/www.sabine-seyffert.de\/blog\/wp-content\/uploads\/2019\/06\/Bild-Geburtsgeschenk-Schiff-im-Rahmen-5-768x576.jpg 768w\" sizes=\"auto, (max-width: 800px) 100vw, 800px\" \/><\/a><\/p>\n<p style=\"text-align: justify;\">Jetzt ab damit in den Rahmen und dann darf sich das neue Menschlein dr\u00fcber freuen \ud83d\ude42<\/p>\n<p style=\"text-align: center;\"><a href=\"https:\/\/www.sabine-seyffert.de\/blog\/wp-content\/uploads\/2019\/06\/Bild-Geburtsgeschenk-Schiff-im-Rahmen-1.jpg\"><img loading=\"lazy\" decoding=\"async\" class=\"alignnone size-full wp-image-14677\" src=\"https:\/\/www.sabine-seyffert.de\/blog\/wp-content\/uploads\/2019\/06\/Bild-Geburtsgeschenk-Schiff-im-Rahmen-1.jpg\" alt=\"\" width=\"800\" height=\"600\" srcset=\"https:\/\/www.sabine-seyffert.de\/blog\/wp-content\/uploads\/2019\/06\/Bild-Geburtsgeschenk-Schiff-im-Rahmen-1.jpg 800w, https:\/\/www.sabine-seyffert.de\/blog\/wp-content\/uploads\/2019\/06\/Bild-Geburtsgeschenk-Schiff-im-Rahmen-1-300x225.jpg 300w, https:\/\/www.sabine-seyffert.de\/blog\/wp-content\/uploads\/2019\/06\/Bild-Geburtsgeschenk-Schiff-im-Rahmen-1-768x576.jpg 768w\" sizes=\"auto, (max-width: 800px) 100vw, 800px\" \/><\/a><\/p>\n<p style=\"text-align: justify;\">Weitere Geschenkideen zum Selbermachen findet ihr \u00fcbrigens in <a href=\"https:\/\/www.sabine-seyffert.de\/blog\/?cat=36\" target=\"_blank\" rel=\"noopener noreferrer\">dieser Blog Kategorie<\/a>, andere DIY Upcycling Ideen gibt es in <a href=\"https:\/\/www.sabine-seyffert.de\/blog\/?cat=47\" target=\"_blank\" rel=\"noopener noreferrer\">dieser Rubrik<\/a> und andere kreative Sachen es an <a href=\"http:\/\/www.lunaju.de\/2019\/06\/kiddikram-juni-2019.html\" target=\"_blank\" rel=\"noopener noreferrer\">dieser<\/a> und jener Stelle.<\/p>\n<p style=\"text-align: center;\"><a href=\"https:\/\/www.sabine-seyffert.de\/blog\/wp-content\/uploads\/2019\/06\/Bild-Geburtsgeschenk-Schiff-im-Rahmen-4.jpg\"><img loading=\"lazy\" decoding=\"async\" class=\"alignnone size-full wp-image-14678\" src=\"https:\/\/www.sabine-seyffert.de\/blog\/wp-content\/uploads\/2019\/06\/Bild-Geburtsgeschenk-Schiff-im-Rahmen-4.jpg\" alt=\"\" width=\"800\" height=\"600\" srcset=\"https:\/\/www.sabine-seyffert.de\/blog\/wp-content\/uploads\/2019\/06\/Bild-Geburtsgeschenk-Schiff-im-Rahmen-4.jpg 800w, https:\/\/www.sabine-seyffert.de\/blog\/wp-content\/uploads\/2019\/06\/Bild-Geburtsgeschenk-Schiff-im-Rahmen-4-300x225.jpg 300w, https:\/\/www.sabine-seyffert.de\/blog\/wp-content\/uploads\/2019\/06\/Bild-Geburtsgeschenk-Schiff-im-Rahmen-4-768x576.jpg 768w\" sizes=\"auto, (max-width: 800px) 100vw, 800px\" \/><\/a><\/p>\n<p style=\"text-align: justify;\"><a href=\"https:\/\/www.sabine-seyffert.de\/blog\/?page_id=32#urheberrecht\">urheberrechtlich gesch\u00fctzt<\/a>, \u00a9 Sabine Seyffert<\/p>\n","protected":false},"excerpt":{"rendered":"<p>Zur Geburt verschenken wir fast ausschlie\u00dflich pers\u00f6nliche Dinge, die mit Liebe angefertigt wurden. Gerne auch Sachen, die den neuen Erdenb\u00fcrger eine ganze Weile in einem Leben begleiten, wie beispielsweise die selbst gen\u00e4hte Schutzh\u00fclle f\u00fcr das gelbe Untersuchungsheft oder dieses vor kurzem gezeigte Baby Tagebuch f\u00fcr das erste Lebensjahr. Einen ganz ausf\u00fchrlichen Artikel mit vielen Ideen&#8230; <a href=\"https:\/\/www.sabine-seyffert.de\/blog\/diy-geschenk-idee-selbst-gemachte-geschenke-zur-geburt-bild-mit-namen\/\" class=\"more-link\">Read more: DIY Geschenk Idee: Selbst gemachte Geschenke zur Geburt \u2013 Bild mit Namen<\/a><\/p>\n","protected":false},"author":2,"featured_media":0,"comment_status":"open","ping_status":"open","sticky":false,"template":"","format":"standard","meta":{"_metis_text_type":"","_metis_text_length":2186,"_post_count":0,"footnotes":""},"categories":[52,36,24],"tags":[],"class_list":["post-14670","post","type-post","status-publish","format-standard","hentry","category-familie","category-klitzekleine-geschenkideen","category-sommer"],"_links":{"self":[{"href":"https:\/\/www.sabine-seyffert.de\/blog\/wp-json\/wp\/v2\/posts\/14670","targetHints":{"allow":["GET"]}}],"collection":[{"href":"https:\/\/www.sabine-seyffert.de\/blog\/wp-json\/wp\/v2\/posts"}],"about":[{"href":"https:\/\/www.sabine-seyffert.de\/blog\/wp-json\/wp\/v2\/types\/post"}],"author":[{"embeddable":true,"href":"https:\/\/www.sabine-seyffert.de\/blog\/wp-json\/wp\/v2\/users\/2"}],"replies":[{"embeddable":true,"href":"https:\/\/www.sabine-seyffert.de\/blog\/wp-json\/wp\/v2\/comments?post=14670"}],"version-history":[{"count":4,"href":"https:\/\/www.sabine-seyffert.de\/blog\/wp-json\/wp\/v2\/posts\/14670\/revisions"}],"predecessor-version":[{"id":14682,"href":"https:\/\/www.sabine-seyffert.de\/blog\/wp-json\/wp\/v2\/posts\/14670\/revisions\/14682"}],"wp:attachment":[{"href":"https:\/\/www.sabine-seyffert.de\/blog\/wp-json\/wp\/v2\/media?parent=14670"}],"wp:term":[{"taxonomy":"category","embeddable":true,"href":"https:\/\/www.sabine-seyffert.de\/blog\/wp-json\/wp\/v2\/categories?post=14670"},{"taxonomy":"post_tag","embeddable":true,"href":"https:\/\/www.sabine-seyffert.de\/blog\/wp-json\/wp\/v2\/tags?post=14670"}],"curies":[{"name":"wp","href":"https:\/\/api.w.org\/{rel}","templated":true}]}}