{"id":14617,"date":"2019-06-09T07:32:31","date_gmt":"2019-06-09T05:32:31","guid":{"rendered":"https:\/\/www.sabine-seyffert.de\/blog\/?p=14617"},"modified":"2019-06-09T07:32:31","modified_gmt":"2019-06-09T05:32:31","slug":"familienurlaub-in-nordholland-ein-kurzer-familien-ausflug-nach-amersfoort","status":"publish","type":"post","link":"https:\/\/www.sabine-seyffert.de\/blog\/familienurlaub-in-nordholland-ein-kurzer-familien-ausflug-nach-amersfoort\/","title":{"rendered":"Familienurlaub in Nordholland \u2013 Ein kurzer Familien Ausflug nach Amersfoort"},"content":{"rendered":"<p style=\"text-align: justify;\"><img loading=\"lazy\" decoding=\"async\" src=\"https:\/\/vg06.met.vgwort.de\/na\/cc8f260ae96a4823b9f3c80075562b3d\" alt=\"\" width=\"1\" height=\"1\" \/>Vor kurzem waren wir \u00fcber das verl\u00e4ngere Wochenende mit einem gro\u00dfen Kreis unserer Familie mal wieder in den Niederlanden unterwegs. Dieses Mal in Nordholland. Eigentlich war der Weg zum ausgew\u00e4hlten Urlaubsziel nicht wirklich weit, aber au\u00dfer uns hatten offenbar ganz viele die Idee, die freien Tage als Kurzurlaub zu nutzen. Dementsprechend lang gestaltete sich unsere Anfahrt.<\/p>\n<p style=\"text-align: center;\"><a href=\"https:\/\/www.sabine-seyffert.de\/blog\/wp-content\/uploads\/2019\/06\/Ausflug-Amersf-Sabine-Seyffert.de-17.jpg\"><img loading=\"lazy\" decoding=\"async\" class=\"alignnone size-full wp-image-14618\" src=\"https:\/\/www.sabine-seyffert.de\/blog\/wp-content\/uploads\/2019\/06\/Ausflug-Amersf-Sabine-Seyffert.de-17.jpg\" alt=\"\" width=\"600\" height=\"800\" srcset=\"https:\/\/www.sabine-seyffert.de\/blog\/wp-content\/uploads\/2019\/06\/Ausflug-Amersf-Sabine-Seyffert.de-17.jpg 600w, https:\/\/www.sabine-seyffert.de\/blog\/wp-content\/uploads\/2019\/06\/Ausflug-Amersf-Sabine-Seyffert.de-17-225x300.jpg 225w\" sizes=\"auto, (max-width: 600px) 100vw, 600px\" \/><\/a><\/p>\n<p style=\"text-align: justify;\">Daher hatte auch niemand wirklich Lust w\u00e4hrend unseres Aufenthalts l\u00e4ngere Autofahrten f\u00fcr Ausfl\u00fcge zu unternehmen. Allerdings mussten wir noch Einkaufen. Und ich hatte vor, in einem meiner Lieblingsgesch\u00e4fte einen Schwung Kaffeetassen zu besorgen. Somit sind wir am Samstag Nachmittag nur zu viert aufgebrochen um diese Dinge zu erledigen.<\/p>\n<p style=\"text-align: center;\"><a href=\"https:\/\/www.sabine-seyffert.de\/blog\/wp-content\/uploads\/2019\/06\/Ausflug-Amersf-Sabine-Seyffert.de-3.jpg\"><img loading=\"lazy\" decoding=\"async\" class=\"alignnone size-full wp-image-14620\" src=\"https:\/\/www.sabine-seyffert.de\/blog\/wp-content\/uploads\/2019\/06\/Ausflug-Amersf-Sabine-Seyffert.de-3.jpg\" alt=\"\" width=\"600\" height=\"800\" srcset=\"https:\/\/www.sabine-seyffert.de\/blog\/wp-content\/uploads\/2019\/06\/Ausflug-Amersf-Sabine-Seyffert.de-3.jpg 600w, https:\/\/www.sabine-seyffert.de\/blog\/wp-content\/uploads\/2019\/06\/Ausflug-Amersf-Sabine-Seyffert.de-3-225x300.jpg 225w\" sizes=\"auto, (max-width: 600px) 100vw, 600px\" \/><\/a><\/p>\n<p style=\"text-align: justify;\">Tja \u2013 als h\u00e4tte ich in meinem Urlaubsbericht \u00fcber unseren Familienausflug nach <a href=\"https:\/\/www.sabine-seyffert.de\/blog\/?p=14520\" target=\"_blank\" rel=\"noopener noreferrer\">Middelburg<\/a> nicht ausdr\u00fccklich darauf hingewiesen, man solle besser vorab die Laden\u00f6ffnungszeiten checken, da die Gesch\u00e4fte in Holland offensichtlich andere Zeiten haben als hier\u2026<\/p>\n<p style=\"text-align: center;\"><a href=\"https:\/\/www.sabine-seyffert.de\/blog\/wp-content\/uploads\/2019\/06\/Ausflug-Amersf-Sabine-Seyffert.de-14.jpg\"><img loading=\"lazy\" decoding=\"async\" class=\"alignnone size-full wp-image-14621\" src=\"https:\/\/www.sabine-seyffert.de\/blog\/wp-content\/uploads\/2019\/06\/Ausflug-Amersf-Sabine-Seyffert.de-14.jpg\" alt=\"\" width=\"600\" height=\"800\" srcset=\"https:\/\/www.sabine-seyffert.de\/blog\/wp-content\/uploads\/2019\/06\/Ausflug-Amersf-Sabine-Seyffert.de-14.jpg 600w, https:\/\/www.sabine-seyffert.de\/blog\/wp-content\/uploads\/2019\/06\/Ausflug-Amersf-Sabine-Seyffert.de-14-225x300.jpg 225w\" sizes=\"auto, (max-width: 600px) 100vw, 600px\" \/><\/a><\/p>\n<p style=\"text-align: justify;\">Es kam, wie es kommen musste, wir standen auf die Minute p\u00fcnktlich am gew\u00fcnschten Gesch\u00e4ft, als dieses gerade abgeschlossen wurde. Somit hatte sich zumindest die Sache mit neuen Kaffeetassen erledigt.<\/p>\n<p style=\"text-align: center;\"><a href=\"https:\/\/www.sabine-seyffert.de\/blog\/wp-content\/uploads\/2019\/06\/Ausflug-Amersf-Sabine-Seyffert.de-12.jpg\"><img loading=\"lazy\" decoding=\"async\" class=\"alignnone size-full wp-image-14622\" src=\"https:\/\/www.sabine-seyffert.de\/blog\/wp-content\/uploads\/2019\/06\/Ausflug-Amersf-Sabine-Seyffert.de-12.jpg\" alt=\"\" width=\"600\" height=\"800\" srcset=\"https:\/\/www.sabine-seyffert.de\/blog\/wp-content\/uploads\/2019\/06\/Ausflug-Amersf-Sabine-Seyffert.de-12.jpg 600w, https:\/\/www.sabine-seyffert.de\/blog\/wp-content\/uploads\/2019\/06\/Ausflug-Amersf-Sabine-Seyffert.de-12-225x300.jpg 225w\" sizes=\"auto, (max-width: 600px) 100vw, 600px\" \/><\/a><\/p>\n<p style=\"text-align: justify;\">Die Entt\u00e4uschung dauerte jedoch nur ganz kurz, denn die mittelalterliche Innenstadt von <a href=\"https:\/\/de.wikipedia.org\/wiki\/Amersfoort\" target=\"_blank\" rel=\"noopener noreferrer\">Amersfoort<\/a> (die zweitgr\u00f6\u00dfte Stadt der Provinz Utrecht) hat uns alle auf Anhieb regelrecht verzaubert. Und das passiert eigentlich nicht so schnell. Jedenfalls liefen nun drei von uns fotografierend durch die zauberhaften Gassen und kamen aus dem Staunen nicht mehr heraus.<\/p>\n<p style=\"text-align: center;\"><a href=\"https:\/\/www.sabine-seyffert.de\/blog\/wp-content\/uploads\/2019\/06\/Ausflug-Amersf-Sabine-Seyffert.de-9.jpg\"><img loading=\"lazy\" decoding=\"async\" class=\"alignnone size-full wp-image-14623\" src=\"https:\/\/www.sabine-seyffert.de\/blog\/wp-content\/uploads\/2019\/06\/Ausflug-Amersf-Sabine-Seyffert.de-9.jpg\" alt=\"\" width=\"600\" height=\"800\" srcset=\"https:\/\/www.sabine-seyffert.de\/blog\/wp-content\/uploads\/2019\/06\/Ausflug-Amersf-Sabine-Seyffert.de-9.jpg 600w, https:\/\/www.sabine-seyffert.de\/blog\/wp-content\/uploads\/2019\/06\/Ausflug-Amersf-Sabine-Seyffert.de-9-225x300.jpg 225w\" sizes=\"auto, (max-width: 600px) 100vw, 600px\" \/><\/a><\/p>\n<p style=\"text-align: justify;\">Die s\u00fc\u00dfen Stra\u00dfencaf\u00e9s und L\u00e4den (wenn auch gr\u00f6\u00dftenteils geschlossen), waren einfach toll. Neugierig sind wir hier und da in schmale Gassen spaziert und haben dabei wundervolle Bistros in Hinterh\u00f6fen entdeckt, die man teilweise auch von den kleinen Grachten aus von der R\u00fcckseite bewundern kann. Es lohnt sich auf jeden Fall ein Blick dort hinein zu werfen!<\/p>\n<p style=\"text-align: center;\"><a href=\"https:\/\/www.sabine-seyffert.de\/blog\/wp-content\/uploads\/2019\/06\/Ausflug-Amersf-Sabine-Seyffert.de-8.jpg\"><img loading=\"lazy\" decoding=\"async\" class=\"alignnone size-full wp-image-14624\" src=\"https:\/\/www.sabine-seyffert.de\/blog\/wp-content\/uploads\/2019\/06\/Ausflug-Amersf-Sabine-Seyffert.de-8.jpg\" alt=\"\" width=\"600\" height=\"800\" srcset=\"https:\/\/www.sabine-seyffert.de\/blog\/wp-content\/uploads\/2019\/06\/Ausflug-Amersf-Sabine-Seyffert.de-8.jpg 600w, https:\/\/www.sabine-seyffert.de\/blog\/wp-content\/uploads\/2019\/06\/Ausflug-Amersf-Sabine-Seyffert.de-8-225x300.jpg 225w\" sizes=\"auto, (max-width: 600px) 100vw, 600px\" \/><\/a><\/p>\n<p style=\"text-align: justify;\">Da der Rest der Familie schon auf das Abendessen wartete, mussten wir uns leider etwas beeilen. Gerne h\u00e4tte ich noch mehr Zeit hier verbracht und die Gegend erkundet. Auf jeden Fall kann ich einen Besuch hier in dieser Stadt w\u00e4rmstens empfehlen. Das war mit Sicherheit nicht unser letzter Besuch dort!<\/p>\n<p style=\"text-align: center;\"><a href=\"https:\/\/www.sabine-seyffert.de\/blog\/wp-content\/uploads\/2019\/06\/Ausflug-Amersf-Sabine-Seyffert.de-6.jpg\"><img loading=\"lazy\" decoding=\"async\" class=\"alignnone size-full wp-image-14625\" src=\"https:\/\/www.sabine-seyffert.de\/blog\/wp-content\/uploads\/2019\/06\/Ausflug-Amersf-Sabine-Seyffert.de-6.jpg\" alt=\"\" width=\"600\" height=\"800\" srcset=\"https:\/\/www.sabine-seyffert.de\/blog\/wp-content\/uploads\/2019\/06\/Ausflug-Amersf-Sabine-Seyffert.de-6.jpg 600w, https:\/\/www.sabine-seyffert.de\/blog\/wp-content\/uploads\/2019\/06\/Ausflug-Amersf-Sabine-Seyffert.de-6-225x300.jpg 225w\" sizes=\"auto, (max-width: 600px) 100vw, 600px\" \/><\/a><\/p>\n<p style=\"text-align: justify;\">Weitere tolle Ausflugstipps f\u00fcr Familien mit Kindern findet ihr \u00fcbrigens in <a href=\"https:\/\/www.sabine-seyffert.de\/blog\/?cat=39\" target=\"_blank\" rel=\"noopener noreferrer\">dieser Blog Kategorie<\/a>, alle Berichte zum Thema Familienurlaub und Reisen gibt es in <a href=\"https:\/\/www.sabine-seyffert.de\/blog\/?cat=38\" target=\"_blank\" rel=\"noopener noreferrer\">diesem Ordner<\/a> und alles rund um den Sommer gibt es an <a href=\"https:\/\/www.sabine-seyffert.de\/blog\/?cat=24\" target=\"_blank\" rel=\"noopener noreferrer\">dieser Stelle<\/a>.<\/p>\n<p style=\"text-align: center;\"><a href=\"https:\/\/www.sabine-seyffert.de\/blog\/wp-content\/uploads\/2019\/06\/Ausflug-Amersf-Sabine-Seyffert.de-5.jpg\"><img loading=\"lazy\" decoding=\"async\" class=\"alignnone size-full wp-image-14626\" src=\"https:\/\/www.sabine-seyffert.de\/blog\/wp-content\/uploads\/2019\/06\/Ausflug-Amersf-Sabine-Seyffert.de-5.jpg\" alt=\"\" width=\"600\" height=\"800\" srcset=\"https:\/\/www.sabine-seyffert.de\/blog\/wp-content\/uploads\/2019\/06\/Ausflug-Amersf-Sabine-Seyffert.de-5.jpg 600w, https:\/\/www.sabine-seyffert.de\/blog\/wp-content\/uploads\/2019\/06\/Ausflug-Amersf-Sabine-Seyffert.de-5-225x300.jpg 225w\" sizes=\"auto, (max-width: 600px) 100vw, 600px\" \/><\/a><\/p>\n<p style=\"text-align: center;\">Sonnige Wochenendgr\u00fc\u00dfe und noch sch\u00f6ne Pfingsttage!<\/p>\n<p style=\"text-align: justify;\"><a href=\"https:\/\/www.sabine-seyffert.de\/blog\/?page_id=32#urheberrecht\">urheberrechtlich gesch\u00fctzt<\/a>, \u00a9 Sabine Seyffert<\/p>\n","protected":false},"excerpt":{"rendered":"<p>Vor kurzem waren wir \u00fcber das verl\u00e4ngere Wochenende mit einem gro\u00dfen Kreis unserer Familie mal wieder in den Niederlanden unterwegs. Dieses Mal in Nordholland. Eigentlich war der Weg zum ausgew\u00e4hlten Urlaubsziel nicht wirklich weit, aber au\u00dfer uns hatten offenbar ganz viele die Idee, die freien Tage als Kurzurlaub zu nutzen. Dementsprechend lang gestaltete sich unsere&#8230; <a href=\"https:\/\/www.sabine-seyffert.de\/blog\/familienurlaub-in-nordholland-ein-kurzer-familien-ausflug-nach-amersfoort\/\" class=\"more-link\">Read more: Familienurlaub in Nordholland \u2013 Ein kurzer Familien Ausflug nach Amersfoort<\/a><\/p>\n","protected":false},"author":2,"featured_media":0,"comment_status":"open","ping_status":"open","sticky":false,"template":"","format":"standard","meta":{"_metis_text_type":"","_metis_text_length":2527,"_post_count":0,"footnotes":""},"categories":[39,38,24],"tags":[],"class_list":["post-14617","post","type-post","status-publish","format-standard","hentry","category-ausfluge-co","category-ferien","category-sommer"],"_links":{"self":[{"href":"https:\/\/www.sabine-seyffert.de\/blog\/wp-json\/wp\/v2\/posts\/14617","targetHints":{"allow":["GET"]}}],"collection":[{"href":"https:\/\/www.sabine-seyffert.de\/blog\/wp-json\/wp\/v2\/posts"}],"about":[{"href":"https:\/\/www.sabine-seyffert.de\/blog\/wp-json\/wp\/v2\/types\/post"}],"author":[{"embeddable":true,"href":"https:\/\/www.sabine-seyffert.de\/blog\/wp-json\/wp\/v2\/users\/2"}],"replies":[{"embeddable":true,"href":"https:\/\/www.sabine-seyffert.de\/blog\/wp-json\/wp\/v2\/comments?post=14617"}],"version-history":[{"count":4,"href":"https:\/\/www.sabine-seyffert.de\/blog\/wp-json\/wp\/v2\/posts\/14617\/revisions"}],"predecessor-version":[{"id":14630,"href":"https:\/\/www.sabine-seyffert.de\/blog\/wp-json\/wp\/v2\/posts\/14617\/revisions\/14630"}],"wp:attachment":[{"href":"https:\/\/www.sabine-seyffert.de\/blog\/wp-json\/wp\/v2\/media?parent=14617"}],"wp:term":[{"taxonomy":"category","embeddable":true,"href":"https:\/\/www.sabine-seyffert.de\/blog\/wp-json\/wp\/v2\/categories?post=14617"},{"taxonomy":"post_tag","embeddable":true,"href":"https:\/\/www.sabine-seyffert.de\/blog\/wp-json\/wp\/v2\/tags?post=14617"}],"curies":[{"name":"wp","href":"https:\/\/api.w.org\/{rel}","templated":true}]}}