{"id":14597,"date":"2019-06-04T06:00:09","date_gmt":"2019-06-04T04:00:09","guid":{"rendered":"https:\/\/www.sabine-seyffert.de\/blog\/?p=14597"},"modified":"2019-06-04T06:00:09","modified_gmt":"2019-06-04T04:00:09","slug":"diy-geschenk-idee-geschenke-zur-geburt-mein-erstes-lebensjahr","status":"publish","type":"post","link":"https:\/\/www.sabine-seyffert.de\/blog\/diy-geschenk-idee-geschenke-zur-geburt-mein-erstes-lebensjahr\/","title":{"rendered":"DIY Geschenk-Idee: Geschenke zur Geburt  &#8211; Mein erstes Lebensjahr"},"content":{"rendered":"<p style=\"text-align: justify;\"><img loading=\"lazy\" decoding=\"async\" src=\"https:\/\/vg06.met.vgwort.de\/na\/91aed0222f744b68be9d72812e5766a2\" alt=\"\" width=\"1\" height=\"1\" \/>Wieder einmal wurde im Freundeskreis ein kleines Menschenkind geboren. Nicht nur ein ganz besonderes Ereignis, sondern auch ein Anlass den kleinen Menschen ganz herzlich willkommen zu hei\u00dfen. Da jedes Kind einzigartig ist, muss in dem Fall auch ein ganz pers\u00f6nliches Geschenk her. In unserem Fall war das eine Art \u201eTagebuch\u201c f\u00fcr das erste Lebensjahr.<\/p>\n<p style=\"text-align: center;\"><a href=\"https:\/\/www.sabine-seyffert.de\/blog\/wp-content\/uploads\/2019\/06\/Geschenkt\u00fcte-Auto-2.jpg\"><img loading=\"lazy\" decoding=\"async\" class=\"alignnone size-full wp-image-14598\" src=\"https:\/\/www.sabine-seyffert.de\/blog\/wp-content\/uploads\/2019\/06\/Geschenkt\u00fcte-Auto-2.jpg\" alt=\"\" width=\"800\" height=\"600\" srcset=\"https:\/\/www.sabine-seyffert.de\/blog\/wp-content\/uploads\/2019\/06\/Geschenkt\u00fcte-Auto-2.jpg 800w, https:\/\/www.sabine-seyffert.de\/blog\/wp-content\/uploads\/2019\/06\/Geschenkt\u00fcte-Auto-2-300x225.jpg 300w, https:\/\/www.sabine-seyffert.de\/blog\/wp-content\/uploads\/2019\/06\/Geschenkt\u00fcte-Auto-2-768x576.jpg 768w\" sizes=\"auto, (max-width: 800px) 100vw, 800px\" \/><\/a><\/p>\n<p style=\"text-align: justify;\"><strong>Das wird gebraucht:<\/strong><br \/>\nUni wei\u00dfe Karteikarten \/ Blanko Postkarten, einen PC samt Drucker, eine stabile Papiert\u00fcte in passender Gr\u00f6\u00dfe, einen Locher oder eine Lochzange, ein St\u00fcck Kordel, eine Schere, gemusterten Tonkarton, farbige Bastelpapierreste, Bastelkleber, eine Hei\u00dfklebepistole samt Klebepatrone, zwei Holzkn\u00f6pfe<\/p>\n<p style=\"text-align: center;\"><a href=\"https:\/\/www.sabine-seyffert.de\/blog\/wp-content\/uploads\/2019\/06\/Mein-erstes-Lebensjahr-3.jpg\"><img loading=\"lazy\" decoding=\"async\" class=\"alignnone size-full wp-image-14599\" src=\"https:\/\/www.sabine-seyffert.de\/blog\/wp-content\/uploads\/2019\/06\/Mein-erstes-Lebensjahr-3.jpg\" alt=\"\" width=\"800\" height=\"600\" srcset=\"https:\/\/www.sabine-seyffert.de\/blog\/wp-content\/uploads\/2019\/06\/Mein-erstes-Lebensjahr-3.jpg 800w, https:\/\/www.sabine-seyffert.de\/blog\/wp-content\/uploads\/2019\/06\/Mein-erstes-Lebensjahr-3-300x225.jpg 300w, https:\/\/www.sabine-seyffert.de\/blog\/wp-content\/uploads\/2019\/06\/Mein-erstes-Lebensjahr-3-768x576.jpg 768w\" sizes=\"auto, (max-width: 800px) 100vw, 800px\" \/><\/a><\/p>\n<p style=\"text-align: justify;\"><strong>So wird\u2019s gemacht:<\/strong><br \/>\nZuerst habe ich mir eine Liste mit allerhand Besonderheiten angefertigt, die in den ersten zw\u00f6lf Monaten eines Kindes von Bedeutung sind. Als Mutter von vier Kindern fallen mir da allerhand lustige Dinge ein, die gerade das erste Lebensjahr sehr spannend und aufregend machen.<\/p>\n<p style=\"text-align: center;\"><a href=\"https:\/\/www.sabine-seyffert.de\/blog\/wp-content\/uploads\/2019\/06\/Mein-erstes-Lebensjahr-1.jpg\"><img loading=\"lazy\" decoding=\"async\" class=\"alignnone size-full wp-image-14600\" src=\"https:\/\/www.sabine-seyffert.de\/blog\/wp-content\/uploads\/2019\/06\/Mein-erstes-Lebensjahr-1.jpg\" alt=\"\" width=\"800\" height=\"600\" srcset=\"https:\/\/www.sabine-seyffert.de\/blog\/wp-content\/uploads\/2019\/06\/Mein-erstes-Lebensjahr-1.jpg 800w, https:\/\/www.sabine-seyffert.de\/blog\/wp-content\/uploads\/2019\/06\/Mein-erstes-Lebensjahr-1-300x225.jpg 300w, https:\/\/www.sabine-seyffert.de\/blog\/wp-content\/uploads\/2019\/06\/Mein-erstes-Lebensjahr-1-768x576.jpg 768w\" sizes=\"auto, (max-width: 800px) 100vw, 800px\" \/><\/a><\/p>\n<p style=\"text-align: justify;\">Und so habe ich zu all den kleinen Sachen und Momenten, die mir eingefallen sind jeweils eine der Karten bedruckt. Beispielsweise:<\/p>\n<p style=\"text-align: center;\"><a href=\"https:\/\/www.sabine-seyffert.de\/blog\/wp-content\/uploads\/2019\/06\/Girlande-Name-Papier.jpg\"><img loading=\"lazy\" decoding=\"async\" class=\"alignnone size-full wp-image-14601\" src=\"https:\/\/www.sabine-seyffert.de\/blog\/wp-content\/uploads\/2019\/06\/Girlande-Name-Papier.jpg\" alt=\"\" width=\"800\" height=\"600\" srcset=\"https:\/\/www.sabine-seyffert.de\/blog\/wp-content\/uploads\/2019\/06\/Girlande-Name-Papier.jpg 800w, https:\/\/www.sabine-seyffert.de\/blog\/wp-content\/uploads\/2019\/06\/Girlande-Name-Papier-300x225.jpg 300w, https:\/\/www.sabine-seyffert.de\/blog\/wp-content\/uploads\/2019\/06\/Girlande-Name-Papier-768x576.jpg 768w\" sizes=\"auto, (max-width: 800px) 100vw, 800px\" \/><\/a><\/p>\n<p style=\"text-align: justify;\"><em>* So sah ich nach meiner ersten Breimahlzeit aus\u2026 Mit Platz um ein passendes Foto dazu zu kleben.<\/em><br \/>\n<em>* Heute am \u2026\u2026.. habe ich mein erstes Paar Schuhe bekommen<\/em><br \/>\n<em>* Juhu, es ist soweit! Am \u2026.. hat mein erster Zahn das Licht der Welt erblickt!<\/em><br \/>\n<em>* U.v.m.<\/em><\/p>\n<p style=\"text-align: center;\"><a href=\"https:\/\/www.sabine-seyffert.de\/blog\/wp-content\/uploads\/2019\/06\/Girlande-Name.jpg\"><img loading=\"lazy\" decoding=\"async\" class=\"alignnone size-full wp-image-14602\" src=\"https:\/\/www.sabine-seyffert.de\/blog\/wp-content\/uploads\/2019\/06\/Girlande-Name.jpg\" alt=\"\" width=\"800\" height=\"600\" srcset=\"https:\/\/www.sabine-seyffert.de\/blog\/wp-content\/uploads\/2019\/06\/Girlande-Name.jpg 800w, https:\/\/www.sabine-seyffert.de\/blog\/wp-content\/uploads\/2019\/06\/Girlande-Name-300x225.jpg 300w, https:\/\/www.sabine-seyffert.de\/blog\/wp-content\/uploads\/2019\/06\/Girlande-Name-768x576.jpg 768w\" sizes=\"auto, (max-width: 800px) 100vw, 800px\" \/><\/a><\/p>\n<p style=\"text-align: justify;\">Au\u00dferdem habe ich zu jedem der 12. Monate eine eigene Karte gedruckt auf der der jeweilige Monat ganz oben steht und auf der oberen H\u00e4lfte mit Platz f\u00fcr Dinge, die das Kind derzeit besonders gerne macht und auf der unteren H\u00e4lfte Sachen, die es im Moment so gar nicht mag.<\/p>\n<p style=\"text-align: center;\"><a href=\"https:\/\/www.sabine-seyffert.de\/blog\/wp-content\/uploads\/2019\/06\/Mein-erstes-Lebensjahr-2.jpg\"><img loading=\"lazy\" decoding=\"async\" class=\"alignnone size-full wp-image-14603\" src=\"https:\/\/www.sabine-seyffert.de\/blog\/wp-content\/uploads\/2019\/06\/Mein-erstes-Lebensjahr-2.jpg\" alt=\"\" width=\"800\" height=\"600\" srcset=\"https:\/\/www.sabine-seyffert.de\/blog\/wp-content\/uploads\/2019\/06\/Mein-erstes-Lebensjahr-2.jpg 800w, https:\/\/www.sabine-seyffert.de\/blog\/wp-content\/uploads\/2019\/06\/Mein-erstes-Lebensjahr-2-300x225.jpg 300w, https:\/\/www.sabine-seyffert.de\/blog\/wp-content\/uploads\/2019\/06\/Mein-erstes-Lebensjahr-2-768x576.jpg 768w\" sizes=\"auto, (max-width: 800px) 100vw, 800px\" \/><\/a><\/p>\n<p style=\"text-align: justify;\">Die Kartensammlung habe ich in etwas Seidenpapier geschlagen und in eine stabile Papiert\u00fcte verpackt, die ich mit einem Auto und einer kleinen Namensgirlande versch\u00f6nert habe. Ein individuelles Geschenk und ein wunderbarer Begleiter durch die ersten Lebensmonate!<\/p>\n<p style=\"text-align: center;\"><a href=\"https:\/\/www.sabine-seyffert.de\/blog\/wp-content\/uploads\/2019\/06\/Mein-erstes-Lebensjahr-8.jpg\"><img loading=\"lazy\" decoding=\"async\" class=\"alignnone size-full wp-image-14604\" src=\"https:\/\/www.sabine-seyffert.de\/blog\/wp-content\/uploads\/2019\/06\/Mein-erstes-Lebensjahr-8.jpg\" alt=\"\" width=\"800\" height=\"600\" srcset=\"https:\/\/www.sabine-seyffert.de\/blog\/wp-content\/uploads\/2019\/06\/Mein-erstes-Lebensjahr-8.jpg 800w, https:\/\/www.sabine-seyffert.de\/blog\/wp-content\/uploads\/2019\/06\/Mein-erstes-Lebensjahr-8-300x225.jpg 300w, https:\/\/www.sabine-seyffert.de\/blog\/wp-content\/uploads\/2019\/06\/Mein-erstes-Lebensjahr-8-768x576.jpg 768w\" sizes=\"auto, (max-width: 800px) 100vw, 800px\" \/><\/a><\/p>\n<p style=\"text-align: justify;\">Weitere Ideen f\u00fcr Kinderfeste &amp; Geburtstagsfeiern findet ihr \u00fcbrigens in <a href=\"https:\/\/www.sabine-seyffert.de\/blog\/?cat=21\" target=\"_blank\" rel=\"noopener noreferrer\">dieser Blog Kategorie<\/a>, Inspirationen f\u00fcr selbst Geschenkideen gibt es in <a href=\"https:\/\/www.sabine-seyffert.de\/blog\/?cat=36\" target=\"_blank\" rel=\"noopener noreferrer\">diesem Ordner<\/a>, eine Ideensammlung f\u00fcr wirklich sinnvolle Geschenke zur Geburt ist in <a href=\"https:\/\/www.sabine-seyffert.de\/blog\/?p=4106\" target=\"_blank\" rel=\"noopener noreferrer\">diesem Bericht<\/a> zu finden und andere kreative Dinge gibt es <a href=\"http:\/\/www.lunaju.de\/2019\/06\/kiddikram-juni-2019.html\" target=\"_blank\" rel=\"noopener nofollow noreferrer\">da<\/a> und auch an <a href=\"https:\/\/www.creadienstag.de\/2019\/05\/linkparty-381.html\" target=\"_blank\" rel=\"noopener nofollow noreferrer\">dieser<\/a> Stelle.<\/p>\n<p style=\"text-align: center;\"><a href=\"https:\/\/www.sabine-seyffert.de\/blog\/wp-content\/uploads\/2019\/06\/Geschenkt\u00fcte-Auto.jpg\"><img loading=\"lazy\" decoding=\"async\" class=\"alignnone size-full wp-image-14605\" src=\"https:\/\/www.sabine-seyffert.de\/blog\/wp-content\/uploads\/2019\/06\/Geschenkt\u00fcte-Auto.jpg\" alt=\"\" width=\"800\" height=\"600\" srcset=\"https:\/\/www.sabine-seyffert.de\/blog\/wp-content\/uploads\/2019\/06\/Geschenkt\u00fcte-Auto.jpg 800w, https:\/\/www.sabine-seyffert.de\/blog\/wp-content\/uploads\/2019\/06\/Geschenkt\u00fcte-Auto-300x225.jpg 300w, https:\/\/www.sabine-seyffert.de\/blog\/wp-content\/uploads\/2019\/06\/Geschenkt\u00fcte-Auto-768x576.jpg 768w\" sizes=\"auto, (max-width: 800px) 100vw, 800px\" \/><\/a><\/p>\n<p style=\"text-align: justify;\"><a href=\"https:\/\/www.sabine-seyffert.de\/blog\/?page_id=32#urheberrecht\">urheberrechtlich gesch\u00fctzt<\/a>, \u00a9 Sabine Seyffert<\/p>\n","protected":false},"excerpt":{"rendered":"<p>Wieder einmal wurde im Freundeskreis ein kleines Menschenkind geboren. Nicht nur ein ganz besonderes Ereignis, sondern auch ein Anlass den kleinen Menschen ganz herzlich willkommen zu hei\u00dfen. Da jedes Kind einzigartig ist, muss in dem Fall auch ein ganz pers\u00f6nliches Geschenk her. In unserem Fall war das eine Art \u201eTagebuch\u201c f\u00fcr das erste Lebensjahr. Das&#8230; <a href=\"https:\/\/www.sabine-seyffert.de\/blog\/diy-geschenk-idee-geschenke-zur-geburt-mein-erstes-lebensjahr\/\" class=\"more-link\">Read more: DIY Geschenk-Idee: Geschenke zur Geburt  &#8211; Mein erstes Lebensjahr<\/a><\/p>\n","protected":false},"author":2,"featured_media":0,"comment_status":"open","ping_status":"open","sticky":false,"template":"","format":"standard","meta":{"_metis_text_type":"","_metis_text_length":2246,"_post_count":0,"footnotes":""},"categories":[52,36,49],"tags":[],"class_list":["post-14597","post","type-post","status-publish","format-standard","hentry","category-familie","category-klitzekleine-geschenkideen","category-verpackungsideen"],"_links":{"self":[{"href":"https:\/\/www.sabine-seyffert.de\/blog\/wp-json\/wp\/v2\/posts\/14597","targetHints":{"allow":["GET"]}}],"collection":[{"href":"https:\/\/www.sabine-seyffert.de\/blog\/wp-json\/wp\/v2\/posts"}],"about":[{"href":"https:\/\/www.sabine-seyffert.de\/blog\/wp-json\/wp\/v2\/types\/post"}],"author":[{"embeddable":true,"href":"https:\/\/www.sabine-seyffert.de\/blog\/wp-json\/wp\/v2\/users\/2"}],"replies":[{"embeddable":true,"href":"https:\/\/www.sabine-seyffert.de\/blog\/wp-json\/wp\/v2\/comments?post=14597"}],"version-history":[{"count":2,"href":"https:\/\/www.sabine-seyffert.de\/blog\/wp-json\/wp\/v2\/posts\/14597\/revisions"}],"predecessor-version":[{"id":14607,"href":"https:\/\/www.sabine-seyffert.de\/blog\/wp-json\/wp\/v2\/posts\/14597\/revisions\/14607"}],"wp:attachment":[{"href":"https:\/\/www.sabine-seyffert.de\/blog\/wp-json\/wp\/v2\/media?parent=14597"}],"wp:term":[{"taxonomy":"category","embeddable":true,"href":"https:\/\/www.sabine-seyffert.de\/blog\/wp-json\/wp\/v2\/categories?post=14597"},{"taxonomy":"post_tag","embeddable":true,"href":"https:\/\/www.sabine-seyffert.de\/blog\/wp-json\/wp\/v2\/tags?post=14597"}],"curies":[{"name":"wp","href":"https:\/\/api.w.org\/{rel}","templated":true}]}}