{"id":14582,"date":"2019-05-28T06:19:49","date_gmt":"2019-05-28T04:19:49","guid":{"rendered":"https:\/\/www.sabine-seyffert.de\/blog\/?p=14582"},"modified":"2020-03-21T20:04:51","modified_gmt":"2020-03-21T18:04:51","slug":"diy-naeh-idee-zum-nachmachen-selbst-genaehte-handyhuelle-mit-applikation","status":"publish","type":"post","link":"https:\/\/www.sabine-seyffert.de\/blog\/diy-naeh-idee-zum-nachmachen-selbst-genaehte-handyhuelle-mit-applikation\/","title":{"rendered":"DIY N\u00e4h-Idee zum Nachmachen: Selbst gen\u00e4hte Handyh\u00fclle mit Applikation"},"content":{"rendered":"<p style=\"text-align: justify;\"><img loading=\"lazy\" decoding=\"async\" src=\"https:\/\/vg06.met.vgwort.de\/na\/c6835b2b63f94347b0e220345d5a9b38\" alt=\"\" width=\"1\" height=\"1\" \/>Vor kurzem habe ich es endlich mal geschafft eine H\u00fclle f\u00fcr ein Handy zu n\u00e4hen. Seit langem waren wir schon auf der Suche, aber von der Gr\u00f6\u00dfe her konnten wir leider nichts Passendes finden. Daher habe ich mich selbst ans Werk gemacht, damit man das Handy nicht einfach so in die Tasche stecken muss. Ich habe dies n\u00e4mlich lediglich unterwegs dabei, damit ich f\u00fcr den Notfall f\u00fcr meine Kinder erreichbar bin. Ansonsten nutze ich dies n\u00e4mlich nicht.<br \/>\nDie H\u00fclle habe ich aus festem Filz gen\u00e4ht. Das ist derart einfach, dass sich diese N\u00e4hidee auch problemlos f\u00fcr <strong><span style=\"color: #ff6600;\">N\u00e4hanf\u00e4nger<\/span><\/strong> eignet oder Kinder, die die ersten N\u00e4hversuche an der Maschine unternehmen wollen \ud83d\ude09<\/p>\n<p style=\"text-align: center;\"><a href=\"https:\/\/www.sabine-seyffert.de\/blog\/wp-content\/uploads\/2019\/05\/Handyh\u00fclle-Filz-grau-4.jpg\"><img loading=\"lazy\" decoding=\"async\" class=\"alignnone size-full wp-image-14583\" src=\"https:\/\/www.sabine-seyffert.de\/blog\/wp-content\/uploads\/2019\/05\/Handyh\u00fclle-Filz-grau-4.jpg\" alt=\"\" width=\"800\" height=\"600\" srcset=\"https:\/\/www.sabine-seyffert.de\/blog\/wp-content\/uploads\/2019\/05\/Handyh\u00fclle-Filz-grau-4.jpg 800w, https:\/\/www.sabine-seyffert.de\/blog\/wp-content\/uploads\/2019\/05\/Handyh\u00fclle-Filz-grau-4-300x225.jpg 300w, https:\/\/www.sabine-seyffert.de\/blog\/wp-content\/uploads\/2019\/05\/Handyh\u00fclle-Filz-grau-4-768x576.jpg 768w\" sizes=\"auto, (max-width: 800px) 100vw, 800px\" \/><\/a><\/p>\n<p style=\"text-align: justify;\"><strong>Das wird gebraucht:<\/strong><br \/>\nDicker Filz, Stoffreste, N\u00e4hgarn, eine Stoffschere, einen Stift, eine N\u00e4hmaschine sowie optional eine Nietenzange und Kam Snaps sowie optional ein Lineal und einen Stift<\/p>\n<p style=\"text-align: center;\"><a href=\"https:\/\/www.sabine-seyffert.de\/blog\/wp-content\/uploads\/2019\/05\/Handyh\u00fclle-Filz-grau.jpg\"><img loading=\"lazy\" decoding=\"async\" class=\"alignnone size-full wp-image-14584\" src=\"https:\/\/www.sabine-seyffert.de\/blog\/wp-content\/uploads\/2019\/05\/Handyh\u00fclle-Filz-grau.jpg\" alt=\"\" width=\"800\" height=\"600\" srcset=\"https:\/\/www.sabine-seyffert.de\/blog\/wp-content\/uploads\/2019\/05\/Handyh\u00fclle-Filz-grau.jpg 800w, https:\/\/www.sabine-seyffert.de\/blog\/wp-content\/uploads\/2019\/05\/Handyh\u00fclle-Filz-grau-300x225.jpg 300w, https:\/\/www.sabine-seyffert.de\/blog\/wp-content\/uploads\/2019\/05\/Handyh\u00fclle-Filz-grau-768x576.jpg 768w\" sizes=\"auto, (max-width: 800px) 100vw, 800px\" \/><\/a><\/p>\n<p style=\"text-align: justify;\"><strong>So wird\u2019s gemacht:<\/strong><br \/>\nZuerst legt man das Handy auf die Filzplatte und zeichnet den Umriss mit jeweils 1 cm Nahtzugabe darauf. Mit Hilfe eines Lineals und einem Stift klappt das prima. Dann schneidet man dies mit der Stoffschere aus.<\/p>\n<p style=\"text-align: center;\"><a href=\"https:\/\/www.sabine-seyffert.de\/blog\/wp-content\/uploads\/2019\/05\/Handyh\u00fclle-Filz-grau-5.jpg\"><img loading=\"lazy\" decoding=\"async\" class=\"alignnone size-full wp-image-14585\" src=\"https:\/\/www.sabine-seyffert.de\/blog\/wp-content\/uploads\/2019\/05\/Handyh\u00fclle-Filz-grau-5.jpg\" alt=\"\" width=\"800\" height=\"600\" srcset=\"https:\/\/www.sabine-seyffert.de\/blog\/wp-content\/uploads\/2019\/05\/Handyh\u00fclle-Filz-grau-5.jpg 800w, https:\/\/www.sabine-seyffert.de\/blog\/wp-content\/uploads\/2019\/05\/Handyh\u00fclle-Filz-grau-5-300x225.jpg 300w, https:\/\/www.sabine-seyffert.de\/blog\/wp-content\/uploads\/2019\/05\/Handyh\u00fclle-Filz-grau-5-768x576.jpg 768w\" sizes=\"auto, (max-width: 800px) 100vw, 800px\" \/><\/a><\/p>\n<p style=\"text-align: justify;\">F\u00fcr den hinteren Teil der H\u00fclle habe ich den ausgeschnittenen Teil als Vorlage genommen, jedoch den oberen Rand verl\u00e4ngert, so dass man die Tasche zuklappen kann. Entweder man zeichnet den Halbkreis per Hand oder nimmt ggf. einen Zirkel oder einen kleine Runde Sch\u00fcssel als Vorlage, die man oben am Rand ansetzt und mit dem Stift am Rand umfahren kann.<\/p>\n<p style=\"text-align: center;\"><a href=\"https:\/\/www.sabine-seyffert.de\/blog\/wp-content\/uploads\/2019\/05\/Handyh\u00fclle-Filz-grau-0.jpg\"><img loading=\"lazy\" decoding=\"async\" class=\"alignnone size-full wp-image-14586\" src=\"https:\/\/www.sabine-seyffert.de\/blog\/wp-content\/uploads\/2019\/05\/Handyh\u00fclle-Filz-grau-0.jpg\" alt=\"\" width=\"800\" height=\"600\" srcset=\"https:\/\/www.sabine-seyffert.de\/blog\/wp-content\/uploads\/2019\/05\/Handyh\u00fclle-Filz-grau-0.jpg 800w, https:\/\/www.sabine-seyffert.de\/blog\/wp-content\/uploads\/2019\/05\/Handyh\u00fclle-Filz-grau-0-300x225.jpg 300w, https:\/\/www.sabine-seyffert.de\/blog\/wp-content\/uploads\/2019\/05\/Handyh\u00fclle-Filz-grau-0-768x576.jpg 768w\" sizes=\"auto, (max-width: 800px) 100vw, 800px\" \/><\/a><\/p>\n<p style=\"text-align: justify;\">Vor dem Zusammenn\u00e4hen habe ich auf der einen Vorderseite ein kleines Schiff appliziert und auf der Handyh\u00fclle Nummer zwei, wie gew\u00fcnscht, ein wei\u00dfes Herz aufgen\u00e4ht.<\/p>\n<p style=\"text-align: center;\"><a href=\"https:\/\/www.sabine-seyffert.de\/blog\/wp-content\/uploads\/2019\/05\/Handyh\u00fclle-Filz-grau-2.jpg\"><img loading=\"lazy\" decoding=\"async\" class=\"alignnone size-full wp-image-14587\" src=\"https:\/\/www.sabine-seyffert.de\/blog\/wp-content\/uploads\/2019\/05\/Handyh\u00fclle-Filz-grau-2.jpg\" alt=\"\" width=\"800\" height=\"600\" srcset=\"https:\/\/www.sabine-seyffert.de\/blog\/wp-content\/uploads\/2019\/05\/Handyh\u00fclle-Filz-grau-2.jpg 800w, https:\/\/www.sabine-seyffert.de\/blog\/wp-content\/uploads\/2019\/05\/Handyh\u00fclle-Filz-grau-2-300x225.jpg 300w, https:\/\/www.sabine-seyffert.de\/blog\/wp-content\/uploads\/2019\/05\/Handyh\u00fclle-Filz-grau-2-768x576.jpg 768w\" sizes=\"auto, (max-width: 800px) 100vw, 800px\" \/><\/a><\/p>\n<p style=\"text-align: justify;\">Dann legt man die Vor- und R\u00fcckseite aufeinander und n\u00e4ht an der Au\u00dfenkante entlang bis zur anderen Seite. Nur der obere Rand bleibt nat\u00fcrlich offen.<\/p>\n<p style=\"text-align: center;\"><a href=\"https:\/\/www.sabine-seyffert.de\/blog\/wp-content\/uploads\/2019\/05\/Handyh\u00fclle-Filz-grau-1.jpg\"><img loading=\"lazy\" decoding=\"async\" class=\"alignnone size-full wp-image-14588\" src=\"https:\/\/www.sabine-seyffert.de\/blog\/wp-content\/uploads\/2019\/05\/Handyh\u00fclle-Filz-grau-1.jpg\" alt=\"\" width=\"800\" height=\"600\" srcset=\"https:\/\/www.sabine-seyffert.de\/blog\/wp-content\/uploads\/2019\/05\/Handyh\u00fclle-Filz-grau-1.jpg 800w, https:\/\/www.sabine-seyffert.de\/blog\/wp-content\/uploads\/2019\/05\/Handyh\u00fclle-Filz-grau-1-300x225.jpg 300w, https:\/\/www.sabine-seyffert.de\/blog\/wp-content\/uploads\/2019\/05\/Handyh\u00fclle-Filz-grau-1-768x576.jpg 768w\" sizes=\"auto, (max-width: 800px) 100vw, 800px\" \/><\/a><\/p>\n<p style=\"text-align: justify;\">Wer mag kann, wie ich es getan habe, die unteren R\u00e4nder leicht abrunden und ggf. etwas \u00fcberstehende Filzst\u00fcck mit der Schere begradigen, falls man nicht ganz akkurat ausgeschnitten hat.<\/p>\n<p style=\"text-align: center;\"><a href=\"https:\/\/www.sabine-seyffert.de\/blog\/wp-content\/uploads\/2019\/05\/Handyh\u00fclle-Filz-grau-3.jpg\"><img loading=\"lazy\" decoding=\"async\" class=\"alignnone size-full wp-image-14589\" src=\"https:\/\/www.sabine-seyffert.de\/blog\/wp-content\/uploads\/2019\/05\/Handyh\u00fclle-Filz-grau-3.jpg\" alt=\"\" width=\"800\" height=\"600\" srcset=\"https:\/\/www.sabine-seyffert.de\/blog\/wp-content\/uploads\/2019\/05\/Handyh\u00fclle-Filz-grau-3.jpg 800w, https:\/\/www.sabine-seyffert.de\/blog\/wp-content\/uploads\/2019\/05\/Handyh\u00fclle-Filz-grau-3-300x225.jpg 300w, https:\/\/www.sabine-seyffert.de\/blog\/wp-content\/uploads\/2019\/05\/Handyh\u00fclle-Filz-grau-3-768x576.jpg 768w\" sizes=\"auto, (max-width: 800px) 100vw, 800px\" \/><\/a><\/p>\n<p style=\"text-align: justify;\">Das praktische an dem Filz ist, man muss diesen nicht vers\u00e4ubern \ud83d\ude09<\/p>\n<p style=\"text-align: center;\"><a href=\"https:\/\/www.sabine-seyffert.de\/blog\/wp-content\/uploads\/2019\/05\/Handyh\u00fclle-Filz-grau-8.jpg\"><img loading=\"lazy\" decoding=\"async\" class=\"alignnone size-full wp-image-14590\" src=\"https:\/\/www.sabine-seyffert.de\/blog\/wp-content\/uploads\/2019\/05\/Handyh\u00fclle-Filz-grau-8.jpg\" alt=\"\" width=\"800\" height=\"600\" srcset=\"https:\/\/www.sabine-seyffert.de\/blog\/wp-content\/uploads\/2019\/05\/Handyh\u00fclle-Filz-grau-8.jpg 800w, https:\/\/www.sabine-seyffert.de\/blog\/wp-content\/uploads\/2019\/05\/Handyh\u00fclle-Filz-grau-8-300x225.jpg 300w, https:\/\/www.sabine-seyffert.de\/blog\/wp-content\/uploads\/2019\/05\/Handyh\u00fclle-Filz-grau-8-768x576.jpg 768w\" sizes=\"auto, (max-width: 800px) 100vw, 800px\" \/><\/a><\/p>\n<p style=\"text-align: justify;\">Zum Schluss habe ich mit der Zange noch kleine Druckkn\u00f6pfe bzw. Kam Snaps angebracht. Alternativ kann man auch etwas Klettband darunter ann\u00e4hen und die Lasche damit befestigen.<\/p>\n<p style=\"text-align: center;\"><a href=\"https:\/\/www.sabine-seyffert.de\/blog\/wp-content\/uploads\/2019\/05\/Handyh\u00fclle-Filz-grau-6.jpg\"><img loading=\"lazy\" decoding=\"async\" class=\"alignnone size-full wp-image-14591\" src=\"https:\/\/www.sabine-seyffert.de\/blog\/wp-content\/uploads\/2019\/05\/Handyh\u00fclle-Filz-grau-6.jpg\" alt=\"\" width=\"800\" height=\"600\" srcset=\"https:\/\/www.sabine-seyffert.de\/blog\/wp-content\/uploads\/2019\/05\/Handyh\u00fclle-Filz-grau-6.jpg 800w, https:\/\/www.sabine-seyffert.de\/blog\/wp-content\/uploads\/2019\/05\/Handyh\u00fclle-Filz-grau-6-300x225.jpg 300w, https:\/\/www.sabine-seyffert.de\/blog\/wp-content\/uploads\/2019\/05\/Handyh\u00fclle-Filz-grau-6-768x576.jpg 768w\" sizes=\"auto, (max-width: 800px) 100vw, 800px\" \/><\/a><\/p>\n<p style=\"text-align: justify;\">Weitere Ideen zum Selbern\u00e4hen findet ihr \u00fcbrigens in <a href=\"https:\/\/www.sabine-seyffert.de\/blog\/?cat=33\" target=\"_blank\" rel=\"noopener noreferrer\">dieser Blog Kategorie<\/a>, Inspirationen f\u00fcr selbst gemachte Geschenke gibt es in <a href=\"https:\/\/www.sabine-seyffert.de\/blog\/?cat=36\" target=\"_blank\" rel=\"noopener noreferrer\">diesem Ordner<\/a> und andere kreative Dinge gibt es an dieser Stelle.<\/p>\n<p style=\"text-align: center;\"><a href=\"https:\/\/www.sabine-seyffert.de\/blog\/wp-content\/uploads\/2019\/05\/Handyh\u00fclle-Filz-grau-7.jpg\"><img loading=\"lazy\" decoding=\"async\" class=\"alignnone size-full wp-image-14592\" src=\"https:\/\/www.sabine-seyffert.de\/blog\/wp-content\/uploads\/2019\/05\/Handyh\u00fclle-Filz-grau-7.jpg\" alt=\"\" width=\"800\" height=\"600\" srcset=\"https:\/\/www.sabine-seyffert.de\/blog\/wp-content\/uploads\/2019\/05\/Handyh\u00fclle-Filz-grau-7.jpg 800w, https:\/\/www.sabine-seyffert.de\/blog\/wp-content\/uploads\/2019\/05\/Handyh\u00fclle-Filz-grau-7-300x225.jpg 300w, https:\/\/www.sabine-seyffert.de\/blog\/wp-content\/uploads\/2019\/05\/Handyh\u00fclle-Filz-grau-7-768x576.jpg 768w\" sizes=\"auto, (max-width: 800px) 100vw, 800px\" \/><\/a><\/p>\n<p style=\"text-align: justify;\"><a href=\"https:\/\/www.sabine-seyffert.de\/blog\/?page_id=32#urheberrecht\">urheberrechtlich gesch\u00fctzt<\/a>, \u00a9 Sabine Seyffert<\/p>\n","protected":false},"excerpt":{"rendered":"<p>Vor kurzem habe ich es endlich mal geschafft eine H\u00fclle f\u00fcr ein Handy zu n\u00e4hen. Seit langem waren wir schon auf der Suche, aber von der Gr\u00f6\u00dfe her konnten wir leider nichts Passendes finden. Daher habe ich mich selbst ans Werk gemacht, damit man das Handy nicht einfach so in die Tasche stecken muss. Ich&#8230; <a href=\"https:\/\/www.sabine-seyffert.de\/blog\/diy-naeh-idee-zum-nachmachen-selbst-genaehte-handyhuelle-mit-applikation\/\" class=\"more-link\">Read more: DIY N\u00e4h-Idee zum Nachmachen: Selbst gen\u00e4hte Handyh\u00fclle mit Applikation<\/a><\/p>\n","protected":false},"author":2,"featured_media":0,"comment_status":"open","ping_status":"open","sticky":false,"template":"","format":"standard","meta":{"_metis_text_type":"","_metis_text_length":2416,"_post_count":0,"footnotes":""},"categories":[36,33],"tags":[],"class_list":["post-14582","post","type-post","status-publish","format-standard","hentry","category-klitzekleine-geschenkideen","category-kreative-naherein"],"_links":{"self":[{"href":"https:\/\/www.sabine-seyffert.de\/blog\/wp-json\/wp\/v2\/posts\/14582","targetHints":{"allow":["GET"]}}],"collection":[{"href":"https:\/\/www.sabine-seyffert.de\/blog\/wp-json\/wp\/v2\/posts"}],"about":[{"href":"https:\/\/www.sabine-seyffert.de\/blog\/wp-json\/wp\/v2\/types\/post"}],"author":[{"embeddable":true,"href":"https:\/\/www.sabine-seyffert.de\/blog\/wp-json\/wp\/v2\/users\/2"}],"replies":[{"embeddable":true,"href":"https:\/\/www.sabine-seyffert.de\/blog\/wp-json\/wp\/v2\/comments?post=14582"}],"version-history":[{"count":2,"href":"https:\/\/www.sabine-seyffert.de\/blog\/wp-json\/wp\/v2\/posts\/14582\/revisions"}],"predecessor-version":[{"id":14594,"href":"https:\/\/www.sabine-seyffert.de\/blog\/wp-json\/wp\/v2\/posts\/14582\/revisions\/14594"}],"wp:attachment":[{"href":"https:\/\/www.sabine-seyffert.de\/blog\/wp-json\/wp\/v2\/media?parent=14582"}],"wp:term":[{"taxonomy":"category","embeddable":true,"href":"https:\/\/www.sabine-seyffert.de\/blog\/wp-json\/wp\/v2\/categories?post=14582"},{"taxonomy":"post_tag","embeddable":true,"href":"https:\/\/www.sabine-seyffert.de\/blog\/wp-json\/wp\/v2\/tags?post=14582"}],"curies":[{"name":"wp","href":"https:\/\/api.w.org\/{rel}","templated":true}]}}