{"id":14563,"date":"2019-05-26T08:23:51","date_gmt":"2019-05-26T06:23:51","guid":{"rendered":"https:\/\/www.sabine-seyffert.de\/blog\/?p=14563"},"modified":"2019-05-26T08:23:51","modified_gmt":"2019-05-26T06:23:51","slug":"familien-urlaub-in-zeeland-ein-ausflug-zum-kasteel-westhove-und-dem-naturschutzgebiet","status":"publish","type":"post","link":"https:\/\/www.sabine-seyffert.de\/blog\/familien-urlaub-in-zeeland-ein-ausflug-zum-kasteel-westhove-und-dem-naturschutzgebiet\/","title":{"rendered":"Familien Urlaub in Zeeland \u2013 Ein Ausflug zum Kasteel Westhove und dem Naturschutzgebiet"},"content":{"rendered":"<p style=\"text-align: justify;\"><img loading=\"lazy\" decoding=\"async\" src=\"https:\/\/vg06.met.vgwort.de\/na\/e1f97951698d4ba1b5326016f87e25aa\" alt=\"\" width=\"1\" height=\"1\" \/>Aller guten Dinge sind bekanntlich drei. Daher folgt nun nach dem Urlaubsberichten zu <a href=\"https:\/\/www.sabine-seyffert.de\/blog\/?p=14438\" target=\"_blank\" rel=\"noopener noreferrer\">Veere<\/a> und unserem Besuch in <a href=\"https:\/\/www.sabine-seyffert.de\/blog\/?p=14520\" target=\"_blank\" rel=\"noopener noreferrer\">Middelburg<\/a> noch ein weiteres sch\u00f6nes Ausflugsziel in <a href=\"https:\/\/de.wikipedia.org\/wiki\/Oostkapelle\" target=\"_blank\" rel=\"noopener noreferrer\">Oostkapelle<\/a>.<\/p>\n<p style=\"text-align: center;\"><a href=\"https:\/\/www.sabine-seyffert.de\/blog\/wp-content\/uploads\/2019\/05\/Kasteel-Sabine-Seyffert.de-12.jpg\"><img loading=\"lazy\" decoding=\"async\" class=\"alignnone size-full wp-image-14564\" src=\"https:\/\/www.sabine-seyffert.de\/blog\/wp-content\/uploads\/2019\/05\/Kasteel-Sabine-Seyffert.de-12.jpg\" alt=\"\" width=\"600\" height=\"800\" srcset=\"https:\/\/www.sabine-seyffert.de\/blog\/wp-content\/uploads\/2019\/05\/Kasteel-Sabine-Seyffert.de-12.jpg 600w, https:\/\/www.sabine-seyffert.de\/blog\/wp-content\/uploads\/2019\/05\/Kasteel-Sabine-Seyffert.de-12-225x300.jpg 225w\" sizes=\"auto, (max-width: 600px) 100vw, 600px\" \/><\/a><\/p>\n<p style=\"text-align: justify;\">Denn in den Ferien haben wir endlich mal wieder der wundersch\u00f6nen Burg <a href=\"https:\/\/www.sabine-seyffert.de\/blog\/?p=11361\" target=\"_blank\" rel=\"noopener noreferrer\">Kasteel Westhove<\/a> einen Besuch abgestattet. Dieses Mal bei bestem Fr\u00fchlingswetter und reichlich Sonnenschein.<\/p>\n<p style=\"text-align: center;\"><a href=\"https:\/\/www.sabine-seyffert.de\/blog\/wp-content\/uploads\/2019\/05\/Kasteel-Sabine-Seyffert.de-2.jpg\"><img loading=\"lazy\" decoding=\"async\" class=\"alignnone size-full wp-image-14566\" src=\"https:\/\/www.sabine-seyffert.de\/blog\/wp-content\/uploads\/2019\/05\/Kasteel-Sabine-Seyffert.de-2.jpg\" alt=\"\" width=\"600\" height=\"800\" srcset=\"https:\/\/www.sabine-seyffert.de\/blog\/wp-content\/uploads\/2019\/05\/Kasteel-Sabine-Seyffert.de-2.jpg 600w, https:\/\/www.sabine-seyffert.de\/blog\/wp-content\/uploads\/2019\/05\/Kasteel-Sabine-Seyffert.de-2-225x300.jpg 225w\" sizes=\"auto, (max-width: 600px) 100vw, 600px\" \/><\/a><\/p>\n<p style=\"text-align: justify;\">Schon allein den gro\u00dfen, weitl\u00e4ufigen Schlosspark, der f\u00fcr alle frei zug\u00e4nglich ist, mag ich sehr. Ich k\u00f6nnte stundenlang auf den schmalen Pfaden durchs Gr\u00fcne wandern, die herrlichen Alleen bewundern und mich an der Natur erfreuen.<\/p>\n<p style=\"text-align: center;\"><a href=\"https:\/\/www.sabine-seyffert.de\/blog\/wp-content\/uploads\/2019\/05\/Kasteel-Sabine-Seyffert.de-3.jpg\"><img loading=\"lazy\" decoding=\"async\" class=\"alignnone size-full wp-image-14573\" src=\"https:\/\/www.sabine-seyffert.de\/blog\/wp-content\/uploads\/2019\/05\/Kasteel-Sabine-Seyffert.de-3.jpg\" alt=\"\" width=\"600\" height=\"800\" srcset=\"https:\/\/www.sabine-seyffert.de\/blog\/wp-content\/uploads\/2019\/05\/Kasteel-Sabine-Seyffert.de-3.jpg 600w, https:\/\/www.sabine-seyffert.de\/blog\/wp-content\/uploads\/2019\/05\/Kasteel-Sabine-Seyffert.de-3-225x300.jpg 225w\" sizes=\"auto, (max-width: 600px) 100vw, 600px\" \/><\/a><\/p>\n<p style=\"text-align: justify;\">W\u00e4hrend wir beim letzten Ausflug frische Maronen auf der Wiese gesammelt hatten und die Herbstbl\u00e4tter von den B\u00e4umen fielen, erwachte nun so langsam alles aus dem Winterschlaf.<\/p>\n<p style=\"text-align: center;\"><a href=\"https:\/\/www.sabine-seyffert.de\/blog\/wp-content\/uploads\/2019\/05\/Kasteel-Sabine-Seyffert.de-11.jpg\"><img loading=\"lazy\" decoding=\"async\" class=\"alignnone size-full wp-image-14574\" src=\"https:\/\/www.sabine-seyffert.de\/blog\/wp-content\/uploads\/2019\/05\/Kasteel-Sabine-Seyffert.de-11.jpg\" alt=\"\" width=\"600\" height=\"800\" srcset=\"https:\/\/www.sabine-seyffert.de\/blog\/wp-content\/uploads\/2019\/05\/Kasteel-Sabine-Seyffert.de-11.jpg 600w, https:\/\/www.sabine-seyffert.de\/blog\/wp-content\/uploads\/2019\/05\/Kasteel-Sabine-Seyffert.de-11-225x300.jpg 225w\" sizes=\"auto, (max-width: 600px) 100vw, 600px\" \/><\/a><\/p>\n<p style=\"text-align: justify;\">Die Kastanienb\u00e4ume trugen bereits ein satt gr\u00fcnes Bl\u00e4tterkleid und \u00fcberall konnte man zart gr\u00fcne Knospen erkennen.<\/p>\n<p style=\"text-align: center;\"><a href=\"https:\/\/www.sabine-seyffert.de\/blog\/wp-content\/uploads\/2019\/05\/Kasteel-Sabine-Seyffert.de-9.jpg\"><img loading=\"lazy\" decoding=\"async\" class=\"alignnone size-full wp-image-14572\" src=\"https:\/\/www.sabine-seyffert.de\/blog\/wp-content\/uploads\/2019\/05\/Kasteel-Sabine-Seyffert.de-9.jpg\" alt=\"\" width=\"600\" height=\"800\" srcset=\"https:\/\/www.sabine-seyffert.de\/blog\/wp-content\/uploads\/2019\/05\/Kasteel-Sabine-Seyffert.de-9.jpg 600w, https:\/\/www.sabine-seyffert.de\/blog\/wp-content\/uploads\/2019\/05\/Kasteel-Sabine-Seyffert.de-9-225x300.jpg 225w\" sizes=\"auto, (max-width: 600px) 100vw, 600px\" \/><\/a><\/p>\n<p style=\"text-align: justify;\">Als erstes jedoch haben wir endlich einmal das Kasteel Westhove von der R\u00fcckseite aus begutachtet und das erste Mal die Besucherterrasse besichtigt. Von hier aus hat man in aller Ruhe die Mottenburg (<a href=\"https:\/\/de.wikipedia.org\/wiki\/Datei:Motte_Oostkapelle_Terra_Maris_Reconstructie_2011_05_29.jpg\" target=\"_blank\" rel=\"noopener noreferrer\">Het Mottekasteel<\/a>) samt Au\u00dfengel\u00e4nde im hinteren Burgteil im Blick.<\/p>\n<p style=\"text-align: center;\"><a href=\"https:\/\/www.sabine-seyffert.de\/blog\/wp-content\/uploads\/2019\/05\/Kasteel-Sabine-Seyffert.de-10.jpg\"><img loading=\"lazy\" decoding=\"async\" class=\"alignnone size-full wp-image-14568\" src=\"https:\/\/www.sabine-seyffert.de\/blog\/wp-content\/uploads\/2019\/05\/Kasteel-Sabine-Seyffert.de-10.jpg\" alt=\"\" width=\"600\" height=\"800\" srcset=\"https:\/\/www.sabine-seyffert.de\/blog\/wp-content\/uploads\/2019\/05\/Kasteel-Sabine-Seyffert.de-10.jpg 600w, https:\/\/www.sabine-seyffert.de\/blog\/wp-content\/uploads\/2019\/05\/Kasteel-Sabine-Seyffert.de-10-225x300.jpg 225w\" sizes=\"auto, (max-width: 600px) 100vw, 600px\" \/><\/a><\/p>\n<p style=\"text-align: justify;\">Besucher des hiesigen Museum Terra Maris k\u00f6nnen diesen Teil auch von Innen erklimmen und den Ausguck genie\u00dfen.<\/p>\n<p style=\"text-align: center;\"><a href=\"https:\/\/www.sabine-seyffert.de\/blog\/wp-content\/uploads\/2019\/05\/Kasteel-Sabine-Seyffert.de-8.jpg\"><img loading=\"lazy\" decoding=\"async\" class=\"alignnone size-full wp-image-14567\" src=\"https:\/\/www.sabine-seyffert.de\/blog\/wp-content\/uploads\/2019\/05\/Kasteel-Sabine-Seyffert.de-8.jpg\" alt=\"\" width=\"600\" height=\"800\" srcset=\"https:\/\/www.sabine-seyffert.de\/blog\/wp-content\/uploads\/2019\/05\/Kasteel-Sabine-Seyffert.de-8.jpg 600w, https:\/\/www.sabine-seyffert.de\/blog\/wp-content\/uploads\/2019\/05\/Kasteel-Sabine-Seyffert.de-8-225x300.jpg 225w\" sizes=\"auto, (max-width: 600px) 100vw, 600px\" \/><\/a><\/p>\n<p style=\"text-align: justify;\">Vor dem Museum, in der N\u00e4he des gro\u00dfen Parkplatz f\u00fcr die F\u00e4hrr\u00e4der, haben wir auch Kunst in den B\u00e4umen entdeckt, die mir nat\u00fcrlich ausgesprochen gut gefiel, wie ihr euch sicherlich denken k\u00f6nnt \ud83d\ude09<\/p>\n<p style=\"text-align: center;\"><a href=\"https:\/\/www.sabine-seyffert.de\/blog\/wp-content\/uploads\/2019\/05\/Kasteel-Sabine-Seyffert.de-6.jpg\"><img loading=\"lazy\" decoding=\"async\" class=\"alignnone size-full wp-image-14565\" src=\"https:\/\/www.sabine-seyffert.de\/blog\/wp-content\/uploads\/2019\/05\/Kasteel-Sabine-Seyffert.de-6.jpg\" alt=\"\" width=\"600\" height=\"800\" srcset=\"https:\/\/www.sabine-seyffert.de\/blog\/wp-content\/uploads\/2019\/05\/Kasteel-Sabine-Seyffert.de-6.jpg 600w, https:\/\/www.sabine-seyffert.de\/blog\/wp-content\/uploads\/2019\/05\/Kasteel-Sabine-Seyffert.de-6-225x300.jpg 225w\" sizes=\"auto, (max-width: 600px) 100vw, 600px\" \/><\/a><\/p>\n<p style=\"text-align: justify;\">Weiter sind wir dann \u00fcber einige Br\u00fccken spaziert, in Richtung Strand. Kurz bevor der Park in Meeresn\u00e4he endet, sind wir noch in einem separat abgetrennten Naturschutzgebiet unterwegs gewesen.<\/p>\n<p style=\"text-align: center;\"><a href=\"https:\/\/www.sabine-seyffert.de\/blog\/wp-content\/uploads\/2019\/05\/Kasteel-Sabine-Seyffert.de-7.jpg\"><img loading=\"lazy\" decoding=\"async\" class=\"alignnone size-full wp-image-14569\" src=\"https:\/\/www.sabine-seyffert.de\/blog\/wp-content\/uploads\/2019\/05\/Kasteel-Sabine-Seyffert.de-7.jpg\" alt=\"\" width=\"600\" height=\"800\" srcset=\"https:\/\/www.sabine-seyffert.de\/blog\/wp-content\/uploads\/2019\/05\/Kasteel-Sabine-Seyffert.de-7.jpg 600w, https:\/\/www.sabine-seyffert.de\/blog\/wp-content\/uploads\/2019\/05\/Kasteel-Sabine-Seyffert.de-7-225x300.jpg 225w\" sizes=\"auto, (max-width: 600px) 100vw, 600px\" \/><\/a><\/p>\n<p style=\"text-align: justify;\">Hier gelten f\u00fcr die Besucher bestimmte Regeln und Hunde m\u00fcssen an der Leine gef\u00fchrt werden. Wir hatten das Gl\u00fcck ein paar Rehe zu entdecken, obwohl an dem Tag recht viele Besucher hier zu finden waren.<\/p>\n<p style=\"text-align: center;\"><a href=\"https:\/\/www.sabine-seyffert.de\/blog\/wp-content\/uploads\/2019\/05\/Kasteel-Sabine-Seyffert.de-1.jpg\"><img loading=\"lazy\" decoding=\"async\" class=\"alignnone size-full wp-image-14570\" src=\"https:\/\/www.sabine-seyffert.de\/blog\/wp-content\/uploads\/2019\/05\/Kasteel-Sabine-Seyffert.de-1.jpg\" alt=\"\" width=\"800\" height=\"600\" srcset=\"https:\/\/www.sabine-seyffert.de\/blog\/wp-content\/uploads\/2019\/05\/Kasteel-Sabine-Seyffert.de-1.jpg 800w, https:\/\/www.sabine-seyffert.de\/blog\/wp-content\/uploads\/2019\/05\/Kasteel-Sabine-Seyffert.de-1-300x225.jpg 300w, https:\/\/www.sabine-seyffert.de\/blog\/wp-content\/uploads\/2019\/05\/Kasteel-Sabine-Seyffert.de-1-768x576.jpg 768w\" sizes=\"auto, (max-width: 800px) 100vw, 800px\" \/><\/a><\/p>\n<p style=\"text-align: justify;\">Sp\u00e4ter auf dem R\u00fcckweg habe ich noch eine ganze T\u00fcte voll Tannenzapfen gesammelt, an denen ich einfach nicht vorbei gehen konnte. Schlie\u00dflich l\u00e4sst sich daraus soviel sch\u00f6nes Basteln.<\/p>\n<p style=\"text-align: center;\"><a href=\"https:\/\/www.sabine-seyffert.de\/blog\/wp-content\/uploads\/2019\/05\/Kasteel-Sabine-Seyffert.de-5.jpg\"><img loading=\"lazy\" decoding=\"async\" class=\"alignnone size-full wp-image-14571\" src=\"https:\/\/www.sabine-seyffert.de\/blog\/wp-content\/uploads\/2019\/05\/Kasteel-Sabine-Seyffert.de-5.jpg\" alt=\"\" width=\"600\" height=\"800\" srcset=\"https:\/\/www.sabine-seyffert.de\/blog\/wp-content\/uploads\/2019\/05\/Kasteel-Sabine-Seyffert.de-5.jpg 600w, https:\/\/www.sabine-seyffert.de\/blog\/wp-content\/uploads\/2019\/05\/Kasteel-Sabine-Seyffert.de-5-225x300.jpg 225w\" sizes=\"auto, (max-width: 600px) 100vw, 600px\" \/><\/a><\/p>\n<p style=\"text-align: justify;\">Weitere tolle Ausflugsberichte, die sich besonders f\u00fcr Familien mit Kindern eignen findet ihr \u00fcbrigens in <a href=\"https:\/\/www.sabine-seyffert.de\/blog\/?cat=39\" target=\"_blank\" rel=\"noopener noreferrer\">dieser Blog Kategorie<\/a>, alles rund um den Urlaub gibt es in <a href=\"https:\/\/www.sabine-seyffert.de\/blog\/?cat=38\" target=\"_blank\" rel=\"noopener noreferrer\">diesem Ordner<\/a> und mehr Gr\u00fcn an dieser Stelle.<\/p>\n<p style=\"text-align: center;\"><a href=\"https:\/\/www.sabine-seyffert.de\/blog\/wp-content\/uploads\/2019\/05\/Kasteel-Sabine-Seyffert.de-4.jpg\"><img loading=\"lazy\" decoding=\"async\" class=\"alignnone size-full wp-image-14575\" src=\"https:\/\/www.sabine-seyffert.de\/blog\/wp-content\/uploads\/2019\/05\/Kasteel-Sabine-Seyffert.de-4.jpg\" alt=\"\" width=\"600\" height=\"800\" srcset=\"https:\/\/www.sabine-seyffert.de\/blog\/wp-content\/uploads\/2019\/05\/Kasteel-Sabine-Seyffert.de-4.jpg 600w, https:\/\/www.sabine-seyffert.de\/blog\/wp-content\/uploads\/2019\/05\/Kasteel-Sabine-Seyffert.de-4-225x300.jpg 225w\" sizes=\"auto, (max-width: 600px) 100vw, 600px\" \/><\/a><\/p>\n<p style=\"text-align: justify;\"><a href=\"https:\/\/www.sabine-seyffert.de\/blog\/?page_id=32#urheberrecht\">urheberrechtlich gesch\u00fctzt<\/a>, \u00a9 Sabine Seyffert<\/p>\n","protected":false},"excerpt":{"rendered":"<p>Aller guten Dinge sind bekanntlich drei. Daher folgt nun nach dem Urlaubsberichten zu Veere und unserem Besuch in Middelburg noch ein weiteres sch\u00f6nes Ausflugsziel in Oostkapelle. Denn in den Ferien haben wir endlich mal wieder der wundersch\u00f6nen Burg Kasteel Westhove einen Besuch abgestattet. Dieses Mal bei bestem Fr\u00fchlingswetter und reichlich Sonnenschein. Schon allein den gro\u00dfen,&#8230; <a href=\"https:\/\/www.sabine-seyffert.de\/blog\/familien-urlaub-in-zeeland-ein-ausflug-zum-kasteel-westhove-und-dem-naturschutzgebiet\/\" class=\"more-link\">Read more: Familien Urlaub in Zeeland \u2013 Ein Ausflug zum Kasteel Westhove und dem Naturschutzgebiet<\/a><\/p>\n","protected":false},"author":2,"featured_media":0,"comment_status":"open","ping_status":"open","sticky":false,"template":"","format":"standard","meta":{"_metis_text_type":"","_metis_text_length":2293,"_post_count":0,"footnotes":""},"categories":[38,23],"tags":[],"class_list":["post-14563","post","type-post","status-publish","format-standard","hentry","category-ferien","category-fruhling"],"_links":{"self":[{"href":"https:\/\/www.sabine-seyffert.de\/blog\/wp-json\/wp\/v2\/posts\/14563","targetHints":{"allow":["GET"]}}],"collection":[{"href":"https:\/\/www.sabine-seyffert.de\/blog\/wp-json\/wp\/v2\/posts"}],"about":[{"href":"https:\/\/www.sabine-seyffert.de\/blog\/wp-json\/wp\/v2\/types\/post"}],"author":[{"embeddable":true,"href":"https:\/\/www.sabine-seyffert.de\/blog\/wp-json\/wp\/v2\/users\/2"}],"replies":[{"embeddable":true,"href":"https:\/\/www.sabine-seyffert.de\/blog\/wp-json\/wp\/v2\/comments?post=14563"}],"version-history":[{"count":6,"href":"https:\/\/www.sabine-seyffert.de\/blog\/wp-json\/wp\/v2\/posts\/14563\/revisions"}],"predecessor-version":[{"id":14581,"href":"https:\/\/www.sabine-seyffert.de\/blog\/wp-json\/wp\/v2\/posts\/14563\/revisions\/14581"}],"wp:attachment":[{"href":"https:\/\/www.sabine-seyffert.de\/blog\/wp-json\/wp\/v2\/media?parent=14563"}],"wp:term":[{"taxonomy":"category","embeddable":true,"href":"https:\/\/www.sabine-seyffert.de\/blog\/wp-json\/wp\/v2\/categories?post=14563"},{"taxonomy":"post_tag","embeddable":true,"href":"https:\/\/www.sabine-seyffert.de\/blog\/wp-json\/wp\/v2\/tags?post=14563"}],"curies":[{"name":"wp","href":"https:\/\/api.w.org\/{rel}","templated":true}]}}