{"id":14549,"date":"2019-05-24T06:14:11","date_gmt":"2019-05-24T04:14:11","guid":{"rendered":"https:\/\/www.sabine-seyffert.de\/blog\/?p=14549"},"modified":"2019-05-28T06:17:01","modified_gmt":"2019-05-28T04:17:01","slug":"upcycling-idee-fuer-den-kindergeburtstag-selbst-gemachte-mitgebsel-erdbeeren-aus-marmeladenglaesern-basteln","status":"publish","type":"post","link":"https:\/\/www.sabine-seyffert.de\/blog\/upcycling-idee-fuer-den-kindergeburtstag-selbst-gemachte-mitgebsel-erdbeeren-aus-marmeladenglaesern-basteln\/","title":{"rendered":"Upcycling Idee f\u00fcr den Kindergeburtstag: Selbst gemachte Mitgebsel \u2013 Erdbeeren aus Marmeladengl\u00e4sern basteln"},"content":{"rendered":"<p style=\"text-align: justify;\"><img loading=\"lazy\" decoding=\"async\" src=\"https:\/\/vg06.met.vgwort.de\/na\/6f282a054bdf4a218fe46cac58cdff82\" alt=\"\" width=\"1\" height=\"1\" \/>Nach <a href=\"https:\/\/www.sabine-seyffert.de\/blog\/?p=14426\" target=\"_blank\" rel=\"noopener noreferrer\">der Einladung<\/a>, der <a href=\"https:\/\/www.sabine-seyffert.de\/blog\/?p=14508\" target=\"_blank\" rel=\"noopener noreferrer\">Partydeko<\/a> und dem <a href=\"https:\/\/www.sabine-seyffert.de\/blog\/?p=14474\" target=\"_blank\" rel=\"noopener noreferrer\">selbst gemachten Geduldsspiel<\/a> gibt es heute zum Abschluss dieser kleinen Geburtstagsreihe noch ein selbst gebasteltes Give Away, das als Gastgeschenk dient und man ganz einfach und kostenlos aus sauberen kleinen Gl\u00e4sern mit Deckel herstellen kann.<br \/>\nSolche selbst gestalteten Mitgebsel finde ich pers\u00f6nlich viel sch\u00f6ner und vor allem umweltfreundlicher als gekaufte Plastikt\u00fcten, die sonst leider so oft \u00fcblich sind.<\/p>\n<p style=\"text-align: center;\"><a href=\"https:\/\/www.sabine-seyffert.de\/blog\/wp-content\/uploads\/2019\/05\/Mitgebsel-Erdbeere-Sabine-Seyffert.de-10.jpg\"><img loading=\"lazy\" decoding=\"async\" class=\"alignnone size-full wp-image-14550\" src=\"https:\/\/www.sabine-seyffert.de\/blog\/wp-content\/uploads\/2019\/05\/Mitgebsel-Erdbeere-Sabine-Seyffert.de-10.jpg\" alt=\"\" width=\"600\" height=\"800\" srcset=\"https:\/\/www.sabine-seyffert.de\/blog\/wp-content\/uploads\/2019\/05\/Mitgebsel-Erdbeere-Sabine-Seyffert.de-10.jpg 600w, https:\/\/www.sabine-seyffert.de\/blog\/wp-content\/uploads\/2019\/05\/Mitgebsel-Erdbeere-Sabine-Seyffert.de-10-225x300.jpg 225w\" sizes=\"auto, (max-width: 600px) 100vw, 600px\" \/><\/a><\/p>\n<p style=\"text-align: justify;\"><strong>Das wird gebraucht:<\/strong><br \/>\nKleinere, leere Gl\u00e4ser mit Schraubverschluss und passendem Deckel, ein kleiner Pappkarton oder St\u00fcck Pappe, eine scharfe Schere, kleine d\u00fcnne Zweige, Klebstoff, ein Borstenpinsel, roter und gr\u00fcner Acryllack \/ Bastelfarbe auf Wasserbasis, Kordel, Buchstabenstempel, ein Stempelkissen, eine Lochzange, rotes Seidenpapier, einen schwarzen Permanent Marker mit d\u00fcnner Spitze sowie eine kleine \u00dcberraschung oder ein paar s\u00fc\u00dfe Leckereien zum Bef\u00fcllen<\/p>\n<p style=\"text-align: center;\"><a href=\"https:\/\/www.sabine-seyffert.de\/blog\/wp-content\/uploads\/2019\/05\/Mitgebsel-Erdbeere-Sabine-Seyffert.de-.jpg\"><img loading=\"lazy\" decoding=\"async\" class=\"alignnone size-full wp-image-14551\" src=\"https:\/\/www.sabine-seyffert.de\/blog\/wp-content\/uploads\/2019\/05\/Mitgebsel-Erdbeere-Sabine-Seyffert.de-.jpg\" alt=\"\" width=\"600\" height=\"800\" srcset=\"https:\/\/www.sabine-seyffert.de\/blog\/wp-content\/uploads\/2019\/05\/Mitgebsel-Erdbeere-Sabine-Seyffert.de-.jpg 600w, https:\/\/www.sabine-seyffert.de\/blog\/wp-content\/uploads\/2019\/05\/Mitgebsel-Erdbeere-Sabine-Seyffert.de--225x300.jpg 225w\" sizes=\"auto, (max-width: 600px) 100vw, 600px\" \/><\/a><\/p>\n<p style=\"text-align: justify;\"><strong>So wird\u2019s gemacht:<\/strong><br \/>\nAn dieser Bastelidee merkt man mal wieder, wie sehr ich Erdbeeren liebe \ud83d\ude09 Nach der <a href=\"https:\/\/www.sabine-seyffert.de\/blog\/?p=10354\" target=\"_blank\" rel=\"noopener noreferrer\">Erdbeergirlande<\/a>, der leuchtenden <a href=\"https:\/\/www.sabine-seyffert.de\/blog\/?p=11295\" target=\"_blank\" rel=\"noopener noreferrer\">Erdbeerlaterne<\/a>, der <a href=\"https:\/\/www.sabine-seyffert.de\/blog\/?p=12256\" target=\"_blank\" rel=\"noopener noreferrer\">Geschenkverpackung mit Lolli Erdbeere<\/a> und den zahlreichen Erdbeerrezepten auf den Blog, folgt nun eine weitere \u201efruchtige\u201c Idee.<\/p>\n<p style=\"text-align: center;\"><a href=\"https:\/\/www.sabine-seyffert.de\/blog\/wp-content\/uploads\/2019\/05\/Mitgebsel-Erdbeere-Sabine-Seyffert.de-9.jpg\"><img loading=\"lazy\" decoding=\"async\" class=\"alignnone size-full wp-image-14552\" src=\"https:\/\/www.sabine-seyffert.de\/blog\/wp-content\/uploads\/2019\/05\/Mitgebsel-Erdbeere-Sabine-Seyffert.de-9.jpg\" alt=\"\" width=\"800\" height=\"600\" srcset=\"https:\/\/www.sabine-seyffert.de\/blog\/wp-content\/uploads\/2019\/05\/Mitgebsel-Erdbeere-Sabine-Seyffert.de-9.jpg 800w, https:\/\/www.sabine-seyffert.de\/blog\/wp-content\/uploads\/2019\/05\/Mitgebsel-Erdbeere-Sabine-Seyffert.de-9-300x225.jpg 300w, https:\/\/www.sabine-seyffert.de\/blog\/wp-content\/uploads\/2019\/05\/Mitgebsel-Erdbeere-Sabine-Seyffert.de-9-768x576.jpg 768w\" sizes=\"auto, (max-width: 800px) 100vw, 800px\" \/><\/a><\/p>\n<p style=\"text-align: justify;\">F\u00fcr die kleinen G\u00e4ste habe ich kleine Mitgebsel vorbereitet und zu diesem Zweck allerhand Erdbeeren als Verpackung gebastelt. Und zwar aus leeren Marmeladengl\u00e4sern. Die Deckel habe ich allesamt rot angemalt und mir dann die Gl\u00e4ser vorgenommen.<\/p>\n<p style=\"text-align: center;\"><a href=\"https:\/\/www.sabine-seyffert.de\/blog\/wp-content\/uploads\/2019\/05\/Mitgebsel-Erdbeere-Sabine-Seyffert.de-8.jpg\"><img loading=\"lazy\" decoding=\"async\" class=\"alignnone size-full wp-image-14553\" src=\"https:\/\/www.sabine-seyffert.de\/blog\/wp-content\/uploads\/2019\/05\/Mitgebsel-Erdbeere-Sabine-Seyffert.de-8.jpg\" alt=\"\" width=\"800\" height=\"600\" srcset=\"https:\/\/www.sabine-seyffert.de\/blog\/wp-content\/uploads\/2019\/05\/Mitgebsel-Erdbeere-Sabine-Seyffert.de-8.jpg 800w, https:\/\/www.sabine-seyffert.de\/blog\/wp-content\/uploads\/2019\/05\/Mitgebsel-Erdbeere-Sabine-Seyffert.de-8-300x225.jpg 300w, https:\/\/www.sabine-seyffert.de\/blog\/wp-content\/uploads\/2019\/05\/Mitgebsel-Erdbeere-Sabine-Seyffert.de-8-768x576.jpg 768w\" sizes=\"auto, (max-width: 800px) 100vw, 800px\" \/><\/a><\/p>\n<p style=\"text-align: justify;\">Auf jedes Glas habe ich kleine schwarze Punkte gemalt und ebenso auf die rot bemalten und fertig getrockneten Deckel.<\/p>\n<p style=\"text-align: center;\"><a href=\"https:\/\/www.sabine-seyffert.de\/blog\/wp-content\/uploads\/2019\/05\/Mitgebsel-Erdbeere-Sabine-Seyffert.de-7.jpg\"><img loading=\"lazy\" decoding=\"async\" class=\"alignnone size-full wp-image-14554\" src=\"https:\/\/www.sabine-seyffert.de\/blog\/wp-content\/uploads\/2019\/05\/Mitgebsel-Erdbeere-Sabine-Seyffert.de-7.jpg\" alt=\"\" width=\"800\" height=\"600\" srcset=\"https:\/\/www.sabine-seyffert.de\/blog\/wp-content\/uploads\/2019\/05\/Mitgebsel-Erdbeere-Sabine-Seyffert.de-7.jpg 800w, https:\/\/www.sabine-seyffert.de\/blog\/wp-content\/uploads\/2019\/05\/Mitgebsel-Erdbeere-Sabine-Seyffert.de-7-300x225.jpg 300w, https:\/\/www.sabine-seyffert.de\/blog\/wp-content\/uploads\/2019\/05\/Mitgebsel-Erdbeere-Sabine-Seyffert.de-7-768x576.jpg 768w\" sizes=\"auto, (max-width: 800px) 100vw, 800px\" \/><\/a><\/p>\n<p style=\"text-align: justify;\">Au\u00dferdem habe ich aus der Pappe f\u00fcr jeden Deckel einen kleinen Erdbeerstrunk geschnitten und gr\u00fcn bemalt. Der wird nach dem Trocknen mittig gelocht.<\/p>\n<p style=\"text-align: center;\"><a href=\"https:\/\/www.sabine-seyffert.de\/blog\/wp-content\/uploads\/2019\/05\/Mitgebsel-Erdbeere-Sabine-Seyffert.de-5.jpg\"><img loading=\"lazy\" decoding=\"async\" class=\"alignnone size-full wp-image-14555\" src=\"https:\/\/www.sabine-seyffert.de\/blog\/wp-content\/uploads\/2019\/05\/Mitgebsel-Erdbeere-Sabine-Seyffert.de-5.jpg\" alt=\"\" width=\"800\" height=\"600\" srcset=\"https:\/\/www.sabine-seyffert.de\/blog\/wp-content\/uploads\/2019\/05\/Mitgebsel-Erdbeere-Sabine-Seyffert.de-5.jpg 800w, https:\/\/www.sabine-seyffert.de\/blog\/wp-content\/uploads\/2019\/05\/Mitgebsel-Erdbeere-Sabine-Seyffert.de-5-300x225.jpg 300w, https:\/\/www.sabine-seyffert.de\/blog\/wp-content\/uploads\/2019\/05\/Mitgebsel-Erdbeere-Sabine-Seyffert.de-5-768x576.jpg 768w\" sizes=\"auto, (max-width: 800px) 100vw, 800px\" \/><\/a><\/p>\n<p style=\"text-align: justify;\">F\u00fcr das Innere der Gl\u00e4ser habe ich je einen breiten Streifen Seidenpapier gerollt. Zwischen das rote Seidenpapier kann man nun die \u00dcberraschung f\u00fcllen und die Gl\u00e4ser im Anschluss mit dem Deckel verschlie\u00dfen. Dann klebt man den gr\u00fcnen Pappstrunk mittig auf den Deckel und steckt ein St\u00fcck von dem d\u00fcnnen Zweig als Stiel hinein.<\/p>\n<p style=\"text-align: center;\"><a href=\"https:\/\/www.sabine-seyffert.de\/blog\/wp-content\/uploads\/2019\/05\/Mitgebsel-Erdbeere-Sabine-Seyffert.de-4.jpg\"><img loading=\"lazy\" decoding=\"async\" class=\"alignnone size-full wp-image-14556\" src=\"https:\/\/www.sabine-seyffert.de\/blog\/wp-content\/uploads\/2019\/05\/Mitgebsel-Erdbeere-Sabine-Seyffert.de-4.jpg\" alt=\"\" width=\"800\" height=\"600\" srcset=\"https:\/\/www.sabine-seyffert.de\/blog\/wp-content\/uploads\/2019\/05\/Mitgebsel-Erdbeere-Sabine-Seyffert.de-4.jpg 800w, https:\/\/www.sabine-seyffert.de\/blog\/wp-content\/uploads\/2019\/05\/Mitgebsel-Erdbeere-Sabine-Seyffert.de-4-300x225.jpg 300w, https:\/\/www.sabine-seyffert.de\/blog\/wp-content\/uploads\/2019\/05\/Mitgebsel-Erdbeere-Sabine-Seyffert.de-4-768x576.jpg 768w\" sizes=\"auto, (max-width: 800px) 100vw, 800px\" \/><\/a><\/p>\n<p style=\"text-align: justify;\">Zu guter Letzt habe ich aus der Pappe noch Wimpel zugeschnitten und am oberen Rand gelocht. Diese kann man mit dem Namen der Kinder bestempeln und mit Kordel um die Gl\u00e4ser binden.<\/p>\n<p style=\"text-align: center;\"><a href=\"https:\/\/www.sabine-seyffert.de\/blog\/wp-content\/uploads\/2019\/05\/Mitgebsel-Erdbeere-Sabine-Seyffert.de-3.jpg\"><img loading=\"lazy\" decoding=\"async\" class=\"alignnone size-full wp-image-14557\" src=\"https:\/\/www.sabine-seyffert.de\/blog\/wp-content\/uploads\/2019\/05\/Mitgebsel-Erdbeere-Sabine-Seyffert.de-3.jpg\" alt=\"\" width=\"800\" height=\"600\" srcset=\"https:\/\/www.sabine-seyffert.de\/blog\/wp-content\/uploads\/2019\/05\/Mitgebsel-Erdbeere-Sabine-Seyffert.de-3.jpg 800w, https:\/\/www.sabine-seyffert.de\/blog\/wp-content\/uploads\/2019\/05\/Mitgebsel-Erdbeere-Sabine-Seyffert.de-3-300x225.jpg 300w, https:\/\/www.sabine-seyffert.de\/blog\/wp-content\/uploads\/2019\/05\/Mitgebsel-Erdbeere-Sabine-Seyffert.de-3-768x576.jpg 768w\" sizes=\"auto, (max-width: 800px) 100vw, 800px\" \/><\/a><\/p>\n<p style=\"text-align: justify;\"><strong>Ein kleiner Tipp:<\/strong><br \/>\nWer gerne bastelt und Geduld hat, kann aus Papierresten Mini Erdbeeren zuschneiden und als Motiv mit auf die Wimpel kleben \ud83d\ude42<\/p>\n<p style=\"text-align: center;\"><a href=\"https:\/\/www.sabine-seyffert.de\/blog\/wp-content\/uploads\/2019\/05\/Mitgebsel-Erdbeere-Sabine-Seyffert.de-2.jpg\"><img loading=\"lazy\" decoding=\"async\" class=\"alignnone size-full wp-image-14558\" src=\"https:\/\/www.sabine-seyffert.de\/blog\/wp-content\/uploads\/2019\/05\/Mitgebsel-Erdbeere-Sabine-Seyffert.de-2.jpg\" alt=\"\" width=\"800\" height=\"600\" srcset=\"https:\/\/www.sabine-seyffert.de\/blog\/wp-content\/uploads\/2019\/05\/Mitgebsel-Erdbeere-Sabine-Seyffert.de-2.jpg 800w, https:\/\/www.sabine-seyffert.de\/blog\/wp-content\/uploads\/2019\/05\/Mitgebsel-Erdbeere-Sabine-Seyffert.de-2-300x225.jpg 300w, https:\/\/www.sabine-seyffert.de\/blog\/wp-content\/uploads\/2019\/05\/Mitgebsel-Erdbeere-Sabine-Seyffert.de-2-768x576.jpg 768w\" sizes=\"auto, (max-width: 800px) 100vw, 800px\" \/><\/a><\/p>\n<p style=\"text-align: justify;\">Weitere Inspirationen f\u00fcr selbst gemachte Geschenkverpackungen zu ganz unterschiedlichen Anl\u00e4ssen findet ihr \u00fcbrigens in <a href=\"https:\/\/www.sabine-seyffert.de\/blog\/?cat=49\" target=\"_blank\" rel=\"noopener noreferrer\">dieser Blog Kategorie<\/a>, alles rund um das Feiern mit Kindern gibt es in <a href=\"https:\/\/www.sabine-seyffert.de\/blog\/?cat=21\" target=\"_blank\" rel=\"noopener noreferrer\">diesem Ordner<\/a>, alle Upcycling Ideen mit Bastelanleitung in <a href=\"https:\/\/www.sabine-seyffert.de\/blog\/?cat=47\" target=\"_blank\" rel=\"noopener noreferrer\">dieser Rubrik<\/a>, mehr Gr\u00fcn dort und andere kreative Sachen gibt es <a href=\"http:\/\/www.lunaju.de\/2019\/05\/kiddikram-mai.html\" target=\"_blank\" rel=\"noopener nofollow noreferrer\">da<\/a> und auch <a href=\"https:\/\/www.creadienstag.de\/2019\/05\/linkparty-380.html\" target=\"_blank\" rel=\"noopener nofollow noreferrer\">dieser<\/a> Stelle.<\/p>\n<p style=\"text-align: center;\"><a href=\"https:\/\/www.sabine-seyffert.de\/blog\/wp-content\/uploads\/2019\/05\/Mitgebsel-Erdbeere-Sabine-Seyffert.de-1.jpg\"><img loading=\"lazy\" decoding=\"async\" class=\"alignnone size-full wp-image-14559\" src=\"https:\/\/www.sabine-seyffert.de\/blog\/wp-content\/uploads\/2019\/05\/Mitgebsel-Erdbeere-Sabine-Seyffert.de-1.jpg\" alt=\"\" width=\"800\" height=\"600\" srcset=\"https:\/\/www.sabine-seyffert.de\/blog\/wp-content\/uploads\/2019\/05\/Mitgebsel-Erdbeere-Sabine-Seyffert.de-1.jpg 800w, https:\/\/www.sabine-seyffert.de\/blog\/wp-content\/uploads\/2019\/05\/Mitgebsel-Erdbeere-Sabine-Seyffert.de-1-300x225.jpg 300w, https:\/\/www.sabine-seyffert.de\/blog\/wp-content\/uploads\/2019\/05\/Mitgebsel-Erdbeere-Sabine-Seyffert.de-1-768x576.jpg 768w\" sizes=\"auto, (max-width: 800px) 100vw, 800px\" \/><\/a><\/p>\n<p style=\"text-align: justify;\"><a href=\"https:\/\/www.sabine-seyffert.de\/blog\/?page_id=32#urheberrecht\">urheberrechtlich gesch\u00fctzt<\/a>, \u00a9 Sabine Seyffert<\/p>\n","protected":false},"excerpt":{"rendered":"<p>Nach der Einladung, der Partydeko und dem selbst gemachten Geduldsspiel gibt es heute zum Abschluss dieser kleinen Geburtstagsreihe noch ein selbst gebasteltes Give Away, das als Gastgeschenk dient und man ganz einfach und kostenlos aus sauberen kleinen Gl\u00e4sern mit Deckel herstellen kann. Solche selbst gestalteten Mitgebsel finde ich pers\u00f6nlich viel sch\u00f6ner und vor allem umweltfreundlicher&#8230; <a href=\"https:\/\/www.sabine-seyffert.de\/blog\/upcycling-idee-fuer-den-kindergeburtstag-selbst-gemachte-mitgebsel-erdbeeren-aus-marmeladenglaesern-basteln\/\" class=\"more-link\">Read more: Upcycling Idee f\u00fcr den Kindergeburtstag: Selbst gemachte Mitgebsel \u2013 Erdbeeren aus Marmeladengl\u00e4sern basteln<\/a><\/p>\n","protected":false},"author":2,"featured_media":0,"comment_status":"open","ping_status":"open","sticky":false,"template":"","format":"standard","meta":{"_metis_text_type":"","_metis_text_length":2755,"_post_count":0,"footnotes":""},"categories":[32,21,47],"tags":[],"class_list":["post-14549","post","type-post","status-publish","format-standard","hentry","category-kreatives-fur-kleine-kinderhande","category-kinderfeste-partys","category-upcyceltes"],"_links":{"self":[{"href":"https:\/\/www.sabine-seyffert.de\/blog\/wp-json\/wp\/v2\/posts\/14549","targetHints":{"allow":["GET"]}}],"collection":[{"href":"https:\/\/www.sabine-seyffert.de\/blog\/wp-json\/wp\/v2\/posts"}],"about":[{"href":"https:\/\/www.sabine-seyffert.de\/blog\/wp-json\/wp\/v2\/types\/post"}],"author":[{"embeddable":true,"href":"https:\/\/www.sabine-seyffert.de\/blog\/wp-json\/wp\/v2\/users\/2"}],"replies":[{"embeddable":true,"href":"https:\/\/www.sabine-seyffert.de\/blog\/wp-json\/wp\/v2\/comments?post=14549"}],"version-history":[{"count":3,"href":"https:\/\/www.sabine-seyffert.de\/blog\/wp-json\/wp\/v2\/posts\/14549\/revisions"}],"predecessor-version":[{"id":14595,"href":"https:\/\/www.sabine-seyffert.de\/blog\/wp-json\/wp\/v2\/posts\/14549\/revisions\/14595"}],"wp:attachment":[{"href":"https:\/\/www.sabine-seyffert.de\/blog\/wp-json\/wp\/v2\/media?parent=14549"}],"wp:term":[{"taxonomy":"category","embeddable":true,"href":"https:\/\/www.sabine-seyffert.de\/blog\/wp-json\/wp\/v2\/categories?post=14549"},{"taxonomy":"post_tag","embeddable":true,"href":"https:\/\/www.sabine-seyffert.de\/blog\/wp-json\/wp\/v2\/tags?post=14549"}],"curies":[{"name":"wp","href":"https:\/\/api.w.org\/{rel}","templated":true}]}}