{"id":14534,"date":"2019-05-21T06:24:36","date_gmt":"2019-05-21T04:24:36","guid":{"rendered":"https:\/\/www.sabine-seyffert.de\/blog\/?p=14534"},"modified":"2019-05-22T06:34:04","modified_gmt":"2019-05-22T04:34:04","slug":"geschenke-verpacken-mit-packpapier-kleiner-astronaut-wir-heben-ab-alles-gute-zum-geburtstag","status":"publish","type":"post","link":"https:\/\/www.sabine-seyffert.de\/blog\/geschenke-verpacken-mit-packpapier-kleiner-astronaut-wir-heben-ab-alles-gute-zum-geburtstag\/","title":{"rendered":"Geschenke verpacken mit Packpapier: Kleiner Astronaut, wir heben ab \u2013 alles Gute zum Geburtstag!"},"content":{"rendered":"<p style=\"text-align: justify;\"><img loading=\"lazy\" decoding=\"async\" src=\"https:\/\/vg06.met.vgwort.de\/na\/356bca5f7d594b638f77f75703f47464\" alt=\"\" width=\"1\" height=\"1\" \/>Manchmal ist das Leben zum in die Luft gehen, oder? Und zwar im positiven Sinne! Wie sch\u00f6n w\u00e4re es einfach mal den Alltag hinter sich zu lassen und in Richtung Himmel zu fliegen\u2026 Solche Kindertr\u00e4ume werden manchmal sogar wahr. Wie zum Beispiel, wenn es Geburtstagsgeschenke gibt, hip, hip, hurra!<\/p>\n<p style=\"text-align: center;\"><a href=\"https:\/\/www.sabine-seyffert.de\/blog\/wp-content\/uploads\/2019\/05\/Astronaut-Variante-2.jpg\"><img loading=\"lazy\" decoding=\"async\" class=\"alignnone size-full wp-image-14535\" src=\"https:\/\/www.sabine-seyffert.de\/blog\/wp-content\/uploads\/2019\/05\/Astronaut-Variante-2.jpg\" alt=\"\" width=\"800\" height=\"600\" srcset=\"https:\/\/www.sabine-seyffert.de\/blog\/wp-content\/uploads\/2019\/05\/Astronaut-Variante-2.jpg 800w, https:\/\/www.sabine-seyffert.de\/blog\/wp-content\/uploads\/2019\/05\/Astronaut-Variante-2-300x225.jpg 300w, https:\/\/www.sabine-seyffert.de\/blog\/wp-content\/uploads\/2019\/05\/Astronaut-Variante-2-768x576.jpg 768w\" sizes=\"auto, (max-width: 800px) 100vw, 800px\" \/><\/a><\/p>\n<p style=\"text-align: justify;\"><strong>Das wird gebraucht:<\/strong><br \/>\nNaturbraunes Packpapier, Bastelschere, farbiges Bastelpapier (z.B. d\u00fcnnes Tonpapier), Buchstabenstempel, farbiges Stempelkissen, Klebstoff, optional Dinge zum Verzieren wie Pailletten, Masking Tapes, Dymo Pr\u00e4geger\u00e4t mit Klebeband o.a.<\/p>\n<p style=\"text-align: center;\"><a href=\"https:\/\/www.sabine-seyffert.de\/blog\/wp-content\/uploads\/2019\/05\/Astronaut-0.jpg\"><img loading=\"lazy\" decoding=\"async\" class=\"alignnone size-full wp-image-14536\" src=\"https:\/\/www.sabine-seyffert.de\/blog\/wp-content\/uploads\/2019\/05\/Astronaut-0.jpg\" alt=\"\" width=\"800\" height=\"600\" srcset=\"https:\/\/www.sabine-seyffert.de\/blog\/wp-content\/uploads\/2019\/05\/Astronaut-0.jpg 800w, https:\/\/www.sabine-seyffert.de\/blog\/wp-content\/uploads\/2019\/05\/Astronaut-0-300x225.jpg 300w, https:\/\/www.sabine-seyffert.de\/blog\/wp-content\/uploads\/2019\/05\/Astronaut-0-768x576.jpg 768w\" sizes=\"auto, (max-width: 800px) 100vw, 800px\" \/><\/a><\/p>\n<p style=\"text-align: justify;\">S<strong>o wird\u2019s gemacht:<\/strong><br \/>\nF\u00fcr das Geburtstagkind habe ich das Geschenk wie \u00fcblich in Packpapier gewickelt und eigens f\u00fcr diesen Zweck eine waschechte Rakete gebastelt. Aus Papier versteht sich \ud83d\ude42<\/p>\n<p style=\"text-align: center;\"><a href=\"https:\/\/www.sabine-seyffert.de\/blog\/wp-content\/uploads\/2019\/05\/Astronaut-4.jpg\"><img loading=\"lazy\" decoding=\"async\" class=\"alignnone size-full wp-image-14537\" src=\"https:\/\/www.sabine-seyffert.de\/blog\/wp-content\/uploads\/2019\/05\/Astronaut-4.jpg\" alt=\"\" width=\"800\" height=\"600\" srcset=\"https:\/\/www.sabine-seyffert.de\/blog\/wp-content\/uploads\/2019\/05\/Astronaut-4.jpg 800w, https:\/\/www.sabine-seyffert.de\/blog\/wp-content\/uploads\/2019\/05\/Astronaut-4-300x225.jpg 300w, https:\/\/www.sabine-seyffert.de\/blog\/wp-content\/uploads\/2019\/05\/Astronaut-4-768x576.jpg 768w\" sizes=\"auto, (max-width: 800px) 100vw, 800px\" \/><\/a><\/p>\n<p style=\"text-align: justify;\">Daf\u00fcr braucht man nicht einmal eine Bastelvorlage oder Schablone. Einfach ein paar geometrische Formen aus dem bunten Bastelpapier ausschneiden und als Rakete zusammensetzen. Gef\u00e4llt Euch diese und ist sie an der gew\u00fcnschten Stelle auf dem Geschenk platziert, klebt Ihr diese einfach mit etwas Klebstoff auf das verpackte Geschenk.<\/p>\n<p style=\"text-align: center;\"><a href=\"https:\/\/www.sabine-seyffert.de\/blog\/wp-content\/uploads\/2019\/05\/Astronaut-3.jpg\"><img loading=\"lazy\" decoding=\"async\" class=\"alignnone size-full wp-image-14538\" src=\"https:\/\/www.sabine-seyffert.de\/blog\/wp-content\/uploads\/2019\/05\/Astronaut-3.jpg\" alt=\"\" width=\"800\" height=\"600\" srcset=\"https:\/\/www.sabine-seyffert.de\/blog\/wp-content\/uploads\/2019\/05\/Astronaut-3.jpg 800w, https:\/\/www.sabine-seyffert.de\/blog\/wp-content\/uploads\/2019\/05\/Astronaut-3-300x225.jpg 300w, https:\/\/www.sabine-seyffert.de\/blog\/wp-content\/uploads\/2019\/05\/Astronaut-3-768x576.jpg 768w\" sizes=\"auto, (max-width: 800px) 100vw, 800px\" \/><\/a><\/p>\n<p style=\"text-align: justify;\">Etwas aufw\u00e4ndiger ist das \u201erauchende\u201c und funkenspr\u00fchende Ende der Rakete (Ihr merkt sicher \u2013 ich bin die absolute Fachfrau f\u00fcr Raumfahrt, \u00e4hm\u2026). Daf\u00fcr habe ich mehrere Schichten des Papiers in den Farben Rot, Orange und Gelb zackig eingeschnitten und \u00fcbereinander geklebt. So sieht das Ganze richtig sch\u00f6n plastisch aus!<\/p>\n<p style=\"text-align: center;\"><a href=\"https:\/\/www.sabine-seyffert.de\/blog\/wp-content\/uploads\/2019\/05\/Astronaut-5.jpg\"><img loading=\"lazy\" decoding=\"async\" class=\"alignnone size-full wp-image-14539\" src=\"https:\/\/www.sabine-seyffert.de\/blog\/wp-content\/uploads\/2019\/05\/Astronaut-5.jpg\" alt=\"\" width=\"800\" height=\"600\" srcset=\"https:\/\/www.sabine-seyffert.de\/blog\/wp-content\/uploads\/2019\/05\/Astronaut-5.jpg 800w, https:\/\/www.sabine-seyffert.de\/blog\/wp-content\/uploads\/2019\/05\/Astronaut-5-300x225.jpg 300w, https:\/\/www.sabine-seyffert.de\/blog\/wp-content\/uploads\/2019\/05\/Astronaut-5-768x576.jpg 768w\" sizes=\"auto, (max-width: 800px) 100vw, 800px\" \/><\/a><\/p>\n<p style=\"text-align: justify;\">Die aufgeklebte Rakete kann man nun nach Herzenslust verzieren und bekleben. So ist bei mir eine Bord\u00fcre aus gemustertem Masking Tapes darauf gewandert. Au\u00dferdem habe ich der Rakete mit dem Dymoband einen Namen angefertigt, den ich \u00fcber dem Tape angebracht habe. Zu guter Letzt wurde das Geschenk noch mit dem Gl\u00fcckwunsch \u201eHappy Birthday\u201c bestempelt.<\/p>\n<p style=\"text-align: center;\"><a href=\"https:\/\/www.sabine-seyffert.de\/blog\/wp-content\/uploads\/2019\/05\/Astronaut-2.jpg\"><img loading=\"lazy\" decoding=\"async\" class=\"alignnone size-full wp-image-14540\" src=\"https:\/\/www.sabine-seyffert.de\/blog\/wp-content\/uploads\/2019\/05\/Astronaut-2.jpg\" alt=\"\" width=\"800\" height=\"600\" srcset=\"https:\/\/www.sabine-seyffert.de\/blog\/wp-content\/uploads\/2019\/05\/Astronaut-2.jpg 800w, https:\/\/www.sabine-seyffert.de\/blog\/wp-content\/uploads\/2019\/05\/Astronaut-2-300x225.jpg 300w, https:\/\/www.sabine-seyffert.de\/blog\/wp-content\/uploads\/2019\/05\/Astronaut-2-768x576.jpg 768w\" sizes=\"auto, (max-width: 800px) 100vw, 800px\" \/><\/a><\/p>\n<p style=\"text-align: justify;\">Wenn Ihr auf der Suche nach weiteren pfiffigen Verpackungsideen f\u00fcr Geschenke seid, werft einfach mal einen Blick in <a href=\"https:\/\/www.sabine-seyffert.de\/blog\/?cat=49\" target=\"_blank\" rel=\"noopener noreferrer\">diese Rubrik<\/a>. Alles zum Thema Kindergeburtstag findet Ihr an <a href=\"https:\/\/www.sabine-seyffert.de\/blog\/?cat=21\" target=\"_blank\" rel=\"noopener noreferrer\">dieser Stelle<\/a> und andere kreative Ideen gibt es <a href=\"http:\/\/www.lunaju.de\/2019\/05\/kiddikram-mai.html\" target=\"_blank\" rel=\"noopener nofollow noreferrer\">hier<\/a> und auch dort.<\/p>\n<p style=\"text-align: center;\"><a href=\"https:\/\/www.sabine-seyffert.de\/blog\/wp-content\/uploads\/2019\/05\/Astronaut-1.jpg\"><img loading=\"lazy\" decoding=\"async\" class=\"alignnone size-full wp-image-14541\" src=\"https:\/\/www.sabine-seyffert.de\/blog\/wp-content\/uploads\/2019\/05\/Astronaut-1.jpg\" alt=\"\" width=\"800\" height=\"589\" srcset=\"https:\/\/www.sabine-seyffert.de\/blog\/wp-content\/uploads\/2019\/05\/Astronaut-1.jpg 800w, https:\/\/www.sabine-seyffert.de\/blog\/wp-content\/uploads\/2019\/05\/Astronaut-1-300x221.jpg 300w, https:\/\/www.sabine-seyffert.de\/blog\/wp-content\/uploads\/2019\/05\/Astronaut-1-768x565.jpg 768w\" sizes=\"auto, (max-width: 800px) 100vw, 800px\" \/><\/a><\/p>\n<p style=\"text-align: justify;\"><a href=\"https:\/\/www.sabine-seyffert.de\/blog\/?page_id=32#urheberrecht\">urheberrechtlich gesch\u00fctzt<\/a>, \u00a9 Sabine Seyffert<\/p>\n","protected":false},"excerpt":{"rendered":"<p>Manchmal ist das Leben zum in die Luft gehen, oder? Und zwar im positiven Sinne! Wie sch\u00f6n w\u00e4re es einfach mal den Alltag hinter sich zu lassen und in Richtung Himmel zu fliegen\u2026 Solche Kindertr\u00e4ume werden manchmal sogar wahr. Wie zum Beispiel, wenn es Geburtstagsgeschenke gibt, hip, hip, hurra! Das wird gebraucht: Naturbraunes Packpapier, Bastelschere,&#8230; <a href=\"https:\/\/www.sabine-seyffert.de\/blog\/geschenke-verpacken-mit-packpapier-kleiner-astronaut-wir-heben-ab-alles-gute-zum-geburtstag\/\" class=\"more-link\">Read more: Geschenke verpacken mit Packpapier: Kleiner Astronaut, wir heben ab \u2013 alles Gute zum Geburtstag!<\/a><\/p>\n","protected":false},"author":2,"featured_media":0,"comment_status":"open","ping_status":"open","sticky":false,"template":"","format":"standard","meta":{"_metis_text_type":"","_metis_text_length":2036,"_post_count":0,"footnotes":""},"categories":[49],"tags":[],"class_list":["post-14534","post","type-post","status-publish","format-standard","hentry","category-verpackungsideen"],"_links":{"self":[{"href":"https:\/\/www.sabine-seyffert.de\/blog\/wp-json\/wp\/v2\/posts\/14534","targetHints":{"allow":["GET"]}}],"collection":[{"href":"https:\/\/www.sabine-seyffert.de\/blog\/wp-json\/wp\/v2\/posts"}],"about":[{"href":"https:\/\/www.sabine-seyffert.de\/blog\/wp-json\/wp\/v2\/types\/post"}],"author":[{"embeddable":true,"href":"https:\/\/www.sabine-seyffert.de\/blog\/wp-json\/wp\/v2\/users\/2"}],"replies":[{"embeddable":true,"href":"https:\/\/www.sabine-seyffert.de\/blog\/wp-json\/wp\/v2\/comments?post=14534"}],"version-history":[{"count":4,"href":"https:\/\/www.sabine-seyffert.de\/blog\/wp-json\/wp\/v2\/posts\/14534\/revisions"}],"predecessor-version":[{"id":14548,"href":"https:\/\/www.sabine-seyffert.de\/blog\/wp-json\/wp\/v2\/posts\/14534\/revisions\/14548"}],"wp:attachment":[{"href":"https:\/\/www.sabine-seyffert.de\/blog\/wp-json\/wp\/v2\/media?parent=14534"}],"wp:term":[{"taxonomy":"category","embeddable":true,"href":"https:\/\/www.sabine-seyffert.de\/blog\/wp-json\/wp\/v2\/categories?post=14534"},{"taxonomy":"post_tag","embeddable":true,"href":"https:\/\/www.sabine-seyffert.de\/blog\/wp-json\/wp\/v2\/tags?post=14534"}],"curies":[{"name":"wp","href":"https:\/\/api.w.org\/{rel}","templated":true}]}}