{"id":14520,"date":"2019-05-19T10:42:31","date_gmt":"2019-05-19T08:42:31","guid":{"rendered":"https:\/\/www.sabine-seyffert.de\/blog\/?p=14520"},"modified":"2019-05-19T10:42:31","modified_gmt":"2019-05-19T08:42:31","slug":"familien-urlaub-in-zeeland-unterwegs-in-middelburg","status":"publish","type":"post","link":"https:\/\/www.sabine-seyffert.de\/blog\/familien-urlaub-in-zeeland-unterwegs-in-middelburg\/","title":{"rendered":"Familien Urlaub in Zeeland: Unterwegs in Middelburg"},"content":{"rendered":"<p style=\"text-align: justify;\"><img loading=\"lazy\" decoding=\"async\" src=\"https:\/\/vg06.met.vgwort.de\/na\/02f68a3b818449659808c2cfec15c494\" alt=\"\" width=\"1\" height=\"1\" \/>Wer in Zeeland Urlaub macht, kommt an <a href=\"https:\/\/de.wikipedia.org\/wiki\/Middelburg\" target=\"_blank\" rel=\"noopener noreferrer\">Middelburg<\/a> nicht vorbei. Dies ist die Hauptstadt der gesamten Region <a href=\"https:\/\/de.wikipedia.org\/wiki\/Zeeland\" target=\"_blank\" rel=\"noopener noreferrer\">Zeeland<\/a>. Wir waren nun schon des \u00d6fteren dort. Allerdings diesmal bei wirklich sch\u00f6nem Wetter und schon fast sommerlichen Temperaturen. Diese sind in der Zeit vor Ostern ja sonst eher selten.<\/p>\n<p style=\"text-align: center;\"><a href=\"https:\/\/www.sabine-seyffert.de\/blog\/wp-content\/uploads\/2019\/05\/Middelburg-Sabine-Seyffert.de-8.jpg\"><img loading=\"lazy\" decoding=\"async\" class=\"alignnone size-full wp-image-14528\" src=\"https:\/\/www.sabine-seyffert.de\/blog\/wp-content\/uploads\/2019\/05\/Middelburg-Sabine-Seyffert.de-8.jpg\" alt=\"\" width=\"600\" height=\"800\" srcset=\"https:\/\/www.sabine-seyffert.de\/blog\/wp-content\/uploads\/2019\/05\/Middelburg-Sabine-Seyffert.de-8.jpg 600w, https:\/\/www.sabine-seyffert.de\/blog\/wp-content\/uploads\/2019\/05\/Middelburg-Sabine-Seyffert.de-8-225x300.jpg 225w\" sizes=\"auto, (max-width: 600px) 100vw, 600px\" \/><\/a><\/p>\n<p style=\"text-align: justify;\">Unser Besuch f\u00fcr diese Stadt war jedoch recht schlecht geplant. Wir hatten uns Montagmorgen ganz fr\u00fch auf den Weg dorthin gemacht, allerdings nicht gewusst, dass die Gesch\u00e4fte im Gegensatz zu hier dort erst gegen Mittag \u00f6ffnen. Vielleicht lag es auch am Wochentag, jedenfalls waren die Stra\u00dfen zu dieser Zeit noch unverh\u00e4ltnism\u00e4\u00dfig leer\u2026<\/p>\n<p style=\"text-align: center;\"><a href=\"https:\/\/www.sabine-seyffert.de\/blog\/wp-content\/uploads\/2019\/05\/Middelburg-Sabine-Seyffert.de-2.jpg\"><img loading=\"lazy\" decoding=\"async\" class=\"alignnone size-full wp-image-14522\" src=\"https:\/\/www.sabine-seyffert.de\/blog\/wp-content\/uploads\/2019\/05\/Middelburg-Sabine-Seyffert.de-2.jpg\" alt=\"\" width=\"600\" height=\"800\" srcset=\"https:\/\/www.sabine-seyffert.de\/blog\/wp-content\/uploads\/2019\/05\/Middelburg-Sabine-Seyffert.de-2.jpg 600w, https:\/\/www.sabine-seyffert.de\/blog\/wp-content\/uploads\/2019\/05\/Middelburg-Sabine-Seyffert.de-2-225x300.jpg 225w\" sizes=\"auto, (max-width: 600px) 100vw, 600px\" \/><\/a><\/p>\n<p style=\"text-align: justify;\">Solltet ihr also zum \u201eShoppen\u201c extra dorthin fahren, erkundigt euch lieber vorab nach den entsprechenden \u00d6ffnungszeiten, die zwischen den jeweiligen Gesch\u00e4ften offenbar auch deutlich variieren.<\/p>\n<p style=\"text-align: center;\"><a href=\"https:\/\/www.sabine-seyffert.de\/blog\/wp-content\/uploads\/2019\/05\/Middelburg-Sabine-Seyffert.de-1.jpg\"><img loading=\"lazy\" decoding=\"async\" class=\"alignnone size-full wp-image-14521\" src=\"https:\/\/www.sabine-seyffert.de\/blog\/wp-content\/uploads\/2019\/05\/Middelburg-Sabine-Seyffert.de-1.jpg\" alt=\"\" width=\"600\" height=\"800\" srcset=\"https:\/\/www.sabine-seyffert.de\/blog\/wp-content\/uploads\/2019\/05\/Middelburg-Sabine-Seyffert.de-1.jpg 600w, https:\/\/www.sabine-seyffert.de\/blog\/wp-content\/uploads\/2019\/05\/Middelburg-Sabine-Seyffert.de-1-225x300.jpg 225w\" sizes=\"auto, (max-width: 600px) 100vw, 600px\" \/><\/a><\/p>\n<p style=\"text-align: justify;\">Wenigstens den Einkauf im Supermarkt konnten wir schon t\u00e4tigen und mir eine neue Speicherkarte f\u00fcr den Fotoapparat besorgen, da die bisherige Karte passend zum Ferienstart nur unzuverl\u00e4ssig bis gar nicht mehr arbeiteten wollte \ud83d\ude09<\/p>\n<p style=\"text-align: center;\"><a href=\"https:\/\/www.sabine-seyffert.de\/blog\/wp-content\/uploads\/2019\/05\/Middelburg-Sabine-Seyffert.de-5.jpg\"><img loading=\"lazy\" decoding=\"async\" class=\"alignnone size-full wp-image-14525\" src=\"https:\/\/www.sabine-seyffert.de\/blog\/wp-content\/uploads\/2019\/05\/Middelburg-Sabine-Seyffert.de-5.jpg\" alt=\"\" width=\"600\" height=\"800\" srcset=\"https:\/\/www.sabine-seyffert.de\/blog\/wp-content\/uploads\/2019\/05\/Middelburg-Sabine-Seyffert.de-5.jpg 600w, https:\/\/www.sabine-seyffert.de\/blog\/wp-content\/uploads\/2019\/05\/Middelburg-Sabine-Seyffert.de-5-225x300.jpg 225w\" sizes=\"auto, (max-width: 600px) 100vw, 600px\" \/><\/a><\/p>\n<p style=\"text-align: justify;\">Wenn man durch diese Stadt spaziert, kommt man an allerhand Sehensw\u00fcrdigkeiten vorbei. Was man schon dadurch bemerkt, dass sich an den betreffenden Stellen dann auch viele Touristen tummeln und das Fotografieren somit schwieriger wird.<\/p>\n<p style=\"text-align: center;\"><a href=\"https:\/\/www.sabine-seyffert.de\/blog\/wp-content\/uploads\/2019\/05\/Middelburg-Sabine-Seyffert.de-3.jpg\"><img loading=\"lazy\" decoding=\"async\" class=\"alignnone size-full wp-image-14523\" src=\"https:\/\/www.sabine-seyffert.de\/blog\/wp-content\/uploads\/2019\/05\/Middelburg-Sabine-Seyffert.de-3.jpg\" alt=\"\" width=\"600\" height=\"800\" srcset=\"https:\/\/www.sabine-seyffert.de\/blog\/wp-content\/uploads\/2019\/05\/Middelburg-Sabine-Seyffert.de-3.jpg 600w, https:\/\/www.sabine-seyffert.de\/blog\/wp-content\/uploads\/2019\/05\/Middelburg-Sabine-Seyffert.de-3-225x300.jpg 225w\" sizes=\"auto, (max-width: 600px) 100vw, 600px\" \/><\/a><\/p>\n<p style=\"text-align: justify;\">Wie beispielsweise auf dem gro\u00dfen Platz unmittelbar vor dem Stadthuis bzw. Rathaus, was mir ausgesprochen gut gef\u00e4llt. Allerdings waren hier nicht nur zahlreiche Leute zu sehen sondern auch genau davor ein Kranwagen positioniert, dessen Mitarbeiter an der Fassade arbeiteten.<\/p>\n<p style=\"text-align: center;\"><a href=\"https:\/\/www.sabine-seyffert.de\/blog\/wp-content\/uploads\/2019\/05\/Middelburg-Sabine-Seyffert.de-6.jpg\"><img loading=\"lazy\" decoding=\"async\" class=\"alignnone size-full wp-image-14526\" src=\"https:\/\/www.sabine-seyffert.de\/blog\/wp-content\/uploads\/2019\/05\/Middelburg-Sabine-Seyffert.de-6.jpg\" alt=\"\" width=\"600\" height=\"800\" srcset=\"https:\/\/www.sabine-seyffert.de\/blog\/wp-content\/uploads\/2019\/05\/Middelburg-Sabine-Seyffert.de-6.jpg 600w, https:\/\/www.sabine-seyffert.de\/blog\/wp-content\/uploads\/2019\/05\/Middelburg-Sabine-Seyffert.de-6-225x300.jpg 225w\" sizes=\"auto, (max-width: 600px) 100vw, 600px\" \/><\/a><\/p>\n<p style=\"text-align: justify;\">Eigentlich hatte ich bislang gedacht das das Kloveniersdoelen f\u00fcr das Rathaus gehalten. (In diesem sind heute \u00fcbrigens ein Caf\u00e9, ein Kino und ein Gartenterasse mit Gastronomie zu finden.) Nun bin ich schlauer \ud83d\ude09 Direkt vor diesem prachtvollen, denkmalgesch\u00fctzten Geb\u00e4ude liegt \u00fcbrigens ein F\u00e4hranleger, von dem aus man eine Rundfahrt durch Middelburg buchen kann.<\/p>\n<p style=\"text-align: center;\"><a href=\"https:\/\/www.sabine-seyffert.de\/blog\/wp-content\/uploads\/2019\/05\/Middelburg-Sabine-Seyffert.de-7.jpg\"><img loading=\"lazy\" decoding=\"async\" class=\"alignnone size-full wp-image-14527\" src=\"https:\/\/www.sabine-seyffert.de\/blog\/wp-content\/uploads\/2019\/05\/Middelburg-Sabine-Seyffert.de-7.jpg\" alt=\"\" width=\"600\" height=\"800\" srcset=\"https:\/\/www.sabine-seyffert.de\/blog\/wp-content\/uploads\/2019\/05\/Middelburg-Sabine-Seyffert.de-7.jpg 600w, https:\/\/www.sabine-seyffert.de\/blog\/wp-content\/uploads\/2019\/05\/Middelburg-Sabine-Seyffert.de-7-225x300.jpg 225w\" sizes=\"auto, (max-width: 600px) 100vw, 600px\" \/><\/a><\/p>\n<p style=\"text-align: justify;\">Auch in dieser Stadt findet man s\u00fc\u00dfe Gassen, die es zu entdecken lohnt. Mal mit sch\u00f6ner Au\u00dfengastronomie, kleinen L\u00e4den, Hauseing\u00e4nge mit viel Charme und vieles mehr.<\/p>\n<p style=\"text-align: center;\"><a href=\"https:\/\/www.sabine-seyffert.de\/blog\/wp-content\/uploads\/2019\/05\/Middelburg-Sabine-Seyffert.de-4.jpg\"><img loading=\"lazy\" decoding=\"async\" class=\"alignnone size-full wp-image-14524\" src=\"https:\/\/www.sabine-seyffert.de\/blog\/wp-content\/uploads\/2019\/05\/Middelburg-Sabine-Seyffert.de-4.jpg\" alt=\"\" width=\"600\" height=\"800\" srcset=\"https:\/\/www.sabine-seyffert.de\/blog\/wp-content\/uploads\/2019\/05\/Middelburg-Sabine-Seyffert.de-4.jpg 600w, https:\/\/www.sabine-seyffert.de\/blog\/wp-content\/uploads\/2019\/05\/Middelburg-Sabine-Seyffert.de-4-225x300.jpg 225w\" sizes=\"auto, (max-width: 600px) 100vw, 600px\" \/><\/a><\/p>\n<p style=\"text-align: justify;\">In der vorletzten Woche hatte ich bereits von <a href=\"https:\/\/www.sabine-seyffert.de\/blog\/?p=14438\" target=\"_blank\" rel=\"noopener noreferrer\">Veere<\/a> berichtet, einer kleinen, ausgesprochen gem\u00fctlichen Hafenstadt. Kennt ihr diese Urlaubsregion und k\u00f6nnt weitere St\u00e4dte dort empfehlen, die es zu besuchen lohnt?<\/p>\n<p style=\"text-align: center;\"><a href=\"https:\/\/www.sabine-seyffert.de\/blog\/wp-content\/uploads\/2019\/05\/Middelburg-Sabine-Seyffert.de-Gasse.jpg\"><img loading=\"lazy\" decoding=\"async\" class=\"alignnone size-full wp-image-14531\" src=\"https:\/\/www.sabine-seyffert.de\/blog\/wp-content\/uploads\/2019\/05\/Middelburg-Sabine-Seyffert.de-Gasse.jpg\" alt=\"\" width=\"600\" height=\"800\" srcset=\"https:\/\/www.sabine-seyffert.de\/blog\/wp-content\/uploads\/2019\/05\/Middelburg-Sabine-Seyffert.de-Gasse.jpg 600w, https:\/\/www.sabine-seyffert.de\/blog\/wp-content\/uploads\/2019\/05\/Middelburg-Sabine-Seyffert.de-Gasse-225x300.jpg 225w\" sizes=\"auto, (max-width: 600px) 100vw, 600px\" \/><\/a><\/p>\n<p style=\"text-align: justify;\">Weitere tolle Ausflugsberichte, die sich besonders f\u00fcr Familien mit Kindern eignen findet ihr \u00fcbrigens in <a href=\"https:\/\/www.sabine-seyffert.de\/blog\/?cat=39\" target=\"_blank\" rel=\"noopener noreferrer\">dieser Blog Kategorie<\/a> und alles rund um den Urlaub gibt es in <a href=\"https:\/\/www.sabine-seyffert.de\/blog\/?cat=38\" target=\"_blank\" rel=\"noopener noreferrer\">diesem Ordner<\/a>.<\/p>\n<p style=\"text-align: center;\"><a href=\"https:\/\/www.sabine-seyffert.de\/blog\/wp-content\/uploads\/2019\/05\/Middelburg-Sabine-Seyffert.de-9.jpg\"><img loading=\"lazy\" decoding=\"async\" class=\"alignnone size-full wp-image-14529\" src=\"https:\/\/www.sabine-seyffert.de\/blog\/wp-content\/uploads\/2019\/05\/Middelburg-Sabine-Seyffert.de-9.jpg\" alt=\"\" width=\"800\" height=\"600\" srcset=\"https:\/\/www.sabine-seyffert.de\/blog\/wp-content\/uploads\/2019\/05\/Middelburg-Sabine-Seyffert.de-9.jpg 800w, https:\/\/www.sabine-seyffert.de\/blog\/wp-content\/uploads\/2019\/05\/Middelburg-Sabine-Seyffert.de-9-300x225.jpg 300w, https:\/\/www.sabine-seyffert.de\/blog\/wp-content\/uploads\/2019\/05\/Middelburg-Sabine-Seyffert.de-9-768x576.jpg 768w\" sizes=\"auto, (max-width: 800px) 100vw, 800px\" \/><\/a><\/p>\n<p style=\"text-align: justify;\"><a href=\"https:\/\/www.sabine-seyffert.de\/blog\/?page_id=32#urheberrecht\">urheberrechtlich gesch\u00fctzt<\/a>, \u00a9 Sabine Seyffert<\/p>\n","protected":false},"excerpt":{"rendered":"<p>Wer in Zeeland Urlaub macht, kommt an Middelburg nicht vorbei. Dies ist die Hauptstadt der gesamten Region Zeeland. Wir waren nun schon des \u00d6fteren dort. Allerdings diesmal bei wirklich sch\u00f6nem Wetter und schon fast sommerlichen Temperaturen. Diese sind in der Zeit vor Ostern ja sonst eher selten. Unser Besuch f\u00fcr diese Stadt war jedoch recht&#8230; <a href=\"https:\/\/www.sabine-seyffert.de\/blog\/familien-urlaub-in-zeeland-unterwegs-in-middelburg\/\" class=\"more-link\">Read more: Familien Urlaub in Zeeland: Unterwegs in Middelburg<\/a><\/p>\n","protected":false},"author":2,"featured_media":0,"comment_status":"open","ping_status":"open","sticky":false,"template":"","format":"standard","meta":{"_metis_text_type":"","_metis_text_length":2543,"_post_count":0,"footnotes":""},"categories":[38],"tags":[],"class_list":["post-14520","post","type-post","status-publish","format-standard","hentry","category-ferien"],"_links":{"self":[{"href":"https:\/\/www.sabine-seyffert.de\/blog\/wp-json\/wp\/v2\/posts\/14520","targetHints":{"allow":["GET"]}}],"collection":[{"href":"https:\/\/www.sabine-seyffert.de\/blog\/wp-json\/wp\/v2\/posts"}],"about":[{"href":"https:\/\/www.sabine-seyffert.de\/blog\/wp-json\/wp\/v2\/types\/post"}],"author":[{"embeddable":true,"href":"https:\/\/www.sabine-seyffert.de\/blog\/wp-json\/wp\/v2\/users\/2"}],"replies":[{"embeddable":true,"href":"https:\/\/www.sabine-seyffert.de\/blog\/wp-json\/wp\/v2\/comments?post=14520"}],"version-history":[{"count":2,"href":"https:\/\/www.sabine-seyffert.de\/blog\/wp-json\/wp\/v2\/posts\/14520\/revisions"}],"predecessor-version":[{"id":14533,"href":"https:\/\/www.sabine-seyffert.de\/blog\/wp-json\/wp\/v2\/posts\/14520\/revisions\/14533"}],"wp:attachment":[{"href":"https:\/\/www.sabine-seyffert.de\/blog\/wp-json\/wp\/v2\/media?parent=14520"}],"wp:term":[{"taxonomy":"category","embeddable":true,"href":"https:\/\/www.sabine-seyffert.de\/blog\/wp-json\/wp\/v2\/categories?post=14520"},{"taxonomy":"post_tag","embeddable":true,"href":"https:\/\/www.sabine-seyffert.de\/blog\/wp-json\/wp\/v2\/tags?post=14520"}],"curies":[{"name":"wp","href":"https:\/\/api.w.org\/{rel}","templated":true}]}}