{"id":14508,"date":"2019-05-17T05:49:11","date_gmt":"2019-05-17T03:49:11","guid":{"rendered":"https:\/\/www.sabine-seyffert.de\/blog\/?p=14508"},"modified":"2019-05-22T06:29:50","modified_gmt":"2019-05-22T04:29:50","slug":"diy-upcycling-idee-fuer-den-kindergeburtstag-selbst-gemachte-tischdeko-aus-eierkartons-basteln-blumen","status":"publish","type":"post","link":"https:\/\/www.sabine-seyffert.de\/blog\/diy-upcycling-idee-fuer-den-kindergeburtstag-selbst-gemachte-tischdeko-aus-eierkartons-basteln-blumen\/","title":{"rendered":"DIY Upcycling Idee f\u00fcr den Kindergeburtstag: Selbst gemachte Tischdeko aus Eierkartons basteln \u2013 Blumen"},"content":{"rendered":"<p style=\"text-align: justify;\"><img loading=\"lazy\" decoding=\"async\" src=\"https:\/\/vg06.met.vgwort.de\/na\/b9d51a5a73df4ca0996f2ecc10bf5ac4\" alt=\"\" width=\"1\" height=\"1\" \/>Zu einer fr\u00f6hlichen Kinderparty geh\u00f6rt nat\u00fcrlich auch die passende Dekoration f\u00fcr den Geburtstagstisch. Damit jeder der kleinen G\u00e4ste wei\u00df, wo er sitzen soll haben wir passend zu den <a href=\"https:\/\/www.sabine-seyffert.de\/blog\/?p=14426\" target=\"_blank\" rel=\"noopener noreferrer\">selbst gemachten Einladungskarten<\/a> und <a href=\"https:\/\/www.sabine-seyffert.de\/blog\/?p=14474\" target=\"_blank\" rel=\"noopener noreferrer\">dieser Spielidee<\/a>\u00a0 bunte Blumen aus leeren Eierkartons upcycelt.<br \/>\nDas Basteln der kleinen Blumen macht nicht nur riesig Spa\u00df, sondern ist auch ein sch\u00f6ne Mitgebsel oder eine kreative Besch\u00e4ftigungsidee, die man w\u00e4hrend der Party gemeinsam mit allen Kindern anfertigen und basteln kann.<\/p>\n<p style=\"text-align: center;\"><a href=\"https:\/\/www.sabine-seyffert.de\/blog\/wp-content\/uploads\/2019\/05\/Deko-Upcycling-Sabine-Seyffert.de-3.jpg\"><img loading=\"lazy\" decoding=\"async\" class=\"alignnone size-full wp-image-14509\" src=\"https:\/\/www.sabine-seyffert.de\/blog\/wp-content\/uploads\/2019\/05\/Deko-Upcycling-Sabine-Seyffert.de-3.jpg\" alt=\"\" width=\"800\" height=\"600\" srcset=\"https:\/\/www.sabine-seyffert.de\/blog\/wp-content\/uploads\/2019\/05\/Deko-Upcycling-Sabine-Seyffert.de-3.jpg 800w, https:\/\/www.sabine-seyffert.de\/blog\/wp-content\/uploads\/2019\/05\/Deko-Upcycling-Sabine-Seyffert.de-3-300x225.jpg 300w, https:\/\/www.sabine-seyffert.de\/blog\/wp-content\/uploads\/2019\/05\/Deko-Upcycling-Sabine-Seyffert.de-3-768x576.jpg 768w\" sizes=\"auto, (max-width: 800px) 100vw, 800px\" \/><\/a><\/p>\n<p style=\"text-align: justify;\"><strong>Das wird gebraucht:<\/strong><br \/>\nLeere Eierkartons, ein scharfes Bastelmesser \/ Cutter, eine Bastelschere, breite Borstenpinsel, Zeitungspapier, bunten Acryllack auf Wasserbasis oder andere Bastelfarben, Bastelkleber, Buchstabenstempel samt Stempelkissen oder einen Stift zum Beschriften sowie optional Holzkn\u00f6pfe, gro\u00dfe Perlen f\u00fcr das Innere der Blumen, d\u00fcnne Pappe<\/p>\n<p style=\"text-align: center;\"><a href=\"https:\/\/www.sabine-seyffert.de\/blog\/wp-content\/uploads\/2019\/05\/Deko-Upcycling-Sabine-Seyffert.de-.jpg\"><img loading=\"lazy\" decoding=\"async\" class=\"alignnone size-full wp-image-14510\" src=\"https:\/\/www.sabine-seyffert.de\/blog\/wp-content\/uploads\/2019\/05\/Deko-Upcycling-Sabine-Seyffert.de-.jpg\" alt=\"\" width=\"800\" height=\"600\" srcset=\"https:\/\/www.sabine-seyffert.de\/blog\/wp-content\/uploads\/2019\/05\/Deko-Upcycling-Sabine-Seyffert.de-.jpg 800w, https:\/\/www.sabine-seyffert.de\/blog\/wp-content\/uploads\/2019\/05\/Deko-Upcycling-Sabine-Seyffert.de--300x225.jpg 300w, https:\/\/www.sabine-seyffert.de\/blog\/wp-content\/uploads\/2019\/05\/Deko-Upcycling-Sabine-Seyffert.de--768x576.jpg 768w\" sizes=\"auto, (max-width: 800px) 100vw, 800px\" \/><\/a><\/p>\n<p style=\"text-align: justify;\"><strong>So wird\u2019s gemacht:<\/strong><br \/>\nAm besten deckt man zuerst den Tisch gut mit Zeitungspapier ab. Dann zerschneidet man die Eierkartons, so dass man einzelne Kegel erh\u00e4lt. Das macht am besten ein Erwachsener mit Hilfe eines scharfen Bastelmessers, da sich der Karton nur mit Kraft zerteilen l\u00e4sst.<\/p>\n<p style=\"text-align: center;\"><a href=\"https:\/\/www.sabine-seyffert.de\/blog\/wp-content\/uploads\/2019\/05\/Deko-Upcycling-Sabine-Seyffert.de-12.jpg\"><img loading=\"lazy\" decoding=\"async\" class=\"alignnone size-full wp-image-14511\" src=\"https:\/\/www.sabine-seyffert.de\/blog\/wp-content\/uploads\/2019\/05\/Deko-Upcycling-Sabine-Seyffert.de-12.jpg\" alt=\"\" width=\"800\" height=\"600\" srcset=\"https:\/\/www.sabine-seyffert.de\/blog\/wp-content\/uploads\/2019\/05\/Deko-Upcycling-Sabine-Seyffert.de-12.jpg 800w, https:\/\/www.sabine-seyffert.de\/blog\/wp-content\/uploads\/2019\/05\/Deko-Upcycling-Sabine-Seyffert.de-12-300x225.jpg 300w, https:\/\/www.sabine-seyffert.de\/blog\/wp-content\/uploads\/2019\/05\/Deko-Upcycling-Sabine-Seyffert.de-12-768x576.jpg 768w\" sizes=\"auto, (max-width: 800px) 100vw, 800px\" \/><\/a><\/p>\n<p style=\"text-align: justify;\">Hat man gen\u00fcgend der einzelnen Kegel beisammen, kann man diese zuschneiden: Mit langen Bl\u00fctenbl\u00e4ttern, runden, ovalen, eckigen, gezackten und, und, und\u2026<\/p>\n<p style=\"text-align: center;\"><a href=\"https:\/\/www.sabine-seyffert.de\/blog\/wp-content\/uploads\/2019\/05\/Deko-Upcycling-Sabine-Seyffert.de-2.jpg\"><img loading=\"lazy\" decoding=\"async\" class=\"alignnone size-full wp-image-14512\" src=\"https:\/\/www.sabine-seyffert.de\/blog\/wp-content\/uploads\/2019\/05\/Deko-Upcycling-Sabine-Seyffert.de-2.jpg\" alt=\"\" width=\"600\" height=\"800\" srcset=\"https:\/\/www.sabine-seyffert.de\/blog\/wp-content\/uploads\/2019\/05\/Deko-Upcycling-Sabine-Seyffert.de-2.jpg 600w, https:\/\/www.sabine-seyffert.de\/blog\/wp-content\/uploads\/2019\/05\/Deko-Upcycling-Sabine-Seyffert.de-2-225x300.jpg 225w\" sizes=\"auto, (max-width: 600px) 100vw, 600px\" \/><\/a><\/p>\n<p style=\"text-align: justify;\">Sind alle der Blumenteile fertig zugeschnitten, werden die Teile farbig bemalt. Schlie\u00dflich darf es auf einem Kindergeburtstag auch knallbunt sein und Sommerblumen sind das nat\u00fcrlich auch \ud83d\ude42<\/p>\n<p style=\"text-align: center;\"><a href=\"https:\/\/www.sabine-seyffert.de\/blog\/wp-content\/uploads\/2019\/05\/Deko-Upcycling-Sabine-Seyffert.de-9.jpg\"><img loading=\"lazy\" decoding=\"async\" class=\"alignnone size-full wp-image-14513\" src=\"https:\/\/www.sabine-seyffert.de\/blog\/wp-content\/uploads\/2019\/05\/Deko-Upcycling-Sabine-Seyffert.de-9.jpg\" alt=\"\" width=\"800\" height=\"600\" srcset=\"https:\/\/www.sabine-seyffert.de\/blog\/wp-content\/uploads\/2019\/05\/Deko-Upcycling-Sabine-Seyffert.de-9.jpg 800w, https:\/\/www.sabine-seyffert.de\/blog\/wp-content\/uploads\/2019\/05\/Deko-Upcycling-Sabine-Seyffert.de-9-300x225.jpg 300w, https:\/\/www.sabine-seyffert.de\/blog\/wp-content\/uploads\/2019\/05\/Deko-Upcycling-Sabine-Seyffert.de-9-768x576.jpg 768w\" sizes=\"auto, (max-width: 800px) 100vw, 800px\" \/><\/a><\/p>\n<p style=\"text-align: justify;\">Sobald die Farbe ganz getrocknet ist, klebt man immer 2-3 Blumenteile ineinander und erh\u00e4lt so eine sch\u00f6ne Bl\u00fcte. Wir haben ins Innere noch jeweils einen bunten Holzknopf hinein geklebt.<\/p>\n<p style=\"text-align: center;\"><a href=\"https:\/\/www.sabine-seyffert.de\/blog\/wp-content\/uploads\/2019\/05\/Deko-Upcycling-Sabine-Seyffert.de-8.jpg\"><img loading=\"lazy\" decoding=\"async\" class=\"alignnone size-full wp-image-14514\" src=\"https:\/\/www.sabine-seyffert.de\/blog\/wp-content\/uploads\/2019\/05\/Deko-Upcycling-Sabine-Seyffert.de-8.jpg\" alt=\"\" width=\"800\" height=\"600\" srcset=\"https:\/\/www.sabine-seyffert.de\/blog\/wp-content\/uploads\/2019\/05\/Deko-Upcycling-Sabine-Seyffert.de-8.jpg 800w, https:\/\/www.sabine-seyffert.de\/blog\/wp-content\/uploads\/2019\/05\/Deko-Upcycling-Sabine-Seyffert.de-8-300x225.jpg 300w, https:\/\/www.sabine-seyffert.de\/blog\/wp-content\/uploads\/2019\/05\/Deko-Upcycling-Sabine-Seyffert.de-8-768x576.jpg 768w\" sizes=\"auto, (max-width: 800px) 100vw, 800px\" \/><\/a><\/p>\n<p style=\"text-align: justify;\">Zum Schluss schneidet man aus d\u00fcnner Pappe pro Gast einen langen Wimpel. Diese werden dann einzeln mit den Namen der Kinder bestempelt und von unten mit Kleber an der Blume befestigt.<\/p>\n<p style=\"text-align: center;\"><a href=\"https:\/\/www.sabine-seyffert.de\/blog\/wp-content\/uploads\/2019\/05\/Deko-Upcycling-Sabine-Seyffert.de-7.jpg\"><img loading=\"lazy\" decoding=\"async\" class=\"alignnone size-full wp-image-14515\" src=\"https:\/\/www.sabine-seyffert.de\/blog\/wp-content\/uploads\/2019\/05\/Deko-Upcycling-Sabine-Seyffert.de-7.jpg\" alt=\"\" width=\"800\" height=\"600\" srcset=\"https:\/\/www.sabine-seyffert.de\/blog\/wp-content\/uploads\/2019\/05\/Deko-Upcycling-Sabine-Seyffert.de-7.jpg 800w, https:\/\/www.sabine-seyffert.de\/blog\/wp-content\/uploads\/2019\/05\/Deko-Upcycling-Sabine-Seyffert.de-7-300x225.jpg 300w, https:\/\/www.sabine-seyffert.de\/blog\/wp-content\/uploads\/2019\/05\/Deko-Upcycling-Sabine-Seyffert.de-7-768x576.jpg 768w\" sizes=\"auto, (max-width: 800px) 100vw, 800px\" \/><\/a><\/p>\n<p style=\"text-align: justify;\">So erh\u00e4lt jeder seine ganz individuelle Geburtstagsblume als Platzkarte \ud83d\ude42<\/p>\n<p style=\"text-align: center;\"><a href=\"https:\/\/www.sabine-seyffert.de\/blog\/wp-content\/uploads\/2019\/05\/Deko-Upcycling-Sabine-Seyffert.de-5.jpg\"><img loading=\"lazy\" decoding=\"async\" class=\"alignnone size-full wp-image-14516\" src=\"https:\/\/www.sabine-seyffert.de\/blog\/wp-content\/uploads\/2019\/05\/Deko-Upcycling-Sabine-Seyffert.de-5.jpg\" alt=\"\" width=\"800\" height=\"600\" srcset=\"https:\/\/www.sabine-seyffert.de\/blog\/wp-content\/uploads\/2019\/05\/Deko-Upcycling-Sabine-Seyffert.de-5.jpg 800w, https:\/\/www.sabine-seyffert.de\/blog\/wp-content\/uploads\/2019\/05\/Deko-Upcycling-Sabine-Seyffert.de-5-300x225.jpg 300w, https:\/\/www.sabine-seyffert.de\/blog\/wp-content\/uploads\/2019\/05\/Deko-Upcycling-Sabine-Seyffert.de-5-768x576.jpg 768w\" sizes=\"auto, (max-width: 800px) 100vw, 800px\" \/><\/a><\/p>\n<p style=\"text-align: justify;\">In der n\u00e4chsten Woche d\u00fcrft ihr euch noch auf eine passende Bastelidee zum Thema Mitgebsel freuen!<\/p>\n<p style=\"text-align: center;\"><a href=\"https:\/\/www.sabine-seyffert.de\/blog\/wp-content\/uploads\/2019\/05\/Deko-Upcycling-Sabine-Seyffert.de-4.jpg\"><img loading=\"lazy\" decoding=\"async\" class=\"alignnone size-full wp-image-14517\" src=\"https:\/\/www.sabine-seyffert.de\/blog\/wp-content\/uploads\/2019\/05\/Deko-Upcycling-Sabine-Seyffert.de-4.jpg\" alt=\"\" width=\"800\" height=\"600\" srcset=\"https:\/\/www.sabine-seyffert.de\/blog\/wp-content\/uploads\/2019\/05\/Deko-Upcycling-Sabine-Seyffert.de-4.jpg 800w, https:\/\/www.sabine-seyffert.de\/blog\/wp-content\/uploads\/2019\/05\/Deko-Upcycling-Sabine-Seyffert.de-4-300x225.jpg 300w, https:\/\/www.sabine-seyffert.de\/blog\/wp-content\/uploads\/2019\/05\/Deko-Upcycling-Sabine-Seyffert.de-4-768x576.jpg 768w\" sizes=\"auto, (max-width: 800px) 100vw, 800px\" \/><\/a><\/p>\n<p style=\"text-align: justify;\">Weitere Ideen zum Kindergeburtstag findet ihr \u00fcbrigens in <a href=\"https:\/\/www.sabine-seyffert.de\/blog\/?cat=21\" target=\"_blank\" rel=\"noopener noreferrer\">dieser Blog Kategorie<\/a>, alle DIY rund um das Thema Upcycling gibt es in <a href=\"https:\/\/www.sabine-seyffert.de\/blog\/?cat=47\" target=\"_blank\" rel=\"noopener noreferrer\">diesem Ordner<\/a>, mehr Gr\u00fcn da und andere kreative Sachen gibt es <a href=\"http:\/\/www.lunaju.de\/2019\/05\/kiddikram-mai.html\" target=\"_blank\" rel=\"noopener nofollow noreferrer\">da<\/a> und auch an <a href=\"https:\/\/www.creadienstag.de\/2019\/05\/linkparty-379.html\" target=\"_blank\" rel=\"noopener nofollow noreferrer\">dieser<\/a> Stelle.<br \/>\n<a href=\"https:\/\/www.sabine-seyffert.de\/blog\/?page_id=32#urheberrecht\">urheberrechtlich gesch\u00fctzt<\/a>, \u00a9 Sabine Seyffert<\/p>\n","protected":false},"excerpt":{"rendered":"<p>Zu einer fr\u00f6hlichen Kinderparty geh\u00f6rt nat\u00fcrlich auch die passende Dekoration f\u00fcr den Geburtstagstisch. Damit jeder der kleinen G\u00e4ste wei\u00df, wo er sitzen soll haben wir passend zu den selbst gemachten Einladungskarten und dieser Spielidee\u00a0 bunte Blumen aus leeren Eierkartons upcycelt. Das Basteln der kleinen Blumen macht nicht nur riesig Spa\u00df, sondern ist auch ein sch\u00f6ne&#8230; <a href=\"https:\/\/www.sabine-seyffert.de\/blog\/diy-upcycling-idee-fuer-den-kindergeburtstag-selbst-gemachte-tischdeko-aus-eierkartons-basteln-blumen\/\" class=\"more-link\">Read more: DIY Upcycling Idee f\u00fcr den Kindergeburtstag: Selbst gemachte Tischdeko aus Eierkartons basteln \u2013 Blumen<\/a><\/p>\n","protected":false},"author":2,"featured_media":0,"comment_status":"open","ping_status":"open","sticky":false,"template":"","format":"standard","meta":{"_metis_text_type":"","_metis_text_length":2296,"_post_count":0,"footnotes":""},"categories":[32,23,21,24,47],"tags":[],"class_list":["post-14508","post","type-post","status-publish","format-standard","hentry","category-kreatives-fur-kleine-kinderhande","category-fruhling","category-kinderfeste-partys","category-sommer","category-upcyceltes"],"_links":{"self":[{"href":"https:\/\/www.sabine-seyffert.de\/blog\/wp-json\/wp\/v2\/posts\/14508","targetHints":{"allow":["GET"]}}],"collection":[{"href":"https:\/\/www.sabine-seyffert.de\/blog\/wp-json\/wp\/v2\/posts"}],"about":[{"href":"https:\/\/www.sabine-seyffert.de\/blog\/wp-json\/wp\/v2\/types\/post"}],"author":[{"embeddable":true,"href":"https:\/\/www.sabine-seyffert.de\/blog\/wp-json\/wp\/v2\/users\/2"}],"replies":[{"embeddable":true,"href":"https:\/\/www.sabine-seyffert.de\/blog\/wp-json\/wp\/v2\/comments?post=14508"}],"version-history":[{"count":3,"href":"https:\/\/www.sabine-seyffert.de\/blog\/wp-json\/wp\/v2\/posts\/14508\/revisions"}],"predecessor-version":[{"id":14547,"href":"https:\/\/www.sabine-seyffert.de\/blog\/wp-json\/wp\/v2\/posts\/14508\/revisions\/14547"}],"wp:attachment":[{"href":"https:\/\/www.sabine-seyffert.de\/blog\/wp-json\/wp\/v2\/media?parent=14508"}],"wp:term":[{"taxonomy":"category","embeddable":true,"href":"https:\/\/www.sabine-seyffert.de\/blog\/wp-json\/wp\/v2\/categories?post=14508"},{"taxonomy":"post_tag","embeddable":true,"href":"https:\/\/www.sabine-seyffert.de\/blog\/wp-json\/wp\/v2\/tags?post=14508"}],"curies":[{"name":"wp","href":"https:\/\/api.w.org\/{rel}","templated":true}]}}